{"id":10475,"date":"2024-10-22T17:25:00","date_gmt":"2024-10-22T17:25:00","guid":{"rendered":"https:\/\/sindromecharge.es\/index.php\/2024\/10\/22\/congreso-tramitara-prohibicion-despido-por-discapacidad-sobrevenida-tras-vencer-oposicion-frontal-vox\/"},"modified":"2024-10-22T17:25:00","modified_gmt":"2024-10-22T17:25:00","slug":"congreso-tramitara-prohibicion-despido-por-discapacidad-sobrevenida-tras-vencer-oposicion-frontal-vox","status":"publish","type":"post","link":"https:\/\/sindromecharge.es\/index.php\/2024\/10\/22\/congreso-tramitara-prohibicion-despido-por-discapacidad-sobrevenida-tras-vencer-oposicion-frontal-vox\/","title":{"rendered":"El Congreso rechaza las enmiendas de Vox y tramitar\u00e1 la prohibici\u00f3n del despido por discapacidad sobrevenida"},"content":{"rendered":"<p>Leemos en Discapacidad la siguiente noticia que os reproducimos de forma \u00edntegra: <\/p>\n<div>\n<p>El <b>Pleno del Congreso de los Diputados rechaz\u00f3 <\/b>este martes por 315 votos en contra, 33 a favor y sin abstenciones<b> la enmienda a la totalidad de Vox<\/b> contra la eliminaci\u00f3n de la extinci\u00f3n autom\u00e1tica del contrato de trabajo en situaciones de incapacidad permanente por discapacidad sobrevenida, de modo que el texto pactado entre el Ministerio de Trabajo y Econom\u00eda Social y el Comit\u00e9 Espa\u00f1ol de Representantes de Personas con Discapacidad (<a href=\"https:\/\/www.20minutos.es\/minuteca\/cermi\/\" title=\"Cermi\" target=\"_blank\" rel=\"noopener\">Cermi<\/a>) <b>podr\u00e1 continuar su tramitaci\u00f3n parlamentaria<\/b>.<\/p>\n<p>El proyecto de Ley por la que se modifican el texto refundido de la <b>Ley del Estatuto de los Trabajadores<\/b> en materia de extinci\u00f3n del contrato de trabajo por incapacidad permanente de las personas trabajadoras y el texto refundido de la <b>Ley General de la <a href=\"https:\/\/www.20minutos.es\/minuteca\/seguridad-social\/\" title=\"Seguridad Social\" target=\"_blank\" rel=\"noopener\">Seguridad Social<\/a><\/b> en materia de <b>incapacidad permanente<\/b> fue defendido por la vicepresidenta segunda y ministra de Trabajo, <a href=\"https:\/\/www.20minutos.es\/minuteca\/yolanda-diaz\/\" title=\"Yolanda D\u00edaz\" target=\"_blank\" rel=\"noopener\">Yolanda D\u00edaz<\/a>, que espet\u00f3 a Vox que se sit\u00faa en \u201cun pasado muy lejano\u201d, en el \u201cantiguo r\u00e9gimen\u201d, que hablaba de las personas con discapacidad como \u201cinv\u00e1lidos\u201d e incluso \u201cvagos\u201d.<\/p>\n<p>\u201cLejos de lo que ustedes dicen,<b> el Gobierno va a hacer justicia con las personas con <a href=\"https:\/\/www.20minutos.es\/minuteca\/discapacidad\/\" title=\"Discapacidad\" target=\"_blank\" rel=\"noopener\">discapacidad<\/a><\/b> y vamos a cumplir con la doctrina que emana del Tribunal de Justicia Europeo\u201d, asever\u00f3 la vicepresidenta segunda.<\/p>\n<p>Adem\u00e1s, se\u00f1al\u00f3 que no se puede olvidar que la norma<b> cumple con los mandatos de normativas como la Convenci\u00f3n de la ONU<\/b> sobre los Derechos de las Personas con Discapacidad y avanza en la l\u00ednea de la reforma del <b>art\u00edculo 49 de la Constituci\u00f3n<\/b> para sustituir \u2018disminuidos\u2019 por \u2018persona con discapacidad&#8217; y para reforzar la protecci\u00f3n de los derechos de esta parte de la ciudadan\u00eda.<\/p>\n<p>La ministra de Trabajo celebr\u00f3 que en la \u00faltima d\u00e9cada hayan mejorado las<b> cifras sobre empleabilidad de estas personas<\/b>, aunque aclar\u00f3 que los datos<b> \u201cson mejores\u201d pero \u201cno buenos\u201d<\/b>. En este sentido, proclam\u00f3 que \u201cel reto que tenemos por delante es grande\u201d, ya que solo una de cada cuatro personas con discapacidad en edad de trabajar tiene empleo.<\/p>\n<p>D\u00edaz reprob\u00f3 que Vox hable en su enmienda de \u201caspiraci\u00f3n\u201d de las personas con discapacidad y no de derechos y avis\u00f3 de que la poblaci\u00f3n con discapacidad seguir\u00e1 en aumento en los pr\u00f3ximos a\u00f1os. \u201cA ustedes parece que les molestan las personas con discapacidad. Hechos son evidencias: han votado en contra de la reforma del art\u00edculo 49 de la Constituci\u00f3n Espa\u00f1ola\u201d, remach\u00f3 D\u00edaz, quien afe\u00f3 que se negaran a cambiar el t\u00e9rmino \u201cdisminuido\u201d de la Carta Magna.<\/p>\n<p>Tambi\u00e9n proclam\u00f3 que \u201c<b>hay que garantizar el trabajo de las personas con discapacidad<\/b>\u201d, que es \u201cesencial\u201d para la \u201cseguridad econ\u00f3mica, para la salud f\u00edsica y mental, el bienestar personal y el sentido de identidad\u201d. Adem\u00e1s, sentenci\u00f3 que la sociedad es \u201cmejor\u201d cuando \u201cen las empresas hay personas diversas, muchas de ellas con discapacidad\u201d.<\/p>\n<h2>Desatinos<\/h2>\n<p>Por su parte, el diputado de Vox Juan Jos\u00e9 Aizcorbe sostuvo que la norma est\u00e1 llena de \u201cdesatinos\u201d y critic\u00f3 que el texto hable de voluntariedad de la persona trabajadora con discapacidad sobrevenida cuando <b>es el empresario quien afrontar\u00e1 el coste de las adaptaciones del puesto<\/b>.<\/p>\n<p>Asimismo, alert\u00f3 de que no solo se pueden producir costes desproporcionados por la adaptaci\u00f3n de un puesto de trabajo, sino si se destina a la persona a otras funciones, pues <b>puede incluso necesitar una formaci\u00f3n espec\u00edfica<\/b> para las mismas. En su opini\u00f3n, el texto esconde \u201cuna gran trampa\u201d, porque \u201cse ponen en peligro\u201d prestaciones como la de invalidez e incapacidad permanente, por lo que debe devolverse al Ejecutivo a fin de que se corrijan \u201ccuestiones t\u00e9cnicas\u201d.<\/p>\n<p>M\u00e1s all\u00e1 de Vox, muchos partidos plantearon aspectos de discrepancia en algunos casos, si bien expresaron que<b> presentar\u00e1n propuestas de mejora durante<\/b> el tr\u00e1mite parlamentario, permitiendo que el texto siga su curso.<\/p>\n<h2>Rodillo legislativo<\/h2>\n<p>As\u00ed, la diputada del <b>PP<\/b> Mar\u00eda Isabel Prieto eludi\u00f3 referirse a la enmienda de Vox y manifest\u00f3 que<b> comparte la intenci\u00f3n de la norma<\/b>, aunque denunci\u00f3 que D\u00edaz \u201cest\u00e1 utilizando la v\u00eda del rodillo legislativo\u201d<b> sin haber negociado antes con sindicatos y patronal<\/b>, pero con \u201ccesiones\u201d a partidos independentistas para mantenerse en un Ejecutivo \u201ccercado\u201d y \u201cacechado por la corrupci\u00f3n\u201d. A su juicio, el cambio legal \u201cllega tarde y mal\u201d y es una \u201cregulaci\u00f3n deficiente, carente de rigor t\u00e9cnico y jur\u00eddico\u201d.<\/p>\n<p>\u201cUsted se ha convertido en la ministra de los mil anuncios, que cada d\u00eda pregona m\u00faltiples modificaciones legislativas, pero lo cierto es que lleva un a\u00f1o de legislatura y no ha aprobado nada, a excepci\u00f3n del Real Decreto Ley de Desempleo, que ya pudo convalidar a cambio de las cesiones pol\u00edticas a partidos nacionalistas e independentistas\u201d, apostill\u00f3.<\/p>\n<p>Por otro lado, a favor del texto del Gobierno se expresaron Sumar (la formaci\u00f3n de D\u00edaz) y el PSOE, cuya diputada Elisa Garrido mostr\u00f3<b> su deseo de que la norma se pueda aprobar por unanimidad<\/b> y tendi\u00f3 la mano a todos los partidos para ello.<\/p>\n<p>Adem\u00e1s, la diputada del PNV Idoia Sagastizabal resalt\u00f3 que hay aspectos que quiere corregir Vox en el texto que se pueden solventar v\u00eda enmiendas y no pidiendo la devoluci\u00f3n del texto.<\/p>\n<p>La parlamentaria de Podemos Noem\u00ed Santana apunt\u00f3 que la reforma legal soluciona una <b>\u201cdiscriminaci\u00f3n hist\u00f3rica\u201d de las personas con discapacidad<\/b>, aunque mostr\u00f3 su preocupaci\u00f3n por que la empresa pueda determinar qu\u00e9 es un coste excesivo.<\/p>\n<p>En la misma l\u00ednea, desde el BNG, N\u00e9stor Rego pidi\u00f3 que las empresas est\u00e9n \u201cobligadas\u201d a adaptar los puestos de trabajo y que no se les deje la \u201c\u00faltima palabra\u201d.<\/p>\n<h2>Cambios legales<\/h2>\n<p>La modificaci\u00f3n del art\u00edculo 49.1.e) del Estatuto de los Trabajadores eliminar\u00e1 la referencia a la <b>extinci\u00f3n autom\u00e1tica por Gran Incapacidad, Incapacidad Permanente Absoluta e Incapacidad Permanente Temporal<\/b>, separando con ello estas causas de la muerte de la persona trabajadora.<\/p>\n<p>La posibilidad de extinguir el contrato, hasta ahora en manos de la empresa, se condiciona a la voluntad de la persona trabajadora que podr\u00e1 <b>solicitar una adaptaci\u00f3n del puesto de trabajo razonable<\/b>, necesaria y adecuada o el cambio a otro puesto de trabajo vacante y disponible, acorde con su perfil profesional y compatible con su nueva situaci\u00f3n.<\/p>\n<p>El texto tambi\u00e9n establece los criterios que permiten determinar cu\u00e1ndo los ajustes necesarios constituir\u00edan <b>un coste excesivo para la empresa<\/b> valorando, de manera espec\u00edfica, si los gastos de adaptaci\u00f3n pueden sufragarse con ayudas o subvenciones p\u00fablicas de manera parcial o total y tambi\u00e9n, en su caso, si son razonables para el tama\u00f1o de la empresa.<\/p>\n<p>Por su parte, la enmienda a la totalidad de Vox emplea argumentos como que el proyecto de ley \u201cviene a trasladar la carga econ\u00f3mica que supone la prestaci\u00f3n de <b>incapacidad permanente <\/b>desde las arcas del sistema de Seguridad Social a las empresas, ya que, de optar el trabajador por el mantenimiento de su puesto de trabajo<b>, la empresa correr\u00e1 a cargo del salario y las cotizaciones del empleado<\/b>, al que no deber\u00e1 abonarse la prestaci\u00f3n p\u00fablica\u201d.<\/p>\n<p>\u201cSin duda esto tiene muchos aspectos positivos, pero hay un factor que tambi\u00e9n debe valorarse: la<b> carga excesiva para la empresa<\/b> que, tras haber estado cotizando por contingencias que pueden dar lugar a una situaci\u00f3n de incapacidad permanente, una vez concretado el riesgo cubierto, deba continuar abonando en exclusiva las obligaciones econ\u00f3micas para con la persona afectada\u201d, a\u00f1ade.<\/p>\n<\/div>\n<p>Fuente: Discapacidad https:\/\/www.20minutos.es\/noticia\/5646731\/0\/congreso-tramitara-prohibicion-despido-por-discapacidad-sobrevenida-tras-vencer-oposicion-frontal-vox\/<\/p>\n","protected":false},"excerpt":{"rendered":"<p>Vox ped\u00eda la enmienda a la totalidad de la ley por considerar que supondr\u00e1 un coste excesivo para las empresas.<\/p>\n","protected":false},"author":1,"featured_media":0,"comment_status":"closed","ping_status":"closed","sticky":false,"template":"","format":"standard","meta":{"footnotes":""},"categories":[8],"tags":[],"class_list":["post-10475","post","type-post","status-publish","format-standard","hentry","category-noticias"],"yoast_head":"<!-- This site is optimized with the Yoast SEO plugin v27.5 - https:\/\/yoast.com\/product\/yoast-seo-wordpress\/ -->\n<title>El Congreso rechaza las enmiendas de Vox y tramitar\u00e1 la prohibici\u00f3n del despido por discapacidad sobrevenida - Asociaci\u00f3n Espa\u00f1ola S\u00edndrome de Charge<\/title>\n<meta name=\"robots\" content=\"index, follow, max-snippet:-1, max-image-preview:large, max-video-preview:-1\" \/>\n<link rel=\"canonical\" href=\"https:\/\/sindromecharge.es\/index.php\/2024\/10\/22\/congreso-tramitara-prohibicion-despido-por-discapacidad-sobrevenida-tras-vencer-oposicion-frontal-vox\/\" \/>\n<meta property=\"og:locale\" content=\"es_ES\" \/>\n<meta property=\"og:type\" content=\"article\" \/>\n<meta property=\"og:title\" content=\"El Congreso rechaza las enmiendas de Vox y tramitar\u00e1 la prohibici\u00f3n del despido por discapacidad sobrevenida - Asociaci\u00f3n Espa\u00f1ola S\u00edndrome de Charge\" \/>\n<meta property=\"og:description\" content=\"Vox ped\u00eda la enmienda a la totalidad de la ley por considerar que supondr\u00e1 un coste excesivo para las empresas.\" \/>\n<meta property=\"og:url\" content=\"https:\/\/sindromecharge.es\/index.php\/2024\/10\/22\/congreso-tramitara-prohibicion-despido-por-discapacidad-sobrevenida-tras-vencer-oposicion-frontal-vox\/\" \/>\n<meta property=\"og:site_name\" content=\"Asociaci\u00f3n Espa\u00f1ola S\u00edndrome de Charge\" \/>\n<meta property=\"article:publisher\" content=\"https:\/\/www.facebook.com\/asociacionsindromecharge\" \/>\n<meta property=\"article:published_time\" content=\"2024-10-22T17:25:00+00:00\" \/>\n<meta property=\"og:image\" content=\"https:\/\/sindromecharge.es\/wp-content\/uploads\/2013\/09\/logodecharge300x98.png\" \/>\n\t<meta property=\"og:image:width\" content=\"300\" \/>\n\t<meta property=\"og:image:height\" content=\"98\" \/>\n\t<meta property=\"og:image:type\" content=\"image\/png\" \/>\n<meta name=\"author\" content=\"Charge\" \/>\n<meta name=\"twitter:card\" content=\"summary_large_image\" \/>\n<meta name=\"twitter:creator\" content=\"@sindromecharge\" \/>\n<meta name=\"twitter:site\" content=\"@sindromecharge\" \/>\n<meta name=\"twitter:label1\" content=\"Escrito por\" \/>\n\t<meta name=\"twitter:data1\" content=\"Charge\" \/>\n\t<meta name=\"twitter:label2\" content=\"Tiempo de lectura\" \/>\n\t<meta name=\"twitter:data2\" content=\"6 minutos\" \/>\n<script type=\"application\/ld+json\" class=\"yoast-schema-graph\">{\"@context\":\"https:\\\/\\\/schema.org\",\"@graph\":[{\"@type\":\"Article\",\"@id\":\"https:\\\/\\\/sindromecharge.es\\\/index.php\\\/2024\\\/10\\\/22\\\/congreso-tramitara-prohibicion-despido-por-discapacidad-sobrevenida-tras-vencer-oposicion-frontal-vox\\\/#article\",\"isPartOf\":{\"@id\":\"https:\\\/\\\/sindromecharge.es\\\/index.php\\\/2024\\\/10\\\/22\\\/congreso-tramitara-prohibicion-despido-por-discapacidad-sobrevenida-tras-vencer-oposicion-frontal-vox\\\/\"},\"author\":{\"name\":\"Charge\",\"@id\":\"https:\\\/\\\/sindromecharge.es\\\/#\\\/schema\\\/person\\\/39a60ebe0a2b4d5a11179701e336b039\"},\"headline\":\"El Congreso rechaza las enmiendas de Vox y tramitar\u00e1 la prohibici\u00f3n del despido por discapacidad sobrevenida\",\"datePublished\":\"2024-10-22T17:25:00+00:00\",\"mainEntityOfPage\":{\"@id\":\"https:\\\/\\\/sindromecharge.es\\\/index.php\\\/2024\\\/10\\\/22\\\/congreso-tramitara-prohibicion-despido-por-discapacidad-sobrevenida-tras-vencer-oposicion-frontal-vox\\\/\"},\"wordCount\":1301,\"articleSection\":[\"noticias\"],\"inLanguage\":\"es\"},{\"@type\":\"WebPage\",\"@id\":\"https:\\\/\\\/sindromecharge.es\\\/index.php\\\/2024\\\/10\\\/22\\\/congreso-tramitara-prohibicion-despido-por-discapacidad-sobrevenida-tras-vencer-oposicion-frontal-vox\\\/\",\"url\":\"https:\\\/\\\/sindromecharge.es\\\/index.php\\\/2024\\\/10\\\/22\\\/congreso-tramitara-prohibicion-despido-por-discapacidad-sobrevenida-tras-vencer-oposicion-frontal-vox\\\/\",\"name\":\"El Congreso rechaza las enmiendas de Vox y tramitar\u00e1 la prohibici\u00f3n del despido por discapacidad sobrevenida - Asociaci\u00f3n Espa\u00f1ola S\u00edndrome de Charge\",\"isPartOf\":{\"@id\":\"https:\\\/\\\/sindromecharge.es\\\/#website\"},\"datePublished\":\"2024-10-22T17:25:00+00:00\",\"author\":{\"@id\":\"https:\\\/\\\/sindromecharge.es\\\/#\\\/schema\\\/person\\\/39a60ebe0a2b4d5a11179701e336b039\"},\"breadcrumb\":{\"@id\":\"https:\\\/\\\/sindromecharge.es\\\/index.php\\\/2024\\\/10\\\/22\\\/congreso-tramitara-prohibicion-despido-por-discapacidad-sobrevenida-tras-vencer-oposicion-frontal-vox\\\/#breadcrumb\"},\"inLanguage\":\"es\",\"potentialAction\":[{\"@type\":\"ReadAction\",\"target\":[\"https:\\\/\\\/sindromecharge.es\\\/index.php\\\/2024\\\/10\\\/22\\\/congreso-tramitara-prohibicion-despido-por-discapacidad-sobrevenida-tras-vencer-oposicion-frontal-vox\\\/\"]}]},{\"@type\":\"BreadcrumbList\",\"@id\":\"https:\\\/\\\/sindromecharge.es\\\/index.php\\\/2024\\\/10\\\/22\\\/congreso-tramitara-prohibicion-despido-por-discapacidad-sobrevenida-tras-vencer-oposicion-frontal-vox\\\/#breadcrumb\",\"itemListElement\":[{\"@type\":\"ListItem\",\"position\":1,\"name\":\"Portada\",\"item\":\"https:\\\/\\\/sindromecharge.es\\\/\"},{\"@type\":\"ListItem\",\"position\":2,\"name\":\"El Congreso rechaza las enmiendas de Vox y tramitar\u00e1 la prohibici\u00f3n del despido por discapacidad sobrevenida\"}]},{\"@type\":\"WebSite\",\"@id\":\"https:\\\/\\\/sindromecharge.es\\\/#website\",\"url\":\"https:\\\/\\\/sindromecharge.es\\\/\",\"name\":\"Asociaci\u00f3n Espa\u00f1ola S\u00edndrome de Charge\",\"description\":\"\",\"potentialAction\":[{\"@type\":\"SearchAction\",\"target\":{\"@type\":\"EntryPoint\",\"urlTemplate\":\"https:\\\/\\\/sindromecharge.es\\\/?s={search_term_string}\"},\"query-input\":{\"@type\":\"PropertyValueSpecification\",\"valueRequired\":true,\"valueName\":\"search_term_string\"}}],\"inLanguage\":\"es\"},{\"@type\":\"Person\",\"@id\":\"https:\\\/\\\/sindromecharge.es\\\/#\\\/schema\\\/person\\\/39a60ebe0a2b4d5a11179701e336b039\",\"name\":\"Charge\",\"image\":{\"@type\":\"ImageObject\",\"inLanguage\":\"es\",\"@id\":\"https:\\\/\\\/secure.gravatar.com\\\/avatar\\\/c3b46e32a0fc3b093a0873fb767bf3293de856293065e84ef06b7ec7a8acfb98?s=96&d=identicon&r=x\",\"url\":\"https:\\\/\\\/secure.gravatar.com\\\/avatar\\\/c3b46e32a0fc3b093a0873fb767bf3293de856293065e84ef06b7ec7a8acfb98?s=96&d=identicon&r=x\",\"contentUrl\":\"https:\\\/\\\/secure.gravatar.com\\\/avatar\\\/c3b46e32a0fc3b093a0873fb767bf3293de856293065e84ef06b7ec7a8acfb98?s=96&d=identicon&r=x\",\"caption\":\"Charge\"},\"url\":\"https:\\\/\\\/sindromecharge.es\\\/index.php\\\/author\\\/admin\\\/\"}]}<\/script>\n<!-- \/ Yoast SEO plugin. -->","yoast_head_json":{"title":"El Congreso rechaza las enmiendas de Vox y tramitar\u00e1 la prohibici\u00f3n del despido por discapacidad sobrevenida - Asociaci\u00f3n Espa\u00f1ola S\u00edndrome de Charge","robots":{"index":"index","follow":"follow","max-snippet":"max-snippet:-1","max-image-preview":"max-image-preview:large","max-video-preview":"max-video-preview:-1"},"canonical":"https:\/\/sindromecharge.es\/index.php\/2024\/10\/22\/congreso-tramitara-prohibicion-despido-por-discapacidad-sobrevenida-tras-vencer-oposicion-frontal-vox\/","og_locale":"es_ES","og_type":"article","og_title":"El Congreso rechaza las enmiendas de Vox y tramitar\u00e1 la prohibici\u00f3n del despido por discapacidad sobrevenida - Asociaci\u00f3n Espa\u00f1ola S\u00edndrome de Charge","og_description":"Vox ped\u00eda la enmienda a la totalidad de la ley por considerar que supondr\u00e1 un coste excesivo para las empresas.","og_url":"https:\/\/sindromecharge.es\/index.php\/2024\/10\/22\/congreso-tramitara-prohibicion-despido-por-discapacidad-sobrevenida-tras-vencer-oposicion-frontal-vox\/","og_site_name":"Asociaci\u00f3n Espa\u00f1ola S\u00edndrome de Charge","article_publisher":"https:\/\/www.facebook.com\/asociacionsindromecharge","article_published_time":"2024-10-22T17:25:00+00:00","og_image":[{"width":300,"height":98,"url":"https:\/\/sindromecharge.es\/wp-content\/uploads\/2013\/09\/logodecharge300x98.png","type":"image\/png"}],"author":"Charge","twitter_card":"summary_large_image","twitter_creator":"@sindromecharge","twitter_site":"@sindromecharge","twitter_misc":{"Escrito por":"Charge","Tiempo de lectura":"6 minutos"},"schema":{"@context":"https:\/\/schema.org","@graph":[{"@type":"Article","@id":"https:\/\/sindromecharge.es\/index.php\/2024\/10\/22\/congreso-tramitara-prohibicion-despido-por-discapacidad-sobrevenida-tras-vencer-oposicion-frontal-vox\/#article","isPartOf":{"@id":"https:\/\/sindromecharge.es\/index.php\/2024\/10\/22\/congreso-tramitara-prohibicion-despido-por-discapacidad-sobrevenida-tras-vencer-oposicion-frontal-vox\/"},"author":{"name":"Charge","@id":"https:\/\/sindromecharge.es\/#\/schema\/person\/39a60ebe0a2b4d5a11179701e336b039"},"headline":"El Congreso rechaza las enmiendas de Vox y tramitar\u00e1 la prohibici\u00f3n del despido por discapacidad sobrevenida","datePublished":"2024-10-22T17:25:00+00:00","mainEntityOfPage":{"@id":"https:\/\/sindromecharge.es\/index.php\/2024\/10\/22\/congreso-tramitara-prohibicion-despido-por-discapacidad-sobrevenida-tras-vencer-oposicion-frontal-vox\/"},"wordCount":1301,"articleSection":["noticias"],"inLanguage":"es"},{"@type":"WebPage","@id":"https:\/\/sindromecharge.es\/index.php\/2024\/10\/22\/congreso-tramitara-prohibicion-despido-por-discapacidad-sobrevenida-tras-vencer-oposicion-frontal-vox\/","url":"https:\/\/sindromecharge.es\/index.php\/2024\/10\/22\/congreso-tramitara-prohibicion-despido-por-discapacidad-sobrevenida-tras-vencer-oposicion-frontal-vox\/","name":"El Congreso rechaza las enmiendas de Vox y tramitar\u00e1 la prohibici\u00f3n del despido por discapacidad sobrevenida - Asociaci\u00f3n Espa\u00f1ola S\u00edndrome de Charge","isPartOf":{"@id":"https:\/\/sindromecharge.es\/#website"},"datePublished":"2024-10-22T17:25:00+00:00","author":{"@id":"https:\/\/sindromecharge.es\/#\/schema\/person\/39a60ebe0a2b4d5a11179701e336b039"},"breadcrumb":{"@id":"https:\/\/sindromecharge.es\/index.php\/2024\/10\/22\/congreso-tramitara-prohibicion-despido-por-discapacidad-sobrevenida-tras-vencer-oposicion-frontal-vox\/#breadcrumb"},"inLanguage":"es","potentialAction":[{"@type":"ReadAction","target":["https:\/\/sindromecharge.es\/index.php\/2024\/10\/22\/congreso-tramitara-prohibicion-despido-por-discapacidad-sobrevenida-tras-vencer-oposicion-frontal-vox\/"]}]},{"@type":"BreadcrumbList","@id":"https:\/\/sindromecharge.es\/index.php\/2024\/10\/22\/congreso-tramitara-prohibicion-despido-por-discapacidad-sobrevenida-tras-vencer-oposicion-frontal-vox\/#breadcrumb","itemListElement":[{"@type":"ListItem","position":1,"name":"Portada","item":"https:\/\/sindromecharge.es\/"},{"@type":"ListItem","position":2,"name":"El Congreso rechaza las enmiendas de Vox y tramitar\u00e1 la prohibici\u00f3n del despido por discapacidad sobrevenida"}]},{"@type":"WebSite","@id":"https:\/\/sindromecharge.es\/#website","url":"https:\/\/sindromecharge.es\/","name":"Asociaci\u00f3n Espa\u00f1ola S\u00edndrome de Charge","description":"","potentialAction":[{"@type":"SearchAction","target":{"@type":"EntryPoint","urlTemplate":"https:\/\/sindromecharge.es\/?s={search_term_string}"},"query-input":{"@type":"PropertyValueSpecification","valueRequired":true,"valueName":"search_term_string"}}],"inLanguage":"es"},{"@type":"Person","@id":"https:\/\/sindromecharge.es\/#\/schema\/person\/39a60ebe0a2b4d5a11179701e336b039","name":"Charge","image":{"@type":"ImageObject","inLanguage":"es","@id":"https:\/\/secure.gravatar.com\/avatar\/c3b46e32a0fc3b093a0873fb767bf3293de856293065e84ef06b7ec7a8acfb98?s=96&d=identicon&r=x","url":"https:\/\/secure.gravatar.com\/avatar\/c3b46e32a0fc3b093a0873fb767bf3293de856293065e84ef06b7ec7a8acfb98?s=96&d=identicon&r=x","contentUrl":"https:\/\/secure.gravatar.com\/avatar\/c3b46e32a0fc3b093a0873fb767bf3293de856293065e84ef06b7ec7a8acfb98?s=96&d=identicon&r=x","caption":"Charge"},"url":"https:\/\/sindromecharge.es\/index.php\/author\/admin\/"}]}},"_links":{"self":[{"href":"https:\/\/sindromecharge.es\/index.php\/wp-json\/wp\/v2\/posts\/10475","targetHints":{"allow":["GET"]}}],"collection":[{"href":"https:\/\/sindromecharge.es\/index.php\/wp-json\/wp\/v2\/posts"}],"about":[{"href":"https:\/\/sindromecharge.es\/index.php\/wp-json\/wp\/v2\/types\/post"}],"author":[{"embeddable":true,"href":"https:\/\/sindromecharge.es\/index.php\/wp-json\/wp\/v2\/users\/1"}],"replies":[{"embeddable":true,"href":"https:\/\/sindromecharge.es\/index.php\/wp-json\/wp\/v2\/comments?post=10475"}],"version-history":[{"count":0,"href":"https:\/\/sindromecharge.es\/index.php\/wp-json\/wp\/v2\/posts\/10475\/revisions"}],"wp:attachment":[{"href":"https:\/\/sindromecharge.es\/index.php\/wp-json\/wp\/v2\/media?parent=10475"}],"wp:term":[{"taxonomy":"category","embeddable":true,"href":"https:\/\/sindromecharge.es\/index.php\/wp-json\/wp\/v2\/categories?post=10475"},{"taxonomy":"post_tag","embeddable":true,"href":"https:\/\/sindromecharge.es\/index.php\/wp-json\/wp\/v2\/tags?post=10475"}],"curies":[{"name":"wp","href":"https:\/\/api.w.org\/{rel}","templated":true}]}}