{"id":10471,"date":"2024-10-22T05:24:51","date_gmt":"2024-10-22T05:24:51","guid":{"rendered":"https:\/\/sindromecharge.es\/index.php\/2024\/10\/22\/mamen-galvez-madre-noa-con-sindrome-phelan-mcdermid-con-terapia-genica-se-nos-abre-un-universo-tenemos-esperanza\/"},"modified":"2024-10-22T05:24:51","modified_gmt":"2024-10-22T05:24:51","slug":"mamen-galvez-madre-noa-con-sindrome-phelan-mcdermid-con-terapia-genica-se-nos-abre-un-universo-tenemos-esperanza","status":"publish","type":"post","link":"https:\/\/sindromecharge.es\/index.php\/2024\/10\/22\/mamen-galvez-madre-noa-con-sindrome-phelan-mcdermid-con-terapia-genica-se-nos-abre-un-universo-tenemos-esperanza\/","title":{"rendered":"Mamen G\u00e1lvez, madre de Noa, con Phelan-McDermid: \u00abCon la terapia g\u00e9nica, se nos abre un universo, tenemos esperanza\u00bb"},"content":{"rendered":"<p>Leemos en Discapacidad la siguiente noticia que os reproducimos de forma \u00edntegra: <\/p>\n<div>\n<p>Ning\u00fan padre est\u00e1 preparado para que les digan que sus hijos tienen un problema grave del desarrollo, pero cuando, adem\u00e1s, te dicen que lo que tiene es una <a href=\"https:\/\/www.20minutos.es\/salud\/minuteca\/enfermedades-raras\/\" title=\"Enfermedades raras\" target=\"_blank\" rel=\"noopener\">enfermedad muy rara<\/a>, que tiene un nombre impronunciable, que no va hablar, que no va a andar y que encima no vas a encontrar apoyo porque hay tan pocos casos que no existe ni una asociaci\u00f3n, el hundimiento es m\u00e1ximo. \u00abEs como si tuvieras un nubarr\u00f3n encima de la cabeza, no entend\u00eda nada\u00bb, recuerda con angustia <b>Mamen G\u00e1lvez<\/b>, la <b>madre de Noa<\/b>, una ni\u00f1a de siete a\u00f1os reci\u00e9n cumplidos con el raro <b>S\u00edndrome de Phelan-McDermid<\/b>.<\/p>\n<p>Por suerte, aquella genetista se equivoc\u00f3, y no solo <b>s\u00ed exist\u00eda la asociaci\u00f3n<\/b>, sino que fue para ellos un soplo de aire fresco despu\u00e9s de un a\u00f1o y medio de b\u00fasqueda \u00abera tan sencillo como ponerlo en la barra de Google, no se hab\u00eda preocupado ni de mirarlo. Salimos de all\u00ed muy hundidos, pero, por suerte, ese mismo d\u00eda dimos con asociaci\u00f3n y contactamos con ellos, lo que fue un apoyo enorme. Saber que hab\u00eda m\u00e1s familias que nos pod\u00edan ayudar, orientar\u2026 fue un regalo\u00bb.<\/p>\n<p>No fue con el primer profesional que se encontraron que no les trat\u00f3 adecuadamente, pues Mamen y su marido, desde que ten\u00eda tres meses, ya sab\u00edan que algo no iba bien en Noa, \u00abno manten\u00eda la cabeza, no ten\u00eda fuerza\u2026 ten\u00eda mucha <b>hipoton\u00eda<\/b>, una falta de tono muscular generalizada, estaba todo el d\u00eda como adormecida, demasiado tranquila, y ah\u00ed empez\u00f3 nuestro periplo por los centros m\u00e9dico hasta que nos hicieron caso y empezamos con las pruebas, porque al principio no nos hac\u00edan caso\u00bb.<\/p>\n<p>Su pediatra directamente<b> les dijo que era una madre hist\u00e9rica<\/b> y que, por supuesto, no le iba a mandar ninguna prueba. Por suerte, despu\u00e9s vino un \u00abneur\u00f3logo muy bueno\u00bb. Les mand\u00f3 una resonancia y un cariotipo, que salieron normales, pero no se dio por vencido, \u00abnos mand\u00f3 las<b> pruebas gen\u00e9ticas<\/b> en las que ya sali\u00f3 que ten\u00eda el s\u00edndrome. Nosotros hasta tuvimos suerte, porque suelen dar muchas largas para hacer esta prueba. Ahora, en solo cinco a\u00f1os, esto ha cambiado gracias a que los m\u00e9dicos se han concienciado porque asociaciones y padres hemos empujado mucho, pero<b> es agotador estar todo el d\u00eda pele\u00e1ndote<\/b>. Ya no solo para que te hagan caso, te hagan pruebas, tambi\u00e9n con la burocracia, porque para cualquier cosa tienes que rellenar un mont\u00f3n de formularios\u2026 El propio diagn\u00f3stico ya desgasta bastante, como para estar peleando por cosas que deber\u00edan ser normales, l\u00f3gicas y por derecho\u2026 muchos padres abandonan y no me extra\u00f1a\u00bb.<\/p>\n<h1>Cuando te ocurre una cosa de estas, lo m\u00e1s importante es la actitud, porque no hay plan B, no queda otra que adaptarse<\/h1>\n<h2>La vida del rev\u00e9s<\/h2>\n<p>Tras el diagn\u00f3stico, todo su mundo se puso patas arriba, pero decidieron afrontarlo con la mejor de las actitudes, \u00abcuando te ocurre una cosa de estas, lo m\u00e1s importante es la actitud, porque no hay plan B, y no queda otra que adaptarse. Te cambia la vida de manera radical<b>, te cambian las prioridades<\/b>, empiezas a ver el mundo de manera diferente, y si se puede sacar algo positivo de todo esto es que creo que te hace mejor persona\u00bb, asegura Mamen.<\/p>\n<p>Tambi\u00e9n dio un giro a su carrera profesional, que no abandon\u00f3 porque reconoce que es su v\u00eda de escape, pero <b>tuvo que acogerse a la CUME<\/b>, \u00abtrabajar los dos ocho horas era inviable, porque<b> mi hija necesita atenci\u00f3n 24\/7, no puede estar sola en ning\u00fan momento<\/b>, pero tampoco quer\u00eda dejar de trabajar por salud mental\u00bb. <\/p>\n<p>Despu\u00e9s se separ\u00f3 de su marido, \u00abviven las dos conmigo. Sigo trabajando mi 50% y el resto del tiempo es para mis hijas, porque vida propia pr\u00e1cticamente no tengo\u00bb. <\/p>\n<p>Mamen quiere mencionar muy especialmente a <b>su hija mayor, Luna<\/b>, de 12 a\u00f1os, a quien reconoce, que no ha dedicado toda la atenci\u00f3n que se merece, \u00abal final <b>los hermanos son los grandes olvidados<\/b>, sufren mucho, se frustran\u2026 porque al final, la mayor parte del tiempo que tienes es para el hermano afectado y, de alguna manera, tienen que tirar para adelante solos, <b>maduran antes<\/b>, no puedes hacer los mismos planes con ellos\u2026 Y eso hay que trabajarlo mucho psicol\u00f3gicamente con ellos\u00bb.<\/p>\n<h2>Mucho trabajo, esfuerzo, dinero\u2026 y una ni\u00f1a feliz<\/h2>\n<p>La genetista que les dio el diagn\u00f3stico se equivoc\u00f3 en otra cosa: Noa s\u00ed anda. Empez\u00f3 tarde y tras mucho trabajo, pero es un hito muy importante, y lo ha conseguido, algo en lo que tambi\u00e9n se consideran afortunadas, \u00abva a un colegio de <a href=\"https:\/\/www.20minutos.es\/minuteca\/educacion-especial\/\" title=\"Educaci\u00f3n Especial\" target=\"_blank\" rel=\"noopener\">educaci\u00f3n especial<\/a>, donde tiene terapias, pero necesita m\u00e1s porque con lo del cole no tienen suficiente. Nos gastamos <b>m\u00e1s de 400 euros en terapias<\/b> como fisio, logopeda, m\u00fasica\u2026 y esto al final se traduce en que las familias que tienen m\u00e1s posibilidades de pagar terapias, sus hijos est\u00e1n mejor, su evoluci\u00f3n es mejor y m\u00e1s r\u00e1pida. Es muy injusto, pero es la realidad\u00bb, se lamenta. Gastos que puede permitirse gracias tambi\u00e9n a la prestaci\u00f3n que percibe por su <b><a href=\"https:\/\/www.20minutos.es\/minuteca\/dependencia\/\" title=\"Dependencia\" target=\"_blank\" rel=\"noopener\">dependencia<\/a> en grado 3<\/b>.<\/p>\n<p>Ese alto grado de dependencia se debe a que Noa est\u00e1 bastante afectada, \u00abtiene una deleci\u00f3n, una p\u00e9rdida gen\u00e9tica de 6,7. Para que te hagas una idea, el 9 es incompatible con la vida, pero, aun as\u00ed, yo siempre digo que somos muy afortunados tambi\u00e9n por eso, porque <b>no tiene afectaciones en otros \u00f3rganos<\/b>, como cardiopat\u00edas, quistes renales, no tiene <a href=\"https:\/\/www.20minutos.es\/minuteca\/epilepsia\/\" title=\"Epilepsia\" target=\"_blank\" rel=\"noopener\">epilepsia<\/a>\u2026 No toma nada de medicaci\u00f3n excepto para dormir, pero de salud en general est\u00e1 perfecta\u00bb, explica su madre. <\/p>\n<p><b>Una salud que transmite en formad de felicidad<\/b>, \u00abcomo su afectaci\u00f3n es bastante alta, su <a href=\"https:\/\/www.20minutos.es\/minuteca\/discapacidad-intelectual\/\" title=\"Discapacidad intelectual\" target=\"_blank\" rel=\"noopener\">discapacidad intelectual<\/a> tambi\u00e9n es bastante alta y tiene un 75% de discapacidad,<b> es una ni\u00f1a muy feliz, cari\u00f1osa<\/b>, le encanta el contacto, que la abraces, que le des besos\u2026<b> Solo necesita dibujos y m\u00fasica para ser feliz<\/b>, sobre todo la m\u00fasica. Aprende mucho gracias a ella. De hecho, va a una terapia espec\u00edfica de m\u00fasica y ma\u00f1ana es su cumple y le hemos comprado una guitarra, y el a\u00f1o pasado fue un teclado de juguete\u00bb. <\/p>\n<p>Las pocas rabietas que tiene se deben a la<b> frustraci\u00f3n de no poder comunicarse<\/b>, porque no tiene absolutamente nada de lenguaje, \u00abvamos a empezar Alfasaac, un programa de comunicaci\u00f3n alternativa y aumentativa, porque los pictos no los comprende muy bien. A veces yo le hablo un poco en<a href=\"https:\/\/www.20minutos.es\/minuteca\/lengua-de-signos\/\" title=\"Lengua de signos\" target=\"_blank\" rel=\"noopener\"> lengua de signos<\/a>, que entiende los m\u00e1s b\u00e1sicos porque llevamos con ellos mucho tiempo\u00bb, explica Mamen. Su pr\u00f3ximo objetivo es que, gracias a este programa, logre comunicarse, aunque sea para hacer peticiones b\u00e1sicas.<\/p>\n<h1>Al final, las familias que tienen m\u00e1s posibilidades de pagar terapias, sus hijos est\u00e1n mejor, su evoluci\u00f3n es mejor y m\u00e1s r\u00e1pida. Es muy injusto, pero es la realidad<\/h1>\n<h2>Grandes esperanzas en el futuro<\/h2>\n<p>Como para todos los padres con hijos con<b> enfermedades gen\u00e9ticas raras<\/b>, la investigaci\u00f3n es su gran esperanza, y los padres con ni\u00f1os con el S\u00edndrome de Phelan-McDermid tienen puestas estas esperanzas en la <b>terapia g\u00e9nica<\/b>, \u00absabemos que el tema de la investigaci\u00f3n en un s\u00edndrome tan raro como este es muy complicado, pero este a\u00f1o precisamente van a empezar a probar una<b> terapia g\u00e9nica en Estados Unidos<\/b> y estamos muy contentos. Para nosotros se abre un universo de posibilidades, porque, aunque empiecen en Estados Unidos, si realmente funciona, puede ser una esperanza para nosotros en el futuro. Como mi hija es peque\u00f1a, yo a\u00fan tengo la esperanza de que se encuentre, antes de que termine su desarrollo, alg\u00fan f\u00e1rmaco para que su vida pueda mejorar\u00bb.<\/p>\n<p>Ahora mismo, no hay nada espec\u00edfico, as\u00ed que lo \u00fanico que pueden hacer las familias es <b>tratar los s\u00edntomas asociados a la enfermedad<\/b> cuando aparecen, \u00abcomo los quistes renales, la epilepsia, las cardiopat\u00edas\u2026\u00bb, y terapias para mejorar su calidad de vida, \u00abcomo el fisio para la hipoton\u00eda o la logopedia\u2026 en funci\u00f3n de lo que necesite cada uno, porque ning\u00fan ni\u00f1o es igual, y dependiendo de la deleci\u00f3n, la afectaci\u00f3n es muy distinta\u00bb, explica Mamen.<\/p>\n<p>Adem\u00e1s de la investigaci\u00f3n, aprovechando el <b>d\u00eda mundial<\/b>, la madre de Noa, que adem\u00e1s es secretaria de la<a href=\"https:\/\/22q13.org.es\/\" target=\"_blank\" rel=\"nofollow noopener\"> Asociaci\u00f3n Phelan-McDermid Espa\u00f1a<\/a>, \u00abme gustar\u00eda que nos pusieran las cosas m\u00e1s f\u00e1ciles, con menos burocracia,<b> m\u00e1s atenci\u00f3n temprana<\/b>, y que tengamos m\u00e1s apoyo psicol\u00f3gico, porque lo necesitamos. Estar luchando constantemente con todo es un machaque a nivel psicol\u00f3gico, desgasta much\u00edsimo\u00bb, insiste.<\/p>\n<p>Y a la sociedad les pedir\u00eda, \u00abque <b>empaticen tanto con los padres como con los ni\u00f1os<\/b>, que entiendan que son ni\u00f1os y que, aunque tengas sus cosas, les gusta hacer lo que, a todos los ni\u00f1os, les gusta que los quieran, les gusta jugar\u2026 y para que se entienda de verdad esto a\u00fan falta\u00bb.<\/p>\n<p>Para terminar, le gustar\u00eda reivindicar el papel de asociaciones como la suya, que tanto la ayud\u00f3 en los momentos m\u00e1s dif\u00edciles, \u00abes muy importante asociarse, en este u otros s\u00edndromes, tanto para tener visibilidad como para poder disponer de las herramientas necesarias para <b>seguir apoyando a las familias<\/b> y conseguir fondos para que se investiguen estas enfermedades\u00bb. <\/p>\n<\/div>\n<p>Fuente: Discapacidad https:\/\/www.20minutos.es\/noticia\/5644243\/0\/mamen-galvez-madre-noa-con-sindrome-phelan-mcdermid-con-terapia-genica-se-nos-abre-un-universo-tenemos-esperanza\/<\/p>\n","protected":false},"excerpt":{"rendered":"<p>El 22 de octubre es el d\u00eda mundial del s\u00edndrome Phelan-McDermid, una enfermedad gen\u00e9tica rara con unos 160 diagnosticados en toda Espa\u00f1a.<\/p>\n","protected":false},"author":1,"featured_media":0,"comment_status":"closed","ping_status":"closed","sticky":false,"template":"","format":"standard","meta":{"footnotes":""},"categories":[8],"tags":[],"class_list":["post-10471","post","type-post","status-publish","format-standard","hentry","category-noticias"],"yoast_head":"<!-- This site is optimized with the Yoast SEO plugin v27.5 - https:\/\/yoast.com\/product\/yoast-seo-wordpress\/ -->\n<title>Mamen G\u00e1lvez, madre de Noa, con Phelan-McDermid: &quot;Con la terapia g\u00e9nica, se nos abre un universo, tenemos esperanza&quot; - Asociaci\u00f3n Espa\u00f1ola S\u00edndrome de Charge<\/title>\n<meta name=\"robots\" content=\"index, follow, max-snippet:-1, max-image-preview:large, max-video-preview:-1\" \/>\n<link rel=\"canonical\" href=\"https:\/\/sindromecharge.es\/index.php\/2024\/10\/22\/mamen-galvez-madre-noa-con-sindrome-phelan-mcdermid-con-terapia-genica-se-nos-abre-un-universo-tenemos-esperanza\/\" \/>\n<meta property=\"og:locale\" content=\"es_ES\" \/>\n<meta property=\"og:type\" content=\"article\" \/>\n<meta property=\"og:title\" content=\"Mamen G\u00e1lvez, madre de Noa, con Phelan-McDermid: &quot;Con la terapia g\u00e9nica, se nos abre un universo, tenemos esperanza&quot; - Asociaci\u00f3n Espa\u00f1ola S\u00edndrome de Charge\" \/>\n<meta property=\"og:description\" content=\"El 22 de octubre es el d\u00eda mundial del s\u00edndrome Phelan-McDermid, una enfermedad gen\u00e9tica rara con unos 160 diagnosticados en toda Espa\u00f1a.\" \/>\n<meta property=\"og:url\" content=\"https:\/\/sindromecharge.es\/index.php\/2024\/10\/22\/mamen-galvez-madre-noa-con-sindrome-phelan-mcdermid-con-terapia-genica-se-nos-abre-un-universo-tenemos-esperanza\/\" \/>\n<meta property=\"og:site_name\" content=\"Asociaci\u00f3n Espa\u00f1ola S\u00edndrome de Charge\" \/>\n<meta property=\"article:publisher\" content=\"https:\/\/www.facebook.com\/asociacionsindromecharge\" \/>\n<meta property=\"article:published_time\" content=\"2024-10-22T05:24:51+00:00\" \/>\n<meta property=\"og:image\" content=\"https:\/\/sindromecharge.es\/wp-content\/uploads\/2013\/09\/logodecharge300x98.png\" \/>\n\t<meta property=\"og:image:width\" content=\"300\" \/>\n\t<meta property=\"og:image:height\" content=\"98\" \/>\n\t<meta property=\"og:image:type\" content=\"image\/png\" \/>\n<meta name=\"author\" content=\"Charge\" \/>\n<meta name=\"twitter:card\" content=\"summary_large_image\" \/>\n<meta name=\"twitter:creator\" content=\"@sindromecharge\" \/>\n<meta name=\"twitter:site\" content=\"@sindromecharge\" \/>\n<meta name=\"twitter:label1\" content=\"Escrito por\" \/>\n\t<meta name=\"twitter:data1\" content=\"Charge\" \/>\n\t<meta name=\"twitter:label2\" content=\"Tiempo de lectura\" \/>\n\t<meta name=\"twitter:data2\" content=\"8 minutos\" \/>\n<script type=\"application\/ld+json\" class=\"yoast-schema-graph\">{\"@context\":\"https:\\\/\\\/schema.org\",\"@graph\":[{\"@type\":\"Article\",\"@id\":\"https:\\\/\\\/sindromecharge.es\\\/index.php\\\/2024\\\/10\\\/22\\\/mamen-galvez-madre-noa-con-sindrome-phelan-mcdermid-con-terapia-genica-se-nos-abre-un-universo-tenemos-esperanza\\\/#article\",\"isPartOf\":{\"@id\":\"https:\\\/\\\/sindromecharge.es\\\/index.php\\\/2024\\\/10\\\/22\\\/mamen-galvez-madre-noa-con-sindrome-phelan-mcdermid-con-terapia-genica-se-nos-abre-un-universo-tenemos-esperanza\\\/\"},\"author\":{\"name\":\"Charge\",\"@id\":\"https:\\\/\\\/sindromecharge.es\\\/#\\\/schema\\\/person\\\/39a60ebe0a2b4d5a11179701e336b039\"},\"headline\":\"Mamen G\u00e1lvez, madre de Noa, con Phelan-McDermid: \u00abCon la terapia g\u00e9nica, se nos abre un universo, tenemos esperanza\u00bb\",\"datePublished\":\"2024-10-22T05:24:51+00:00\",\"mainEntityOfPage\":{\"@id\":\"https:\\\/\\\/sindromecharge.es\\\/index.php\\\/2024\\\/10\\\/22\\\/mamen-galvez-madre-noa-con-sindrome-phelan-mcdermid-con-terapia-genica-se-nos-abre-un-universo-tenemos-esperanza\\\/\"},\"wordCount\":1670,\"articleSection\":[\"noticias\"],\"inLanguage\":\"es\"},{\"@type\":\"WebPage\",\"@id\":\"https:\\\/\\\/sindromecharge.es\\\/index.php\\\/2024\\\/10\\\/22\\\/mamen-galvez-madre-noa-con-sindrome-phelan-mcdermid-con-terapia-genica-se-nos-abre-un-universo-tenemos-esperanza\\\/\",\"url\":\"https:\\\/\\\/sindromecharge.es\\\/index.php\\\/2024\\\/10\\\/22\\\/mamen-galvez-madre-noa-con-sindrome-phelan-mcdermid-con-terapia-genica-se-nos-abre-un-universo-tenemos-esperanza\\\/\",\"name\":\"Mamen G\u00e1lvez, madre de Noa, con Phelan-McDermid: \\\"Con la terapia g\u00e9nica, se nos abre un universo, tenemos esperanza\\\" - Asociaci\u00f3n Espa\u00f1ola S\u00edndrome de Charge\",\"isPartOf\":{\"@id\":\"https:\\\/\\\/sindromecharge.es\\\/#website\"},\"datePublished\":\"2024-10-22T05:24:51+00:00\",\"author\":{\"@id\":\"https:\\\/\\\/sindromecharge.es\\\/#\\\/schema\\\/person\\\/39a60ebe0a2b4d5a11179701e336b039\"},\"breadcrumb\":{\"@id\":\"https:\\\/\\\/sindromecharge.es\\\/index.php\\\/2024\\\/10\\\/22\\\/mamen-galvez-madre-noa-con-sindrome-phelan-mcdermid-con-terapia-genica-se-nos-abre-un-universo-tenemos-esperanza\\\/#breadcrumb\"},\"inLanguage\":\"es\",\"potentialAction\":[{\"@type\":\"ReadAction\",\"target\":[\"https:\\\/\\\/sindromecharge.es\\\/index.php\\\/2024\\\/10\\\/22\\\/mamen-galvez-madre-noa-con-sindrome-phelan-mcdermid-con-terapia-genica-se-nos-abre-un-universo-tenemos-esperanza\\\/\"]}]},{\"@type\":\"BreadcrumbList\",\"@id\":\"https:\\\/\\\/sindromecharge.es\\\/index.php\\\/2024\\\/10\\\/22\\\/mamen-galvez-madre-noa-con-sindrome-phelan-mcdermid-con-terapia-genica-se-nos-abre-un-universo-tenemos-esperanza\\\/#breadcrumb\",\"itemListElement\":[{\"@type\":\"ListItem\",\"position\":1,\"name\":\"Portada\",\"item\":\"https:\\\/\\\/sindromecharge.es\\\/\"},{\"@type\":\"ListItem\",\"position\":2,\"name\":\"Mamen G\u00e1lvez, madre de Noa, con Phelan-McDermid: &#8220;Con la terapia g\u00e9nica, se nos abre un universo, tenemos esperanza&#8221;\"}]},{\"@type\":\"WebSite\",\"@id\":\"https:\\\/\\\/sindromecharge.es\\\/#website\",\"url\":\"https:\\\/\\\/sindromecharge.es\\\/\",\"name\":\"Asociaci\u00f3n Espa\u00f1ola S\u00edndrome de Charge\",\"description\":\"\",\"potentialAction\":[{\"@type\":\"SearchAction\",\"target\":{\"@type\":\"EntryPoint\",\"urlTemplate\":\"https:\\\/\\\/sindromecharge.es\\\/?s={search_term_string}\"},\"query-input\":{\"@type\":\"PropertyValueSpecification\",\"valueRequired\":true,\"valueName\":\"search_term_string\"}}],\"inLanguage\":\"es\"},{\"@type\":\"Person\",\"@id\":\"https:\\\/\\\/sindromecharge.es\\\/#\\\/schema\\\/person\\\/39a60ebe0a2b4d5a11179701e336b039\",\"name\":\"Charge\",\"image\":{\"@type\":\"ImageObject\",\"inLanguage\":\"es\",\"@id\":\"https:\\\/\\\/secure.gravatar.com\\\/avatar\\\/c3b46e32a0fc3b093a0873fb767bf3293de856293065e84ef06b7ec7a8acfb98?s=96&d=identicon&r=x\",\"url\":\"https:\\\/\\\/secure.gravatar.com\\\/avatar\\\/c3b46e32a0fc3b093a0873fb767bf3293de856293065e84ef06b7ec7a8acfb98?s=96&d=identicon&r=x\",\"contentUrl\":\"https:\\\/\\\/secure.gravatar.com\\\/avatar\\\/c3b46e32a0fc3b093a0873fb767bf3293de856293065e84ef06b7ec7a8acfb98?s=96&d=identicon&r=x\",\"caption\":\"Charge\"},\"url\":\"https:\\\/\\\/sindromecharge.es\\\/index.php\\\/author\\\/admin\\\/\"}]}<\/script>\n<!-- \/ Yoast SEO plugin. -->","yoast_head_json":{"title":"Mamen G\u00e1lvez, madre de Noa, con Phelan-McDermid: \"Con la terapia g\u00e9nica, se nos abre un universo, tenemos esperanza\" - Asociaci\u00f3n Espa\u00f1ola S\u00edndrome de Charge","robots":{"index":"index","follow":"follow","max-snippet":"max-snippet:-1","max-image-preview":"max-image-preview:large","max-video-preview":"max-video-preview:-1"},"canonical":"https:\/\/sindromecharge.es\/index.php\/2024\/10\/22\/mamen-galvez-madre-noa-con-sindrome-phelan-mcdermid-con-terapia-genica-se-nos-abre-un-universo-tenemos-esperanza\/","og_locale":"es_ES","og_type":"article","og_title":"Mamen G\u00e1lvez, madre de Noa, con Phelan-McDermid: \"Con la terapia g\u00e9nica, se nos abre un universo, tenemos esperanza\" - Asociaci\u00f3n Espa\u00f1ola S\u00edndrome de Charge","og_description":"El 22 de octubre es el d\u00eda mundial del s\u00edndrome Phelan-McDermid, una enfermedad gen\u00e9tica rara con unos 160 diagnosticados en toda Espa\u00f1a.","og_url":"https:\/\/sindromecharge.es\/index.php\/2024\/10\/22\/mamen-galvez-madre-noa-con-sindrome-phelan-mcdermid-con-terapia-genica-se-nos-abre-un-universo-tenemos-esperanza\/","og_site_name":"Asociaci\u00f3n Espa\u00f1ola S\u00edndrome de Charge","article_publisher":"https:\/\/www.facebook.com\/asociacionsindromecharge","article_published_time":"2024-10-22T05:24:51+00:00","og_image":[{"width":300,"height":98,"url":"https:\/\/sindromecharge.es\/wp-content\/uploads\/2013\/09\/logodecharge300x98.png","type":"image\/png"}],"author":"Charge","twitter_card":"summary_large_image","twitter_creator":"@sindromecharge","twitter_site":"@sindromecharge","twitter_misc":{"Escrito por":"Charge","Tiempo de lectura":"8 minutos"},"schema":{"@context":"https:\/\/schema.org","@graph":[{"@type":"Article","@id":"https:\/\/sindromecharge.es\/index.php\/2024\/10\/22\/mamen-galvez-madre-noa-con-sindrome-phelan-mcdermid-con-terapia-genica-se-nos-abre-un-universo-tenemos-esperanza\/#article","isPartOf":{"@id":"https:\/\/sindromecharge.es\/index.php\/2024\/10\/22\/mamen-galvez-madre-noa-con-sindrome-phelan-mcdermid-con-terapia-genica-se-nos-abre-un-universo-tenemos-esperanza\/"},"author":{"name":"Charge","@id":"https:\/\/sindromecharge.es\/#\/schema\/person\/39a60ebe0a2b4d5a11179701e336b039"},"headline":"Mamen G\u00e1lvez, madre de Noa, con Phelan-McDermid: \u00abCon la terapia g\u00e9nica, se nos abre un universo, tenemos esperanza\u00bb","datePublished":"2024-10-22T05:24:51+00:00","mainEntityOfPage":{"@id":"https:\/\/sindromecharge.es\/index.php\/2024\/10\/22\/mamen-galvez-madre-noa-con-sindrome-phelan-mcdermid-con-terapia-genica-se-nos-abre-un-universo-tenemos-esperanza\/"},"wordCount":1670,"articleSection":["noticias"],"inLanguage":"es"},{"@type":"WebPage","@id":"https:\/\/sindromecharge.es\/index.php\/2024\/10\/22\/mamen-galvez-madre-noa-con-sindrome-phelan-mcdermid-con-terapia-genica-se-nos-abre-un-universo-tenemos-esperanza\/","url":"https:\/\/sindromecharge.es\/index.php\/2024\/10\/22\/mamen-galvez-madre-noa-con-sindrome-phelan-mcdermid-con-terapia-genica-se-nos-abre-un-universo-tenemos-esperanza\/","name":"Mamen G\u00e1lvez, madre de Noa, con Phelan-McDermid: \"Con la terapia g\u00e9nica, se nos abre un universo, tenemos esperanza\" - Asociaci\u00f3n Espa\u00f1ola S\u00edndrome de Charge","isPartOf":{"@id":"https:\/\/sindromecharge.es\/#website"},"datePublished":"2024-10-22T05:24:51+00:00","author":{"@id":"https:\/\/sindromecharge.es\/#\/schema\/person\/39a60ebe0a2b4d5a11179701e336b039"},"breadcrumb":{"@id":"https:\/\/sindromecharge.es\/index.php\/2024\/10\/22\/mamen-galvez-madre-noa-con-sindrome-phelan-mcdermid-con-terapia-genica-se-nos-abre-un-universo-tenemos-esperanza\/#breadcrumb"},"inLanguage":"es","potentialAction":[{"@type":"ReadAction","target":["https:\/\/sindromecharge.es\/index.php\/2024\/10\/22\/mamen-galvez-madre-noa-con-sindrome-phelan-mcdermid-con-terapia-genica-se-nos-abre-un-universo-tenemos-esperanza\/"]}]},{"@type":"BreadcrumbList","@id":"https:\/\/sindromecharge.es\/index.php\/2024\/10\/22\/mamen-galvez-madre-noa-con-sindrome-phelan-mcdermid-con-terapia-genica-se-nos-abre-un-universo-tenemos-esperanza\/#breadcrumb","itemListElement":[{"@type":"ListItem","position":1,"name":"Portada","item":"https:\/\/sindromecharge.es\/"},{"@type":"ListItem","position":2,"name":"Mamen G\u00e1lvez, madre de Noa, con Phelan-McDermid: &#8220;Con la terapia g\u00e9nica, se nos abre un universo, tenemos esperanza&#8221;"}]},{"@type":"WebSite","@id":"https:\/\/sindromecharge.es\/#website","url":"https:\/\/sindromecharge.es\/","name":"Asociaci\u00f3n Espa\u00f1ola S\u00edndrome de Charge","description":"","potentialAction":[{"@type":"SearchAction","target":{"@type":"EntryPoint","urlTemplate":"https:\/\/sindromecharge.es\/?s={search_term_string}"},"query-input":{"@type":"PropertyValueSpecification","valueRequired":true,"valueName":"search_term_string"}}],"inLanguage":"es"},{"@type":"Person","@id":"https:\/\/sindromecharge.es\/#\/schema\/person\/39a60ebe0a2b4d5a11179701e336b039","name":"Charge","image":{"@type":"ImageObject","inLanguage":"es","@id":"https:\/\/secure.gravatar.com\/avatar\/c3b46e32a0fc3b093a0873fb767bf3293de856293065e84ef06b7ec7a8acfb98?s=96&d=identicon&r=x","url":"https:\/\/secure.gravatar.com\/avatar\/c3b46e32a0fc3b093a0873fb767bf3293de856293065e84ef06b7ec7a8acfb98?s=96&d=identicon&r=x","contentUrl":"https:\/\/secure.gravatar.com\/avatar\/c3b46e32a0fc3b093a0873fb767bf3293de856293065e84ef06b7ec7a8acfb98?s=96&d=identicon&r=x","caption":"Charge"},"url":"https:\/\/sindromecharge.es\/index.php\/author\/admin\/"}]}},"_links":{"self":[{"href":"https:\/\/sindromecharge.es\/index.php\/wp-json\/wp\/v2\/posts\/10471","targetHints":{"allow":["GET"]}}],"collection":[{"href":"https:\/\/sindromecharge.es\/index.php\/wp-json\/wp\/v2\/posts"}],"about":[{"href":"https:\/\/sindromecharge.es\/index.php\/wp-json\/wp\/v2\/types\/post"}],"author":[{"embeddable":true,"href":"https:\/\/sindromecharge.es\/index.php\/wp-json\/wp\/v2\/users\/1"}],"replies":[{"embeddable":true,"href":"https:\/\/sindromecharge.es\/index.php\/wp-json\/wp\/v2\/comments?post=10471"}],"version-history":[{"count":0,"href":"https:\/\/sindromecharge.es\/index.php\/wp-json\/wp\/v2\/posts\/10471\/revisions"}],"wp:attachment":[{"href":"https:\/\/sindromecharge.es\/index.php\/wp-json\/wp\/v2\/media?parent=10471"}],"wp:term":[{"taxonomy":"category","embeddable":true,"href":"https:\/\/sindromecharge.es\/index.php\/wp-json\/wp\/v2\/categories?post=10471"},{"taxonomy":"post_tag","embeddable":true,"href":"https:\/\/sindromecharge.es\/index.php\/wp-json\/wp\/v2\/tags?post=10471"}],"curies":[{"name":"wp","href":"https:\/\/api.w.org\/{rel}","templated":true}]}}