{"id":10470,"date":"2024-10-21T14:19:52","date_gmt":"2024-10-21T14:19:52","guid":{"rendered":"https:\/\/sindromecharge.es\/index.php\/2024\/10\/21\/prohibicion-despido-por-discapacidad-sobrevenida-afronta-este-martes-su-primer-examen-congreso\/"},"modified":"2024-10-21T14:19:52","modified_gmt":"2024-10-21T14:19:52","slug":"prohibicion-despido-por-discapacidad-sobrevenida-afronta-este-martes-su-primer-examen-congreso","status":"publish","type":"post","link":"https:\/\/sindromecharge.es\/index.php\/2024\/10\/21\/prohibicion-despido-por-discapacidad-sobrevenida-afronta-este-martes-su-primer-examen-congreso\/","title":{"rendered":"La prohibici\u00f3n del despido por discapacidad sobrevenida llega este martes al Congreso"},"content":{"rendered":"<p>Leemos en Discapacidad la siguiente noticia que os reproducimos de forma \u00edntegra: <\/p>\n<div>\n<p>El Pleno del <b><a href=\"https:\/\/www.20minutos.es\/minuteca\/congreso-de-los-diputados\/\" title=\"Congreso de los Diputados\" target=\"_blank\" rel=\"noopener\">Congreso de los Diputados<\/a><\/b> comenzar\u00e1 este martes a tramitar el proyecto de ley aprobado por el Gobierno para <b>poner fin a la extinci\u00f3n autom\u00e1tica del contrato de trabajo<\/b> en situaciones  de reconocimiento de incapacidad permanente por<b> discapacidad sobrevenida<\/b>, una medida pactada entre el Ministerio de Trabajo y Econom\u00eda Social y el Comit\u00e9 Espa\u00f1ol de Representantes de Personas con Discapacidad (<a href=\"https:\/\/www.20minutos.es\/minuteca\/cermi\/\" title=\"Cermi\" target=\"_blank\" rel=\"noopener\">Cermi<\/a>).<\/p>\n<p>En concreto, el proyecto de Ley por la que se modifican el texto refundido de la Ley del Estatuto de los Trabajadores en materia de extinci\u00f3n del contrato de trabajo por<b> incapacidad permanente<\/b> de las personas trabajadoras y el texto refundido de la Ley General de la Seguridad Social en materia de incapacidad permanente, deber\u00e1 superar una enmienda a la totalidad presentada por Vox para tratar de impedir que se tramite y que se devuelva al Ejecutivo.<\/p>\n<p>En este punto, el Cermi ha mantenido contactos con las diferentes formaciones pol\u00edticas para pedir su \u2018s\u00ed\u2019 al texto y el rechazo a la enmienda a la totalidad de Vox. As\u00ed, la entidad conf\u00eda en el \u201c<b>apoyo amplio de los grupos pol\u00edticos a esta reforma <\/b>ineludible del ordenamiento laboral que dispensar\u00e1 un trato adecuado y <b>respetuoso a los trabajadores con discapacidad sobrevenida<\/b>\u201d.<\/p>\n<p>El texto fue impulsado por el<b> Ministerio de Trabajo junto al de Derechos Sociales <\/b>a comienzos de este a\u00f1o, en el marco de la reforma del <b>art\u00edculo 49 de la Constituci\u00f3n<\/b> para sustituir el t\u00e9rmino \u2018disminuidos\u2019 por \u2018personas con discapacidad\u2019 y para reforzar la protecci\u00f3n de los derechos de esta parte de la ciudadan\u00eda.<\/p>\n<p>En el debate de este martes intervendr\u00e1, para la defensa del proyecto de ley, la propia vicepresidenta segunda y ministra de Trabajo y Econom\u00eda Social, <a href=\"https:\/\/www.20minutos.es\/minuteca\/yolanda-diaz\/\" title=\"Yolanda D\u00edaz\" target=\"_blank\" rel=\"noopener\">Yolanda D\u00edaz<\/a>, seg\u00fan pudo confirmar Servimedia en fuentes del Ministerio.<\/p>\n<h2>Contenido legal<\/h2>\n<p>La modificaci\u00f3n del art\u00edculo 49.1.e) del Estatuto de los Trabajadores <b>eliminar\u00e1 la referencia a la extinci\u00f3n autom\u00e1tica por Gran Incapacidad, Incapacidad Permanente Absoluta e Incapacidad Permanente Temporal,<\/b> separando con ello estas causas de la muerte de la persona trabajadora.<\/p>\n<p>La posibilidad de extinguir el contrato, hasta ahora en manos de la empresa, se condiciona a la voluntad de <b>la persona trabajadora que podr\u00e1 solicitar una adaptaci\u00f3n del puesto de trabajo<\/b> razonable, necesaria y adecuada o el cambio a otro puesto de trabajo vacante y disponible, acorde con su perfil profesional y compatible con su nueva situaci\u00f3n.<\/p>\n<p>El texto aprobado tambi\u00e9n establece los criterios que permiten determinar cu\u00e1ndo los ajustes necesarios constituir\u00edan un coste excesivo para la empresa valorando, de manera espec\u00edfica, si los gastos de adaptaci\u00f3n pueden sufragarse con ayudas o subvenciones p\u00fablicas de manera parcial o total y tambi\u00e9n, en su caso, si son <b>razonables para el tama\u00f1o de la empresa<\/b>.<\/p>\n<p>Por su parte, la<b> enmienda a la totalidad de Vox <\/b>sostiene que aunque la finalidad de la reforma legal sea la subsistencia del contrato de trabajo, el Gobierno \u201cyerra por completo en su desarrollo pr\u00e1ctico\u201d.<\/p>\n<h2>Carga<\/h2>\n<p>Adem\u00e1s, la enmienda de Vox emplea argumentos como que el proyecto de ley \u201cviene a trasladar <b>la carga econ\u00f3mica que supone la prestaci\u00f3n de incapacidad permanente <\/b>desde las arcas del sistema de Seguridad Social a las empresas, ya que, de optar el trabajador por el mantenimiento de su puesto de trabajo, la empresa correr\u00e1 a cargo del salario y las cotizaciones del empleado, al que <b>no deber\u00e1 abonarse la prestaci\u00f3n p\u00fablica<\/b>\u201d.<\/p>\n<p>\u201cSin duda esto tiene muchos aspectos positivos, pero hay un factor que tambi\u00e9n debe valorarse: la<b> carga excesiva para la empresa<\/b> que, tras haber estado cotizando por contingencias que pueden dar lugar a una situaci\u00f3n de incapacidad permanente, una vez concretado el riesgo cubierto, deba continuar abonando en exclusiva las obligaciones econ\u00f3micas para con la persona afectada\u201d, a\u00f1ade.<\/p>\n<\/div>\n<p>Fuente: Discapacidad https:\/\/www.20minutos.es\/noticia\/5645824\/0\/prohibicion-despido-por-discapacidad-sobrevenida-afronta-este-martes-su-primer-examen-congreso\/<\/p>\n","protected":false},"excerpt":{"rendered":"<p>Esta ley modificar\u00e1 el Estatuto de los Trabajadores y cuenta con un consenso amplio entre los grupos pol\u00edticos.<\/p>\n","protected":false},"author":1,"featured_media":0,"comment_status":"closed","ping_status":"closed","sticky":false,"template":"","format":"standard","meta":{"footnotes":""},"categories":[8],"tags":[],"class_list":["post-10470","post","type-post","status-publish","format-standard","hentry","category-noticias"],"yoast_head":"<!-- This site is optimized with the Yoast SEO plugin v27.5 - https:\/\/yoast.com\/product\/yoast-seo-wordpress\/ -->\n<title>La prohibici\u00f3n del despido por discapacidad sobrevenida llega este martes al Congreso - Asociaci\u00f3n Espa\u00f1ola S\u00edndrome de Charge<\/title>\n<meta name=\"robots\" content=\"index, follow, max-snippet:-1, max-image-preview:large, max-video-preview:-1\" \/>\n<link rel=\"canonical\" href=\"https:\/\/sindromecharge.es\/index.php\/2024\/10\/21\/prohibicion-despido-por-discapacidad-sobrevenida-afronta-este-martes-su-primer-examen-congreso\/\" \/>\n<meta property=\"og:locale\" content=\"es_ES\" \/>\n<meta property=\"og:type\" content=\"article\" \/>\n<meta property=\"og:title\" content=\"La prohibici\u00f3n del despido por discapacidad sobrevenida llega este martes al Congreso - Asociaci\u00f3n Espa\u00f1ola S\u00edndrome de Charge\" \/>\n<meta property=\"og:description\" content=\"Esta ley modificar\u00e1 el Estatuto de los Trabajadores y cuenta con un consenso amplio entre los grupos pol\u00edticos.\" \/>\n<meta property=\"og:url\" content=\"https:\/\/sindromecharge.es\/index.php\/2024\/10\/21\/prohibicion-despido-por-discapacidad-sobrevenida-afronta-este-martes-su-primer-examen-congreso\/\" \/>\n<meta property=\"og:site_name\" content=\"Asociaci\u00f3n Espa\u00f1ola S\u00edndrome de Charge\" \/>\n<meta property=\"article:publisher\" content=\"https:\/\/www.facebook.com\/asociacionsindromecharge\" \/>\n<meta property=\"article:published_time\" content=\"2024-10-21T14:19:52+00:00\" \/>\n<meta property=\"og:image\" content=\"https:\/\/sindromecharge.es\/wp-content\/uploads\/2013\/09\/logodecharge300x98.png\" \/>\n\t<meta property=\"og:image:width\" content=\"300\" \/>\n\t<meta property=\"og:image:height\" content=\"98\" \/>\n\t<meta property=\"og:image:type\" content=\"image\/png\" \/>\n<meta name=\"author\" content=\"Charge\" \/>\n<meta name=\"twitter:card\" content=\"summary_large_image\" \/>\n<meta name=\"twitter:creator\" content=\"@sindromecharge\" \/>\n<meta name=\"twitter:site\" content=\"@sindromecharge\" \/>\n<meta name=\"twitter:label1\" content=\"Escrito por\" \/>\n\t<meta name=\"twitter:data1\" content=\"Charge\" \/>\n\t<meta name=\"twitter:label2\" content=\"Tiempo de lectura\" \/>\n\t<meta name=\"twitter:data2\" content=\"3 minutos\" \/>\n<script type=\"application\/ld+json\" class=\"yoast-schema-graph\">{\"@context\":\"https:\\\/\\\/schema.org\",\"@graph\":[{\"@type\":\"Article\",\"@id\":\"https:\\\/\\\/sindromecharge.es\\\/index.php\\\/2024\\\/10\\\/21\\\/prohibicion-despido-por-discapacidad-sobrevenida-afronta-este-martes-su-primer-examen-congreso\\\/#article\",\"isPartOf\":{\"@id\":\"https:\\\/\\\/sindromecharge.es\\\/index.php\\\/2024\\\/10\\\/21\\\/prohibicion-despido-por-discapacidad-sobrevenida-afronta-este-martes-su-primer-examen-congreso\\\/\"},\"author\":{\"name\":\"Charge\",\"@id\":\"https:\\\/\\\/sindromecharge.es\\\/#\\\/schema\\\/person\\\/39a60ebe0a2b4d5a11179701e336b039\"},\"headline\":\"La prohibici\u00f3n del despido por discapacidad sobrevenida llega este martes al Congreso\",\"datePublished\":\"2024-10-21T14:19:52+00:00\",\"mainEntityOfPage\":{\"@id\":\"https:\\\/\\\/sindromecharge.es\\\/index.php\\\/2024\\\/10\\\/21\\\/prohibicion-despido-por-discapacidad-sobrevenida-afronta-este-martes-su-primer-examen-congreso\\\/\"},\"wordCount\":683,\"articleSection\":[\"noticias\"],\"inLanguage\":\"es\"},{\"@type\":\"WebPage\",\"@id\":\"https:\\\/\\\/sindromecharge.es\\\/index.php\\\/2024\\\/10\\\/21\\\/prohibicion-despido-por-discapacidad-sobrevenida-afronta-este-martes-su-primer-examen-congreso\\\/\",\"url\":\"https:\\\/\\\/sindromecharge.es\\\/index.php\\\/2024\\\/10\\\/21\\\/prohibicion-despido-por-discapacidad-sobrevenida-afronta-este-martes-su-primer-examen-congreso\\\/\",\"name\":\"La prohibici\u00f3n del despido por discapacidad sobrevenida llega este martes al Congreso - Asociaci\u00f3n Espa\u00f1ola S\u00edndrome de Charge\",\"isPartOf\":{\"@id\":\"https:\\\/\\\/sindromecharge.es\\\/#website\"},\"datePublished\":\"2024-10-21T14:19:52+00:00\",\"author\":{\"@id\":\"https:\\\/\\\/sindromecharge.es\\\/#\\\/schema\\\/person\\\/39a60ebe0a2b4d5a11179701e336b039\"},\"breadcrumb\":{\"@id\":\"https:\\\/\\\/sindromecharge.es\\\/index.php\\\/2024\\\/10\\\/21\\\/prohibicion-despido-por-discapacidad-sobrevenida-afronta-este-martes-su-primer-examen-congreso\\\/#breadcrumb\"},\"inLanguage\":\"es\",\"potentialAction\":[{\"@type\":\"ReadAction\",\"target\":[\"https:\\\/\\\/sindromecharge.es\\\/index.php\\\/2024\\\/10\\\/21\\\/prohibicion-despido-por-discapacidad-sobrevenida-afronta-este-martes-su-primer-examen-congreso\\\/\"]}]},{\"@type\":\"BreadcrumbList\",\"@id\":\"https:\\\/\\\/sindromecharge.es\\\/index.php\\\/2024\\\/10\\\/21\\\/prohibicion-despido-por-discapacidad-sobrevenida-afronta-este-martes-su-primer-examen-congreso\\\/#breadcrumb\",\"itemListElement\":[{\"@type\":\"ListItem\",\"position\":1,\"name\":\"Portada\",\"item\":\"https:\\\/\\\/sindromecharge.es\\\/\"},{\"@type\":\"ListItem\",\"position\":2,\"name\":\"La prohibici\u00f3n del despido por discapacidad sobrevenida llega este martes al Congreso\"}]},{\"@type\":\"WebSite\",\"@id\":\"https:\\\/\\\/sindromecharge.es\\\/#website\",\"url\":\"https:\\\/\\\/sindromecharge.es\\\/\",\"name\":\"Asociaci\u00f3n Espa\u00f1ola S\u00edndrome de Charge\",\"description\":\"\",\"potentialAction\":[{\"@type\":\"SearchAction\",\"target\":{\"@type\":\"EntryPoint\",\"urlTemplate\":\"https:\\\/\\\/sindromecharge.es\\\/?s={search_term_string}\"},\"query-input\":{\"@type\":\"PropertyValueSpecification\",\"valueRequired\":true,\"valueName\":\"search_term_string\"}}],\"inLanguage\":\"es\"},{\"@type\":\"Person\",\"@id\":\"https:\\\/\\\/sindromecharge.es\\\/#\\\/schema\\\/person\\\/39a60ebe0a2b4d5a11179701e336b039\",\"name\":\"Charge\",\"image\":{\"@type\":\"ImageObject\",\"inLanguage\":\"es\",\"@id\":\"https:\\\/\\\/secure.gravatar.com\\\/avatar\\\/c3b46e32a0fc3b093a0873fb767bf3293de856293065e84ef06b7ec7a8acfb98?s=96&d=identicon&r=x\",\"url\":\"https:\\\/\\\/secure.gravatar.com\\\/avatar\\\/c3b46e32a0fc3b093a0873fb767bf3293de856293065e84ef06b7ec7a8acfb98?s=96&d=identicon&r=x\",\"contentUrl\":\"https:\\\/\\\/secure.gravatar.com\\\/avatar\\\/c3b46e32a0fc3b093a0873fb767bf3293de856293065e84ef06b7ec7a8acfb98?s=96&d=identicon&r=x\",\"caption\":\"Charge\"},\"url\":\"https:\\\/\\\/sindromecharge.es\\\/index.php\\\/author\\\/admin\\\/\"}]}<\/script>\n<!-- \/ Yoast SEO plugin. -->","yoast_head_json":{"title":"La prohibici\u00f3n del despido por discapacidad sobrevenida llega este martes al Congreso - Asociaci\u00f3n Espa\u00f1ola S\u00edndrome de Charge","robots":{"index":"index","follow":"follow","max-snippet":"max-snippet:-1","max-image-preview":"max-image-preview:large","max-video-preview":"max-video-preview:-1"},"canonical":"https:\/\/sindromecharge.es\/index.php\/2024\/10\/21\/prohibicion-despido-por-discapacidad-sobrevenida-afronta-este-martes-su-primer-examen-congreso\/","og_locale":"es_ES","og_type":"article","og_title":"La prohibici\u00f3n del despido por discapacidad sobrevenida llega este martes al Congreso - Asociaci\u00f3n Espa\u00f1ola S\u00edndrome de Charge","og_description":"Esta ley modificar\u00e1 el Estatuto de los Trabajadores y cuenta con un consenso amplio entre los grupos pol\u00edticos.","og_url":"https:\/\/sindromecharge.es\/index.php\/2024\/10\/21\/prohibicion-despido-por-discapacidad-sobrevenida-afronta-este-martes-su-primer-examen-congreso\/","og_site_name":"Asociaci\u00f3n Espa\u00f1ola S\u00edndrome de Charge","article_publisher":"https:\/\/www.facebook.com\/asociacionsindromecharge","article_published_time":"2024-10-21T14:19:52+00:00","og_image":[{"width":300,"height":98,"url":"https:\/\/sindromecharge.es\/wp-content\/uploads\/2013\/09\/logodecharge300x98.png","type":"image\/png"}],"author":"Charge","twitter_card":"summary_large_image","twitter_creator":"@sindromecharge","twitter_site":"@sindromecharge","twitter_misc":{"Escrito por":"Charge","Tiempo de lectura":"3 minutos"},"schema":{"@context":"https:\/\/schema.org","@graph":[{"@type":"Article","@id":"https:\/\/sindromecharge.es\/index.php\/2024\/10\/21\/prohibicion-despido-por-discapacidad-sobrevenida-afronta-este-martes-su-primer-examen-congreso\/#article","isPartOf":{"@id":"https:\/\/sindromecharge.es\/index.php\/2024\/10\/21\/prohibicion-despido-por-discapacidad-sobrevenida-afronta-este-martes-su-primer-examen-congreso\/"},"author":{"name":"Charge","@id":"https:\/\/sindromecharge.es\/#\/schema\/person\/39a60ebe0a2b4d5a11179701e336b039"},"headline":"La prohibici\u00f3n del despido por discapacidad sobrevenida llega este martes al Congreso","datePublished":"2024-10-21T14:19:52+00:00","mainEntityOfPage":{"@id":"https:\/\/sindromecharge.es\/index.php\/2024\/10\/21\/prohibicion-despido-por-discapacidad-sobrevenida-afronta-este-martes-su-primer-examen-congreso\/"},"wordCount":683,"articleSection":["noticias"],"inLanguage":"es"},{"@type":"WebPage","@id":"https:\/\/sindromecharge.es\/index.php\/2024\/10\/21\/prohibicion-despido-por-discapacidad-sobrevenida-afronta-este-martes-su-primer-examen-congreso\/","url":"https:\/\/sindromecharge.es\/index.php\/2024\/10\/21\/prohibicion-despido-por-discapacidad-sobrevenida-afronta-este-martes-su-primer-examen-congreso\/","name":"La prohibici\u00f3n del despido por discapacidad sobrevenida llega este martes al Congreso - Asociaci\u00f3n Espa\u00f1ola S\u00edndrome de Charge","isPartOf":{"@id":"https:\/\/sindromecharge.es\/#website"},"datePublished":"2024-10-21T14:19:52+00:00","author":{"@id":"https:\/\/sindromecharge.es\/#\/schema\/person\/39a60ebe0a2b4d5a11179701e336b039"},"breadcrumb":{"@id":"https:\/\/sindromecharge.es\/index.php\/2024\/10\/21\/prohibicion-despido-por-discapacidad-sobrevenida-afronta-este-martes-su-primer-examen-congreso\/#breadcrumb"},"inLanguage":"es","potentialAction":[{"@type":"ReadAction","target":["https:\/\/sindromecharge.es\/index.php\/2024\/10\/21\/prohibicion-despido-por-discapacidad-sobrevenida-afronta-este-martes-su-primer-examen-congreso\/"]}]},{"@type":"BreadcrumbList","@id":"https:\/\/sindromecharge.es\/index.php\/2024\/10\/21\/prohibicion-despido-por-discapacidad-sobrevenida-afronta-este-martes-su-primer-examen-congreso\/#breadcrumb","itemListElement":[{"@type":"ListItem","position":1,"name":"Portada","item":"https:\/\/sindromecharge.es\/"},{"@type":"ListItem","position":2,"name":"La prohibici\u00f3n del despido por discapacidad sobrevenida llega este martes al Congreso"}]},{"@type":"WebSite","@id":"https:\/\/sindromecharge.es\/#website","url":"https:\/\/sindromecharge.es\/","name":"Asociaci\u00f3n Espa\u00f1ola S\u00edndrome de Charge","description":"","potentialAction":[{"@type":"SearchAction","target":{"@type":"EntryPoint","urlTemplate":"https:\/\/sindromecharge.es\/?s={search_term_string}"},"query-input":{"@type":"PropertyValueSpecification","valueRequired":true,"valueName":"search_term_string"}}],"inLanguage":"es"},{"@type":"Person","@id":"https:\/\/sindromecharge.es\/#\/schema\/person\/39a60ebe0a2b4d5a11179701e336b039","name":"Charge","image":{"@type":"ImageObject","inLanguage":"es","@id":"https:\/\/secure.gravatar.com\/avatar\/c3b46e32a0fc3b093a0873fb767bf3293de856293065e84ef06b7ec7a8acfb98?s=96&d=identicon&r=x","url":"https:\/\/secure.gravatar.com\/avatar\/c3b46e32a0fc3b093a0873fb767bf3293de856293065e84ef06b7ec7a8acfb98?s=96&d=identicon&r=x","contentUrl":"https:\/\/secure.gravatar.com\/avatar\/c3b46e32a0fc3b093a0873fb767bf3293de856293065e84ef06b7ec7a8acfb98?s=96&d=identicon&r=x","caption":"Charge"},"url":"https:\/\/sindromecharge.es\/index.php\/author\/admin\/"}]}},"_links":{"self":[{"href":"https:\/\/sindromecharge.es\/index.php\/wp-json\/wp\/v2\/posts\/10470","targetHints":{"allow":["GET"]}}],"collection":[{"href":"https:\/\/sindromecharge.es\/index.php\/wp-json\/wp\/v2\/posts"}],"about":[{"href":"https:\/\/sindromecharge.es\/index.php\/wp-json\/wp\/v2\/types\/post"}],"author":[{"embeddable":true,"href":"https:\/\/sindromecharge.es\/index.php\/wp-json\/wp\/v2\/users\/1"}],"replies":[{"embeddable":true,"href":"https:\/\/sindromecharge.es\/index.php\/wp-json\/wp\/v2\/comments?post=10470"}],"version-history":[{"count":0,"href":"https:\/\/sindromecharge.es\/index.php\/wp-json\/wp\/v2\/posts\/10470\/revisions"}],"wp:attachment":[{"href":"https:\/\/sindromecharge.es\/index.php\/wp-json\/wp\/v2\/media?parent=10470"}],"wp:term":[{"taxonomy":"category","embeddable":true,"href":"https:\/\/sindromecharge.es\/index.php\/wp-json\/wp\/v2\/categories?post=10470"},{"taxonomy":"post_tag","embeddable":true,"href":"https:\/\/sindromecharge.es\/index.php\/wp-json\/wp\/v2\/tags?post=10470"}],"curies":[{"name":"wp","href":"https:\/\/api.w.org\/{rel}","templated":true}]}}