{"id":10466,"date":"2024-10-20T08:30:00","date_gmt":"2024-10-20T08:30:00","guid":{"rendered":"https:\/\/sindromecharge.es\/index.php\/2024\/10\/20\/las-personas-con-paralisis-cerebral-reivindican-una-vida-independiente-necesitamos-un-traje-medida\/"},"modified":"2024-10-20T08:30:00","modified_gmt":"2024-10-20T08:30:00","slug":"las-personas-con-paralisis-cerebral-reivindican-una-vida-independiente-necesitamos-un-traje-medida","status":"publish","type":"post","link":"https:\/\/sindromecharge.es\/index.php\/2024\/10\/20\/las-personas-con-paralisis-cerebral-reivindican-una-vida-independiente-necesitamos-un-traje-medida\/","title":{"rendered":"Las personas con par\u00e1lisis cerebral reivindican una vida independiente: \u00abNecesitamos un traje a medida\u00bb"},"content":{"rendered":"<p>Leemos en Discapacidad la siguiente noticia que os reproducimos de forma \u00edntegra: <\/p>\n<div>\n<p>\u00abLa vida independiente de las personas con <a href=\"https:\/\/www.20minutos.es\/minuteca\/paralisis-cerebral\/\" title=\"Par\u00e1lisis cerebral\" target=\"_blank\" rel=\"noopener\">par\u00e1lisis cerebral<\/a> tiene que ser un traje a medida de cada persona\u00bb, as\u00ed lo han reivindicado con sus testimonios, varias de las personas que han asistido al Congreso Nacional sobre par\u00e1lisis cerebral procedentes de entidades de toda Espa\u00f1a. 370 congresistas se han reunido hoy en Zaragoza bajo el lema<b> \u00abCaminos para la vida independiente\u00bb<\/b>, organizado por Confederaci\u00f3n Aspace y con el anfitrionazgo de Fundaci\u00f3n Aspace Zaragoza, entidad de referencia que celebra este a\u00f1o su 50 aniversario. <\/p>\n<p>La consejera de Bienestar Social y Familia del Gobierno de Arag\u00f3n, Carmen Sus\u00edn, y la consejera del <b>Ayuntamiento de Zaragoza<\/b>, Marian Or\u00f3s, han acompa\u00f1ado en la apertura oficial a las <b>presidenta de Confederaci\u00f3n Aspace, Manuela Muro<\/b>, y la presidenta del patronato de Fundaci\u00f3n Aspace Zaragoza, Consuelo Ciria.<\/p>\n<p>En sus palabras, la consejera de Bienestar Social y Familia, Carmen Sus\u00edn, ha destacado la importancia de la labor de ASPACE a lo largo de los a\u00f1os. \u00abEstamos aqu\u00ed para apoyar, reconocer el gran trabajo que se hace y destacar la importancia d<b>e seguir avanzando en la atenci\u00f3n centrada en la persona<\/b>, un enfoque que ASPACE ha defendido desde antes incluso de que se empezara a hablar desde esta perspectiva\u201d.<\/p>\n<p>Por su parte, la presidenta de la<b> Confederaci\u00f3n nacional ASPACE<\/b>, Manuela Muro, ha se\u00f1alado que \u00abhace a\u00f1os hablar de vida independiente parec\u00eda algo inalcanzable para las personas con mayores necesidades, pero hoy sabemos que existen recursos y apoyos que permiten a las personas con par\u00e1lisis cerebral llevar una vida aut\u00f3noma\u00bb. Y en ese campo, ha destacado que \u00ablas entidades Aspace tenemos un valor com\u00fan con el que <b>ponemos a las personas vulnerables en primer lugar <\/b>y somos las entidades m\u00e1s adecuadas para definir servicios y recursos necesarios para las mayores necesidades de apoyo en el contexto de transformaci\u00f3n del modelo de cuidados y de desinstitucionalizaciones\u00bb.<\/p>\n<h1>\u00abHace a\u00f1os, hablar de vida independiente parec\u00eda algo inalcanzable, pero hoy existen recursos que permiten a las personas con par\u00e1lisis cerebral llevar una vida aut\u00f3noma\u00bb<\/h1>\n<p>En la misma l\u00ednea, M\u00f3nica Iglesias, directora gerente de Aspace Zaragoza ha incidido en que, aunque se han logrado importantes avances, todav\u00eda quedan retos que superar. \u00ab<b>Los derechos se han consolidado, pero no se pueden dar por sentados<\/b>. Creemos en la fuerza de la autodeterminaci\u00f3n de las personas con par\u00e1lisis cerebral, para que ellas mismas sean capaces de reclamar sus derechos y su lugar en la sociedad\u00bb, ha subrayado. Y as\u00ed se ha demostrado claramente hoy en este Congreso en el que personas con par\u00e1lisis cerebral, sus familias y los equipos profesionales de las entidades han hecho, como siempre un frente com\u00fan para seguir avanzando juntos y no darse por vencidos por ning\u00fan obst\u00e1culo o barrera f\u00edsica, social o mental.<\/p>\n<p>Por su parte la presidenta del Patronato de la Fundaci\u00f3n ASPACE Zaragoza, Consuelo Ciria, ha dado la bienvenida a Zaragoza y comentado que \u00abes un honor ser sede de este Congreso y que coincida con nuestro 50 aniversario. <b>Estoy muy feliz de ver c\u00f3mo hoy d\u00eda viven las personas con par\u00e1lisis cerebral<\/b>, c\u00f3mo han prosperado y lo felices que son\u00bb. La presidenta, a punto de pasar el testigo ya en el cargo, ha sido ampliamente ovacionada y felicitada por su importante labor en sus 22 a\u00f1os al frente del Patronato.<\/p>\n<p>Y muy emotivo tambi\u00e9n ha sido el inicio del congreso con la proyecci\u00f3n del v\u00eddeo de la canci\u00f3n &#8216;Lo que soy&#8217;, creada en el taller de musicoterapia de Aspace Zaragoza, protagonizada por personas con par\u00e1lisis cerebral con la colaboraci\u00f3n de m\u00fasicos profesionales, el equipo de la fundaci\u00f3n y el Laboratorio de sonido del Ayuntamiento de Zaragoza. El videoclip, que ha sido coreado ampliamente, se puede ver en el canal de Youtube de Aspace Zaragoza <a href=\"https:\/\/www.youtube.com\/watch?v=iBec8D5YxaY&amp;t=4s\" target=\"_blank\" rel=\"nofollow noopener\">(en este enlace)<\/a>, donde sigue sumando miles de reproducciones.<\/p>\n<p>La ponencia marco se ha centrado en \u00abVida independiente en personas con mayores y m\u00faltiples necesidades de apoyo\u00bb y ha explorado con una visi\u00f3n 360\u00ba los modelos de promoci\u00f3n de la participaci\u00f3n y el ejercicio de <b>derechos del colectivo con necesidades de apoyo m\u00e1s complejas <\/b>en el marco de las entidades ASPACE.<\/p>\n<p>El resto de la jornada ha acogido talleres sobre participaci\u00f3n, buenas pr\u00e1cticas, autocuidado, la musicoterapia y la tecnolog\u00eda al servicio de la inclusi\u00f3n. El broche de oro est\u00e1 previsto a las 19 h y ser\u00e1 una intervenci\u00f3n art\u00edstica sorpresa, inclusiva y con sello aragon\u00e9s, en el Pabell\u00f3n Puente \u2013 Mobility City.<\/p>\n<\/div>\n<p>Fuente: Discapacidad https:\/\/www.20minutos.es\/noticia\/5645861\/0\/las-personas-con-paralisis-cerebral-reivindican-una-vida-independiente-necesitamos-un-traje-medida\/<\/p>\n","protected":false},"excerpt":{"rendered":"<p>El Movimiento Aspace, en su Congreso nacional, celebrado en Zaragoza, demandan \u00abrecursos y apoyos que nos permitan llevar una vida aut\u00f3noma\u00bb.<\/p>\n","protected":false},"author":1,"featured_media":0,"comment_status":"closed","ping_status":"closed","sticky":false,"template":"","format":"standard","meta":{"footnotes":""},"categories":[8],"tags":[],"class_list":["post-10466","post","type-post","status-publish","format-standard","hentry","category-noticias"],"yoast_head":"<!-- This site is optimized with the Yoast SEO plugin v27.5 - https:\/\/yoast.com\/product\/yoast-seo-wordpress\/ -->\n<title>Las personas con par\u00e1lisis cerebral reivindican una vida independiente: &quot;Necesitamos un traje a medida&quot; - Asociaci\u00f3n Espa\u00f1ola S\u00edndrome de Charge<\/title>\n<meta name=\"robots\" content=\"index, follow, max-snippet:-1, max-image-preview:large, max-video-preview:-1\" \/>\n<link rel=\"canonical\" href=\"https:\/\/sindromecharge.es\/index.php\/2024\/10\/20\/las-personas-con-paralisis-cerebral-reivindican-una-vida-independiente-necesitamos-un-traje-medida\/\" \/>\n<meta property=\"og:locale\" content=\"es_ES\" \/>\n<meta property=\"og:type\" content=\"article\" \/>\n<meta property=\"og:title\" content=\"Las personas con par\u00e1lisis cerebral reivindican una vida independiente: &quot;Necesitamos un traje a medida&quot; - Asociaci\u00f3n Espa\u00f1ola S\u00edndrome de Charge\" \/>\n<meta property=\"og:description\" content=\"El Movimiento Aspace, en su Congreso nacional, celebrado en Zaragoza, demandan \u00abrecursos y apoyos que nos permitan llevar una vida aut\u00f3noma\u00bb.\" \/>\n<meta property=\"og:url\" content=\"https:\/\/sindromecharge.es\/index.php\/2024\/10\/20\/las-personas-con-paralisis-cerebral-reivindican-una-vida-independiente-necesitamos-un-traje-medida\/\" \/>\n<meta property=\"og:site_name\" content=\"Asociaci\u00f3n Espa\u00f1ola S\u00edndrome de Charge\" \/>\n<meta property=\"article:publisher\" content=\"https:\/\/www.facebook.com\/asociacionsindromecharge\" \/>\n<meta property=\"article:published_time\" content=\"2024-10-20T08:30:00+00:00\" \/>\n<meta property=\"og:image\" content=\"https:\/\/sindromecharge.es\/wp-content\/uploads\/2013\/09\/logodecharge300x98.png\" \/>\n\t<meta property=\"og:image:width\" content=\"300\" \/>\n\t<meta property=\"og:image:height\" content=\"98\" \/>\n\t<meta property=\"og:image:type\" content=\"image\/png\" \/>\n<meta name=\"author\" content=\"Charge\" \/>\n<meta name=\"twitter:card\" content=\"summary_large_image\" \/>\n<meta name=\"twitter:creator\" content=\"@sindromecharge\" \/>\n<meta name=\"twitter:site\" content=\"@sindromecharge\" \/>\n<meta name=\"twitter:label1\" content=\"Escrito por\" \/>\n\t<meta name=\"twitter:data1\" content=\"Charge\" \/>\n\t<meta name=\"twitter:label2\" content=\"Tiempo de lectura\" \/>\n\t<meta name=\"twitter:data2\" content=\"4 minutos\" \/>\n<script type=\"application\/ld+json\" class=\"yoast-schema-graph\">{\"@context\":\"https:\\\/\\\/schema.org\",\"@graph\":[{\"@type\":\"Article\",\"@id\":\"https:\\\/\\\/sindromecharge.es\\\/index.php\\\/2024\\\/10\\\/20\\\/las-personas-con-paralisis-cerebral-reivindican-una-vida-independiente-necesitamos-un-traje-medida\\\/#article\",\"isPartOf\":{\"@id\":\"https:\\\/\\\/sindromecharge.es\\\/index.php\\\/2024\\\/10\\\/20\\\/las-personas-con-paralisis-cerebral-reivindican-una-vida-independiente-necesitamos-un-traje-medida\\\/\"},\"author\":{\"name\":\"Charge\",\"@id\":\"https:\\\/\\\/sindromecharge.es\\\/#\\\/schema\\\/person\\\/39a60ebe0a2b4d5a11179701e336b039\"},\"headline\":\"Las personas con par\u00e1lisis cerebral reivindican una vida independiente: \u00abNecesitamos un traje a medida\u00bb\",\"datePublished\":\"2024-10-20T08:30:00+00:00\",\"mainEntityOfPage\":{\"@id\":\"https:\\\/\\\/sindromecharge.es\\\/index.php\\\/2024\\\/10\\\/20\\\/las-personas-con-paralisis-cerebral-reivindican-una-vida-independiente-necesitamos-un-traje-medida\\\/\"},\"wordCount\":819,\"articleSection\":[\"noticias\"],\"inLanguage\":\"es\"},{\"@type\":\"WebPage\",\"@id\":\"https:\\\/\\\/sindromecharge.es\\\/index.php\\\/2024\\\/10\\\/20\\\/las-personas-con-paralisis-cerebral-reivindican-una-vida-independiente-necesitamos-un-traje-medida\\\/\",\"url\":\"https:\\\/\\\/sindromecharge.es\\\/index.php\\\/2024\\\/10\\\/20\\\/las-personas-con-paralisis-cerebral-reivindican-una-vida-independiente-necesitamos-un-traje-medida\\\/\",\"name\":\"Las personas con par\u00e1lisis cerebral reivindican una vida independiente: \\\"Necesitamos un traje a medida\\\" - Asociaci\u00f3n Espa\u00f1ola S\u00edndrome de Charge\",\"isPartOf\":{\"@id\":\"https:\\\/\\\/sindromecharge.es\\\/#website\"},\"datePublished\":\"2024-10-20T08:30:00+00:00\",\"author\":{\"@id\":\"https:\\\/\\\/sindromecharge.es\\\/#\\\/schema\\\/person\\\/39a60ebe0a2b4d5a11179701e336b039\"},\"breadcrumb\":{\"@id\":\"https:\\\/\\\/sindromecharge.es\\\/index.php\\\/2024\\\/10\\\/20\\\/las-personas-con-paralisis-cerebral-reivindican-una-vida-independiente-necesitamos-un-traje-medida\\\/#breadcrumb\"},\"inLanguage\":\"es\",\"potentialAction\":[{\"@type\":\"ReadAction\",\"target\":[\"https:\\\/\\\/sindromecharge.es\\\/index.php\\\/2024\\\/10\\\/20\\\/las-personas-con-paralisis-cerebral-reivindican-una-vida-independiente-necesitamos-un-traje-medida\\\/\"]}]},{\"@type\":\"BreadcrumbList\",\"@id\":\"https:\\\/\\\/sindromecharge.es\\\/index.php\\\/2024\\\/10\\\/20\\\/las-personas-con-paralisis-cerebral-reivindican-una-vida-independiente-necesitamos-un-traje-medida\\\/#breadcrumb\",\"itemListElement\":[{\"@type\":\"ListItem\",\"position\":1,\"name\":\"Portada\",\"item\":\"https:\\\/\\\/sindromecharge.es\\\/\"},{\"@type\":\"ListItem\",\"position\":2,\"name\":\"Las personas con par\u00e1lisis cerebral reivindican una vida independiente: &#8220;Necesitamos un traje a medida&#8221;\"}]},{\"@type\":\"WebSite\",\"@id\":\"https:\\\/\\\/sindromecharge.es\\\/#website\",\"url\":\"https:\\\/\\\/sindromecharge.es\\\/\",\"name\":\"Asociaci\u00f3n Espa\u00f1ola S\u00edndrome de Charge\",\"description\":\"\",\"potentialAction\":[{\"@type\":\"SearchAction\",\"target\":{\"@type\":\"EntryPoint\",\"urlTemplate\":\"https:\\\/\\\/sindromecharge.es\\\/?s={search_term_string}\"},\"query-input\":{\"@type\":\"PropertyValueSpecification\",\"valueRequired\":true,\"valueName\":\"search_term_string\"}}],\"inLanguage\":\"es\"},{\"@type\":\"Person\",\"@id\":\"https:\\\/\\\/sindromecharge.es\\\/#\\\/schema\\\/person\\\/39a60ebe0a2b4d5a11179701e336b039\",\"name\":\"Charge\",\"image\":{\"@type\":\"ImageObject\",\"inLanguage\":\"es\",\"@id\":\"https:\\\/\\\/secure.gravatar.com\\\/avatar\\\/c3b46e32a0fc3b093a0873fb767bf3293de856293065e84ef06b7ec7a8acfb98?s=96&d=identicon&r=x\",\"url\":\"https:\\\/\\\/secure.gravatar.com\\\/avatar\\\/c3b46e32a0fc3b093a0873fb767bf3293de856293065e84ef06b7ec7a8acfb98?s=96&d=identicon&r=x\",\"contentUrl\":\"https:\\\/\\\/secure.gravatar.com\\\/avatar\\\/c3b46e32a0fc3b093a0873fb767bf3293de856293065e84ef06b7ec7a8acfb98?s=96&d=identicon&r=x\",\"caption\":\"Charge\"},\"url\":\"https:\\\/\\\/sindromecharge.es\\\/index.php\\\/author\\\/admin\\\/\"}]}<\/script>\n<!-- \/ Yoast SEO plugin. -->","yoast_head_json":{"title":"Las personas con par\u00e1lisis cerebral reivindican una vida independiente: \"Necesitamos un traje a medida\" - Asociaci\u00f3n Espa\u00f1ola S\u00edndrome de Charge","robots":{"index":"index","follow":"follow","max-snippet":"max-snippet:-1","max-image-preview":"max-image-preview:large","max-video-preview":"max-video-preview:-1"},"canonical":"https:\/\/sindromecharge.es\/index.php\/2024\/10\/20\/las-personas-con-paralisis-cerebral-reivindican-una-vida-independiente-necesitamos-un-traje-medida\/","og_locale":"es_ES","og_type":"article","og_title":"Las personas con par\u00e1lisis cerebral reivindican una vida independiente: \"Necesitamos un traje a medida\" - Asociaci\u00f3n Espa\u00f1ola S\u00edndrome de Charge","og_description":"El Movimiento Aspace, en su Congreso nacional, celebrado en Zaragoza, demandan \u00abrecursos y apoyos que nos permitan llevar una vida aut\u00f3noma\u00bb.","og_url":"https:\/\/sindromecharge.es\/index.php\/2024\/10\/20\/las-personas-con-paralisis-cerebral-reivindican-una-vida-independiente-necesitamos-un-traje-medida\/","og_site_name":"Asociaci\u00f3n Espa\u00f1ola S\u00edndrome de Charge","article_publisher":"https:\/\/www.facebook.com\/asociacionsindromecharge","article_published_time":"2024-10-20T08:30:00+00:00","og_image":[{"width":300,"height":98,"url":"https:\/\/sindromecharge.es\/wp-content\/uploads\/2013\/09\/logodecharge300x98.png","type":"image\/png"}],"author":"Charge","twitter_card":"summary_large_image","twitter_creator":"@sindromecharge","twitter_site":"@sindromecharge","twitter_misc":{"Escrito por":"Charge","Tiempo de lectura":"4 minutos"},"schema":{"@context":"https:\/\/schema.org","@graph":[{"@type":"Article","@id":"https:\/\/sindromecharge.es\/index.php\/2024\/10\/20\/las-personas-con-paralisis-cerebral-reivindican-una-vida-independiente-necesitamos-un-traje-medida\/#article","isPartOf":{"@id":"https:\/\/sindromecharge.es\/index.php\/2024\/10\/20\/las-personas-con-paralisis-cerebral-reivindican-una-vida-independiente-necesitamos-un-traje-medida\/"},"author":{"name":"Charge","@id":"https:\/\/sindromecharge.es\/#\/schema\/person\/39a60ebe0a2b4d5a11179701e336b039"},"headline":"Las personas con par\u00e1lisis cerebral reivindican una vida independiente: \u00abNecesitamos un traje a medida\u00bb","datePublished":"2024-10-20T08:30:00+00:00","mainEntityOfPage":{"@id":"https:\/\/sindromecharge.es\/index.php\/2024\/10\/20\/las-personas-con-paralisis-cerebral-reivindican-una-vida-independiente-necesitamos-un-traje-medida\/"},"wordCount":819,"articleSection":["noticias"],"inLanguage":"es"},{"@type":"WebPage","@id":"https:\/\/sindromecharge.es\/index.php\/2024\/10\/20\/las-personas-con-paralisis-cerebral-reivindican-una-vida-independiente-necesitamos-un-traje-medida\/","url":"https:\/\/sindromecharge.es\/index.php\/2024\/10\/20\/las-personas-con-paralisis-cerebral-reivindican-una-vida-independiente-necesitamos-un-traje-medida\/","name":"Las personas con par\u00e1lisis cerebral reivindican una vida independiente: \"Necesitamos un traje a medida\" - Asociaci\u00f3n Espa\u00f1ola S\u00edndrome de Charge","isPartOf":{"@id":"https:\/\/sindromecharge.es\/#website"},"datePublished":"2024-10-20T08:30:00+00:00","author":{"@id":"https:\/\/sindromecharge.es\/#\/schema\/person\/39a60ebe0a2b4d5a11179701e336b039"},"breadcrumb":{"@id":"https:\/\/sindromecharge.es\/index.php\/2024\/10\/20\/las-personas-con-paralisis-cerebral-reivindican-una-vida-independiente-necesitamos-un-traje-medida\/#breadcrumb"},"inLanguage":"es","potentialAction":[{"@type":"ReadAction","target":["https:\/\/sindromecharge.es\/index.php\/2024\/10\/20\/las-personas-con-paralisis-cerebral-reivindican-una-vida-independiente-necesitamos-un-traje-medida\/"]}]},{"@type":"BreadcrumbList","@id":"https:\/\/sindromecharge.es\/index.php\/2024\/10\/20\/las-personas-con-paralisis-cerebral-reivindican-una-vida-independiente-necesitamos-un-traje-medida\/#breadcrumb","itemListElement":[{"@type":"ListItem","position":1,"name":"Portada","item":"https:\/\/sindromecharge.es\/"},{"@type":"ListItem","position":2,"name":"Las personas con par\u00e1lisis cerebral reivindican una vida independiente: &#8220;Necesitamos un traje a medida&#8221;"}]},{"@type":"WebSite","@id":"https:\/\/sindromecharge.es\/#website","url":"https:\/\/sindromecharge.es\/","name":"Asociaci\u00f3n Espa\u00f1ola S\u00edndrome de Charge","description":"","potentialAction":[{"@type":"SearchAction","target":{"@type":"EntryPoint","urlTemplate":"https:\/\/sindromecharge.es\/?s={search_term_string}"},"query-input":{"@type":"PropertyValueSpecification","valueRequired":true,"valueName":"search_term_string"}}],"inLanguage":"es"},{"@type":"Person","@id":"https:\/\/sindromecharge.es\/#\/schema\/person\/39a60ebe0a2b4d5a11179701e336b039","name":"Charge","image":{"@type":"ImageObject","inLanguage":"es","@id":"https:\/\/secure.gravatar.com\/avatar\/c3b46e32a0fc3b093a0873fb767bf3293de856293065e84ef06b7ec7a8acfb98?s=96&d=identicon&r=x","url":"https:\/\/secure.gravatar.com\/avatar\/c3b46e32a0fc3b093a0873fb767bf3293de856293065e84ef06b7ec7a8acfb98?s=96&d=identicon&r=x","contentUrl":"https:\/\/secure.gravatar.com\/avatar\/c3b46e32a0fc3b093a0873fb767bf3293de856293065e84ef06b7ec7a8acfb98?s=96&d=identicon&r=x","caption":"Charge"},"url":"https:\/\/sindromecharge.es\/index.php\/author\/admin\/"}]}},"_links":{"self":[{"href":"https:\/\/sindromecharge.es\/index.php\/wp-json\/wp\/v2\/posts\/10466","targetHints":{"allow":["GET"]}}],"collection":[{"href":"https:\/\/sindromecharge.es\/index.php\/wp-json\/wp\/v2\/posts"}],"about":[{"href":"https:\/\/sindromecharge.es\/index.php\/wp-json\/wp\/v2\/types\/post"}],"author":[{"embeddable":true,"href":"https:\/\/sindromecharge.es\/index.php\/wp-json\/wp\/v2\/users\/1"}],"replies":[{"embeddable":true,"href":"https:\/\/sindromecharge.es\/index.php\/wp-json\/wp\/v2\/comments?post=10466"}],"version-history":[{"count":0,"href":"https:\/\/sindromecharge.es\/index.php\/wp-json\/wp\/v2\/posts\/10466\/revisions"}],"wp:attachment":[{"href":"https:\/\/sindromecharge.es\/index.php\/wp-json\/wp\/v2\/media?parent=10466"}],"wp:term":[{"taxonomy":"category","embeddable":true,"href":"https:\/\/sindromecharge.es\/index.php\/wp-json\/wp\/v2\/categories?post=10466"},{"taxonomy":"post_tag","embeddable":true,"href":"https:\/\/sindromecharge.es\/index.php\/wp-json\/wp\/v2\/tags?post=10466"}],"curies":[{"name":"wp","href":"https:\/\/api.w.org\/{rel}","templated":true}]}}