{"id":10462,"date":"2024-10-19T06:27:00","date_gmt":"2024-10-19T06:27:00","guid":{"rendered":"https:\/\/sindromecharge.es\/index.php\/2024\/10\/19\/crisis-salud-mental-jovenes-suicidio-primera-causa-muerte-no-accidental-espana\/"},"modified":"2024-10-19T06:27:00","modified_gmt":"2024-10-19T06:27:00","slug":"crisis-salud-mental-jovenes-suicidio-primera-causa-muerte-no-accidental-espana","status":"publish","type":"post","link":"https:\/\/sindromecharge.es\/index.php\/2024\/10\/19\/crisis-salud-mental-jovenes-suicidio-primera-causa-muerte-no-accidental-espana\/","title":{"rendered":"Crisis de salud mental en j\u00f3venes: el suicidio, primera causa de muerte no accidental en Espa\u00f1a"},"content":{"rendered":"<p>Leemos en Discapacidad la siguiente noticia que os reproducimos de forma \u00edntegra: <\/p>\n<div>\n<p>En <a href=\"https:\/\/www.20minutos.es\/minuteca\/espana\/\" title=\"Espa\u00f1a\">Espa\u00f1a<\/a>, la <a href=\"https:\/\/www.20minutos.es\/salud\/minuteca\/salud-mental\/\" title=\"Salud mental\">salud mental<\/a> de los j\u00f3venes se enfrenta a una grave crisis, con el suicidio convertido en <b>la primera causa de muerte no accidental en este grupo de edad<\/b>. Seg\u00fan un informe de la Sociedad Espa\u00f1ola de Medicina Familiar y Comunitaria (<b>semFYC<\/b>), el aumento de los problemas de salud mental en adolescentes y j\u00f3venes es alarmante, especialmente tras la <a href=\"https:\/\/www.20minutos.es\/minuteca\/jovenes-pandemia\/\" title=\"J\u00f3venes en pandemia\">pandemia<\/a>, con cifras que se\u00f1alan un incremento significativo de casos de <b>ansiedad, depresi\u00f3n y conductas autolesivas<\/b>.<\/p>\n<p>Las cifras reflejan una realidad preocupante: la falta de recursos y de apoyo especializado para atender a esta poblaci\u00f3n vulnerable. El <b>estigma <\/b>asociado a los trastornos mentales, as\u00ed como la falta de acceso a servicios de salud mental adecuados, <b>contribuyen a que muchos j\u00f3venes no reciban la ayuda necesaria a tiempo<\/b>.<\/p>\n<h2>Factores de riesgo y desaf\u00edos <br \/><\/h2>\n<p>Los expertos en salud mental del <b>Gabinete<\/b> Multidisciplinar de la <a href=\"https:\/\/www.20minutos.es\/minuteca\/fundacion-querer\/\" title=\"Fundaci\u00f3n Querer\">Fundaci\u00f3n Querer <\/a>destacan que \u00ablos j\u00f3venes se enfrentan a una presi\u00f3n social constante, derivada en gran parte del uso excesivo de las redes sociales y las expectativas acad\u00e9micas, lo que impacta directamente en su bienestar emocional\u00bb. Este <a href=\"https:\/\/www.20minutos.es\/minuteca\/estres\/\" title=\"Estr\u00e9s\">estr\u00e9s<\/a>, sumado a la falta de herramientas para gestionar sus emociones, <b>puede llevar a episodios de ansiedad y depresi\u00f3n<\/b> que en muchos casos derivan en conductas autolesivas o pensamientos suicidas.<\/p>\n<p>Adem\u00e1s, subrayan que \u00abla pandemia ha sido un catalizador para el empeoramiento de la salud mental en adolescentes, al aumentar el aislamiento social y reducir el contacto con sus grupos de apoyo, como amigos y familiares\u00bb. La <b>falta de interacci\u00f3n f\u00edsica y el uso excesivo de dispositivos digitales<\/b> han incrementado la sensaci\u00f3n de soledad, una de las principales causas de deterioro emocional en los j\u00f3venes.<\/p>\n<h2>La respuesta necesaria para frenar la crisis<br \/><\/h2>\n<p>Desde la <a href=\"https:\/\/www.20minutos.es\/minuteca\/fundacion-querer\/\" title=\"Fundaci\u00f3n Querer\">Fundaci\u00f3n Querer<\/a>, los especialistas insisten en la importancia de un enfoque preventivo: \u00abEs crucial implementar <b>programas de salud mental en colegios e institutos para ense\u00f1ar a los j\u00f3venes a reconocer y gestionar sus emociones<\/b>, as\u00ed como ofrecer un acceso m\u00e1s \u00e1gil a los servicios de apoyo psicol\u00f3gico\u00bb. La <b>intervenci\u00f3n temprana es clave<\/b> para evitar que los problemas de <a href=\"https:\/\/www.20minutos.es\/salud\/minuteca\/salud-mental\/\" title=\"Salud mental\">salud mental<\/a> se agraven y para dotar a los j\u00f3venes de las herramientas necesarias para enfrentar los desaf\u00edos emocionales.<\/p>\n<p>Adem\u00e1s, los expertos sugieren que las <b>pol\u00edticas de salud<\/b> deben centrarse en aumentar los recursos para la atenci\u00f3n psicol\u00f3gica. \u00abNecesitamos m\u00e1s psic\u00f3logos y psiquiatras en el sistema de salud para atender de manera efectiva a los j\u00f3venes que atraviesan estas crisis. <b>Sin una respuesta adecuada y coordinada, corremos el riesgo de perder una generaci\u00f3n entera<\/b> a causa de la falta de apoyo emocional y terap\u00e9utico\u00bb, afirman desde el Gabinete Multidisciplinar de la Fundaci\u00f3n Querer.<\/p>\n<h2>Rompiendo el estigma y fomentando la comunicaci\u00f3n<br \/><\/h2>\n<p>Una de las mayores barreras para tratar la crisis de salud mental es el <b>estigma que rodea a los trastornos psicol\u00f3gicos<\/b>. Los expertos de la Fundaci\u00f3n Querer afirman que \u00abes fundamental educar a la sociedad para que comprenda que la <a href=\"https:\/\/www.20minutos.es\/salud\/minuteca\/salud-mental\/\" title=\"Salud mental\">salud mental<\/a> es tan importante como la salud f\u00edsica, y que pedir ayuda no es una se\u00f1al de debilidad, sino de valent\u00eda y autoconocimiento\u00bb.<\/p>\n<p>Iniciativas de concienciaci\u00f3n y campa\u00f1as educativas pueden ser herramientas poderosas para reducir el estigma y alentar a los j\u00f3venes a buscar ayuda antes de que sus problemas se conviertan en situaciones cr\u00edticas. La <a href=\"https:\/\/www.20minutos.es\/minuteca\/fundacion-querer\/\" title=\"Fundaci\u00f3n Querer\">Fundaci\u00f3n Querer<\/a> se compromete a seguir trabajando para brindar apoyo y recursos a aquellos que m\u00e1s lo necesitan, promoviendo <b>una sociedad m\u00e1s emp\u00e1tica y consciente<\/b> de los desaf\u00edos que enfrentan los j\u00f3venes en la actualidad.<\/p>\n<\/div>\n<p>Fuente: Discapacidad https:\/\/www.20minutos.es\/noticia\/5643541\/0\/crisis-salud-mental-jovenes-suicidio-primera-causa-muerte-no-accidental-espana\/<\/p>\n","protected":false},"excerpt":{"rendered":"<p>En Espa\u00f1a, la salud mental de los j\u00f3venes se enfrenta a una grave crisis, con el suicidio convertido en la primera causa de muerte no accidental en este grupo&#8230;<\/p>\n","protected":false},"author":1,"featured_media":0,"comment_status":"closed","ping_status":"closed","sticky":false,"template":"","format":"standard","meta":{"footnotes":""},"categories":[8],"tags":[],"class_list":["post-10462","post","type-post","status-publish","format-standard","hentry","category-noticias"],"yoast_head":"<!-- This site is optimized with the Yoast SEO plugin v27.5 - https:\/\/yoast.com\/product\/yoast-seo-wordpress\/ -->\n<title>Crisis de salud mental en j\u00f3venes: el suicidio, primera causa de muerte no accidental en Espa\u00f1a - Asociaci\u00f3n Espa\u00f1ola S\u00edndrome de Charge<\/title>\n<meta name=\"robots\" content=\"index, follow, max-snippet:-1, max-image-preview:large, max-video-preview:-1\" \/>\n<link rel=\"canonical\" href=\"https:\/\/sindromecharge.es\/index.php\/2024\/10\/19\/crisis-salud-mental-jovenes-suicidio-primera-causa-muerte-no-accidental-espana\/\" \/>\n<meta property=\"og:locale\" content=\"es_ES\" \/>\n<meta property=\"og:type\" content=\"article\" \/>\n<meta property=\"og:title\" content=\"Crisis de salud mental en j\u00f3venes: el suicidio, primera causa de muerte no accidental en Espa\u00f1a - Asociaci\u00f3n Espa\u00f1ola S\u00edndrome de Charge\" \/>\n<meta property=\"og:description\" content=\"En Espa\u00f1a, la salud mental de los j\u00f3venes se enfrenta a una grave crisis, con el suicidio convertido en la primera causa de muerte no accidental en este grupo&#8230;\" \/>\n<meta property=\"og:url\" content=\"https:\/\/sindromecharge.es\/index.php\/2024\/10\/19\/crisis-salud-mental-jovenes-suicidio-primera-causa-muerte-no-accidental-espana\/\" \/>\n<meta property=\"og:site_name\" content=\"Asociaci\u00f3n Espa\u00f1ola S\u00edndrome de Charge\" \/>\n<meta property=\"article:publisher\" content=\"https:\/\/www.facebook.com\/asociacionsindromecharge\" \/>\n<meta property=\"article:published_time\" content=\"2024-10-19T06:27:00+00:00\" \/>\n<meta property=\"og:image\" content=\"https:\/\/sindromecharge.es\/wp-content\/uploads\/2013\/09\/logodecharge300x98.png\" \/>\n\t<meta property=\"og:image:width\" content=\"300\" \/>\n\t<meta property=\"og:image:height\" content=\"98\" \/>\n\t<meta property=\"og:image:type\" content=\"image\/png\" \/>\n<meta name=\"author\" content=\"Charge\" \/>\n<meta name=\"twitter:card\" content=\"summary_large_image\" \/>\n<meta name=\"twitter:creator\" content=\"@sindromecharge\" \/>\n<meta name=\"twitter:site\" content=\"@sindromecharge\" \/>\n<meta name=\"twitter:label1\" content=\"Escrito por\" \/>\n\t<meta name=\"twitter:data1\" content=\"Charge\" \/>\n\t<meta name=\"twitter:label2\" content=\"Tiempo de lectura\" \/>\n\t<meta name=\"twitter:data2\" content=\"3 minutos\" \/>\n<script type=\"application\/ld+json\" class=\"yoast-schema-graph\">{\"@context\":\"https:\\\/\\\/schema.org\",\"@graph\":[{\"@type\":\"Article\",\"@id\":\"https:\\\/\\\/sindromecharge.es\\\/index.php\\\/2024\\\/10\\\/19\\\/crisis-salud-mental-jovenes-suicidio-primera-causa-muerte-no-accidental-espana\\\/#article\",\"isPartOf\":{\"@id\":\"https:\\\/\\\/sindromecharge.es\\\/index.php\\\/2024\\\/10\\\/19\\\/crisis-salud-mental-jovenes-suicidio-primera-causa-muerte-no-accidental-espana\\\/\"},\"author\":{\"name\":\"Charge\",\"@id\":\"https:\\\/\\\/sindromecharge.es\\\/#\\\/schema\\\/person\\\/39a60ebe0a2b4d5a11179701e336b039\"},\"headline\":\"Crisis de salud mental en j\u00f3venes: el suicidio, primera causa de muerte no accidental en Espa\u00f1a\",\"datePublished\":\"2024-10-19T06:27:00+00:00\",\"mainEntityOfPage\":{\"@id\":\"https:\\\/\\\/sindromecharge.es\\\/index.php\\\/2024\\\/10\\\/19\\\/crisis-salud-mental-jovenes-suicidio-primera-causa-muerte-no-accidental-espana\\\/\"},\"wordCount\":667,\"articleSection\":[\"noticias\"],\"inLanguage\":\"es\"},{\"@type\":\"WebPage\",\"@id\":\"https:\\\/\\\/sindromecharge.es\\\/index.php\\\/2024\\\/10\\\/19\\\/crisis-salud-mental-jovenes-suicidio-primera-causa-muerte-no-accidental-espana\\\/\",\"url\":\"https:\\\/\\\/sindromecharge.es\\\/index.php\\\/2024\\\/10\\\/19\\\/crisis-salud-mental-jovenes-suicidio-primera-causa-muerte-no-accidental-espana\\\/\",\"name\":\"Crisis de salud mental en j\u00f3venes: el suicidio, primera causa de muerte no accidental en Espa\u00f1a - Asociaci\u00f3n Espa\u00f1ola S\u00edndrome de Charge\",\"isPartOf\":{\"@id\":\"https:\\\/\\\/sindromecharge.es\\\/#website\"},\"datePublished\":\"2024-10-19T06:27:00+00:00\",\"author\":{\"@id\":\"https:\\\/\\\/sindromecharge.es\\\/#\\\/schema\\\/person\\\/39a60ebe0a2b4d5a11179701e336b039\"},\"breadcrumb\":{\"@id\":\"https:\\\/\\\/sindromecharge.es\\\/index.php\\\/2024\\\/10\\\/19\\\/crisis-salud-mental-jovenes-suicidio-primera-causa-muerte-no-accidental-espana\\\/#breadcrumb\"},\"inLanguage\":\"es\",\"potentialAction\":[{\"@type\":\"ReadAction\",\"target\":[\"https:\\\/\\\/sindromecharge.es\\\/index.php\\\/2024\\\/10\\\/19\\\/crisis-salud-mental-jovenes-suicidio-primera-causa-muerte-no-accidental-espana\\\/\"]}]},{\"@type\":\"BreadcrumbList\",\"@id\":\"https:\\\/\\\/sindromecharge.es\\\/index.php\\\/2024\\\/10\\\/19\\\/crisis-salud-mental-jovenes-suicidio-primera-causa-muerte-no-accidental-espana\\\/#breadcrumb\",\"itemListElement\":[{\"@type\":\"ListItem\",\"position\":1,\"name\":\"Portada\",\"item\":\"https:\\\/\\\/sindromecharge.es\\\/\"},{\"@type\":\"ListItem\",\"position\":2,\"name\":\"Crisis de salud mental en j\u00f3venes: el suicidio, primera causa de muerte no accidental en Espa\u00f1a\"}]},{\"@type\":\"WebSite\",\"@id\":\"https:\\\/\\\/sindromecharge.es\\\/#website\",\"url\":\"https:\\\/\\\/sindromecharge.es\\\/\",\"name\":\"Asociaci\u00f3n Espa\u00f1ola S\u00edndrome de Charge\",\"description\":\"\",\"potentialAction\":[{\"@type\":\"SearchAction\",\"target\":{\"@type\":\"EntryPoint\",\"urlTemplate\":\"https:\\\/\\\/sindromecharge.es\\\/?s={search_term_string}\"},\"query-input\":{\"@type\":\"PropertyValueSpecification\",\"valueRequired\":true,\"valueName\":\"search_term_string\"}}],\"inLanguage\":\"es\"},{\"@type\":\"Person\",\"@id\":\"https:\\\/\\\/sindromecharge.es\\\/#\\\/schema\\\/person\\\/39a60ebe0a2b4d5a11179701e336b039\",\"name\":\"Charge\",\"image\":{\"@type\":\"ImageObject\",\"inLanguage\":\"es\",\"@id\":\"https:\\\/\\\/secure.gravatar.com\\\/avatar\\\/c3b46e32a0fc3b093a0873fb767bf3293de856293065e84ef06b7ec7a8acfb98?s=96&d=identicon&r=x\",\"url\":\"https:\\\/\\\/secure.gravatar.com\\\/avatar\\\/c3b46e32a0fc3b093a0873fb767bf3293de856293065e84ef06b7ec7a8acfb98?s=96&d=identicon&r=x\",\"contentUrl\":\"https:\\\/\\\/secure.gravatar.com\\\/avatar\\\/c3b46e32a0fc3b093a0873fb767bf3293de856293065e84ef06b7ec7a8acfb98?s=96&d=identicon&r=x\",\"caption\":\"Charge\"},\"url\":\"https:\\\/\\\/sindromecharge.es\\\/index.php\\\/author\\\/admin\\\/\"}]}<\/script>\n<!-- \/ Yoast SEO plugin. -->","yoast_head_json":{"title":"Crisis de salud mental en j\u00f3venes: el suicidio, primera causa de muerte no accidental en Espa\u00f1a - Asociaci\u00f3n Espa\u00f1ola S\u00edndrome de Charge","robots":{"index":"index","follow":"follow","max-snippet":"max-snippet:-1","max-image-preview":"max-image-preview:large","max-video-preview":"max-video-preview:-1"},"canonical":"https:\/\/sindromecharge.es\/index.php\/2024\/10\/19\/crisis-salud-mental-jovenes-suicidio-primera-causa-muerte-no-accidental-espana\/","og_locale":"es_ES","og_type":"article","og_title":"Crisis de salud mental en j\u00f3venes: el suicidio, primera causa de muerte no accidental en Espa\u00f1a - Asociaci\u00f3n Espa\u00f1ola S\u00edndrome de Charge","og_description":"En Espa\u00f1a, la salud mental de los j\u00f3venes se enfrenta a una grave crisis, con el suicidio convertido en la primera causa de muerte no accidental en este grupo&#8230;","og_url":"https:\/\/sindromecharge.es\/index.php\/2024\/10\/19\/crisis-salud-mental-jovenes-suicidio-primera-causa-muerte-no-accidental-espana\/","og_site_name":"Asociaci\u00f3n Espa\u00f1ola S\u00edndrome de Charge","article_publisher":"https:\/\/www.facebook.com\/asociacionsindromecharge","article_published_time":"2024-10-19T06:27:00+00:00","og_image":[{"width":300,"height":98,"url":"https:\/\/sindromecharge.es\/wp-content\/uploads\/2013\/09\/logodecharge300x98.png","type":"image\/png"}],"author":"Charge","twitter_card":"summary_large_image","twitter_creator":"@sindromecharge","twitter_site":"@sindromecharge","twitter_misc":{"Escrito por":"Charge","Tiempo de lectura":"3 minutos"},"schema":{"@context":"https:\/\/schema.org","@graph":[{"@type":"Article","@id":"https:\/\/sindromecharge.es\/index.php\/2024\/10\/19\/crisis-salud-mental-jovenes-suicidio-primera-causa-muerte-no-accidental-espana\/#article","isPartOf":{"@id":"https:\/\/sindromecharge.es\/index.php\/2024\/10\/19\/crisis-salud-mental-jovenes-suicidio-primera-causa-muerte-no-accidental-espana\/"},"author":{"name":"Charge","@id":"https:\/\/sindromecharge.es\/#\/schema\/person\/39a60ebe0a2b4d5a11179701e336b039"},"headline":"Crisis de salud mental en j\u00f3venes: el suicidio, primera causa de muerte no accidental en Espa\u00f1a","datePublished":"2024-10-19T06:27:00+00:00","mainEntityOfPage":{"@id":"https:\/\/sindromecharge.es\/index.php\/2024\/10\/19\/crisis-salud-mental-jovenes-suicidio-primera-causa-muerte-no-accidental-espana\/"},"wordCount":667,"articleSection":["noticias"],"inLanguage":"es"},{"@type":"WebPage","@id":"https:\/\/sindromecharge.es\/index.php\/2024\/10\/19\/crisis-salud-mental-jovenes-suicidio-primera-causa-muerte-no-accidental-espana\/","url":"https:\/\/sindromecharge.es\/index.php\/2024\/10\/19\/crisis-salud-mental-jovenes-suicidio-primera-causa-muerte-no-accidental-espana\/","name":"Crisis de salud mental en j\u00f3venes: el suicidio, primera causa de muerte no accidental en Espa\u00f1a - Asociaci\u00f3n Espa\u00f1ola S\u00edndrome de Charge","isPartOf":{"@id":"https:\/\/sindromecharge.es\/#website"},"datePublished":"2024-10-19T06:27:00+00:00","author":{"@id":"https:\/\/sindromecharge.es\/#\/schema\/person\/39a60ebe0a2b4d5a11179701e336b039"},"breadcrumb":{"@id":"https:\/\/sindromecharge.es\/index.php\/2024\/10\/19\/crisis-salud-mental-jovenes-suicidio-primera-causa-muerte-no-accidental-espana\/#breadcrumb"},"inLanguage":"es","potentialAction":[{"@type":"ReadAction","target":["https:\/\/sindromecharge.es\/index.php\/2024\/10\/19\/crisis-salud-mental-jovenes-suicidio-primera-causa-muerte-no-accidental-espana\/"]}]},{"@type":"BreadcrumbList","@id":"https:\/\/sindromecharge.es\/index.php\/2024\/10\/19\/crisis-salud-mental-jovenes-suicidio-primera-causa-muerte-no-accidental-espana\/#breadcrumb","itemListElement":[{"@type":"ListItem","position":1,"name":"Portada","item":"https:\/\/sindromecharge.es\/"},{"@type":"ListItem","position":2,"name":"Crisis de salud mental en j\u00f3venes: el suicidio, primera causa de muerte no accidental en Espa\u00f1a"}]},{"@type":"WebSite","@id":"https:\/\/sindromecharge.es\/#website","url":"https:\/\/sindromecharge.es\/","name":"Asociaci\u00f3n Espa\u00f1ola S\u00edndrome de Charge","description":"","potentialAction":[{"@type":"SearchAction","target":{"@type":"EntryPoint","urlTemplate":"https:\/\/sindromecharge.es\/?s={search_term_string}"},"query-input":{"@type":"PropertyValueSpecification","valueRequired":true,"valueName":"search_term_string"}}],"inLanguage":"es"},{"@type":"Person","@id":"https:\/\/sindromecharge.es\/#\/schema\/person\/39a60ebe0a2b4d5a11179701e336b039","name":"Charge","image":{"@type":"ImageObject","inLanguage":"es","@id":"https:\/\/secure.gravatar.com\/avatar\/c3b46e32a0fc3b093a0873fb767bf3293de856293065e84ef06b7ec7a8acfb98?s=96&d=identicon&r=x","url":"https:\/\/secure.gravatar.com\/avatar\/c3b46e32a0fc3b093a0873fb767bf3293de856293065e84ef06b7ec7a8acfb98?s=96&d=identicon&r=x","contentUrl":"https:\/\/secure.gravatar.com\/avatar\/c3b46e32a0fc3b093a0873fb767bf3293de856293065e84ef06b7ec7a8acfb98?s=96&d=identicon&r=x","caption":"Charge"},"url":"https:\/\/sindromecharge.es\/index.php\/author\/admin\/"}]}},"_links":{"self":[{"href":"https:\/\/sindromecharge.es\/index.php\/wp-json\/wp\/v2\/posts\/10462","targetHints":{"allow":["GET"]}}],"collection":[{"href":"https:\/\/sindromecharge.es\/index.php\/wp-json\/wp\/v2\/posts"}],"about":[{"href":"https:\/\/sindromecharge.es\/index.php\/wp-json\/wp\/v2\/types\/post"}],"author":[{"embeddable":true,"href":"https:\/\/sindromecharge.es\/index.php\/wp-json\/wp\/v2\/users\/1"}],"replies":[{"embeddable":true,"href":"https:\/\/sindromecharge.es\/index.php\/wp-json\/wp\/v2\/comments?post=10462"}],"version-history":[{"count":0,"href":"https:\/\/sindromecharge.es\/index.php\/wp-json\/wp\/v2\/posts\/10462\/revisions"}],"wp:attachment":[{"href":"https:\/\/sindromecharge.es\/index.php\/wp-json\/wp\/v2\/media?parent=10462"}],"wp:term":[{"taxonomy":"category","embeddable":true,"href":"https:\/\/sindromecharge.es\/index.php\/wp-json\/wp\/v2\/categories?post=10462"},{"taxonomy":"post_tag","embeddable":true,"href":"https:\/\/sindromecharge.es\/index.php\/wp-json\/wp\/v2\/tags?post=10462"}],"curies":[{"name":"wp","href":"https:\/\/api.w.org\/{rel}","templated":true}]}}