{"id":10461,"date":"2024-10-19T06:26:37","date_gmt":"2024-10-19T06:26:37","guid":{"rendered":"https:\/\/sindromecharge.es\/index.php\/2024\/10\/19\/realidad-las-personas-con-discapacidad-intelectual-ante-justicia-sufren-indefension-los-procesos-judiciales\/"},"modified":"2024-10-19T06:26:37","modified_gmt":"2024-10-19T06:26:37","slug":"realidad-las-personas-con-discapacidad-intelectual-ante-justicia-sufren-indefension-los-procesos-judiciales","status":"publish","type":"post","link":"https:\/\/sindromecharge.es\/index.php\/2024\/10\/19\/realidad-las-personas-con-discapacidad-intelectual-ante-justicia-sufren-indefension-los-procesos-judiciales\/","title":{"rendered":"La realidad de las personas con discapacidad intelectual ante la justicia: \u00abSufren indefensi\u00f3n en los procesos judiciales\u00bb"},"content":{"rendered":"<p>Leemos en Discapacidad la siguiente noticia que os reproducimos de forma \u00edntegra: <\/p>\n<div>\n<p>Hace unas semanas salt\u00f3 la noticia de que la <a href=\"https:\/\/www.20minutos.es\/minuteca\/onu\/\" title=\"ONU\">ONU<\/a>, concretamente, el <b>Comit\u00e9 sobre los Derechos de las Personas con Discapacidad <\/b>emiti\u00f3 un dictamen en el que condenaba al Estado espa\u00f1ol por<b> vulnerar el igual acceso a la Justicia <\/b>de las personas con <a href=\"https:\/\/www.20minutos.es\/minuteca\/discapacidad-intelectual\/\" title=\"Discapacidad intelectual\" target=\"_blank\" rel=\"noopener\">discapacidad intelectual<\/a>.<\/p>\n<p>Esta condena tuvo lugar tras una denuncia de<b> Plena Inclusi\u00f3n Espa\u00f1a<\/b>, que observ\u00f3 que un preso con discapacidad intelectual condenado en 2015 a 25 a\u00f1os no hab\u00eda tenido un juicio con en condiciones de igualdad.<\/p>\n<p>La denuncia tuvo lugar en 2019, tras observar que, como ocurre a menudo en otros procesos, la justicia no le hab\u00eda ofrecido todas las garant\u00edas, \u00aben Plena Inclusi\u00f3n tenemos un programa de<b> atenci\u00f3n a personas reclusas<\/b>, y en un estudio que hicimos observamos que las personas con discapacidad intelectual sufren indefensi\u00f3n en los procesos judiciales porque no saben lo que est\u00e1 ocurriendo o no sab\u00edan c\u00f3mo utilizar sus derechos\u00bb, explica In\u00e9s de Araoz, que es la coordinadora del \u00c1rea Jur\u00eddica de Plena inclusi\u00f3n Espa\u00f1a.<\/p>\n<h1>Era en prisi\u00f3n donde detectaban que ten\u00edan discapacidad<\/h1>\n<p>Y lo que observaron fue que, por un lado, muchas veces las personas con discapacidad intelectual pasan desapercibidas por los procedimientos, es decir, <b>\u00abno se daban cuenta de que ten\u00edan discapacidad<\/b> y era en prisi\u00f3n donde detectaban que ten\u00edan <a href=\"https:\/\/www.20minutos.es\/minuteca\/discapacidad\/\" title=\"Discapacidad\" target=\"_blank\" rel=\"noopener\">discapacidad<\/a>\u00ab.<\/p>\n<p>Otras veces, como fue este caso, \u00abse sab\u00eda que ten\u00eda discapacidad, pero <b>no se le pon\u00eda ning\u00fan medio para que entendiera el procedimiento<\/b>. Solo al final, para ver si esta discapacidad supon\u00eda un atenuante o eximente, pero la Convenci\u00f3n los Derechos de las Personas con Discapacidad, firmada por Espa\u00f1a en 2007, dice claramente que las personas tienen <b>derecho a participar en los procedimientos <\/b>y tienen que comprender lo que ocurre, por qu\u00e9 est\u00e1n siendo juzgadas, a conocer los mecanismos de defensa\u2026 a tener una tutela judicial efectiva y una igualdad con el resto de las partes\u00bb.<\/p>\n<p>Esto, seg\u00fan observ\u00f3 Plena Inclusi\u00f3n, no ocurri\u00f3 en este caso, que decidieron denunciar.<\/p>\n<h2>Condenado a 25 a\u00f1os sin ejercer su derecho a la defensa<\/h2>\n<p>La denuncia se basaba en que una persona con una discapacidad intelectual del 73%, previamente reconocida, fue condenada<b> sin que en ning\u00fan momento se le facilitaran los ajustes<\/b> de procedimiento necesarios para garantizar su derecho de defensa y a un juicio justo.<\/p>\n<p>A pesar de ser una persona con un porcentaje de discapacidad muy elevado, ni la polic\u00eda al detenerle ni el juzgado al prestar declaraci\u00f3n se dieron cuenta de ello y, por tanto, <b>no pusieron los medios para hacerle comprensible el proceso<\/b>, \u00abvimos que era una persona que hab\u00eda sido condenada a 25 a\u00f1os y que ten\u00eda unas necesidades de apoyo muy elevadas, pues ten\u00eda problemas de comprensi\u00f3n, no entend\u00eda el lenguaje legal ni lo que dec\u00eda el abogado\u2026 No poner apoyos para que entendiera el proceso vulneraba varios art\u00edculos de la Convenci\u00f3n\u00bb, explica In\u00e9s de Araoz.<\/p>\n<h1>No poner apoyos para que entienda el proceso vulneraba la Convenci\u00f3n los Derechos de las Personas con Discapacidad<\/h1>\n<p>Fue entonces cuando iniciaron el proceso, \u00abla iniciamos conjuntamente con la Universidad Carlos III y, aunque tardaron bastante en obtener una resoluci\u00f3n del Comit\u00e9, nos dieron la raz\u00f3n porque vieron que, efectivamente,<b> esta persona no hab\u00eda sido juzgado con todas las garant\u00edas<\/b>, y concluyeron que Espa\u00f1a habia vulnerado el art\u00edculo 13 y el 9&#8243;.<\/p>\n<p>El Comit\u00e9 de la ONU lo expone claramente y concluye que \u00abtanto los jueces como la fiscal\u00eda deber\u00edan haber actuado de oficio y con la debida diligencia en cuanto se percataron de la discapacidad del autor\u00bb.<\/p>\n<h2>Sigue en prisi\u00f3n, pero el Comit\u00e9 &#8216;tira de las orejas&#8217; a Espa\u00f1a<\/h2>\n<p>Adem\u00e1s de resolver que se actu\u00f3 de manera contraria a la Convenci\u00f3n, el Comit\u00e9 hizo una serie de<b> recomendaciones a Espa\u00f1a para que no vuelva a ocurrir <\/b>y condena a indemnizar a la persona afectada \u00abprimero, de reparaci\u00f3n a la persona con discapacidad y una econ\u00f3mica, por los gastos que ha afrontado hasta llegar al Comit\u00e9. Pero lo m\u00e1s importante de esta resoluci\u00f3n es que <b>pide una garant\u00eda de no repetici\u00f3n<\/b> y recuerda al Estado que tiene la obligaci\u00f3n de ofrecer a todas las personas un juicio con todas las garant\u00edas, asegurando que el acusado disponga de los <b>ajustes procedimentales y apoyos necesarios <\/b>conforme a la presente decisi\u00f3n y a la Convenci\u00f3n de Derechos de las Personas con Discapacidad. Esto implica, garantizar que no le va a pasar a otra persona y propone cambios legislativos y formaci\u00f3n para que los profesionales sepan qu\u00e9 hacer\u00bb, a\u00f1ade Araoz.<\/p>\n<p>Esto no implica, ni mucho menos, que se vaya a repetir el juicio o que el condenado salga a la calle, pero podr\u00e1 beneficiar a otros condenados en el futuro, \u00able dijimos que lo m\u00e1s probable es que no afectara a la condena, pero <b>quiso igualmente porque no quer\u00eda que le pasara a otra persona<\/b>\u00ab, cuenta la abogada.<\/p>\n<p>El condenado, de hecho,<b> sigue cumpliendo condena<\/b>, porque no era la intenci\u00f3n de Plena Inclusi\u00f3n minimizar ni justificar los hechos por los que los condenaron, que son muy graves, \u00abnosotros siempre hemos dejado claro que no debatimos el fondo del asunto, hay que tener respecto las v\u00edctimas y las familias, que tambien <b>tienen derecho a su reparaci\u00f3n<\/b>. Nosotros solo queremos que en los juicios se garanticen los derechos procesales de las personas con discapacidad\u00bb, insiste.<\/p>\n<p>Tambi\u00e9n insisten en que es necesario que se pongan todos los medios necesarios para que se garantice que los procesos que ata\u00f1en a las personas con discapacidad, se lleven a cabo con todas las garant\u00edas, \u00abh<span>asta ahora, se han puesto medio para personas v\u00edctimas u ofendidas, pero no para las enjuiciadas o encausadas, que es lo vamos a pedir, que se regule un estatuto para el encausado con discapacidad, que es algo que llevamos pidiendo tiempo y que no se ha llegado a aprobar\u00bb<\/span><\/p>\n<p>\u00abHay que cambiar legislaci\u00f3n y pol\u00edticas\u00bb, insiste \u00abpara <b>eliminar las barreras <\/b>que experimentan las personas con discapacidad intelectual en el acceso a la justicia la<b> participaci\u00f3n de las personas con discapacidad en todos los procedimientos judiciales<\/b>, en igualdad de condiciones. En este sentido, desde Plena inclusi\u00f3n llevamos a\u00f1os defendiendo que se extienda y dote con los fondos necesarios a la figura del facilitador judicial\u00bb. <\/p>\n<\/div>\n<p>Fuente: Discapacidad https:\/\/www.20minutos.es\/noticia\/5644014\/0\/realidad-las-personas-con-discapacidad-intelectual-ante-justicia-sufren-indefension-los-procesos-judiciales\/<\/p>\n","protected":false},"excerpt":{"rendered":"<p>Hace unas semanas salt\u00f3 la noticia de que la ONU, concretamente, el Comit\u00e9 sobre los Derechos de las Personas con Discapacidad emiti\u00f3 un dictamen en el que&#8230;<\/p>\n","protected":false},"author":1,"featured_media":0,"comment_status":"closed","ping_status":"closed","sticky":false,"template":"","format":"standard","meta":{"footnotes":""},"categories":[8],"tags":[],"class_list":["post-10461","post","type-post","status-publish","format-standard","hentry","category-noticias"],"yoast_head":"<!-- This site is optimized with the Yoast SEO plugin v27.5 - https:\/\/yoast.com\/product\/yoast-seo-wordpress\/ -->\n<title>La realidad de las personas con discapacidad intelectual ante la justicia: &quot;Sufren indefensi\u00f3n en los procesos judiciales&quot; - Asociaci\u00f3n Espa\u00f1ola S\u00edndrome de Charge<\/title>\n<meta name=\"robots\" content=\"index, follow, max-snippet:-1, max-image-preview:large, max-video-preview:-1\" \/>\n<link rel=\"canonical\" href=\"https:\/\/sindromecharge.es\/index.php\/2024\/10\/19\/realidad-las-personas-con-discapacidad-intelectual-ante-justicia-sufren-indefension-los-procesos-judiciales\/\" \/>\n<meta property=\"og:locale\" content=\"es_ES\" \/>\n<meta property=\"og:type\" content=\"article\" \/>\n<meta property=\"og:title\" content=\"La realidad de las personas con discapacidad intelectual ante la justicia: &quot;Sufren indefensi\u00f3n en los procesos judiciales&quot; - Asociaci\u00f3n Espa\u00f1ola S\u00edndrome de Charge\" \/>\n<meta property=\"og:description\" content=\"Hace unas semanas salt\u00f3 la noticia de que la ONU, concretamente, el Comit\u00e9 sobre los Derechos de las Personas con Discapacidad emiti\u00f3 un dictamen en el que&#8230;\" \/>\n<meta property=\"og:url\" content=\"https:\/\/sindromecharge.es\/index.php\/2024\/10\/19\/realidad-las-personas-con-discapacidad-intelectual-ante-justicia-sufren-indefension-los-procesos-judiciales\/\" \/>\n<meta property=\"og:site_name\" content=\"Asociaci\u00f3n Espa\u00f1ola S\u00edndrome de Charge\" \/>\n<meta property=\"article:publisher\" content=\"https:\/\/www.facebook.com\/asociacionsindromecharge\" \/>\n<meta property=\"article:published_time\" content=\"2024-10-19T06:26:37+00:00\" \/>\n<meta property=\"og:image\" content=\"https:\/\/sindromecharge.es\/wp-content\/uploads\/2013\/09\/logodecharge300x98.png\" \/>\n\t<meta property=\"og:image:width\" content=\"300\" \/>\n\t<meta property=\"og:image:height\" content=\"98\" \/>\n\t<meta property=\"og:image:type\" content=\"image\/png\" \/>\n<meta name=\"author\" content=\"Charge\" \/>\n<meta name=\"twitter:card\" content=\"summary_large_image\" \/>\n<meta name=\"twitter:creator\" content=\"@sindromecharge\" \/>\n<meta name=\"twitter:site\" content=\"@sindromecharge\" \/>\n<meta name=\"twitter:label1\" content=\"Escrito por\" \/>\n\t<meta name=\"twitter:data1\" content=\"Charge\" \/>\n\t<meta name=\"twitter:label2\" content=\"Tiempo de lectura\" \/>\n\t<meta name=\"twitter:data2\" content=\"6 minutos\" \/>\n<script type=\"application\/ld+json\" class=\"yoast-schema-graph\">{\"@context\":\"https:\\\/\\\/schema.org\",\"@graph\":[{\"@type\":\"Article\",\"@id\":\"https:\\\/\\\/sindromecharge.es\\\/index.php\\\/2024\\\/10\\\/19\\\/realidad-las-personas-con-discapacidad-intelectual-ante-justicia-sufren-indefension-los-procesos-judiciales\\\/#article\",\"isPartOf\":{\"@id\":\"https:\\\/\\\/sindromecharge.es\\\/index.php\\\/2024\\\/10\\\/19\\\/realidad-las-personas-con-discapacidad-intelectual-ante-justicia-sufren-indefension-los-procesos-judiciales\\\/\"},\"author\":{\"name\":\"Charge\",\"@id\":\"https:\\\/\\\/sindromecharge.es\\\/#\\\/schema\\\/person\\\/39a60ebe0a2b4d5a11179701e336b039\"},\"headline\":\"La realidad de las personas con discapacidad intelectual ante la justicia: \u00abSufren indefensi\u00f3n en los procesos judiciales\u00bb\",\"datePublished\":\"2024-10-19T06:26:37+00:00\",\"mainEntityOfPage\":{\"@id\":\"https:\\\/\\\/sindromecharge.es\\\/index.php\\\/2024\\\/10\\\/19\\\/realidad-las-personas-con-discapacidad-intelectual-ante-justicia-sufren-indefension-los-procesos-judiciales\\\/\"},\"wordCount\":1132,\"articleSection\":[\"noticias\"],\"inLanguage\":\"es\"},{\"@type\":\"WebPage\",\"@id\":\"https:\\\/\\\/sindromecharge.es\\\/index.php\\\/2024\\\/10\\\/19\\\/realidad-las-personas-con-discapacidad-intelectual-ante-justicia-sufren-indefension-los-procesos-judiciales\\\/\",\"url\":\"https:\\\/\\\/sindromecharge.es\\\/index.php\\\/2024\\\/10\\\/19\\\/realidad-las-personas-con-discapacidad-intelectual-ante-justicia-sufren-indefension-los-procesos-judiciales\\\/\",\"name\":\"La realidad de las personas con discapacidad intelectual ante la justicia: \\\"Sufren indefensi\u00f3n en los procesos judiciales\\\" - Asociaci\u00f3n Espa\u00f1ola S\u00edndrome de Charge\",\"isPartOf\":{\"@id\":\"https:\\\/\\\/sindromecharge.es\\\/#website\"},\"datePublished\":\"2024-10-19T06:26:37+00:00\",\"author\":{\"@id\":\"https:\\\/\\\/sindromecharge.es\\\/#\\\/schema\\\/person\\\/39a60ebe0a2b4d5a11179701e336b039\"},\"breadcrumb\":{\"@id\":\"https:\\\/\\\/sindromecharge.es\\\/index.php\\\/2024\\\/10\\\/19\\\/realidad-las-personas-con-discapacidad-intelectual-ante-justicia-sufren-indefension-los-procesos-judiciales\\\/#breadcrumb\"},\"inLanguage\":\"es\",\"potentialAction\":[{\"@type\":\"ReadAction\",\"target\":[\"https:\\\/\\\/sindromecharge.es\\\/index.php\\\/2024\\\/10\\\/19\\\/realidad-las-personas-con-discapacidad-intelectual-ante-justicia-sufren-indefension-los-procesos-judiciales\\\/\"]}]},{\"@type\":\"BreadcrumbList\",\"@id\":\"https:\\\/\\\/sindromecharge.es\\\/index.php\\\/2024\\\/10\\\/19\\\/realidad-las-personas-con-discapacidad-intelectual-ante-justicia-sufren-indefension-los-procesos-judiciales\\\/#breadcrumb\",\"itemListElement\":[{\"@type\":\"ListItem\",\"position\":1,\"name\":\"Portada\",\"item\":\"https:\\\/\\\/sindromecharge.es\\\/\"},{\"@type\":\"ListItem\",\"position\":2,\"name\":\"La realidad de las personas con discapacidad intelectual ante la justicia: &#8220;Sufren indefensi\u00f3n en los procesos judiciales&#8221;\"}]},{\"@type\":\"WebSite\",\"@id\":\"https:\\\/\\\/sindromecharge.es\\\/#website\",\"url\":\"https:\\\/\\\/sindromecharge.es\\\/\",\"name\":\"Asociaci\u00f3n Espa\u00f1ola S\u00edndrome de Charge\",\"description\":\"\",\"potentialAction\":[{\"@type\":\"SearchAction\",\"target\":{\"@type\":\"EntryPoint\",\"urlTemplate\":\"https:\\\/\\\/sindromecharge.es\\\/?s={search_term_string}\"},\"query-input\":{\"@type\":\"PropertyValueSpecification\",\"valueRequired\":true,\"valueName\":\"search_term_string\"}}],\"inLanguage\":\"es\"},{\"@type\":\"Person\",\"@id\":\"https:\\\/\\\/sindromecharge.es\\\/#\\\/schema\\\/person\\\/39a60ebe0a2b4d5a11179701e336b039\",\"name\":\"Charge\",\"image\":{\"@type\":\"ImageObject\",\"inLanguage\":\"es\",\"@id\":\"https:\\\/\\\/secure.gravatar.com\\\/avatar\\\/c3b46e32a0fc3b093a0873fb767bf3293de856293065e84ef06b7ec7a8acfb98?s=96&d=identicon&r=x\",\"url\":\"https:\\\/\\\/secure.gravatar.com\\\/avatar\\\/c3b46e32a0fc3b093a0873fb767bf3293de856293065e84ef06b7ec7a8acfb98?s=96&d=identicon&r=x\",\"contentUrl\":\"https:\\\/\\\/secure.gravatar.com\\\/avatar\\\/c3b46e32a0fc3b093a0873fb767bf3293de856293065e84ef06b7ec7a8acfb98?s=96&d=identicon&r=x\",\"caption\":\"Charge\"},\"url\":\"https:\\\/\\\/sindromecharge.es\\\/index.php\\\/author\\\/admin\\\/\"}]}<\/script>\n<!-- \/ Yoast SEO plugin. -->","yoast_head_json":{"title":"La realidad de las personas con discapacidad intelectual ante la justicia: \"Sufren indefensi\u00f3n en los procesos judiciales\" - Asociaci\u00f3n Espa\u00f1ola S\u00edndrome de Charge","robots":{"index":"index","follow":"follow","max-snippet":"max-snippet:-1","max-image-preview":"max-image-preview:large","max-video-preview":"max-video-preview:-1"},"canonical":"https:\/\/sindromecharge.es\/index.php\/2024\/10\/19\/realidad-las-personas-con-discapacidad-intelectual-ante-justicia-sufren-indefension-los-procesos-judiciales\/","og_locale":"es_ES","og_type":"article","og_title":"La realidad de las personas con discapacidad intelectual ante la justicia: \"Sufren indefensi\u00f3n en los procesos judiciales\" - Asociaci\u00f3n Espa\u00f1ola S\u00edndrome de Charge","og_description":"Hace unas semanas salt\u00f3 la noticia de que la ONU, concretamente, el Comit\u00e9 sobre los Derechos de las Personas con Discapacidad emiti\u00f3 un dictamen en el que&#8230;","og_url":"https:\/\/sindromecharge.es\/index.php\/2024\/10\/19\/realidad-las-personas-con-discapacidad-intelectual-ante-justicia-sufren-indefension-los-procesos-judiciales\/","og_site_name":"Asociaci\u00f3n Espa\u00f1ola S\u00edndrome de Charge","article_publisher":"https:\/\/www.facebook.com\/asociacionsindromecharge","article_published_time":"2024-10-19T06:26:37+00:00","og_image":[{"width":300,"height":98,"url":"https:\/\/sindromecharge.es\/wp-content\/uploads\/2013\/09\/logodecharge300x98.png","type":"image\/png"}],"author":"Charge","twitter_card":"summary_large_image","twitter_creator":"@sindromecharge","twitter_site":"@sindromecharge","twitter_misc":{"Escrito por":"Charge","Tiempo de lectura":"6 minutos"},"schema":{"@context":"https:\/\/schema.org","@graph":[{"@type":"Article","@id":"https:\/\/sindromecharge.es\/index.php\/2024\/10\/19\/realidad-las-personas-con-discapacidad-intelectual-ante-justicia-sufren-indefension-los-procesos-judiciales\/#article","isPartOf":{"@id":"https:\/\/sindromecharge.es\/index.php\/2024\/10\/19\/realidad-las-personas-con-discapacidad-intelectual-ante-justicia-sufren-indefension-los-procesos-judiciales\/"},"author":{"name":"Charge","@id":"https:\/\/sindromecharge.es\/#\/schema\/person\/39a60ebe0a2b4d5a11179701e336b039"},"headline":"La realidad de las personas con discapacidad intelectual ante la justicia: \u00abSufren indefensi\u00f3n en los procesos judiciales\u00bb","datePublished":"2024-10-19T06:26:37+00:00","mainEntityOfPage":{"@id":"https:\/\/sindromecharge.es\/index.php\/2024\/10\/19\/realidad-las-personas-con-discapacidad-intelectual-ante-justicia-sufren-indefension-los-procesos-judiciales\/"},"wordCount":1132,"articleSection":["noticias"],"inLanguage":"es"},{"@type":"WebPage","@id":"https:\/\/sindromecharge.es\/index.php\/2024\/10\/19\/realidad-las-personas-con-discapacidad-intelectual-ante-justicia-sufren-indefension-los-procesos-judiciales\/","url":"https:\/\/sindromecharge.es\/index.php\/2024\/10\/19\/realidad-las-personas-con-discapacidad-intelectual-ante-justicia-sufren-indefension-los-procesos-judiciales\/","name":"La realidad de las personas con discapacidad intelectual ante la justicia: \"Sufren indefensi\u00f3n en los procesos judiciales\" - Asociaci\u00f3n Espa\u00f1ola S\u00edndrome de Charge","isPartOf":{"@id":"https:\/\/sindromecharge.es\/#website"},"datePublished":"2024-10-19T06:26:37+00:00","author":{"@id":"https:\/\/sindromecharge.es\/#\/schema\/person\/39a60ebe0a2b4d5a11179701e336b039"},"breadcrumb":{"@id":"https:\/\/sindromecharge.es\/index.php\/2024\/10\/19\/realidad-las-personas-con-discapacidad-intelectual-ante-justicia-sufren-indefension-los-procesos-judiciales\/#breadcrumb"},"inLanguage":"es","potentialAction":[{"@type":"ReadAction","target":["https:\/\/sindromecharge.es\/index.php\/2024\/10\/19\/realidad-las-personas-con-discapacidad-intelectual-ante-justicia-sufren-indefension-los-procesos-judiciales\/"]}]},{"@type":"BreadcrumbList","@id":"https:\/\/sindromecharge.es\/index.php\/2024\/10\/19\/realidad-las-personas-con-discapacidad-intelectual-ante-justicia-sufren-indefension-los-procesos-judiciales\/#breadcrumb","itemListElement":[{"@type":"ListItem","position":1,"name":"Portada","item":"https:\/\/sindromecharge.es\/"},{"@type":"ListItem","position":2,"name":"La realidad de las personas con discapacidad intelectual ante la justicia: &#8220;Sufren indefensi\u00f3n en los procesos judiciales&#8221;"}]},{"@type":"WebSite","@id":"https:\/\/sindromecharge.es\/#website","url":"https:\/\/sindromecharge.es\/","name":"Asociaci\u00f3n Espa\u00f1ola S\u00edndrome de Charge","description":"","potentialAction":[{"@type":"SearchAction","target":{"@type":"EntryPoint","urlTemplate":"https:\/\/sindromecharge.es\/?s={search_term_string}"},"query-input":{"@type":"PropertyValueSpecification","valueRequired":true,"valueName":"search_term_string"}}],"inLanguage":"es"},{"@type":"Person","@id":"https:\/\/sindromecharge.es\/#\/schema\/person\/39a60ebe0a2b4d5a11179701e336b039","name":"Charge","image":{"@type":"ImageObject","inLanguage":"es","@id":"https:\/\/secure.gravatar.com\/avatar\/c3b46e32a0fc3b093a0873fb767bf3293de856293065e84ef06b7ec7a8acfb98?s=96&d=identicon&r=x","url":"https:\/\/secure.gravatar.com\/avatar\/c3b46e32a0fc3b093a0873fb767bf3293de856293065e84ef06b7ec7a8acfb98?s=96&d=identicon&r=x","contentUrl":"https:\/\/secure.gravatar.com\/avatar\/c3b46e32a0fc3b093a0873fb767bf3293de856293065e84ef06b7ec7a8acfb98?s=96&d=identicon&r=x","caption":"Charge"},"url":"https:\/\/sindromecharge.es\/index.php\/author\/admin\/"}]}},"_links":{"self":[{"href":"https:\/\/sindromecharge.es\/index.php\/wp-json\/wp\/v2\/posts\/10461","targetHints":{"allow":["GET"]}}],"collection":[{"href":"https:\/\/sindromecharge.es\/index.php\/wp-json\/wp\/v2\/posts"}],"about":[{"href":"https:\/\/sindromecharge.es\/index.php\/wp-json\/wp\/v2\/types\/post"}],"author":[{"embeddable":true,"href":"https:\/\/sindromecharge.es\/index.php\/wp-json\/wp\/v2\/users\/1"}],"replies":[{"embeddable":true,"href":"https:\/\/sindromecharge.es\/index.php\/wp-json\/wp\/v2\/comments?post=10461"}],"version-history":[{"count":0,"href":"https:\/\/sindromecharge.es\/index.php\/wp-json\/wp\/v2\/posts\/10461\/revisions"}],"wp:attachment":[{"href":"https:\/\/sindromecharge.es\/index.php\/wp-json\/wp\/v2\/media?parent=10461"}],"wp:term":[{"taxonomy":"category","embeddable":true,"href":"https:\/\/sindromecharge.es\/index.php\/wp-json\/wp\/v2\/categories?post=10461"},{"taxonomy":"post_tag","embeddable":true,"href":"https:\/\/sindromecharge.es\/index.php\/wp-json\/wp\/v2\/tags?post=10461"}],"curies":[{"name":"wp","href":"https:\/\/api.w.org\/{rel}","templated":true}]}}