{"id":10460,"date":"2024-10-18T05:20:51","date_gmt":"2024-10-18T05:20:51","guid":{"rendered":"https:\/\/sindromecharge.es\/index.php\/2024\/10\/18\/que-es-que-da-derecho-incapacidad-permanente-absoluta-te-imposibilita-para-trabajar-cualquier-profesion\/"},"modified":"2024-10-18T05:20:51","modified_gmt":"2024-10-18T05:20:51","slug":"que-es-que-da-derecho-incapacidad-permanente-absoluta-te-imposibilita-para-trabajar-cualquier-profesion","status":"publish","type":"post","link":"https:\/\/sindromecharge.es\/index.php\/2024\/10\/18\/que-es-que-da-derecho-incapacidad-permanente-absoluta-te-imposibilita-para-trabajar-cualquier-profesion\/","title":{"rendered":"\u00bfQu\u00e9 es y a qu\u00e9 da derecho la incapacidad permanente absoluta? \u00abTe imposibilita para trabajar en cualquier profesi\u00f3n\u00bb"},"content":{"rendered":"<p>Leemos en Discapacidad la siguiente noticia que os reproducimos de forma \u00edntegra: <\/p>\n<div>\n<p>Dentro de las <b>cuatro incapacidades permanentes<\/b> que puede conceder la Seguridad Social a los trabajadores, una de las que m\u00e1s \u2018incapacita\u2019 es la incapacidad permanente absoluta, que se concede en aquellos casos en los que la Seguridad Social considera que no se puede realizar ning\u00fan tipo de trabajo, \u00abte imposibilita para trabajar en cualquier profesi\u00f3n\u00bb, explica el abogado Pedro L\u00f3pez.<\/p>\n<p>A este respecto, el<b> Tribunal Supremo<\/b> se pronunci\u00f3 hace unos meses y dej\u00f3 claro que este tipo de incapacidad<b> es incompatible con cualquier trabajo<\/b>, pues, hasta entonces, \u00abse hablaba de trabajos residuales, de trabajos marginales, pero hoy ya el Supremo ha determinado que no se puede compatibilizar con ning\u00fan tipo de trabajo que conlleve el alta en la Seguridad Social\u00bb. <\/p>\n<p>Esta prohibici\u00f3n se basa en que el reconocimiento de esta incapacidad <b>da derecho a una pensi\u00f3n con un 100% <\/b>de la base reguladora, \u00abuna pensi\u00f3n que se calcula en funci\u00f3n de determinados par\u00e1metros, como la base de cotizaci\u00f3n, los a\u00f1os cotizados, y la edad que tengas\u00bb, explica L\u00f3pez. <\/p>\n<p>Si se da el caso de que una persona con la Incapacidad permanente absoluta est\u00e1 realizando alg\u00fan tipo de trabajo, Pedro L\u00f3pez recomienda <b>consultar al INSS<\/b>, pues es probable que, en alg\u00fan momento pueda reclamarte para, o bien<b> retirarte la pensi\u00f3n o bien para solicitar una revisi\u00f3n<\/b> de esta incapacidad por considerar que, si est\u00e1s trabajando, es que ha habido una mejor\u00eda.<\/p>\n<p>Para resolver dudas sobre pensiones, Seguridad social o cualquier otra duda legal relacionada con el mundo de la discapacidad, puedes mandar tus preguntas a trav\u00e9s &#8216;<a href=\"https:\/\/www.instagram.com\/tododiscapacidad\/\" target=\"_blank\" rel=\"nofollow noopener\">Tododiscapacidad<\/a>&#8216;, el perfil especializado que Pedro L\u00f3pez de Cerro ha creado en Instagram.<\/p>\n<\/div>\n<p>Fuente: Discapacidad https:\/\/www.20minutos.es\/noticia\/5644385\/0\/que-es-que-da-derecho-incapacidad-permanente-absoluta-te-imposibilita-para-trabajar-cualquier-profesion\/<\/p>\n","protected":false},"excerpt":{"rendered":"<p>Dentro de las cuatro incapacidades permanentes que puede conceder la Seguridad a los trabajadores, una de las que m\u00e1s \u2018incapacita\u2019 es la incapacidad permanente&#8230;<\/p>\n","protected":false},"author":1,"featured_media":0,"comment_status":"closed","ping_status":"closed","sticky":false,"template":"","format":"standard","meta":{"footnotes":""},"categories":[8],"tags":[],"class_list":["post-10460","post","type-post","status-publish","format-standard","hentry","category-noticias"],"yoast_head":"<!-- This site is optimized with the Yoast SEO plugin v27.5 - https:\/\/yoast.com\/product\/yoast-seo-wordpress\/ -->\n<title>\u00bfQu\u00e9 es y a qu\u00e9 da derecho la incapacidad permanente absoluta? &quot;Te imposibilita para trabajar en cualquier profesi\u00f3n&quot; - Asociaci\u00f3n Espa\u00f1ola S\u00edndrome de Charge<\/title>\n<meta name=\"robots\" content=\"index, follow, max-snippet:-1, max-image-preview:large, max-video-preview:-1\" \/>\n<link rel=\"canonical\" href=\"https:\/\/sindromecharge.es\/index.php\/2024\/10\/18\/que-es-que-da-derecho-incapacidad-permanente-absoluta-te-imposibilita-para-trabajar-cualquier-profesion\/\" \/>\n<meta property=\"og:locale\" content=\"es_ES\" \/>\n<meta property=\"og:type\" content=\"article\" \/>\n<meta property=\"og:title\" content=\"\u00bfQu\u00e9 es y a qu\u00e9 da derecho la incapacidad permanente absoluta? &quot;Te imposibilita para trabajar en cualquier profesi\u00f3n&quot; - Asociaci\u00f3n Espa\u00f1ola S\u00edndrome de Charge\" \/>\n<meta property=\"og:description\" content=\"Dentro de las cuatro incapacidades permanentes que puede conceder la Seguridad a los trabajadores, una de las que m\u00e1s \u2018incapacita\u2019 es la incapacidad permanente&#8230;\" \/>\n<meta property=\"og:url\" content=\"https:\/\/sindromecharge.es\/index.php\/2024\/10\/18\/que-es-que-da-derecho-incapacidad-permanente-absoluta-te-imposibilita-para-trabajar-cualquier-profesion\/\" \/>\n<meta property=\"og:site_name\" content=\"Asociaci\u00f3n Espa\u00f1ola S\u00edndrome de Charge\" \/>\n<meta property=\"article:publisher\" content=\"https:\/\/www.facebook.com\/asociacionsindromecharge\" \/>\n<meta property=\"article:published_time\" content=\"2024-10-18T05:20:51+00:00\" \/>\n<meta property=\"og:image\" content=\"https:\/\/sindromecharge.es\/wp-content\/uploads\/2013\/09\/logodecharge300x98.png\" \/>\n\t<meta property=\"og:image:width\" content=\"300\" \/>\n\t<meta property=\"og:image:height\" content=\"98\" \/>\n\t<meta property=\"og:image:type\" content=\"image\/png\" \/>\n<meta name=\"author\" content=\"Charge\" \/>\n<meta name=\"twitter:card\" content=\"summary_large_image\" \/>\n<meta name=\"twitter:creator\" content=\"@sindromecharge\" \/>\n<meta name=\"twitter:site\" content=\"@sindromecharge\" \/>\n<meta name=\"twitter:label1\" content=\"Escrito por\" \/>\n\t<meta name=\"twitter:data1\" content=\"Charge\" \/>\n\t<meta name=\"twitter:label2\" content=\"Tiempo de lectura\" \/>\n\t<meta name=\"twitter:data2\" content=\"2 minutos\" \/>\n<script type=\"application\/ld+json\" class=\"yoast-schema-graph\">{\"@context\":\"https:\\\/\\\/schema.org\",\"@graph\":[{\"@type\":\"Article\",\"@id\":\"https:\\\/\\\/sindromecharge.es\\\/index.php\\\/2024\\\/10\\\/18\\\/que-es-que-da-derecho-incapacidad-permanente-absoluta-te-imposibilita-para-trabajar-cualquier-profesion\\\/#article\",\"isPartOf\":{\"@id\":\"https:\\\/\\\/sindromecharge.es\\\/index.php\\\/2024\\\/10\\\/18\\\/que-es-que-da-derecho-incapacidad-permanente-absoluta-te-imposibilita-para-trabajar-cualquier-profesion\\\/\"},\"author\":{\"name\":\"Charge\",\"@id\":\"https:\\\/\\\/sindromecharge.es\\\/#\\\/schema\\\/person\\\/39a60ebe0a2b4d5a11179701e336b039\"},\"headline\":\"\u00bfQu\u00e9 es y a qu\u00e9 da derecho la incapacidad permanente absoluta? \u00abTe imposibilita para trabajar en cualquier profesi\u00f3n\u00bb\",\"datePublished\":\"2024-10-18T05:20:51+00:00\",\"mainEntityOfPage\":{\"@id\":\"https:\\\/\\\/sindromecharge.es\\\/index.php\\\/2024\\\/10\\\/18\\\/que-es-que-da-derecho-incapacidad-permanente-absoluta-te-imposibilita-para-trabajar-cualquier-profesion\\\/\"},\"wordCount\":328,\"articleSection\":[\"noticias\"],\"inLanguage\":\"es\"},{\"@type\":\"WebPage\",\"@id\":\"https:\\\/\\\/sindromecharge.es\\\/index.php\\\/2024\\\/10\\\/18\\\/que-es-que-da-derecho-incapacidad-permanente-absoluta-te-imposibilita-para-trabajar-cualquier-profesion\\\/\",\"url\":\"https:\\\/\\\/sindromecharge.es\\\/index.php\\\/2024\\\/10\\\/18\\\/que-es-que-da-derecho-incapacidad-permanente-absoluta-te-imposibilita-para-trabajar-cualquier-profesion\\\/\",\"name\":\"\u00bfQu\u00e9 es y a qu\u00e9 da derecho la incapacidad permanente absoluta? \\\"Te imposibilita para trabajar en cualquier profesi\u00f3n\\\" - Asociaci\u00f3n Espa\u00f1ola S\u00edndrome de Charge\",\"isPartOf\":{\"@id\":\"https:\\\/\\\/sindromecharge.es\\\/#website\"},\"datePublished\":\"2024-10-18T05:20:51+00:00\",\"author\":{\"@id\":\"https:\\\/\\\/sindromecharge.es\\\/#\\\/schema\\\/person\\\/39a60ebe0a2b4d5a11179701e336b039\"},\"breadcrumb\":{\"@id\":\"https:\\\/\\\/sindromecharge.es\\\/index.php\\\/2024\\\/10\\\/18\\\/que-es-que-da-derecho-incapacidad-permanente-absoluta-te-imposibilita-para-trabajar-cualquier-profesion\\\/#breadcrumb\"},\"inLanguage\":\"es\",\"potentialAction\":[{\"@type\":\"ReadAction\",\"target\":[\"https:\\\/\\\/sindromecharge.es\\\/index.php\\\/2024\\\/10\\\/18\\\/que-es-que-da-derecho-incapacidad-permanente-absoluta-te-imposibilita-para-trabajar-cualquier-profesion\\\/\"]}]},{\"@type\":\"BreadcrumbList\",\"@id\":\"https:\\\/\\\/sindromecharge.es\\\/index.php\\\/2024\\\/10\\\/18\\\/que-es-que-da-derecho-incapacidad-permanente-absoluta-te-imposibilita-para-trabajar-cualquier-profesion\\\/#breadcrumb\",\"itemListElement\":[{\"@type\":\"ListItem\",\"position\":1,\"name\":\"Portada\",\"item\":\"https:\\\/\\\/sindromecharge.es\\\/\"},{\"@type\":\"ListItem\",\"position\":2,\"name\":\"\u00bfQu\u00e9 es y a qu\u00e9 da derecho la incapacidad permanente absoluta? &#8220;Te imposibilita para trabajar en cualquier profesi\u00f3n&#8221;\"}]},{\"@type\":\"WebSite\",\"@id\":\"https:\\\/\\\/sindromecharge.es\\\/#website\",\"url\":\"https:\\\/\\\/sindromecharge.es\\\/\",\"name\":\"Asociaci\u00f3n Espa\u00f1ola S\u00edndrome de Charge\",\"description\":\"\",\"potentialAction\":[{\"@type\":\"SearchAction\",\"target\":{\"@type\":\"EntryPoint\",\"urlTemplate\":\"https:\\\/\\\/sindromecharge.es\\\/?s={search_term_string}\"},\"query-input\":{\"@type\":\"PropertyValueSpecification\",\"valueRequired\":true,\"valueName\":\"search_term_string\"}}],\"inLanguage\":\"es\"},{\"@type\":\"Person\",\"@id\":\"https:\\\/\\\/sindromecharge.es\\\/#\\\/schema\\\/person\\\/39a60ebe0a2b4d5a11179701e336b039\",\"name\":\"Charge\",\"image\":{\"@type\":\"ImageObject\",\"inLanguage\":\"es\",\"@id\":\"https:\\\/\\\/secure.gravatar.com\\\/avatar\\\/c3b46e32a0fc3b093a0873fb767bf3293de856293065e84ef06b7ec7a8acfb98?s=96&d=identicon&r=x\",\"url\":\"https:\\\/\\\/secure.gravatar.com\\\/avatar\\\/c3b46e32a0fc3b093a0873fb767bf3293de856293065e84ef06b7ec7a8acfb98?s=96&d=identicon&r=x\",\"contentUrl\":\"https:\\\/\\\/secure.gravatar.com\\\/avatar\\\/c3b46e32a0fc3b093a0873fb767bf3293de856293065e84ef06b7ec7a8acfb98?s=96&d=identicon&r=x\",\"caption\":\"Charge\"},\"url\":\"https:\\\/\\\/sindromecharge.es\\\/index.php\\\/author\\\/admin\\\/\"}]}<\/script>\n<!-- \/ Yoast SEO plugin. -->","yoast_head_json":{"title":"\u00bfQu\u00e9 es y a qu\u00e9 da derecho la incapacidad permanente absoluta? \"Te imposibilita para trabajar en cualquier profesi\u00f3n\" - Asociaci\u00f3n Espa\u00f1ola S\u00edndrome de Charge","robots":{"index":"index","follow":"follow","max-snippet":"max-snippet:-1","max-image-preview":"max-image-preview:large","max-video-preview":"max-video-preview:-1"},"canonical":"https:\/\/sindromecharge.es\/index.php\/2024\/10\/18\/que-es-que-da-derecho-incapacidad-permanente-absoluta-te-imposibilita-para-trabajar-cualquier-profesion\/","og_locale":"es_ES","og_type":"article","og_title":"\u00bfQu\u00e9 es y a qu\u00e9 da derecho la incapacidad permanente absoluta? \"Te imposibilita para trabajar en cualquier profesi\u00f3n\" - Asociaci\u00f3n Espa\u00f1ola S\u00edndrome de Charge","og_description":"Dentro de las cuatro incapacidades permanentes que puede conceder la Seguridad a los trabajadores, una de las que m\u00e1s \u2018incapacita\u2019 es la incapacidad permanente&#8230;","og_url":"https:\/\/sindromecharge.es\/index.php\/2024\/10\/18\/que-es-que-da-derecho-incapacidad-permanente-absoluta-te-imposibilita-para-trabajar-cualquier-profesion\/","og_site_name":"Asociaci\u00f3n Espa\u00f1ola S\u00edndrome de Charge","article_publisher":"https:\/\/www.facebook.com\/asociacionsindromecharge","article_published_time":"2024-10-18T05:20:51+00:00","og_image":[{"width":300,"height":98,"url":"https:\/\/sindromecharge.es\/wp-content\/uploads\/2013\/09\/logodecharge300x98.png","type":"image\/png"}],"author":"Charge","twitter_card":"summary_large_image","twitter_creator":"@sindromecharge","twitter_site":"@sindromecharge","twitter_misc":{"Escrito por":"Charge","Tiempo de lectura":"2 minutos"},"schema":{"@context":"https:\/\/schema.org","@graph":[{"@type":"Article","@id":"https:\/\/sindromecharge.es\/index.php\/2024\/10\/18\/que-es-que-da-derecho-incapacidad-permanente-absoluta-te-imposibilita-para-trabajar-cualquier-profesion\/#article","isPartOf":{"@id":"https:\/\/sindromecharge.es\/index.php\/2024\/10\/18\/que-es-que-da-derecho-incapacidad-permanente-absoluta-te-imposibilita-para-trabajar-cualquier-profesion\/"},"author":{"name":"Charge","@id":"https:\/\/sindromecharge.es\/#\/schema\/person\/39a60ebe0a2b4d5a11179701e336b039"},"headline":"\u00bfQu\u00e9 es y a qu\u00e9 da derecho la incapacidad permanente absoluta? \u00abTe imposibilita para trabajar en cualquier profesi\u00f3n\u00bb","datePublished":"2024-10-18T05:20:51+00:00","mainEntityOfPage":{"@id":"https:\/\/sindromecharge.es\/index.php\/2024\/10\/18\/que-es-que-da-derecho-incapacidad-permanente-absoluta-te-imposibilita-para-trabajar-cualquier-profesion\/"},"wordCount":328,"articleSection":["noticias"],"inLanguage":"es"},{"@type":"WebPage","@id":"https:\/\/sindromecharge.es\/index.php\/2024\/10\/18\/que-es-que-da-derecho-incapacidad-permanente-absoluta-te-imposibilita-para-trabajar-cualquier-profesion\/","url":"https:\/\/sindromecharge.es\/index.php\/2024\/10\/18\/que-es-que-da-derecho-incapacidad-permanente-absoluta-te-imposibilita-para-trabajar-cualquier-profesion\/","name":"\u00bfQu\u00e9 es y a qu\u00e9 da derecho la incapacidad permanente absoluta? \"Te imposibilita para trabajar en cualquier profesi\u00f3n\" - Asociaci\u00f3n Espa\u00f1ola S\u00edndrome de Charge","isPartOf":{"@id":"https:\/\/sindromecharge.es\/#website"},"datePublished":"2024-10-18T05:20:51+00:00","author":{"@id":"https:\/\/sindromecharge.es\/#\/schema\/person\/39a60ebe0a2b4d5a11179701e336b039"},"breadcrumb":{"@id":"https:\/\/sindromecharge.es\/index.php\/2024\/10\/18\/que-es-que-da-derecho-incapacidad-permanente-absoluta-te-imposibilita-para-trabajar-cualquier-profesion\/#breadcrumb"},"inLanguage":"es","potentialAction":[{"@type":"ReadAction","target":["https:\/\/sindromecharge.es\/index.php\/2024\/10\/18\/que-es-que-da-derecho-incapacidad-permanente-absoluta-te-imposibilita-para-trabajar-cualquier-profesion\/"]}]},{"@type":"BreadcrumbList","@id":"https:\/\/sindromecharge.es\/index.php\/2024\/10\/18\/que-es-que-da-derecho-incapacidad-permanente-absoluta-te-imposibilita-para-trabajar-cualquier-profesion\/#breadcrumb","itemListElement":[{"@type":"ListItem","position":1,"name":"Portada","item":"https:\/\/sindromecharge.es\/"},{"@type":"ListItem","position":2,"name":"\u00bfQu\u00e9 es y a qu\u00e9 da derecho la incapacidad permanente absoluta? &#8220;Te imposibilita para trabajar en cualquier profesi\u00f3n&#8221;"}]},{"@type":"WebSite","@id":"https:\/\/sindromecharge.es\/#website","url":"https:\/\/sindromecharge.es\/","name":"Asociaci\u00f3n Espa\u00f1ola S\u00edndrome de Charge","description":"","potentialAction":[{"@type":"SearchAction","target":{"@type":"EntryPoint","urlTemplate":"https:\/\/sindromecharge.es\/?s={search_term_string}"},"query-input":{"@type":"PropertyValueSpecification","valueRequired":true,"valueName":"search_term_string"}}],"inLanguage":"es"},{"@type":"Person","@id":"https:\/\/sindromecharge.es\/#\/schema\/person\/39a60ebe0a2b4d5a11179701e336b039","name":"Charge","image":{"@type":"ImageObject","inLanguage":"es","@id":"https:\/\/secure.gravatar.com\/avatar\/c3b46e32a0fc3b093a0873fb767bf3293de856293065e84ef06b7ec7a8acfb98?s=96&d=identicon&r=x","url":"https:\/\/secure.gravatar.com\/avatar\/c3b46e32a0fc3b093a0873fb767bf3293de856293065e84ef06b7ec7a8acfb98?s=96&d=identicon&r=x","contentUrl":"https:\/\/secure.gravatar.com\/avatar\/c3b46e32a0fc3b093a0873fb767bf3293de856293065e84ef06b7ec7a8acfb98?s=96&d=identicon&r=x","caption":"Charge"},"url":"https:\/\/sindromecharge.es\/index.php\/author\/admin\/"}]}},"_links":{"self":[{"href":"https:\/\/sindromecharge.es\/index.php\/wp-json\/wp\/v2\/posts\/10460","targetHints":{"allow":["GET"]}}],"collection":[{"href":"https:\/\/sindromecharge.es\/index.php\/wp-json\/wp\/v2\/posts"}],"about":[{"href":"https:\/\/sindromecharge.es\/index.php\/wp-json\/wp\/v2\/types\/post"}],"author":[{"embeddable":true,"href":"https:\/\/sindromecharge.es\/index.php\/wp-json\/wp\/v2\/users\/1"}],"replies":[{"embeddable":true,"href":"https:\/\/sindromecharge.es\/index.php\/wp-json\/wp\/v2\/comments?post=10460"}],"version-history":[{"count":0,"href":"https:\/\/sindromecharge.es\/index.php\/wp-json\/wp\/v2\/posts\/10460\/revisions"}],"wp:attachment":[{"href":"https:\/\/sindromecharge.es\/index.php\/wp-json\/wp\/v2\/media?parent=10460"}],"wp:term":[{"taxonomy":"category","embeddable":true,"href":"https:\/\/sindromecharge.es\/index.php\/wp-json\/wp\/v2\/categories?post=10460"},{"taxonomy":"post_tag","embeddable":true,"href":"https:\/\/sindromecharge.es\/index.php\/wp-json\/wp\/v2\/tags?post=10460"}],"curies":[{"name":"wp","href":"https:\/\/api.w.org\/{rel}","templated":true}]}}