{"id":10458,"date":"2024-10-17T05:21:03","date_gmt":"2024-10-17T05:21:03","guid":{"rendered":"https:\/\/sindromecharge.es\/index.php\/2024\/10\/17\/falta-apoyos-publicos-detras-situacion-pobreza-que-viven-las-familias-personas-con-discapacidad-intelectual\/"},"modified":"2024-10-17T05:21:03","modified_gmt":"2024-10-17T05:21:03","slug":"falta-apoyos-publicos-detras-situacion-pobreza-que-viven-las-familias-personas-con-discapacidad-intelectual","status":"publish","type":"post","link":"https:\/\/sindromecharge.es\/index.php\/2024\/10\/17\/falta-apoyos-publicos-detras-situacion-pobreza-que-viven-las-familias-personas-con-discapacidad-intelectual\/","title":{"rendered":"La falta de apoyos p\u00fablicos, detr\u00e1s de la situaci\u00f3n de pobreza que vive el 30% de las familias de personas con discapacidad"},"content":{"rendered":"<p>Leemos en Discapacidad la siguiente noticia que os reproducimos de forma \u00edntegra: <\/p>\n<div>\n<p>Con motivo del <b>D\u00eda Internacional para la Erradicaci\u00f3n de la Pobreza<\/b>, <b>Plena inclusi\u00f3n<\/b> se une a la Red Europea de Lucha contra la Pobreza (EAPN) para denunciar la <b>situaci\u00f3n de precariedad en la que viven miles de familias de personas con <a href=\"https:\/\/www.20minutos.es\/minuteca\/discapacidad-intelectual\/\" title=\"Discapacidad intelectual\" target=\"_blank\" rel=\"noopener\">discapacidad intelectual<\/a><\/b> y del desarrollo. La<b> falta de apoyos p\u00fablicos<\/b> y el sobreesfuerzo econ\u00f3mico que estas familias deben asumir para cubrir las necesidades cotidianas de sus seres queridos las condena muchas veces a una situaci\u00f3n de pobreza estructural.<\/p>\n<p>En el<b> Informe sobre el Estado de la Pobreza de 2023<\/b>, la EAPN alertaba que el <b>30% de las personas con discapacidad en Espa\u00f1a se encuentran en riesgo de pobreza<\/b> o exclusi\u00f3n social, frente al 22,7% de la poblaci\u00f3n sin discapacidad. Para las m\u00e1s de 400.000 personas con discapacidad intelectual y del desarrollo, esta cifra es a\u00fan m\u00e1s alarmante debido a las barreras adicionales a las que se enfrentan.<\/p>\n<p>Desde Plena inclusi\u00f3n, se se\u00f1ala que la <b>baja inserci\u00f3n laboral <\/b>se ha convertido en uno de los factores clave que<b> perpet\u00faan esta precariedad<\/b>. Seg\u00fan el \u00faltimo informe del INE, solo el 23,8% de las personas con discapacidad intelectual tienen empleo, una cifra que est\u00e1 44,8 puntos por debajo del resto de la poblaci\u00f3n. Adem\u00e1s, la tasa de actividad de este colectivo alcanza apenas el 35%, lo que refuerza la necesidad urgente de medidas que faciliten su acceso igualitario al mundo laboral.<\/p>\n<h2>Efectos indeseados de la ley<\/h2>\n<p>A esta falta de oportunidades laborales se suma el<b> sobrecoste familiar<\/b>, un fen\u00f3meno que refleja el impacto econ\u00f3mico que supone el apoyo constante a las personas con discapacidad intelectual. Seg\u00fan un estudio de Plena inclusi\u00f3n, este <b>sobrecoste asciende a una media de 27.000 euros anuales por familia<\/b>. Y, por si fuera poco, hay que a\u00f1adir los efectos colaterales de la Ley 8\/21 (modificaci\u00f3n legislativa sobre la capacidad jur\u00eddica de las personas con discapacidad intelectual) pueden dejar a las personas y a las familias en <b>una situaci\u00f3n a\u00fan m\u00e1s precaria debido a la p\u00e9rdida de prestaciones y beneficios fiscales<\/b>.<\/p>\n<p>\u00abEs inadmisible que miles de familias que ya enfrentan el desaf\u00edo de cuidar y apoyar a personas con discapacidad intelectual tengan que verse abocadas a la pobreza por la <b>falta de apoyos p\u00fablicos adecuados<\/b>\u00ab, denuncia Enrique Galv\u00e1n, director de Plena inclusi\u00f3n. \u00abPedimos al Gobierno <b>medidas urgentes para garantizar recursos suficientes<\/b> para estas familias que faciliten el acceso a la plena ciudadan\u00eda\u00bb.<\/p>\n<p>Entre las <b>demandas hist\u00f3ricas<\/b> que Plena inclusi\u00f3n reclama, destacan:<\/p>\n<p>\u2022<b>    Acceso preferente y facilitado al<a href=\"https:\/\/www.20minutos.es\/minuteca\/ingreso-minimo-vital\/\" title=\"Ingreso M\u00ednimo Vital\" target=\"_blank\" rel=\"noopener\"> Ingreso M\u00ednimo Vital<\/a> (IMV)<\/b> para las familias con personas con discapacidad a su cargo.<\/p>\n<p>\u2022<b>    Compatibilizaci\u00f3n del IMV con la prestaci\u00f3n por hijo a carg<\/b>o en el caso de hijos e hijas con discapacidad, as\u00ed como el aumento de esta prestaci\u00f3n a 170 euros mensuales por hijo menor y hasta 570,2 euros para hijos con m\u00e1s de un 65% de discapacidad.<\/p>\n<p>La falta de apoyos tambi\u00e9n se refleja en el<b> acceso al sistema educativo, a prestaciones sociales y ayudas<\/b>. Plena inclusi\u00f3n insta a las administraciones p\u00fablicas a priorizar estas necesidades y garantizar un acceso igualitario y digno para las personas con <a href=\"https:\/\/www.20minutos.es\/minuteca\/discapacidad\/\" title=\"Discapacidad\" target=\"_blank\" rel=\"noopener\">discapacidad<\/a> intelectual y sus familias.<\/p>\n<\/div>\n<p>Fuente: Discapacidad https:\/\/www.20minutos.es\/noticia\/5644584\/0\/falta-apoyos-publicos-detras-situacion-pobreza-que-viven-las-familias-personas-con-discapacidad-intelectual\/<\/p>\n","protected":false},"excerpt":{"rendered":"<p>Seg\u00fan denuncia Plena Inclusi\u00f3n Espa\u00f1a en el D\u00eda Internacional para la Erradicaci\u00f3n de la Pobreza, el 30% de las personas con discapacidad en Espa\u00f1a se encuentran en riesgo de pobreza o exclusi\u00f3n social<\/p>\n","protected":false},"author":1,"featured_media":0,"comment_status":"closed","ping_status":"closed","sticky":false,"template":"","format":"standard","meta":{"footnotes":""},"categories":[8],"tags":[],"class_list":["post-10458","post","type-post","status-publish","format-standard","hentry","category-noticias"],"yoast_head":"<!-- This site is optimized with the Yoast SEO plugin v27.5 - https:\/\/yoast.com\/product\/yoast-seo-wordpress\/ -->\n<title>La falta de apoyos p\u00fablicos, detr\u00e1s de la situaci\u00f3n de pobreza que vive el 30% de las familias de personas con discapacidad - Asociaci\u00f3n Espa\u00f1ola S\u00edndrome de Charge<\/title>\n<meta name=\"robots\" content=\"index, follow, max-snippet:-1, max-image-preview:large, max-video-preview:-1\" \/>\n<link rel=\"canonical\" href=\"https:\/\/sindromecharge.es\/index.php\/2024\/10\/17\/falta-apoyos-publicos-detras-situacion-pobreza-que-viven-las-familias-personas-con-discapacidad-intelectual\/\" \/>\n<meta property=\"og:locale\" content=\"es_ES\" \/>\n<meta property=\"og:type\" content=\"article\" \/>\n<meta property=\"og:title\" content=\"La falta de apoyos p\u00fablicos, detr\u00e1s de la situaci\u00f3n de pobreza que vive el 30% de las familias de personas con discapacidad - Asociaci\u00f3n Espa\u00f1ola S\u00edndrome de Charge\" \/>\n<meta property=\"og:description\" content=\"Seg\u00fan denuncia Plena Inclusi\u00f3n Espa\u00f1a en el D\u00eda Internacional para la Erradicaci\u00f3n de la Pobreza, el 30% de las personas con discapacidad en Espa\u00f1a se encuentran en riesgo de pobreza o exclusi\u00f3n social\" \/>\n<meta property=\"og:url\" content=\"https:\/\/sindromecharge.es\/index.php\/2024\/10\/17\/falta-apoyos-publicos-detras-situacion-pobreza-que-viven-las-familias-personas-con-discapacidad-intelectual\/\" \/>\n<meta property=\"og:site_name\" content=\"Asociaci\u00f3n Espa\u00f1ola S\u00edndrome de Charge\" \/>\n<meta property=\"article:publisher\" content=\"https:\/\/www.facebook.com\/asociacionsindromecharge\" \/>\n<meta property=\"article:published_time\" content=\"2024-10-17T05:21:03+00:00\" \/>\n<meta property=\"og:image\" content=\"https:\/\/sindromecharge.es\/wp-content\/uploads\/2013\/09\/logodecharge300x98.png\" \/>\n\t<meta property=\"og:image:width\" content=\"300\" \/>\n\t<meta property=\"og:image:height\" content=\"98\" \/>\n\t<meta property=\"og:image:type\" content=\"image\/png\" \/>\n<meta name=\"author\" content=\"Charge\" \/>\n<meta name=\"twitter:card\" content=\"summary_large_image\" \/>\n<meta name=\"twitter:creator\" content=\"@sindromecharge\" \/>\n<meta name=\"twitter:site\" content=\"@sindromecharge\" \/>\n<meta name=\"twitter:label1\" content=\"Escrito por\" \/>\n\t<meta name=\"twitter:data1\" content=\"Charge\" \/>\n\t<meta name=\"twitter:label2\" content=\"Tiempo de lectura\" \/>\n\t<meta name=\"twitter:data2\" content=\"3 minutos\" \/>\n<script type=\"application\/ld+json\" class=\"yoast-schema-graph\">{\"@context\":\"https:\\\/\\\/schema.org\",\"@graph\":[{\"@type\":\"Article\",\"@id\":\"https:\\\/\\\/sindromecharge.es\\\/index.php\\\/2024\\\/10\\\/17\\\/falta-apoyos-publicos-detras-situacion-pobreza-que-viven-las-familias-personas-con-discapacidad-intelectual\\\/#article\",\"isPartOf\":{\"@id\":\"https:\\\/\\\/sindromecharge.es\\\/index.php\\\/2024\\\/10\\\/17\\\/falta-apoyos-publicos-detras-situacion-pobreza-que-viven-las-familias-personas-con-discapacidad-intelectual\\\/\"},\"author\":{\"name\":\"Charge\",\"@id\":\"https:\\\/\\\/sindromecharge.es\\\/#\\\/schema\\\/person\\\/39a60ebe0a2b4d5a11179701e336b039\"},\"headline\":\"La falta de apoyos p\u00fablicos, detr\u00e1s de la situaci\u00f3n de pobreza que vive el 30% de las familias de personas con discapacidad\",\"datePublished\":\"2024-10-17T05:21:03+00:00\",\"mainEntityOfPage\":{\"@id\":\"https:\\\/\\\/sindromecharge.es\\\/index.php\\\/2024\\\/10\\\/17\\\/falta-apoyos-publicos-detras-situacion-pobreza-que-viven-las-familias-personas-con-discapacidad-intelectual\\\/\"},\"wordCount\":590,\"articleSection\":[\"noticias\"],\"inLanguage\":\"es\"},{\"@type\":\"WebPage\",\"@id\":\"https:\\\/\\\/sindromecharge.es\\\/index.php\\\/2024\\\/10\\\/17\\\/falta-apoyos-publicos-detras-situacion-pobreza-que-viven-las-familias-personas-con-discapacidad-intelectual\\\/\",\"url\":\"https:\\\/\\\/sindromecharge.es\\\/index.php\\\/2024\\\/10\\\/17\\\/falta-apoyos-publicos-detras-situacion-pobreza-que-viven-las-familias-personas-con-discapacidad-intelectual\\\/\",\"name\":\"La falta de apoyos p\u00fablicos, detr\u00e1s de la situaci\u00f3n de pobreza que vive el 30% de las familias de personas con discapacidad - Asociaci\u00f3n Espa\u00f1ola S\u00edndrome de Charge\",\"isPartOf\":{\"@id\":\"https:\\\/\\\/sindromecharge.es\\\/#website\"},\"datePublished\":\"2024-10-17T05:21:03+00:00\",\"author\":{\"@id\":\"https:\\\/\\\/sindromecharge.es\\\/#\\\/schema\\\/person\\\/39a60ebe0a2b4d5a11179701e336b039\"},\"breadcrumb\":{\"@id\":\"https:\\\/\\\/sindromecharge.es\\\/index.php\\\/2024\\\/10\\\/17\\\/falta-apoyos-publicos-detras-situacion-pobreza-que-viven-las-familias-personas-con-discapacidad-intelectual\\\/#breadcrumb\"},\"inLanguage\":\"es\",\"potentialAction\":[{\"@type\":\"ReadAction\",\"target\":[\"https:\\\/\\\/sindromecharge.es\\\/index.php\\\/2024\\\/10\\\/17\\\/falta-apoyos-publicos-detras-situacion-pobreza-que-viven-las-familias-personas-con-discapacidad-intelectual\\\/\"]}]},{\"@type\":\"BreadcrumbList\",\"@id\":\"https:\\\/\\\/sindromecharge.es\\\/index.php\\\/2024\\\/10\\\/17\\\/falta-apoyos-publicos-detras-situacion-pobreza-que-viven-las-familias-personas-con-discapacidad-intelectual\\\/#breadcrumb\",\"itemListElement\":[{\"@type\":\"ListItem\",\"position\":1,\"name\":\"Portada\",\"item\":\"https:\\\/\\\/sindromecharge.es\\\/\"},{\"@type\":\"ListItem\",\"position\":2,\"name\":\"La falta de apoyos p\u00fablicos, detr\u00e1s de la situaci\u00f3n de pobreza que vive el 30% de las familias de personas con discapacidad\"}]},{\"@type\":\"WebSite\",\"@id\":\"https:\\\/\\\/sindromecharge.es\\\/#website\",\"url\":\"https:\\\/\\\/sindromecharge.es\\\/\",\"name\":\"Asociaci\u00f3n Espa\u00f1ola S\u00edndrome de Charge\",\"description\":\"\",\"potentialAction\":[{\"@type\":\"SearchAction\",\"target\":{\"@type\":\"EntryPoint\",\"urlTemplate\":\"https:\\\/\\\/sindromecharge.es\\\/?s={search_term_string}\"},\"query-input\":{\"@type\":\"PropertyValueSpecification\",\"valueRequired\":true,\"valueName\":\"search_term_string\"}}],\"inLanguage\":\"es\"},{\"@type\":\"Person\",\"@id\":\"https:\\\/\\\/sindromecharge.es\\\/#\\\/schema\\\/person\\\/39a60ebe0a2b4d5a11179701e336b039\",\"name\":\"Charge\",\"image\":{\"@type\":\"ImageObject\",\"inLanguage\":\"es\",\"@id\":\"https:\\\/\\\/secure.gravatar.com\\\/avatar\\\/c3b46e32a0fc3b093a0873fb767bf3293de856293065e84ef06b7ec7a8acfb98?s=96&d=identicon&r=x\",\"url\":\"https:\\\/\\\/secure.gravatar.com\\\/avatar\\\/c3b46e32a0fc3b093a0873fb767bf3293de856293065e84ef06b7ec7a8acfb98?s=96&d=identicon&r=x\",\"contentUrl\":\"https:\\\/\\\/secure.gravatar.com\\\/avatar\\\/c3b46e32a0fc3b093a0873fb767bf3293de856293065e84ef06b7ec7a8acfb98?s=96&d=identicon&r=x\",\"caption\":\"Charge\"},\"url\":\"https:\\\/\\\/sindromecharge.es\\\/index.php\\\/author\\\/admin\\\/\"}]}<\/script>\n<!-- \/ Yoast SEO plugin. -->","yoast_head_json":{"title":"La falta de apoyos p\u00fablicos, detr\u00e1s de la situaci\u00f3n de pobreza que vive el 30% de las familias de personas con discapacidad - Asociaci\u00f3n Espa\u00f1ola S\u00edndrome de Charge","robots":{"index":"index","follow":"follow","max-snippet":"max-snippet:-1","max-image-preview":"max-image-preview:large","max-video-preview":"max-video-preview:-1"},"canonical":"https:\/\/sindromecharge.es\/index.php\/2024\/10\/17\/falta-apoyos-publicos-detras-situacion-pobreza-que-viven-las-familias-personas-con-discapacidad-intelectual\/","og_locale":"es_ES","og_type":"article","og_title":"La falta de apoyos p\u00fablicos, detr\u00e1s de la situaci\u00f3n de pobreza que vive el 30% de las familias de personas con discapacidad - Asociaci\u00f3n Espa\u00f1ola S\u00edndrome de Charge","og_description":"Seg\u00fan denuncia Plena Inclusi\u00f3n Espa\u00f1a en el D\u00eda Internacional para la Erradicaci\u00f3n de la Pobreza, el 30% de las personas con discapacidad en Espa\u00f1a se encuentran en riesgo de pobreza o exclusi\u00f3n social","og_url":"https:\/\/sindromecharge.es\/index.php\/2024\/10\/17\/falta-apoyos-publicos-detras-situacion-pobreza-que-viven-las-familias-personas-con-discapacidad-intelectual\/","og_site_name":"Asociaci\u00f3n Espa\u00f1ola S\u00edndrome de Charge","article_publisher":"https:\/\/www.facebook.com\/asociacionsindromecharge","article_published_time":"2024-10-17T05:21:03+00:00","og_image":[{"width":300,"height":98,"url":"https:\/\/sindromecharge.es\/wp-content\/uploads\/2013\/09\/logodecharge300x98.png","type":"image\/png"}],"author":"Charge","twitter_card":"summary_large_image","twitter_creator":"@sindromecharge","twitter_site":"@sindromecharge","twitter_misc":{"Escrito por":"Charge","Tiempo de lectura":"3 minutos"},"schema":{"@context":"https:\/\/schema.org","@graph":[{"@type":"Article","@id":"https:\/\/sindromecharge.es\/index.php\/2024\/10\/17\/falta-apoyos-publicos-detras-situacion-pobreza-que-viven-las-familias-personas-con-discapacidad-intelectual\/#article","isPartOf":{"@id":"https:\/\/sindromecharge.es\/index.php\/2024\/10\/17\/falta-apoyos-publicos-detras-situacion-pobreza-que-viven-las-familias-personas-con-discapacidad-intelectual\/"},"author":{"name":"Charge","@id":"https:\/\/sindromecharge.es\/#\/schema\/person\/39a60ebe0a2b4d5a11179701e336b039"},"headline":"La falta de apoyos p\u00fablicos, detr\u00e1s de la situaci\u00f3n de pobreza que vive el 30% de las familias de personas con discapacidad","datePublished":"2024-10-17T05:21:03+00:00","mainEntityOfPage":{"@id":"https:\/\/sindromecharge.es\/index.php\/2024\/10\/17\/falta-apoyos-publicos-detras-situacion-pobreza-que-viven-las-familias-personas-con-discapacidad-intelectual\/"},"wordCount":590,"articleSection":["noticias"],"inLanguage":"es"},{"@type":"WebPage","@id":"https:\/\/sindromecharge.es\/index.php\/2024\/10\/17\/falta-apoyos-publicos-detras-situacion-pobreza-que-viven-las-familias-personas-con-discapacidad-intelectual\/","url":"https:\/\/sindromecharge.es\/index.php\/2024\/10\/17\/falta-apoyos-publicos-detras-situacion-pobreza-que-viven-las-familias-personas-con-discapacidad-intelectual\/","name":"La falta de apoyos p\u00fablicos, detr\u00e1s de la situaci\u00f3n de pobreza que vive el 30% de las familias de personas con discapacidad - Asociaci\u00f3n Espa\u00f1ola S\u00edndrome de Charge","isPartOf":{"@id":"https:\/\/sindromecharge.es\/#website"},"datePublished":"2024-10-17T05:21:03+00:00","author":{"@id":"https:\/\/sindromecharge.es\/#\/schema\/person\/39a60ebe0a2b4d5a11179701e336b039"},"breadcrumb":{"@id":"https:\/\/sindromecharge.es\/index.php\/2024\/10\/17\/falta-apoyos-publicos-detras-situacion-pobreza-que-viven-las-familias-personas-con-discapacidad-intelectual\/#breadcrumb"},"inLanguage":"es","potentialAction":[{"@type":"ReadAction","target":["https:\/\/sindromecharge.es\/index.php\/2024\/10\/17\/falta-apoyos-publicos-detras-situacion-pobreza-que-viven-las-familias-personas-con-discapacidad-intelectual\/"]}]},{"@type":"BreadcrumbList","@id":"https:\/\/sindromecharge.es\/index.php\/2024\/10\/17\/falta-apoyos-publicos-detras-situacion-pobreza-que-viven-las-familias-personas-con-discapacidad-intelectual\/#breadcrumb","itemListElement":[{"@type":"ListItem","position":1,"name":"Portada","item":"https:\/\/sindromecharge.es\/"},{"@type":"ListItem","position":2,"name":"La falta de apoyos p\u00fablicos, detr\u00e1s de la situaci\u00f3n de pobreza que vive el 30% de las familias de personas con discapacidad"}]},{"@type":"WebSite","@id":"https:\/\/sindromecharge.es\/#website","url":"https:\/\/sindromecharge.es\/","name":"Asociaci\u00f3n Espa\u00f1ola S\u00edndrome de Charge","description":"","potentialAction":[{"@type":"SearchAction","target":{"@type":"EntryPoint","urlTemplate":"https:\/\/sindromecharge.es\/?s={search_term_string}"},"query-input":{"@type":"PropertyValueSpecification","valueRequired":true,"valueName":"search_term_string"}}],"inLanguage":"es"},{"@type":"Person","@id":"https:\/\/sindromecharge.es\/#\/schema\/person\/39a60ebe0a2b4d5a11179701e336b039","name":"Charge","image":{"@type":"ImageObject","inLanguage":"es","@id":"https:\/\/secure.gravatar.com\/avatar\/c3b46e32a0fc3b093a0873fb767bf3293de856293065e84ef06b7ec7a8acfb98?s=96&d=identicon&r=x","url":"https:\/\/secure.gravatar.com\/avatar\/c3b46e32a0fc3b093a0873fb767bf3293de856293065e84ef06b7ec7a8acfb98?s=96&d=identicon&r=x","contentUrl":"https:\/\/secure.gravatar.com\/avatar\/c3b46e32a0fc3b093a0873fb767bf3293de856293065e84ef06b7ec7a8acfb98?s=96&d=identicon&r=x","caption":"Charge"},"url":"https:\/\/sindromecharge.es\/index.php\/author\/admin\/"}]}},"_links":{"self":[{"href":"https:\/\/sindromecharge.es\/index.php\/wp-json\/wp\/v2\/posts\/10458","targetHints":{"allow":["GET"]}}],"collection":[{"href":"https:\/\/sindromecharge.es\/index.php\/wp-json\/wp\/v2\/posts"}],"about":[{"href":"https:\/\/sindromecharge.es\/index.php\/wp-json\/wp\/v2\/types\/post"}],"author":[{"embeddable":true,"href":"https:\/\/sindromecharge.es\/index.php\/wp-json\/wp\/v2\/users\/1"}],"replies":[{"embeddable":true,"href":"https:\/\/sindromecharge.es\/index.php\/wp-json\/wp\/v2\/comments?post=10458"}],"version-history":[{"count":0,"href":"https:\/\/sindromecharge.es\/index.php\/wp-json\/wp\/v2\/posts\/10458\/revisions"}],"wp:attachment":[{"href":"https:\/\/sindromecharge.es\/index.php\/wp-json\/wp\/v2\/media?parent=10458"}],"wp:term":[{"taxonomy":"category","embeddable":true,"href":"https:\/\/sindromecharge.es\/index.php\/wp-json\/wp\/v2\/categories?post=10458"},{"taxonomy":"post_tag","embeddable":true,"href":"https:\/\/sindromecharge.es\/index.php\/wp-json\/wp\/v2\/tags?post=10458"}],"curies":[{"name":"wp","href":"https:\/\/api.w.org\/{rel}","templated":true}]}}