{"id":10457,"date":"2024-10-17T05:20:14","date_gmt":"2024-10-17T05:20:14","guid":{"rendered":"https:\/\/sindromecharge.es\/index.php\/2024\/10\/17\/bullying-acoso-escolar-ninos-con-discapacidad-asi-afecta-su-desarrollo-emocional-cognitivo\/"},"modified":"2024-10-17T05:20:14","modified_gmt":"2024-10-17T05:20:14","slug":"bullying-acoso-escolar-ninos-con-discapacidad-asi-afecta-su-desarrollo-emocional-cognitivo","status":"publish","type":"post","link":"https:\/\/sindromecharge.es\/index.php\/2024\/10\/17\/bullying-acoso-escolar-ninos-con-discapacidad-asi-afecta-su-desarrollo-emocional-cognitivo\/","title":{"rendered":"Acoso escolar en ni\u00f1os con discapacidad: as\u00ed afecta a su desarrollo emocional y cognitivo"},"content":{"rendered":"<p>Leemos en Discapacidad la siguiente noticia que os reproducimos de forma \u00edntegra: <\/p>\n<div>\n<p>El <a href=\"https:\/\/www.20minutos.es\/minuteca\/bullying\/\" title=\"Bullying\"><i>bullying<\/i> <\/a>y el <a href=\"https:\/\/www.20minutos.es\/minuteca\/acoso-escolar\/\" title=\"Acoso escolar\">acoso escolar<\/a> son problemas graves que afectan a millones de ni\u00f1os y adolescentes en todo el mundo. Sin embargo, su impacto es <b>a\u00fan m\u00e1s devastador<\/b> para aquellos que tienen alguna forma de <a href=\"https:\/\/www.20minutos.es\/minuteca\/discapacidad\/\" title=\"Discapacidad\">discapacidad<\/a>. Seg\u00fan <b>Daniela Tautiva<\/b>, neuropsic\u00f3loga infanto-juvenil y Coordinadora del Gabinete Multidisciplinar de la <a href=\"https:\/\/www.20minutos.es\/minuteca\/fundacion-querer\/\" title=\"Fundaci\u00f3n Querer\">Fundaci\u00f3n Querer<\/a>, el acoso escolar en ni\u00f1os con discapacidad puede tener consecuencias profundamente negativas y duraderas en su salud mental y emocional.<\/p>\n<p>\u00abEl impacto emocional que tiene <b>cualquier tipo de maltrato en la infancia<\/b> y adolescencia repercute directamente en la probabilidad de padecer alg\u00fan trastorno emocional y del comportamiento\u00bb, se\u00f1ala Tautiva. Los ni\u00f1os con discapacidad no solo son m\u00e1s propensos a ser v\u00edctimas de <i>bullying<\/i>, sino que tambi\u00e9n <b>experimentan un impacto m\u00e1s severo en su bienestar mental<\/b>. \u00abEl tener una discapacidad se podr\u00eda reconocer como un factor de riesgo para padecer acoso escolar. Por lo tanto, las probabilidades en ellos aumentan\u00bb, a\u00f1ade.<\/p>\n<h2>Dificultades adicionales para adaptarse al entorno<br \/><\/h2>\n<p>Uno de los principales desaf\u00edos que enfrentan los ni\u00f1os con <a href=\"https:\/\/www.20minutos.es\/minuteca\/discapacidad-intelectual\/\" title=\"Discapacidad intelectual\">discapacidad <\/a>es la <b>falta de herramientas<\/b> para adaptarse socialmente. Daniela Tautiva explica que \u00abalgunas discapacidades convergen con dificultades en la cognici\u00f3n social; es decir, en la comprensi\u00f3n de las relaciones sociales y mi papel en ellas, por lo que <b>su abordaje suele tomar m\u00e1s tiempo y ser m\u00e1s complejo<\/b>\u00ab. Esta dificultad para entender las din\u00e1micas sociales puede hacer que los ni\u00f1os con discapacidades, como el Trastorno del Espectro Autista (<b>TEA<\/b>), sean m\u00e1s vulnerables al rechazo y la incomprensi\u00f3n por parte de sus compa\u00f1eros.<\/p>\n<h2>El entorno escolar y social como factor clave<br \/><\/h2>\n<p>El entorno escolar y social juega un papel crucial en la vulnerabilidad de los ni\u00f1os con <a href=\"https:\/\/www.20minutos.es\/minuteca\/discapacidad-intelectual\/\" title=\"Discapacidad intelectual\">discapacidad <\/a>frente al bullying. \u00abSi tuvi\u00e9ramos en el entorno escolar y desde casa una <b>cultura de respeto por la diferencia<\/b>, la aceptaci\u00f3n y naturalidad por la discapacidad, <b>tendr\u00edamos ni\u00f1os m\u00e1s felices<\/b>\u00ab, afirma Tautiva. Subraya que el acoso no siempre es producto de la falta de empat\u00eda, sino m\u00e1s bien del desconocimiento y la falta de informaci\u00f3n sobre la discapacidad. Por ello, destaca la importancia de la <b>psicoeducaci\u00f3n <\/b>tanto en el hogar como en la escuela.<\/p>\n<h2>Efectos a corto y largo plazo<br \/><\/h2>\n<p>Los efectos del <a href=\"https:\/\/www.20minutos.es\/minuteca\/bullying\/\" title=\"Bullying\">bullying <\/a>en ni\u00f1os con discapacidad pueden manifestarse tanto a corto como a largo plazo, afectando su desarrollo emocional y cognitivo. Seg\u00fan Tautiva, \u00abcrecer en <b>ambientes hostiles, de conflicto o violencia<\/b> repercute en la capacidad atencional, funciones ejecutivas, autoestima y riesgo de padecer trastornos emocionales y de conducta\u00bb. Estos ni\u00f1os pueden mostrar signos de <b>aislamiento, regresiones en hitos del desarrollo<\/b> como control de esf\u00ednteres, y cambios de humor constantes, entre otros s\u00edntomas.<\/p>\n<h2>Se\u00f1ales de alerta para padres y educadores<br \/><\/h2>\n<p>Es fundamental que los padres y educadores est\u00e9n atentos a las se\u00f1ales de que un ni\u00f1o con discapacidad pueda estar sufriendo acoso escolar. \u00abComienzan a aislarse,<b> inventan excusas para no ir a la escuela<\/b>, incluso mencionan diferentes enfermedades o <b>malestares f\u00edsicos<\/b> para evitarla\u00bb, advierte Tautiva. Detectar estas se\u00f1ales a tiempo es crucial para intervenir de manera efectiva y<b> evitar da\u00f1os emocionales<\/b> a largo plazo.<\/p>\n<h2>Estrategias para enfrentarlo<br \/><\/h2>\n<p>En cuanto a las estrategias para proteger la <a href=\"https:\/\/www.20minutos.es\/salud\/minuteca\/salud-mental\/\" title=\"Salud mental\">salud mental<\/a> de estos ni\u00f1os, Tautiva enfatiza la importancia de la psicoterapia, especialmente la sist\u00e9mica, que se enfoca en crear una red de apoyo emocional adecuada. Tambi\u00e9n subraya la necesidad de que las <b>escuelas y las comunidades eduquen sobre la discapacidad<\/b> y fomenten la empat\u00eda y el respeto desde una edad temprana. \u00abMientras m\u00e1s informaci\u00f3n se les d\u00e9 a los ni\u00f1os, ni\u00f1as y adolescentes sobre la <a href=\"https:\/\/www.20minutos.es\/minuteca\/discapacidad\/\" title=\"Discapacidad\">discapacidad<\/a>, se reduce el riesgo a lo desconocido y se disminuye el morbo\u00bb, asegura.<\/p>\n<h2>Importancia de la intervenci\u00f3n temprana<br \/><\/h2>\n<p>El mensaje de Daniela Tautiva es claro: la intervenci\u00f3n temprana es esencial para mitigar el da\u00f1o emocional causado por el bullying. \u00abDesde las primeras se\u00f1ales, <b>lo ideal es acudir al psic\u00f3logo<\/b>. Este es el profesional id\u00f3neo para identificar si nuestro hijo o hija est\u00e1 siendo maltratado por sus pares. <b>La inmediatez en estos casos es nuestra aliada<\/b>, pues evitamos su sufrimiento y reducimos las probabilidades de da\u00f1os emocionales a largo plazo\u00bb, concluye.<\/p>\n<p>La <a href=\"https:\/\/www.20minutos.es\/salud\/minuteca\/salud-mental\/\" title=\"Salud mental\">salud mental<\/a> de los ni\u00f1os con discapacidad depende en gran medida de c\u00f3mo los adultos y la sociedad en general aborden el problema del bullying. Crear <b>entornos inclusivos<\/b>, seguros y respetuosos es una responsabilidad compartida que puede marcar una diferencia significativa en la vida de estos j\u00f3venes.<\/p>\n<\/div>\n<p>Fuente: Discapacidad https:\/\/www.20minutos.es\/noticia\/5644369\/0\/bullying-acoso-escolar-ninos-con-discapacidad-asi-afecta-su-desarrollo-emocional-cognitivo\/<\/p>\n","protected":false},"excerpt":{"rendered":"<p>El bullying y el acoso escolar son problemas graves que afectan a millones de ni\u00f1os y adolescentes en todo el mundo. Sin embargo, su impacto es a\u00fan m\u00e1s devastador&#8230;<\/p>\n","protected":false},"author":1,"featured_media":0,"comment_status":"closed","ping_status":"closed","sticky":false,"template":"","format":"standard","meta":{"footnotes":""},"categories":[8],"tags":[],"class_list":["post-10457","post","type-post","status-publish","format-standard","hentry","category-noticias"],"yoast_head":"<!-- This site is optimized with the Yoast SEO plugin v27.5 - https:\/\/yoast.com\/product\/yoast-seo-wordpress\/ -->\n<title>Acoso escolar en ni\u00f1os con discapacidad: as\u00ed afecta a su desarrollo emocional y cognitivo - Asociaci\u00f3n Espa\u00f1ola S\u00edndrome de Charge<\/title>\n<meta name=\"robots\" content=\"index, follow, max-snippet:-1, max-image-preview:large, max-video-preview:-1\" \/>\n<link rel=\"canonical\" href=\"https:\/\/sindromecharge.es\/index.php\/2024\/10\/17\/bullying-acoso-escolar-ninos-con-discapacidad-asi-afecta-su-desarrollo-emocional-cognitivo\/\" \/>\n<meta property=\"og:locale\" content=\"es_ES\" \/>\n<meta property=\"og:type\" content=\"article\" \/>\n<meta property=\"og:title\" content=\"Acoso escolar en ni\u00f1os con discapacidad: as\u00ed afecta a su desarrollo emocional y cognitivo - Asociaci\u00f3n Espa\u00f1ola S\u00edndrome de Charge\" \/>\n<meta property=\"og:description\" content=\"El bullying y el acoso escolar son problemas graves que afectan a millones de ni\u00f1os y adolescentes en todo el mundo. Sin embargo, su impacto es a\u00fan m\u00e1s devastador&#8230;\" \/>\n<meta property=\"og:url\" content=\"https:\/\/sindromecharge.es\/index.php\/2024\/10\/17\/bullying-acoso-escolar-ninos-con-discapacidad-asi-afecta-su-desarrollo-emocional-cognitivo\/\" \/>\n<meta property=\"og:site_name\" content=\"Asociaci\u00f3n Espa\u00f1ola S\u00edndrome de Charge\" \/>\n<meta property=\"article:publisher\" content=\"https:\/\/www.facebook.com\/asociacionsindromecharge\" \/>\n<meta property=\"article:published_time\" content=\"2024-10-17T05:20:14+00:00\" \/>\n<meta property=\"og:image\" content=\"https:\/\/sindromecharge.es\/wp-content\/uploads\/2013\/09\/logodecharge300x98.png\" \/>\n\t<meta property=\"og:image:width\" content=\"300\" \/>\n\t<meta property=\"og:image:height\" content=\"98\" \/>\n\t<meta property=\"og:image:type\" content=\"image\/png\" \/>\n<meta name=\"author\" content=\"Charge\" \/>\n<meta name=\"twitter:card\" content=\"summary_large_image\" \/>\n<meta name=\"twitter:creator\" content=\"@sindromecharge\" \/>\n<meta name=\"twitter:site\" content=\"@sindromecharge\" \/>\n<meta name=\"twitter:label1\" content=\"Escrito por\" \/>\n\t<meta name=\"twitter:data1\" content=\"Charge\" \/>\n\t<meta name=\"twitter:label2\" content=\"Tiempo de lectura\" \/>\n\t<meta name=\"twitter:data2\" content=\"4 minutos\" \/>\n<script type=\"application\/ld+json\" class=\"yoast-schema-graph\">{\"@context\":\"https:\\\/\\\/schema.org\",\"@graph\":[{\"@type\":\"Article\",\"@id\":\"https:\\\/\\\/sindromecharge.es\\\/index.php\\\/2024\\\/10\\\/17\\\/bullying-acoso-escolar-ninos-con-discapacidad-asi-afecta-su-desarrollo-emocional-cognitivo\\\/#article\",\"isPartOf\":{\"@id\":\"https:\\\/\\\/sindromecharge.es\\\/index.php\\\/2024\\\/10\\\/17\\\/bullying-acoso-escolar-ninos-con-discapacidad-asi-afecta-su-desarrollo-emocional-cognitivo\\\/\"},\"author\":{\"name\":\"Charge\",\"@id\":\"https:\\\/\\\/sindromecharge.es\\\/#\\\/schema\\\/person\\\/39a60ebe0a2b4d5a11179701e336b039\"},\"headline\":\"Acoso escolar en ni\u00f1os con discapacidad: as\u00ed afecta a su desarrollo emocional y cognitivo\",\"datePublished\":\"2024-10-17T05:20:14+00:00\",\"mainEntityOfPage\":{\"@id\":\"https:\\\/\\\/sindromecharge.es\\\/index.php\\\/2024\\\/10\\\/17\\\/bullying-acoso-escolar-ninos-con-discapacidad-asi-afecta-su-desarrollo-emocional-cognitivo\\\/\"},\"wordCount\":818,\"articleSection\":[\"noticias\"],\"inLanguage\":\"es\"},{\"@type\":\"WebPage\",\"@id\":\"https:\\\/\\\/sindromecharge.es\\\/index.php\\\/2024\\\/10\\\/17\\\/bullying-acoso-escolar-ninos-con-discapacidad-asi-afecta-su-desarrollo-emocional-cognitivo\\\/\",\"url\":\"https:\\\/\\\/sindromecharge.es\\\/index.php\\\/2024\\\/10\\\/17\\\/bullying-acoso-escolar-ninos-con-discapacidad-asi-afecta-su-desarrollo-emocional-cognitivo\\\/\",\"name\":\"Acoso escolar en ni\u00f1os con discapacidad: as\u00ed afecta a su desarrollo emocional y cognitivo - Asociaci\u00f3n Espa\u00f1ola S\u00edndrome de Charge\",\"isPartOf\":{\"@id\":\"https:\\\/\\\/sindromecharge.es\\\/#website\"},\"datePublished\":\"2024-10-17T05:20:14+00:00\",\"author\":{\"@id\":\"https:\\\/\\\/sindromecharge.es\\\/#\\\/schema\\\/person\\\/39a60ebe0a2b4d5a11179701e336b039\"},\"breadcrumb\":{\"@id\":\"https:\\\/\\\/sindromecharge.es\\\/index.php\\\/2024\\\/10\\\/17\\\/bullying-acoso-escolar-ninos-con-discapacidad-asi-afecta-su-desarrollo-emocional-cognitivo\\\/#breadcrumb\"},\"inLanguage\":\"es\",\"potentialAction\":[{\"@type\":\"ReadAction\",\"target\":[\"https:\\\/\\\/sindromecharge.es\\\/index.php\\\/2024\\\/10\\\/17\\\/bullying-acoso-escolar-ninos-con-discapacidad-asi-afecta-su-desarrollo-emocional-cognitivo\\\/\"]}]},{\"@type\":\"BreadcrumbList\",\"@id\":\"https:\\\/\\\/sindromecharge.es\\\/index.php\\\/2024\\\/10\\\/17\\\/bullying-acoso-escolar-ninos-con-discapacidad-asi-afecta-su-desarrollo-emocional-cognitivo\\\/#breadcrumb\",\"itemListElement\":[{\"@type\":\"ListItem\",\"position\":1,\"name\":\"Portada\",\"item\":\"https:\\\/\\\/sindromecharge.es\\\/\"},{\"@type\":\"ListItem\",\"position\":2,\"name\":\"Acoso escolar en ni\u00f1os con discapacidad: as\u00ed afecta a su desarrollo emocional y cognitivo\"}]},{\"@type\":\"WebSite\",\"@id\":\"https:\\\/\\\/sindromecharge.es\\\/#website\",\"url\":\"https:\\\/\\\/sindromecharge.es\\\/\",\"name\":\"Asociaci\u00f3n Espa\u00f1ola S\u00edndrome de Charge\",\"description\":\"\",\"potentialAction\":[{\"@type\":\"SearchAction\",\"target\":{\"@type\":\"EntryPoint\",\"urlTemplate\":\"https:\\\/\\\/sindromecharge.es\\\/?s={search_term_string}\"},\"query-input\":{\"@type\":\"PropertyValueSpecification\",\"valueRequired\":true,\"valueName\":\"search_term_string\"}}],\"inLanguage\":\"es\"},{\"@type\":\"Person\",\"@id\":\"https:\\\/\\\/sindromecharge.es\\\/#\\\/schema\\\/person\\\/39a60ebe0a2b4d5a11179701e336b039\",\"name\":\"Charge\",\"image\":{\"@type\":\"ImageObject\",\"inLanguage\":\"es\",\"@id\":\"https:\\\/\\\/secure.gravatar.com\\\/avatar\\\/c3b46e32a0fc3b093a0873fb767bf3293de856293065e84ef06b7ec7a8acfb98?s=96&d=identicon&r=x\",\"url\":\"https:\\\/\\\/secure.gravatar.com\\\/avatar\\\/c3b46e32a0fc3b093a0873fb767bf3293de856293065e84ef06b7ec7a8acfb98?s=96&d=identicon&r=x\",\"contentUrl\":\"https:\\\/\\\/secure.gravatar.com\\\/avatar\\\/c3b46e32a0fc3b093a0873fb767bf3293de856293065e84ef06b7ec7a8acfb98?s=96&d=identicon&r=x\",\"caption\":\"Charge\"},\"url\":\"https:\\\/\\\/sindromecharge.es\\\/index.php\\\/author\\\/admin\\\/\"}]}<\/script>\n<!-- \/ Yoast SEO plugin. -->","yoast_head_json":{"title":"Acoso escolar en ni\u00f1os con discapacidad: as\u00ed afecta a su desarrollo emocional y cognitivo - Asociaci\u00f3n Espa\u00f1ola S\u00edndrome de Charge","robots":{"index":"index","follow":"follow","max-snippet":"max-snippet:-1","max-image-preview":"max-image-preview:large","max-video-preview":"max-video-preview:-1"},"canonical":"https:\/\/sindromecharge.es\/index.php\/2024\/10\/17\/bullying-acoso-escolar-ninos-con-discapacidad-asi-afecta-su-desarrollo-emocional-cognitivo\/","og_locale":"es_ES","og_type":"article","og_title":"Acoso escolar en ni\u00f1os con discapacidad: as\u00ed afecta a su desarrollo emocional y cognitivo - Asociaci\u00f3n Espa\u00f1ola S\u00edndrome de Charge","og_description":"El bullying y el acoso escolar son problemas graves que afectan a millones de ni\u00f1os y adolescentes en todo el mundo. Sin embargo, su impacto es a\u00fan m\u00e1s devastador&#8230;","og_url":"https:\/\/sindromecharge.es\/index.php\/2024\/10\/17\/bullying-acoso-escolar-ninos-con-discapacidad-asi-afecta-su-desarrollo-emocional-cognitivo\/","og_site_name":"Asociaci\u00f3n Espa\u00f1ola S\u00edndrome de Charge","article_publisher":"https:\/\/www.facebook.com\/asociacionsindromecharge","article_published_time":"2024-10-17T05:20:14+00:00","og_image":[{"width":300,"height":98,"url":"https:\/\/sindromecharge.es\/wp-content\/uploads\/2013\/09\/logodecharge300x98.png","type":"image\/png"}],"author":"Charge","twitter_card":"summary_large_image","twitter_creator":"@sindromecharge","twitter_site":"@sindromecharge","twitter_misc":{"Escrito por":"Charge","Tiempo de lectura":"4 minutos"},"schema":{"@context":"https:\/\/schema.org","@graph":[{"@type":"Article","@id":"https:\/\/sindromecharge.es\/index.php\/2024\/10\/17\/bullying-acoso-escolar-ninos-con-discapacidad-asi-afecta-su-desarrollo-emocional-cognitivo\/#article","isPartOf":{"@id":"https:\/\/sindromecharge.es\/index.php\/2024\/10\/17\/bullying-acoso-escolar-ninos-con-discapacidad-asi-afecta-su-desarrollo-emocional-cognitivo\/"},"author":{"name":"Charge","@id":"https:\/\/sindromecharge.es\/#\/schema\/person\/39a60ebe0a2b4d5a11179701e336b039"},"headline":"Acoso escolar en ni\u00f1os con discapacidad: as\u00ed afecta a su desarrollo emocional y cognitivo","datePublished":"2024-10-17T05:20:14+00:00","mainEntityOfPage":{"@id":"https:\/\/sindromecharge.es\/index.php\/2024\/10\/17\/bullying-acoso-escolar-ninos-con-discapacidad-asi-afecta-su-desarrollo-emocional-cognitivo\/"},"wordCount":818,"articleSection":["noticias"],"inLanguage":"es"},{"@type":"WebPage","@id":"https:\/\/sindromecharge.es\/index.php\/2024\/10\/17\/bullying-acoso-escolar-ninos-con-discapacidad-asi-afecta-su-desarrollo-emocional-cognitivo\/","url":"https:\/\/sindromecharge.es\/index.php\/2024\/10\/17\/bullying-acoso-escolar-ninos-con-discapacidad-asi-afecta-su-desarrollo-emocional-cognitivo\/","name":"Acoso escolar en ni\u00f1os con discapacidad: as\u00ed afecta a su desarrollo emocional y cognitivo - Asociaci\u00f3n Espa\u00f1ola S\u00edndrome de Charge","isPartOf":{"@id":"https:\/\/sindromecharge.es\/#website"},"datePublished":"2024-10-17T05:20:14+00:00","author":{"@id":"https:\/\/sindromecharge.es\/#\/schema\/person\/39a60ebe0a2b4d5a11179701e336b039"},"breadcrumb":{"@id":"https:\/\/sindromecharge.es\/index.php\/2024\/10\/17\/bullying-acoso-escolar-ninos-con-discapacidad-asi-afecta-su-desarrollo-emocional-cognitivo\/#breadcrumb"},"inLanguage":"es","potentialAction":[{"@type":"ReadAction","target":["https:\/\/sindromecharge.es\/index.php\/2024\/10\/17\/bullying-acoso-escolar-ninos-con-discapacidad-asi-afecta-su-desarrollo-emocional-cognitivo\/"]}]},{"@type":"BreadcrumbList","@id":"https:\/\/sindromecharge.es\/index.php\/2024\/10\/17\/bullying-acoso-escolar-ninos-con-discapacidad-asi-afecta-su-desarrollo-emocional-cognitivo\/#breadcrumb","itemListElement":[{"@type":"ListItem","position":1,"name":"Portada","item":"https:\/\/sindromecharge.es\/"},{"@type":"ListItem","position":2,"name":"Acoso escolar en ni\u00f1os con discapacidad: as\u00ed afecta a su desarrollo emocional y cognitivo"}]},{"@type":"WebSite","@id":"https:\/\/sindromecharge.es\/#website","url":"https:\/\/sindromecharge.es\/","name":"Asociaci\u00f3n Espa\u00f1ola S\u00edndrome de Charge","description":"","potentialAction":[{"@type":"SearchAction","target":{"@type":"EntryPoint","urlTemplate":"https:\/\/sindromecharge.es\/?s={search_term_string}"},"query-input":{"@type":"PropertyValueSpecification","valueRequired":true,"valueName":"search_term_string"}}],"inLanguage":"es"},{"@type":"Person","@id":"https:\/\/sindromecharge.es\/#\/schema\/person\/39a60ebe0a2b4d5a11179701e336b039","name":"Charge","image":{"@type":"ImageObject","inLanguage":"es","@id":"https:\/\/secure.gravatar.com\/avatar\/c3b46e32a0fc3b093a0873fb767bf3293de856293065e84ef06b7ec7a8acfb98?s=96&d=identicon&r=x","url":"https:\/\/secure.gravatar.com\/avatar\/c3b46e32a0fc3b093a0873fb767bf3293de856293065e84ef06b7ec7a8acfb98?s=96&d=identicon&r=x","contentUrl":"https:\/\/secure.gravatar.com\/avatar\/c3b46e32a0fc3b093a0873fb767bf3293de856293065e84ef06b7ec7a8acfb98?s=96&d=identicon&r=x","caption":"Charge"},"url":"https:\/\/sindromecharge.es\/index.php\/author\/admin\/"}]}},"_links":{"self":[{"href":"https:\/\/sindromecharge.es\/index.php\/wp-json\/wp\/v2\/posts\/10457","targetHints":{"allow":["GET"]}}],"collection":[{"href":"https:\/\/sindromecharge.es\/index.php\/wp-json\/wp\/v2\/posts"}],"about":[{"href":"https:\/\/sindromecharge.es\/index.php\/wp-json\/wp\/v2\/types\/post"}],"author":[{"embeddable":true,"href":"https:\/\/sindromecharge.es\/index.php\/wp-json\/wp\/v2\/users\/1"}],"replies":[{"embeddable":true,"href":"https:\/\/sindromecharge.es\/index.php\/wp-json\/wp\/v2\/comments?post=10457"}],"version-history":[{"count":0,"href":"https:\/\/sindromecharge.es\/index.php\/wp-json\/wp\/v2\/posts\/10457\/revisions"}],"wp:attachment":[{"href":"https:\/\/sindromecharge.es\/index.php\/wp-json\/wp\/v2\/media?parent=10457"}],"wp:term":[{"taxonomy":"category","embeddable":true,"href":"https:\/\/sindromecharge.es\/index.php\/wp-json\/wp\/v2\/categories?post=10457"},{"taxonomy":"post_tag","embeddable":true,"href":"https:\/\/sindromecharge.es\/index.php\/wp-json\/wp\/v2\/tags?post=10457"}],"curies":[{"name":"wp","href":"https:\/\/api.w.org\/{rel}","templated":true}]}}