{"id":10456,"date":"2024-10-16T15:00:18","date_gmt":"2024-10-16T15:00:18","guid":{"rendered":"https:\/\/sindromecharge.es\/index.php\/2024\/10\/16\/golf-y-solidaridad-en-el-torneo-mediadores-2024\/"},"modified":"2024-10-16T15:00:18","modified_gmt":"2024-10-16T15:00:18","slug":"golf-y-solidaridad-en-el-torneo-mediadores-2024","status":"publish","type":"post","link":"https:\/\/sindromecharge.es\/index.php\/2024\/10\/16\/golf-y-solidaridad-en-el-torneo-mediadores-2024\/","title":{"rendered":"Golf y solidaridad en el Torneo Mediadores 2024"},"content":{"rendered":"<p>Leemos en Menudos Corazones la siguiente noticia que os reproducimos de forma \u00edntegra: <\/p>\n<div>\n<p>El <a href=\"https:\/\/www.mediadoresdesegurosasturias.com\/exito-del-torneo-solidario-de-golf-%E2%80%93-mediadores-2024-19840-euros-recaudados-768.html\">Torneo Solidario de Golf \u2013 Mediadores 2024,<\/a> organizado por el <a href=\"https:\/\/www.mediadoresdesegurosasturias.com\/\">Colegio de Mediadores de Seguros de Asturias<\/a>, a favor de Menudos Corazones, el 22 de septiembre, fue un aut\u00e9ntico \u00e9xito.<\/p>\n<p>Nuestros programas de ayuda a las personas con cardiopat\u00edas obtienen<strong>\u00a0un impulso muy importante<\/strong> gracias a 19.840 euros recaudados en esta prueba solidaria, celebrada en\u00a0el Real Club de Golf de Castiello (Gij\u00f3n).<\/p>\n<p>El donativo destinado a Menudos Corazones procede de la venta de green-fee, el patrocinio de los hoyos del campo y del hoyo cero. La patrona de honor de Menudos Corazones, <strong>Ana Garc\u00eda-Si\u00f1eriz,<\/strong> y la vicepresidenta del nuestro Patronato, <strong>M\u00f3nica Pi\u00f1uela,<\/strong> recibieron el cheque del torneo y participaron en la entrega de los trofeos y premios a los ganadores de la competici\u00f3n.<\/p>\n<figure id=\"attachment_40459\" aria-describedby=\"caption-attachment-40459\" style=\"width: 702px\" class=\"wp-caption aligncenter\"><img fetchpriority=\"high\" decoding=\"async\" class=\"wp-image-40459 size-large\" src=\"https:\/\/www.menudoscorazones.org\/wp-content\/uploads\/2024\/10\/Cheque_MonicaPinuela-AnaGarciaSineriz-1024x704.jpg\" alt=\"\" width=\"702\" height=\"483\" srcset=\"https:\/\/www.menudoscorazones.org\/wp-content\/uploads\/2024\/10\/Cheque_MonicaPinuela-AnaGarciaSineriz-1024x704.jpg 1024w, https:\/\/www.menudoscorazones.org\/wp-content\/uploads\/2024\/10\/Cheque_MonicaPinuela-AnaGarciaSineriz-300x206.jpg 300w, https:\/\/www.menudoscorazones.org\/wp-content\/uploads\/2024\/10\/Cheque_MonicaPinuela-AnaGarciaSineriz-768x528.jpg 768w, https:\/\/www.menudoscorazones.org\/wp-content\/uploads\/2024\/10\/Cheque_MonicaPinuela-AnaGarciaSineriz-1536x1056.jpg 1536w, https:\/\/www.menudoscorazones.org\/wp-content\/uploads\/2024\/10\/Cheque_MonicaPinuela-AnaGarciaSineriz-2048x1408.jpg 2048w, https:\/\/www.menudoscorazones.org\/wp-content\/uploads\/2024\/10\/Cheque_MonicaPinuela-AnaGarciaSineriz-655x450.jpg 655w\" sizes=\"(max-width: 702px) 100vw, 702px\"><figcaption id=\"caption-attachment-40459\" class=\"wp-caption-text\">Ana Garc\u00eda-Si\u00f1eriz (dcha.) y M\u00f3nica Pi\u00f1uela en el momento de recogida del cheque.<\/figcaption><\/figure>\n<p>\u00abPara m\u00ed es <strong>un verdadero orgullo estar hoy aqu\u00ed en Asturias, mi tierra,<\/strong> con vosotros y vosotras, recibiendo este importante donativo que servir\u00e1 para mejorar las vidas de tantos ni\u00f1os y ni\u00f1as con cardiopat\u00edas cong\u00e9nitas y la de sus familias. Como patrona de honor de Menudos Corazones, es un <strong>aut\u00e9ntico privilegio<\/strong> representar el gran trabajo que la Fundaci\u00f3n lleva realizando desde hace 21 a\u00f1os\u00bb, coment\u00f3<strong> Ana Garc\u00eda-Si\u00f1eriz.<\/strong><\/p>\n<p>Por su parte, M\u00f3nica Pi\u00f1uela, adem\u00e1s de sumarse a este agradecimiento, tuvo unas sentidas palabras de reconocimiento para el Colegio de Mediadores de Asturias \u00abpor esta gran ayuda que transformar\u00e1 vidas\u00bb. Y destac\u00f3, adem\u00e1s, la implicaci\u00f3n de su presidente, <strong>Rainiero Saras\u00faa,<\/strong> y de <strong>Eugenia Garrido,<\/strong> la persona que nos hizo llegar esta oportunidad que acab\u00f3 convertida en un torneo inolvidable. \u00abGracias por <strong>apostar por Menudos Corazones desde el minuto uno<\/strong> y hacerlo posible\u00bb, a\u00f1adi\u00f3.<\/p>\n<p><img loading=\"lazy\" decoding=\"async\" class=\"aligncenter wp-image-40460 size-large\" src=\"https:\/\/www.menudoscorazones.org\/wp-content\/uploads\/2024\/10\/Torneo-Solidario-Golf_2024_JuntaMediadoresAsturias-MenudosCorazones_IMG_9088-1024x683.jpg\" alt=\"\" width=\"702\" height=\"468\" srcset=\"https:\/\/www.menudoscorazones.org\/wp-content\/uploads\/2024\/10\/Torneo-Solidario-Golf_2024_JuntaMediadoresAsturias-MenudosCorazones_IMG_9088-1024x683.jpg 1024w, https:\/\/www.menudoscorazones.org\/wp-content\/uploads\/2024\/10\/Torneo-Solidario-Golf_2024_JuntaMediadoresAsturias-MenudosCorazones_IMG_9088-300x200.jpg 300w, https:\/\/www.menudoscorazones.org\/wp-content\/uploads\/2024\/10\/Torneo-Solidario-Golf_2024_JuntaMediadoresAsturias-MenudosCorazones_IMG_9088-768x512.jpg 768w, https:\/\/www.menudoscorazones.org\/wp-content\/uploads\/2024\/10\/Torneo-Solidario-Golf_2024_JuntaMediadoresAsturias-MenudosCorazones_IMG_9088-1536x1024.jpg 1536w, https:\/\/www.menudoscorazones.org\/wp-content\/uploads\/2024\/10\/Torneo-Solidario-Golf_2024_JuntaMediadoresAsturias-MenudosCorazones_IMG_9088-2048x1365.jpg 2048w, https:\/\/www.menudoscorazones.org\/wp-content\/uploads\/2024\/10\/Torneo-Solidario-Golf_2024_JuntaMediadoresAsturias-MenudosCorazones_IMG_9088-655x437.jpg 655w\" sizes=\"auto, (max-width: 702px) 100vw, 702px\"><\/p>\n<p><strong>\u00a1Gracias, de coraz\u00f3n!<\/strong><\/p>\n<p>Cada uno de los hoyos del circuito estuvo <strong>patrocinado por un mediador de seguros.<\/strong> En concreto por las corredur\u00edas <strong>Ferrer &amp; Ojeda<\/strong> y <strong>Grupo Galilea<\/strong> (Barcelona),<strong> Confluence Group<\/strong> (C\u00f3rdoba), <strong>Concentra Grupo<\/strong>, <strong>ii-Broker y Sabseg<\/strong> (Madrid), <strong>Kalibo<\/strong> (Zaragoza) y las asturianas: <strong>Amado, Ascor, Bango, Granda Blanco, I-nsure, Lesmes, Pichel Berra, Roces Mediaci\u00f3n<\/strong> y <strong>Vicente Velasco<\/strong>; y la agencia exclusiva <strong>Saras\u00faa y Asociados.<\/strong><\/p>\n<p>Adem\u00e1s, el torneo cont\u00f3 con la colaboraci\u00f3n del <strong>Real Club de Golf de Castiello,<\/strong> la <strong>Federaci\u00f3n Asturiana de Golf,<\/strong> <strong>Visita Gij\u00f3n Convention Bureau<\/strong>; las aseguradoras <strong>Allianz, Avanza Previsi\u00f3n, AXA, Berkley Espa\u00f1a, CA Life, CGPA Europe, DKV, IMQ Asturias, Lagun Aro, Pelayo, Preventiva, Surne<\/strong> y <strong>Zurich;<\/strong> y las empresas asturianas <strong>Big Outlet<\/strong> y <strong>Trabanco.<\/strong><\/p>\n<p>\u00a0<\/p>\n<p>La entrada <a href=\"https:\/\/www.menudoscorazones.org\/2024\/golf-y-solidaridad-en-el-torneo-mediadores-2024\/\">Golf y solidaridad en el Torneo Mediadores 2024<\/a> aparece primero en <a href=\"https:\/\/www.menudoscorazones.org\/\">Menudos Corazones<\/a>.<\/p>\n<\/div>\n<p>Fuente: Menudos Corazones https:\/\/www.menudoscorazones.org\/2024\/golf-y-solidaridad-en-el-torneo-mediadores-2024\/<\/p>\n","protected":false},"excerpt":{"rendered":"<p>Nuestros programas de ayuda recibieron un impulso muy importante gracias al donativo de esta prueba solidaria celebrada en\u00a0Gij\u00f3n. La entrada Golf y solidaridad en el Torneo Mediadores 2024 aparece primero en Menudos Corazones.<\/p>\n","protected":false},"author":1,"featured_media":0,"comment_status":"closed","ping_status":"closed","sticky":false,"template":"","format":"standard","meta":{"footnotes":""},"categories":[8],"tags":[],"class_list":["post-10456","post","type-post","status-publish","format-standard","hentry","category-noticias"],"yoast_head":"<!-- This site is optimized with the Yoast SEO plugin v27.5 - https:\/\/yoast.com\/product\/yoast-seo-wordpress\/ -->\n<title>Golf y solidaridad en el Torneo Mediadores 2024 - Asociaci\u00f3n Espa\u00f1ola S\u00edndrome de Charge<\/title>\n<meta name=\"robots\" content=\"index, follow, max-snippet:-1, max-image-preview:large, max-video-preview:-1\" \/>\n<link rel=\"canonical\" href=\"https:\/\/sindromecharge.es\/index.php\/2024\/10\/16\/golf-y-solidaridad-en-el-torneo-mediadores-2024\/\" \/>\n<meta property=\"og:locale\" content=\"es_ES\" \/>\n<meta property=\"og:type\" content=\"article\" \/>\n<meta property=\"og:title\" content=\"Golf y solidaridad en el Torneo Mediadores 2024 - Asociaci\u00f3n Espa\u00f1ola S\u00edndrome de Charge\" \/>\n<meta property=\"og:description\" content=\"Nuestros programas de ayuda recibieron un impulso muy importante gracias al donativo de esta prueba solidaria celebrada en\u00a0Gij\u00f3n. La entrada Golf y solidaridad en el Torneo Mediadores 2024 aparece primero en Menudos Corazones.\" \/>\n<meta property=\"og:url\" content=\"https:\/\/sindromecharge.es\/index.php\/2024\/10\/16\/golf-y-solidaridad-en-el-torneo-mediadores-2024\/\" \/>\n<meta property=\"og:site_name\" content=\"Asociaci\u00f3n Espa\u00f1ola S\u00edndrome de Charge\" \/>\n<meta property=\"article:publisher\" content=\"https:\/\/www.facebook.com\/asociacionsindromecharge\" \/>\n<meta property=\"article:published_time\" content=\"2024-10-16T15:00:18+00:00\" \/>\n<meta property=\"og:image\" content=\"https:\/\/sindromecharge.es\/wp-content\/uploads\/2013\/09\/logodecharge300x98.png\" \/>\n\t<meta property=\"og:image:width\" content=\"300\" \/>\n\t<meta property=\"og:image:height\" content=\"98\" \/>\n\t<meta property=\"og:image:type\" content=\"image\/png\" \/>\n<meta name=\"author\" content=\"Charge\" \/>\n<meta name=\"twitter:card\" content=\"summary_large_image\" \/>\n<meta name=\"twitter:creator\" content=\"@sindromecharge\" \/>\n<meta name=\"twitter:site\" content=\"@sindromecharge\" \/>\n<meta name=\"twitter:label1\" content=\"Escrito por\" \/>\n\t<meta name=\"twitter:data1\" content=\"Charge\" \/>\n\t<meta name=\"twitter:label2\" content=\"Tiempo de lectura\" \/>\n\t<meta name=\"twitter:data2\" content=\"2 minutos\" \/>\n<script type=\"application\/ld+json\" class=\"yoast-schema-graph\">{\"@context\":\"https:\\\/\\\/schema.org\",\"@graph\":[{\"@type\":\"Article\",\"@id\":\"https:\\\/\\\/sindromecharge.es\\\/index.php\\\/2024\\\/10\\\/16\\\/golf-y-solidaridad-en-el-torneo-mediadores-2024\\\/#article\",\"isPartOf\":{\"@id\":\"https:\\\/\\\/sindromecharge.es\\\/index.php\\\/2024\\\/10\\\/16\\\/golf-y-solidaridad-en-el-torneo-mediadores-2024\\\/\"},\"author\":{\"name\":\"Charge\",\"@id\":\"https:\\\/\\\/sindromecharge.es\\\/#\\\/schema\\\/person\\\/39a60ebe0a2b4d5a11179701e336b039\"},\"headline\":\"Golf y solidaridad en el Torneo Mediadores 2024\",\"datePublished\":\"2024-10-16T15:00:18+00:00\",\"mainEntityOfPage\":{\"@id\":\"https:\\\/\\\/sindromecharge.es\\\/index.php\\\/2024\\\/10\\\/16\\\/golf-y-solidaridad-en-el-torneo-mediadores-2024\\\/\"},\"wordCount\":472,\"image\":{\"@id\":\"https:\\\/\\\/sindromecharge.es\\\/index.php\\\/2024\\\/10\\\/16\\\/golf-y-solidaridad-en-el-torneo-mediadores-2024\\\/#primaryimage\"},\"thumbnailUrl\":\"https:\\\/\\\/www.menudoscorazones.org\\\/wp-content\\\/uploads\\\/2024\\\/10\\\/Cheque_MonicaPinuela-AnaGarciaSineriz-1024x704.jpg\",\"articleSection\":[\"noticias\"],\"inLanguage\":\"es\"},{\"@type\":\"WebPage\",\"@id\":\"https:\\\/\\\/sindromecharge.es\\\/index.php\\\/2024\\\/10\\\/16\\\/golf-y-solidaridad-en-el-torneo-mediadores-2024\\\/\",\"url\":\"https:\\\/\\\/sindromecharge.es\\\/index.php\\\/2024\\\/10\\\/16\\\/golf-y-solidaridad-en-el-torneo-mediadores-2024\\\/\",\"name\":\"Golf y solidaridad en el Torneo Mediadores 2024 - Asociaci\u00f3n Espa\u00f1ola S\u00edndrome de Charge\",\"isPartOf\":{\"@id\":\"https:\\\/\\\/sindromecharge.es\\\/#website\"},\"primaryImageOfPage\":{\"@id\":\"https:\\\/\\\/sindromecharge.es\\\/index.php\\\/2024\\\/10\\\/16\\\/golf-y-solidaridad-en-el-torneo-mediadores-2024\\\/#primaryimage\"},\"image\":{\"@id\":\"https:\\\/\\\/sindromecharge.es\\\/index.php\\\/2024\\\/10\\\/16\\\/golf-y-solidaridad-en-el-torneo-mediadores-2024\\\/#primaryimage\"},\"thumbnailUrl\":\"https:\\\/\\\/www.menudoscorazones.org\\\/wp-content\\\/uploads\\\/2024\\\/10\\\/Cheque_MonicaPinuela-AnaGarciaSineriz-1024x704.jpg\",\"datePublished\":\"2024-10-16T15:00:18+00:00\",\"author\":{\"@id\":\"https:\\\/\\\/sindromecharge.es\\\/#\\\/schema\\\/person\\\/39a60ebe0a2b4d5a11179701e336b039\"},\"breadcrumb\":{\"@id\":\"https:\\\/\\\/sindromecharge.es\\\/index.php\\\/2024\\\/10\\\/16\\\/golf-y-solidaridad-en-el-torneo-mediadores-2024\\\/#breadcrumb\"},\"inLanguage\":\"es\",\"potentialAction\":[{\"@type\":\"ReadAction\",\"target\":[\"https:\\\/\\\/sindromecharge.es\\\/index.php\\\/2024\\\/10\\\/16\\\/golf-y-solidaridad-en-el-torneo-mediadores-2024\\\/\"]}]},{\"@type\":\"ImageObject\",\"inLanguage\":\"es\",\"@id\":\"https:\\\/\\\/sindromecharge.es\\\/index.php\\\/2024\\\/10\\\/16\\\/golf-y-solidaridad-en-el-torneo-mediadores-2024\\\/#primaryimage\",\"url\":\"https:\\\/\\\/www.menudoscorazones.org\\\/wp-content\\\/uploads\\\/2024\\\/10\\\/Cheque_MonicaPinuela-AnaGarciaSineriz-1024x704.jpg\",\"contentUrl\":\"https:\\\/\\\/www.menudoscorazones.org\\\/wp-content\\\/uploads\\\/2024\\\/10\\\/Cheque_MonicaPinuela-AnaGarciaSineriz-1024x704.jpg\"},{\"@type\":\"BreadcrumbList\",\"@id\":\"https:\\\/\\\/sindromecharge.es\\\/index.php\\\/2024\\\/10\\\/16\\\/golf-y-solidaridad-en-el-torneo-mediadores-2024\\\/#breadcrumb\",\"itemListElement\":[{\"@type\":\"ListItem\",\"position\":1,\"name\":\"Portada\",\"item\":\"https:\\\/\\\/sindromecharge.es\\\/\"},{\"@type\":\"ListItem\",\"position\":2,\"name\":\"Golf y solidaridad en el Torneo Mediadores 2024\"}]},{\"@type\":\"WebSite\",\"@id\":\"https:\\\/\\\/sindromecharge.es\\\/#website\",\"url\":\"https:\\\/\\\/sindromecharge.es\\\/\",\"name\":\"Asociaci\u00f3n Espa\u00f1ola S\u00edndrome de Charge\",\"description\":\"\",\"potentialAction\":[{\"@type\":\"SearchAction\",\"target\":{\"@type\":\"EntryPoint\",\"urlTemplate\":\"https:\\\/\\\/sindromecharge.es\\\/?s={search_term_string}\"},\"query-input\":{\"@type\":\"PropertyValueSpecification\",\"valueRequired\":true,\"valueName\":\"search_term_string\"}}],\"inLanguage\":\"es\"},{\"@type\":\"Person\",\"@id\":\"https:\\\/\\\/sindromecharge.es\\\/#\\\/schema\\\/person\\\/39a60ebe0a2b4d5a11179701e336b039\",\"name\":\"Charge\",\"image\":{\"@type\":\"ImageObject\",\"inLanguage\":\"es\",\"@id\":\"https:\\\/\\\/secure.gravatar.com\\\/avatar\\\/c3b46e32a0fc3b093a0873fb767bf3293de856293065e84ef06b7ec7a8acfb98?s=96&d=identicon&r=x\",\"url\":\"https:\\\/\\\/secure.gravatar.com\\\/avatar\\\/c3b46e32a0fc3b093a0873fb767bf3293de856293065e84ef06b7ec7a8acfb98?s=96&d=identicon&r=x\",\"contentUrl\":\"https:\\\/\\\/secure.gravatar.com\\\/avatar\\\/c3b46e32a0fc3b093a0873fb767bf3293de856293065e84ef06b7ec7a8acfb98?s=96&d=identicon&r=x\",\"caption\":\"Charge\"},\"url\":\"https:\\\/\\\/sindromecharge.es\\\/index.php\\\/author\\\/admin\\\/\"}]}<\/script>\n<!-- \/ Yoast SEO plugin. -->","yoast_head_json":{"title":"Golf y solidaridad en el Torneo Mediadores 2024 - Asociaci\u00f3n Espa\u00f1ola S\u00edndrome de Charge","robots":{"index":"index","follow":"follow","max-snippet":"max-snippet:-1","max-image-preview":"max-image-preview:large","max-video-preview":"max-video-preview:-1"},"canonical":"https:\/\/sindromecharge.es\/index.php\/2024\/10\/16\/golf-y-solidaridad-en-el-torneo-mediadores-2024\/","og_locale":"es_ES","og_type":"article","og_title":"Golf y solidaridad en el Torneo Mediadores 2024 - Asociaci\u00f3n Espa\u00f1ola S\u00edndrome de Charge","og_description":"Nuestros programas de ayuda recibieron un impulso muy importante gracias al donativo de esta prueba solidaria celebrada en\u00a0Gij\u00f3n. La entrada Golf y solidaridad en el Torneo Mediadores 2024 aparece primero en Menudos Corazones.","og_url":"https:\/\/sindromecharge.es\/index.php\/2024\/10\/16\/golf-y-solidaridad-en-el-torneo-mediadores-2024\/","og_site_name":"Asociaci\u00f3n Espa\u00f1ola S\u00edndrome de Charge","article_publisher":"https:\/\/www.facebook.com\/asociacionsindromecharge","article_published_time":"2024-10-16T15:00:18+00:00","og_image":[{"width":300,"height":98,"url":"https:\/\/sindromecharge.es\/wp-content\/uploads\/2013\/09\/logodecharge300x98.png","type":"image\/png"}],"author":"Charge","twitter_card":"summary_large_image","twitter_creator":"@sindromecharge","twitter_site":"@sindromecharge","twitter_misc":{"Escrito por":"Charge","Tiempo de lectura":"2 minutos"},"schema":{"@context":"https:\/\/schema.org","@graph":[{"@type":"Article","@id":"https:\/\/sindromecharge.es\/index.php\/2024\/10\/16\/golf-y-solidaridad-en-el-torneo-mediadores-2024\/#article","isPartOf":{"@id":"https:\/\/sindromecharge.es\/index.php\/2024\/10\/16\/golf-y-solidaridad-en-el-torneo-mediadores-2024\/"},"author":{"name":"Charge","@id":"https:\/\/sindromecharge.es\/#\/schema\/person\/39a60ebe0a2b4d5a11179701e336b039"},"headline":"Golf y solidaridad en el Torneo Mediadores 2024","datePublished":"2024-10-16T15:00:18+00:00","mainEntityOfPage":{"@id":"https:\/\/sindromecharge.es\/index.php\/2024\/10\/16\/golf-y-solidaridad-en-el-torneo-mediadores-2024\/"},"wordCount":472,"image":{"@id":"https:\/\/sindromecharge.es\/index.php\/2024\/10\/16\/golf-y-solidaridad-en-el-torneo-mediadores-2024\/#primaryimage"},"thumbnailUrl":"https:\/\/www.menudoscorazones.org\/wp-content\/uploads\/2024\/10\/Cheque_MonicaPinuela-AnaGarciaSineriz-1024x704.jpg","articleSection":["noticias"],"inLanguage":"es"},{"@type":"WebPage","@id":"https:\/\/sindromecharge.es\/index.php\/2024\/10\/16\/golf-y-solidaridad-en-el-torneo-mediadores-2024\/","url":"https:\/\/sindromecharge.es\/index.php\/2024\/10\/16\/golf-y-solidaridad-en-el-torneo-mediadores-2024\/","name":"Golf y solidaridad en el Torneo Mediadores 2024 - Asociaci\u00f3n Espa\u00f1ola S\u00edndrome de Charge","isPartOf":{"@id":"https:\/\/sindromecharge.es\/#website"},"primaryImageOfPage":{"@id":"https:\/\/sindromecharge.es\/index.php\/2024\/10\/16\/golf-y-solidaridad-en-el-torneo-mediadores-2024\/#primaryimage"},"image":{"@id":"https:\/\/sindromecharge.es\/index.php\/2024\/10\/16\/golf-y-solidaridad-en-el-torneo-mediadores-2024\/#primaryimage"},"thumbnailUrl":"https:\/\/www.menudoscorazones.org\/wp-content\/uploads\/2024\/10\/Cheque_MonicaPinuela-AnaGarciaSineriz-1024x704.jpg","datePublished":"2024-10-16T15:00:18+00:00","author":{"@id":"https:\/\/sindromecharge.es\/#\/schema\/person\/39a60ebe0a2b4d5a11179701e336b039"},"breadcrumb":{"@id":"https:\/\/sindromecharge.es\/index.php\/2024\/10\/16\/golf-y-solidaridad-en-el-torneo-mediadores-2024\/#breadcrumb"},"inLanguage":"es","potentialAction":[{"@type":"ReadAction","target":["https:\/\/sindromecharge.es\/index.php\/2024\/10\/16\/golf-y-solidaridad-en-el-torneo-mediadores-2024\/"]}]},{"@type":"ImageObject","inLanguage":"es","@id":"https:\/\/sindromecharge.es\/index.php\/2024\/10\/16\/golf-y-solidaridad-en-el-torneo-mediadores-2024\/#primaryimage","url":"https:\/\/www.menudoscorazones.org\/wp-content\/uploads\/2024\/10\/Cheque_MonicaPinuela-AnaGarciaSineriz-1024x704.jpg","contentUrl":"https:\/\/www.menudoscorazones.org\/wp-content\/uploads\/2024\/10\/Cheque_MonicaPinuela-AnaGarciaSineriz-1024x704.jpg"},{"@type":"BreadcrumbList","@id":"https:\/\/sindromecharge.es\/index.php\/2024\/10\/16\/golf-y-solidaridad-en-el-torneo-mediadores-2024\/#breadcrumb","itemListElement":[{"@type":"ListItem","position":1,"name":"Portada","item":"https:\/\/sindromecharge.es\/"},{"@type":"ListItem","position":2,"name":"Golf y solidaridad en el Torneo Mediadores 2024"}]},{"@type":"WebSite","@id":"https:\/\/sindromecharge.es\/#website","url":"https:\/\/sindromecharge.es\/","name":"Asociaci\u00f3n Espa\u00f1ola S\u00edndrome de Charge","description":"","potentialAction":[{"@type":"SearchAction","target":{"@type":"EntryPoint","urlTemplate":"https:\/\/sindromecharge.es\/?s={search_term_string}"},"query-input":{"@type":"PropertyValueSpecification","valueRequired":true,"valueName":"search_term_string"}}],"inLanguage":"es"},{"@type":"Person","@id":"https:\/\/sindromecharge.es\/#\/schema\/person\/39a60ebe0a2b4d5a11179701e336b039","name":"Charge","image":{"@type":"ImageObject","inLanguage":"es","@id":"https:\/\/secure.gravatar.com\/avatar\/c3b46e32a0fc3b093a0873fb767bf3293de856293065e84ef06b7ec7a8acfb98?s=96&d=identicon&r=x","url":"https:\/\/secure.gravatar.com\/avatar\/c3b46e32a0fc3b093a0873fb767bf3293de856293065e84ef06b7ec7a8acfb98?s=96&d=identicon&r=x","contentUrl":"https:\/\/secure.gravatar.com\/avatar\/c3b46e32a0fc3b093a0873fb767bf3293de856293065e84ef06b7ec7a8acfb98?s=96&d=identicon&r=x","caption":"Charge"},"url":"https:\/\/sindromecharge.es\/index.php\/author\/admin\/"}]}},"_links":{"self":[{"href":"https:\/\/sindromecharge.es\/index.php\/wp-json\/wp\/v2\/posts\/10456","targetHints":{"allow":["GET"]}}],"collection":[{"href":"https:\/\/sindromecharge.es\/index.php\/wp-json\/wp\/v2\/posts"}],"about":[{"href":"https:\/\/sindromecharge.es\/index.php\/wp-json\/wp\/v2\/types\/post"}],"author":[{"embeddable":true,"href":"https:\/\/sindromecharge.es\/index.php\/wp-json\/wp\/v2\/users\/1"}],"replies":[{"embeddable":true,"href":"https:\/\/sindromecharge.es\/index.php\/wp-json\/wp\/v2\/comments?post=10456"}],"version-history":[{"count":0,"href":"https:\/\/sindromecharge.es\/index.php\/wp-json\/wp\/v2\/posts\/10456\/revisions"}],"wp:attachment":[{"href":"https:\/\/sindromecharge.es\/index.php\/wp-json\/wp\/v2\/media?parent=10456"}],"wp:term":[{"taxonomy":"category","embeddable":true,"href":"https:\/\/sindromecharge.es\/index.php\/wp-json\/wp\/v2\/categories?post=10456"},{"taxonomy":"post_tag","embeddable":true,"href":"https:\/\/sindromecharge.es\/index.php\/wp-json\/wp\/v2\/tags?post=10456"}],"curies":[{"name":"wp","href":"https:\/\/api.w.org\/{rel}","templated":true}]}}