{"id":10454,"date":"2024-10-16T06:28:21","date_gmt":"2024-10-16T06:28:21","guid":{"rendered":"https:\/\/sindromecharge.es\/index.php\/2024\/10\/16\/nueva-campana-cocemfe-recurre-teletransportador-star-trek-para-denunciar-falta-accesibilidad\/"},"modified":"2024-10-16T06:28:21","modified_gmt":"2024-10-16T06:28:21","slug":"nueva-campana-cocemfe-recurre-teletransportador-star-trek-para-denunciar-falta-accesibilidad","status":"publish","type":"post","link":"https:\/\/sindromecharge.es\/index.php\/2024\/10\/16\/nueva-campana-cocemfe-recurre-teletransportador-star-trek-para-denunciar-falta-accesibilidad\/","title":{"rendered":"La nueva campa\u00f1a de Cocemfe recurre al &#8216;teletransportador&#8217; de &#8216;Star Trek&#8217; para denunciar la falta de accesibilidad"},"content":{"rendered":"<p>Leemos en Discapacidad la siguiente noticia que os reproducimos de forma \u00edntegra: <\/p>\n<div>\n<p>Decenas de <b>personas con discapacidad <\/b>ser\u00e1n teletransportadas desde 28 ciudades espa\u00f1olas el pr\u00f3ximo martes, 22 de octubre, como parte del lanzamiento de la campa\u00f1a de la Confederaci\u00f3n Espa\u00f1ola de Personas con Discapacidad F\u00edsica y Org\u00e1nica (<b>Cocemfe)<\/b> <b>&#8216;Teletransporte contra la Discriminaci\u00f3n&#8217;.<\/b><\/p>\n<p>Con esta campa\u00f1a, Cocemfe y su movimiento asociativo buscan <b>denunciar la falta de accesibilidad<\/b> en los medios de transporte y exigir que se cumplan las leyes de <a href=\"https:\/\/www.20minutos.es\/minuteca\/accesibilidad\/\" title=\"Accesibilidad\" target=\"_blank\" rel=\"noopener\">accesibilidad<\/a> a nivel nacional. Se celebrar\u00e1n &#8216;teletransportes&#8217; entre ciudades de forma simult\u00e1nea en un total de 28 ciudades del pa\u00eds.<\/p>\n<p><b>Inspirado en el universo de \u2018<a href=\"https:\/\/www.20minutos.es\/cinemania\/minuteca\/star-trek\/\" title=\"Star Trek\" target=\"_blank\" rel=\"noopener\">Star Trek<\/a><\/b>\u2019, los participantes en el acto de Madrid estar\u00e1n disfrazados y caracterizados como los protagonistas de esta saga de ciencia ficci\u00f3n.<\/p>\n<p><b>Asistir\u00e1 el doctor Spock<\/b>, que ha ofrecido generosamente prestar su apoyo a la causa para que la igualdad en el transporte para todas las personas deje de ser casi ciencia ficci\u00f3n. Tambi\u00e9n intervendr\u00e1n el presidente de Cocemfe, Anxo Queiruga, y representantes de<b> diferentes organizaciones del movimiento asociativo<\/b> como Famma Cocemfe Madrid, la Federaci\u00f3n Espa\u00f1ola de <a href=\"https:\/\/www.20minutos.es\/minuteca\/parkinson\/\" title=\"P\u00e1rkinson\" target=\"_blank\" rel=\"noopener\">Parkinson<\/a>, la Federaci\u00f3n Espa\u00f1ola de Asociaciones de Espina B\u00edfida e Hidrocefalia (FEBHI), la Confederaci\u00f3n de Asociaciones de Enfermos de Crohn y Colitis Ulcerosa de Espa\u00f1a (ACCU Espa\u00f1a), la Federaci\u00f3n Espa\u00f1ola de Familias de C\u00e1ncer Infantil y la Confederaci\u00f3n Estatal de Mujeres con Discapacidad (Cemudis).<\/p>\n<p>El lanzamiento ser\u00e1 <b>presentado por el \u2018influencer \u2019y activista <a href=\"https:\/\/www.20minutos.es\/noticia\/5244876\/0\/enrique-bernabeu-artista-con-discapacidad\/\" title='Enrique Bernabeu, artista: \"La gente cree que, cuando tienes una discapacidad, tu vida acaba, y no es as\u00ed\"' target=\"_blank\" rel=\"noopener\">Enrique Bernab\u00e9u<\/a><\/b><a href=\"https:\/\/www.20minutos.es\/\"> <\/a>y contar\u00e1 con medidas de accesibilidad e int\u00e9rprete de lengua de signos.<\/p>\n<\/div>\n<p>Fuente: Discapacidad https:\/\/www.20minutos.es\/noticia\/5644323\/0\/nueva-campana-cocemfe-recurre-teletransportador-star-trek-para-denunciar-falta-accesibilidad\/<\/p>\n","protected":false},"excerpt":{"rendered":"<p>Cocemfe quiere exigir que se cumplan las leyes de accesibilidad, sobre todo en el transporte p\u00fablico.<\/p>\n","protected":false},"author":1,"featured_media":0,"comment_status":"closed","ping_status":"closed","sticky":false,"template":"","format":"standard","meta":{"footnotes":""},"categories":[8],"tags":[],"class_list":["post-10454","post","type-post","status-publish","format-standard","hentry","category-noticias"],"yoast_head":"<!-- This site is optimized with the Yoast SEO plugin v27.5 - https:\/\/yoast.com\/product\/yoast-seo-wordpress\/ -->\n<title>La nueva campa\u00f1a de Cocemfe recurre al &#039;teletransportador&#039; de &#039;Star Trek&#039; para denunciar la falta de accesibilidad - Asociaci\u00f3n Espa\u00f1ola S\u00edndrome de Charge<\/title>\n<meta name=\"robots\" content=\"index, follow, max-snippet:-1, max-image-preview:large, max-video-preview:-1\" \/>\n<link rel=\"canonical\" href=\"https:\/\/sindromecharge.es\/index.php\/2024\/10\/16\/nueva-campana-cocemfe-recurre-teletransportador-star-trek-para-denunciar-falta-accesibilidad\/\" \/>\n<meta property=\"og:locale\" content=\"es_ES\" \/>\n<meta property=\"og:type\" content=\"article\" \/>\n<meta property=\"og:title\" content=\"La nueva campa\u00f1a de Cocemfe recurre al &#039;teletransportador&#039; de &#039;Star Trek&#039; para denunciar la falta de accesibilidad - Asociaci\u00f3n Espa\u00f1ola S\u00edndrome de Charge\" \/>\n<meta property=\"og:description\" content=\"Cocemfe quiere exigir que se cumplan las leyes de accesibilidad, sobre todo en el transporte p\u00fablico.\" \/>\n<meta property=\"og:url\" content=\"https:\/\/sindromecharge.es\/index.php\/2024\/10\/16\/nueva-campana-cocemfe-recurre-teletransportador-star-trek-para-denunciar-falta-accesibilidad\/\" \/>\n<meta property=\"og:site_name\" content=\"Asociaci\u00f3n Espa\u00f1ola S\u00edndrome de Charge\" \/>\n<meta property=\"article:publisher\" content=\"https:\/\/www.facebook.com\/asociacionsindromecharge\" \/>\n<meta property=\"article:published_time\" content=\"2024-10-16T06:28:21+00:00\" \/>\n<meta property=\"og:image\" content=\"https:\/\/sindromecharge.es\/wp-content\/uploads\/2013\/09\/logodecharge300x98.png\" \/>\n\t<meta property=\"og:image:width\" content=\"300\" \/>\n\t<meta property=\"og:image:height\" content=\"98\" \/>\n\t<meta property=\"og:image:type\" content=\"image\/png\" \/>\n<meta name=\"author\" content=\"Charge\" \/>\n<meta name=\"twitter:card\" content=\"summary_large_image\" \/>\n<meta name=\"twitter:creator\" content=\"@sindromecharge\" \/>\n<meta name=\"twitter:site\" content=\"@sindromecharge\" \/>\n<meta name=\"twitter:label1\" content=\"Escrito por\" \/>\n\t<meta name=\"twitter:data1\" content=\"Charge\" \/>\n\t<meta name=\"twitter:label2\" content=\"Tiempo de lectura\" \/>\n\t<meta name=\"twitter:data2\" content=\"1 minuto\" \/>\n<script type=\"application\/ld+json\" class=\"yoast-schema-graph\">{\"@context\":\"https:\\\/\\\/schema.org\",\"@graph\":[{\"@type\":\"Article\",\"@id\":\"https:\\\/\\\/sindromecharge.es\\\/index.php\\\/2024\\\/10\\\/16\\\/nueva-campana-cocemfe-recurre-teletransportador-star-trek-para-denunciar-falta-accesibilidad\\\/#article\",\"isPartOf\":{\"@id\":\"https:\\\/\\\/sindromecharge.es\\\/index.php\\\/2024\\\/10\\\/16\\\/nueva-campana-cocemfe-recurre-teletransportador-star-trek-para-denunciar-falta-accesibilidad\\\/\"},\"author\":{\"name\":\"Charge\",\"@id\":\"https:\\\/\\\/sindromecharge.es\\\/#\\\/schema\\\/person\\\/39a60ebe0a2b4d5a11179701e336b039\"},\"headline\":\"La nueva campa\u00f1a de Cocemfe recurre al &#8216;teletransportador&#8217; de &#8216;Star Trek&#8217; para denunciar la falta de accesibilidad\",\"datePublished\":\"2024-10-16T06:28:21+00:00\",\"mainEntityOfPage\":{\"@id\":\"https:\\\/\\\/sindromecharge.es\\\/index.php\\\/2024\\\/10\\\/16\\\/nueva-campana-cocemfe-recurre-teletransportador-star-trek-para-denunciar-falta-accesibilidad\\\/\"},\"wordCount\":303,\"articleSection\":[\"noticias\"],\"inLanguage\":\"es\"},{\"@type\":\"WebPage\",\"@id\":\"https:\\\/\\\/sindromecharge.es\\\/index.php\\\/2024\\\/10\\\/16\\\/nueva-campana-cocemfe-recurre-teletransportador-star-trek-para-denunciar-falta-accesibilidad\\\/\",\"url\":\"https:\\\/\\\/sindromecharge.es\\\/index.php\\\/2024\\\/10\\\/16\\\/nueva-campana-cocemfe-recurre-teletransportador-star-trek-para-denunciar-falta-accesibilidad\\\/\",\"name\":\"La nueva campa\u00f1a de Cocemfe recurre al 'teletransportador' de 'Star Trek' para denunciar la falta de accesibilidad - Asociaci\u00f3n Espa\u00f1ola S\u00edndrome de Charge\",\"isPartOf\":{\"@id\":\"https:\\\/\\\/sindromecharge.es\\\/#website\"},\"datePublished\":\"2024-10-16T06:28:21+00:00\",\"author\":{\"@id\":\"https:\\\/\\\/sindromecharge.es\\\/#\\\/schema\\\/person\\\/39a60ebe0a2b4d5a11179701e336b039\"},\"breadcrumb\":{\"@id\":\"https:\\\/\\\/sindromecharge.es\\\/index.php\\\/2024\\\/10\\\/16\\\/nueva-campana-cocemfe-recurre-teletransportador-star-trek-para-denunciar-falta-accesibilidad\\\/#breadcrumb\"},\"inLanguage\":\"es\",\"potentialAction\":[{\"@type\":\"ReadAction\",\"target\":[\"https:\\\/\\\/sindromecharge.es\\\/index.php\\\/2024\\\/10\\\/16\\\/nueva-campana-cocemfe-recurre-teletransportador-star-trek-para-denunciar-falta-accesibilidad\\\/\"]}]},{\"@type\":\"BreadcrumbList\",\"@id\":\"https:\\\/\\\/sindromecharge.es\\\/index.php\\\/2024\\\/10\\\/16\\\/nueva-campana-cocemfe-recurre-teletransportador-star-trek-para-denunciar-falta-accesibilidad\\\/#breadcrumb\",\"itemListElement\":[{\"@type\":\"ListItem\",\"position\":1,\"name\":\"Portada\",\"item\":\"https:\\\/\\\/sindromecharge.es\\\/\"},{\"@type\":\"ListItem\",\"position\":2,\"name\":\"La nueva campa\u00f1a de Cocemfe recurre al &#8216;teletransportador&#8217; de &#8216;Star Trek&#8217; para denunciar la falta de accesibilidad\"}]},{\"@type\":\"WebSite\",\"@id\":\"https:\\\/\\\/sindromecharge.es\\\/#website\",\"url\":\"https:\\\/\\\/sindromecharge.es\\\/\",\"name\":\"Asociaci\u00f3n Espa\u00f1ola S\u00edndrome de Charge\",\"description\":\"\",\"potentialAction\":[{\"@type\":\"SearchAction\",\"target\":{\"@type\":\"EntryPoint\",\"urlTemplate\":\"https:\\\/\\\/sindromecharge.es\\\/?s={search_term_string}\"},\"query-input\":{\"@type\":\"PropertyValueSpecification\",\"valueRequired\":true,\"valueName\":\"search_term_string\"}}],\"inLanguage\":\"es\"},{\"@type\":\"Person\",\"@id\":\"https:\\\/\\\/sindromecharge.es\\\/#\\\/schema\\\/person\\\/39a60ebe0a2b4d5a11179701e336b039\",\"name\":\"Charge\",\"image\":{\"@type\":\"ImageObject\",\"inLanguage\":\"es\",\"@id\":\"https:\\\/\\\/secure.gravatar.com\\\/avatar\\\/c3b46e32a0fc3b093a0873fb767bf3293de856293065e84ef06b7ec7a8acfb98?s=96&d=identicon&r=x\",\"url\":\"https:\\\/\\\/secure.gravatar.com\\\/avatar\\\/c3b46e32a0fc3b093a0873fb767bf3293de856293065e84ef06b7ec7a8acfb98?s=96&d=identicon&r=x\",\"contentUrl\":\"https:\\\/\\\/secure.gravatar.com\\\/avatar\\\/c3b46e32a0fc3b093a0873fb767bf3293de856293065e84ef06b7ec7a8acfb98?s=96&d=identicon&r=x\",\"caption\":\"Charge\"},\"url\":\"https:\\\/\\\/sindromecharge.es\\\/index.php\\\/author\\\/admin\\\/\"}]}<\/script>\n<!-- \/ Yoast SEO plugin. -->","yoast_head_json":{"title":"La nueva campa\u00f1a de Cocemfe recurre al 'teletransportador' de 'Star Trek' para denunciar la falta de accesibilidad - Asociaci\u00f3n Espa\u00f1ola S\u00edndrome de Charge","robots":{"index":"index","follow":"follow","max-snippet":"max-snippet:-1","max-image-preview":"max-image-preview:large","max-video-preview":"max-video-preview:-1"},"canonical":"https:\/\/sindromecharge.es\/index.php\/2024\/10\/16\/nueva-campana-cocemfe-recurre-teletransportador-star-trek-para-denunciar-falta-accesibilidad\/","og_locale":"es_ES","og_type":"article","og_title":"La nueva campa\u00f1a de Cocemfe recurre al 'teletransportador' de 'Star Trek' para denunciar la falta de accesibilidad - Asociaci\u00f3n Espa\u00f1ola S\u00edndrome de Charge","og_description":"Cocemfe quiere exigir que se cumplan las leyes de accesibilidad, sobre todo en el transporte p\u00fablico.","og_url":"https:\/\/sindromecharge.es\/index.php\/2024\/10\/16\/nueva-campana-cocemfe-recurre-teletransportador-star-trek-para-denunciar-falta-accesibilidad\/","og_site_name":"Asociaci\u00f3n Espa\u00f1ola S\u00edndrome de Charge","article_publisher":"https:\/\/www.facebook.com\/asociacionsindromecharge","article_published_time":"2024-10-16T06:28:21+00:00","og_image":[{"width":300,"height":98,"url":"https:\/\/sindromecharge.es\/wp-content\/uploads\/2013\/09\/logodecharge300x98.png","type":"image\/png"}],"author":"Charge","twitter_card":"summary_large_image","twitter_creator":"@sindromecharge","twitter_site":"@sindromecharge","twitter_misc":{"Escrito por":"Charge","Tiempo de lectura":"1 minuto"},"schema":{"@context":"https:\/\/schema.org","@graph":[{"@type":"Article","@id":"https:\/\/sindromecharge.es\/index.php\/2024\/10\/16\/nueva-campana-cocemfe-recurre-teletransportador-star-trek-para-denunciar-falta-accesibilidad\/#article","isPartOf":{"@id":"https:\/\/sindromecharge.es\/index.php\/2024\/10\/16\/nueva-campana-cocemfe-recurre-teletransportador-star-trek-para-denunciar-falta-accesibilidad\/"},"author":{"name":"Charge","@id":"https:\/\/sindromecharge.es\/#\/schema\/person\/39a60ebe0a2b4d5a11179701e336b039"},"headline":"La nueva campa\u00f1a de Cocemfe recurre al &#8216;teletransportador&#8217; de &#8216;Star Trek&#8217; para denunciar la falta de accesibilidad","datePublished":"2024-10-16T06:28:21+00:00","mainEntityOfPage":{"@id":"https:\/\/sindromecharge.es\/index.php\/2024\/10\/16\/nueva-campana-cocemfe-recurre-teletransportador-star-trek-para-denunciar-falta-accesibilidad\/"},"wordCount":303,"articleSection":["noticias"],"inLanguage":"es"},{"@type":"WebPage","@id":"https:\/\/sindromecharge.es\/index.php\/2024\/10\/16\/nueva-campana-cocemfe-recurre-teletransportador-star-trek-para-denunciar-falta-accesibilidad\/","url":"https:\/\/sindromecharge.es\/index.php\/2024\/10\/16\/nueva-campana-cocemfe-recurre-teletransportador-star-trek-para-denunciar-falta-accesibilidad\/","name":"La nueva campa\u00f1a de Cocemfe recurre al 'teletransportador' de 'Star Trek' para denunciar la falta de accesibilidad - Asociaci\u00f3n Espa\u00f1ola S\u00edndrome de Charge","isPartOf":{"@id":"https:\/\/sindromecharge.es\/#website"},"datePublished":"2024-10-16T06:28:21+00:00","author":{"@id":"https:\/\/sindromecharge.es\/#\/schema\/person\/39a60ebe0a2b4d5a11179701e336b039"},"breadcrumb":{"@id":"https:\/\/sindromecharge.es\/index.php\/2024\/10\/16\/nueva-campana-cocemfe-recurre-teletransportador-star-trek-para-denunciar-falta-accesibilidad\/#breadcrumb"},"inLanguage":"es","potentialAction":[{"@type":"ReadAction","target":["https:\/\/sindromecharge.es\/index.php\/2024\/10\/16\/nueva-campana-cocemfe-recurre-teletransportador-star-trek-para-denunciar-falta-accesibilidad\/"]}]},{"@type":"BreadcrumbList","@id":"https:\/\/sindromecharge.es\/index.php\/2024\/10\/16\/nueva-campana-cocemfe-recurre-teletransportador-star-trek-para-denunciar-falta-accesibilidad\/#breadcrumb","itemListElement":[{"@type":"ListItem","position":1,"name":"Portada","item":"https:\/\/sindromecharge.es\/"},{"@type":"ListItem","position":2,"name":"La nueva campa\u00f1a de Cocemfe recurre al &#8216;teletransportador&#8217; de &#8216;Star Trek&#8217; para denunciar la falta de accesibilidad"}]},{"@type":"WebSite","@id":"https:\/\/sindromecharge.es\/#website","url":"https:\/\/sindromecharge.es\/","name":"Asociaci\u00f3n Espa\u00f1ola S\u00edndrome de Charge","description":"","potentialAction":[{"@type":"SearchAction","target":{"@type":"EntryPoint","urlTemplate":"https:\/\/sindromecharge.es\/?s={search_term_string}"},"query-input":{"@type":"PropertyValueSpecification","valueRequired":true,"valueName":"search_term_string"}}],"inLanguage":"es"},{"@type":"Person","@id":"https:\/\/sindromecharge.es\/#\/schema\/person\/39a60ebe0a2b4d5a11179701e336b039","name":"Charge","image":{"@type":"ImageObject","inLanguage":"es","@id":"https:\/\/secure.gravatar.com\/avatar\/c3b46e32a0fc3b093a0873fb767bf3293de856293065e84ef06b7ec7a8acfb98?s=96&d=identicon&r=x","url":"https:\/\/secure.gravatar.com\/avatar\/c3b46e32a0fc3b093a0873fb767bf3293de856293065e84ef06b7ec7a8acfb98?s=96&d=identicon&r=x","contentUrl":"https:\/\/secure.gravatar.com\/avatar\/c3b46e32a0fc3b093a0873fb767bf3293de856293065e84ef06b7ec7a8acfb98?s=96&d=identicon&r=x","caption":"Charge"},"url":"https:\/\/sindromecharge.es\/index.php\/author\/admin\/"}]}},"_links":{"self":[{"href":"https:\/\/sindromecharge.es\/index.php\/wp-json\/wp\/v2\/posts\/10454","targetHints":{"allow":["GET"]}}],"collection":[{"href":"https:\/\/sindromecharge.es\/index.php\/wp-json\/wp\/v2\/posts"}],"about":[{"href":"https:\/\/sindromecharge.es\/index.php\/wp-json\/wp\/v2\/types\/post"}],"author":[{"embeddable":true,"href":"https:\/\/sindromecharge.es\/index.php\/wp-json\/wp\/v2\/users\/1"}],"replies":[{"embeddable":true,"href":"https:\/\/sindromecharge.es\/index.php\/wp-json\/wp\/v2\/comments?post=10454"}],"version-history":[{"count":0,"href":"https:\/\/sindromecharge.es\/index.php\/wp-json\/wp\/v2\/posts\/10454\/revisions"}],"wp:attachment":[{"href":"https:\/\/sindromecharge.es\/index.php\/wp-json\/wp\/v2\/media?parent=10454"}],"wp:term":[{"taxonomy":"category","embeddable":true,"href":"https:\/\/sindromecharge.es\/index.php\/wp-json\/wp\/v2\/categories?post=10454"},{"taxonomy":"post_tag","embeddable":true,"href":"https:\/\/sindromecharge.es\/index.php\/wp-json\/wp\/v2\/tags?post=10454"}],"curies":[{"name":"wp","href":"https:\/\/api.w.org\/{rel}","templated":true}]}}