{"id":10453,"date":"2024-10-16T06:28:07","date_gmt":"2024-10-16T06:28:07","guid":{"rendered":"https:\/\/sindromecharge.es\/index.php\/2024\/10\/16\/mas-70-las-familias-con-hijos-con-discapacidad-intelectual-no-acceden-los-programas-respiro-que-necesitan\/"},"modified":"2024-10-16T06:28:07","modified_gmt":"2024-10-16T06:28:07","slug":"mas-70-las-familias-con-hijos-con-discapacidad-intelectual-no-acceden-los-programas-respiro-que-necesitan","status":"publish","type":"post","link":"https:\/\/sindromecharge.es\/index.php\/2024\/10\/16\/mas-70-las-familias-con-hijos-con-discapacidad-intelectual-no-acceden-los-programas-respiro-que-necesitan\/","title":{"rendered":"M\u00e1s del 70% de las familias con hijos con discapacidad intelectual no acceden a los programas de respiro que necesitan"},"content":{"rendered":"<p>Leemos en Discapacidad la siguiente noticia que os reproducimos de forma \u00edntegra: <\/p>\n<div>\n<p>El 72,2% de familias con hijos con <a href=\"https:\/\/www.20minutos.es\/minuteca\/discapacidad-intelectual\/\" title=\"Discapacidad intelectual\" target=\"_blank\" rel=\"noopener\">discapacidad intelectual <\/a>que necesitan acceder a programas de respiro familiar no pueden hacerlo, seg\u00fan un estudio impulsado por la <b>Fundaci\u00f3n AVA<\/b>, en colaboraci\u00f3n con la Escuela de Enfermer\u00eda y Fisioterapia \u2018San Juan de Dios\u2019 y el Instituto Universitario de la Familia, ambos de la Universidad Pontificia Comillas.<\/p>\n<p>Con el t\u00edtulo \u2018Impacto psicosocial en las familias con un hijo con enfermedad neurol\u00f3gica y discapacidad intelectual\u2019, el trabajo se\u00f1ala que cerca del 60% de las familias demandan m\u00e1s informaci\u00f3n acerca de la discapacidad de su hijo y sobre <b>servicios de apoyo y recursos sociales <\/b>a los que acceder.<\/p>\n<p>Seg\u00fan sus resultados, estas familias presentan<b> m\u00e1s estr\u00e9s parental que aquellas en las que no existe discapacidad <\/b>o en las que los hijos tienen otro tipo de discapacidad. Los mayores niveles de <b>ansiedad<\/b> parental se registran en el caso del autismo, indica la investigaci\u00f3n.<\/p>\n<p>En ocasiones, este estr\u00e9s se relaciona con la<b> presencia de problemas de conducta o comportamientos desafiantes<\/b>, y aumenta en funci\u00f3n de su gravedad. En opini\u00f3n de Blanca Egea, investigadora del proyecto, la existencia de grandes necesidades de apoyo \u201cest\u00e1 asociada a sensaciones mayores de <b>cansancio, estr\u00e9s, depresi\u00f3n<\/b> y, en general, un menor bienestar y calidad de vida familiar. En Espa\u00f1a, todav\u00eda es reducido el n\u00famero de estudios que abordan las<b> enfermedades neurol\u00f3gicas graves<\/b> en ni\u00f1os desde la perspectiva de su <b>entorno familiar<\/b>\u201d, lament\u00f3.<\/p>\n<p>El estudio publicado hoy ten\u00eda por objetivo analizar el<b> impacto psicosocial y familiar de factores como la severidad de la <a href=\"https:\/\/www.20minutos.es\/minuteca\/discapacidad\/\" title=\"Discapacidad\" target=\"_blank\" rel=\"noopener\">discapacidad<\/a><\/b>, la pr\u00e1ctica de actividad deportiva en los ni\u00f1os o el acceso a recursos sanitarios y comunitarios para el manejo de su discapacidad.<\/p>\n<h2>Comorbilidad y diagn\u00f3stico<\/h2>\n<p>Los <b>trastornos del neurodesarrollo<\/b> son complejos y presentan una alta comorbilidad, con un 63,2% de ni\u00f1os con tres o m\u00e1s diagn\u00f3sticos y problemas de salud asociados, de acuerdo con el estudio. \u201cSe trata de casos que tienen un <b>diagn\u00f3stico dif\u00edcil <\/b>y requieren numerosas consultas por diferentes especialidades m\u00e9dicas\u00bb, explic\u00f3 Egea.<\/p>\n<p>Esto hace que m\u00e1s del 50% de los ni\u00f1os sean diagnosticados en un plazo superior al a\u00f1o desde el momento de su nacimiento, seg\u00fan dijo. Agreg\u00f3 que las enfermedades neurol\u00f3gicas graves tambi\u00e9n requieren <b>hospitalizaciones largas o frecuentes<\/b> para su seguimiento y o tratamiento, por lo que es predecible que el diagn\u00f3stico impacte profundamente en todo el conjunto familiar.<\/p>\n<p>El trabajo indica que las familias deben compaginar los recursos p\u00fablicos con el uso de recursos sociosanitarios privados de cara a procurar una atenci\u00f3n adecuada a sus hijos con discapacidad. De hecho, m\u00e1s de la mitad precisan servicios de<b> fisioterapia privada<\/b> para sus hijos (56%); de psicomotricidad (54,5%), y de neurolog\u00eda (74,6%). Asimismo, un tercio de las familias estudiadas combinan los servicios p\u00fablicos con psic\u00f3logo (34,7%) o psiquiatra privados (21,7%).<\/p>\n<\/div>\n<p>Fuente: Discapacidad https:\/\/www.20minutos.es\/noticia\/5644325\/0\/mas-70-las-familias-con-hijos-con-discapacidad-intelectual-no-acceden-los-programas-respiro-que-necesitan\/<\/p>\n","protected":false},"excerpt":{"rendered":"<p>Un estudio, impulsado por la Fundaci\u00f3n AVA, alerta sobre el impacto psicosocial de tener un hijo con una enfermedad neurol\u00f3gica.<\/p>\n","protected":false},"author":1,"featured_media":0,"comment_status":"closed","ping_status":"closed","sticky":false,"template":"","format":"standard","meta":{"footnotes":""},"categories":[8],"tags":[],"class_list":["post-10453","post","type-post","status-publish","format-standard","hentry","category-noticias"],"yoast_head":"<!-- This site is optimized with the Yoast SEO plugin v27.5 - https:\/\/yoast.com\/product\/yoast-seo-wordpress\/ -->\n<title>M\u00e1s del 70% de las familias con hijos con discapacidad intelectual no acceden a los programas de respiro que necesitan - Asociaci\u00f3n Espa\u00f1ola S\u00edndrome de Charge<\/title>\n<meta name=\"robots\" content=\"index, follow, max-snippet:-1, max-image-preview:large, max-video-preview:-1\" \/>\n<link rel=\"canonical\" href=\"https:\/\/sindromecharge.es\/index.php\/2024\/10\/16\/mas-70-las-familias-con-hijos-con-discapacidad-intelectual-no-acceden-los-programas-respiro-que-necesitan\/\" \/>\n<meta property=\"og:locale\" content=\"es_ES\" \/>\n<meta property=\"og:type\" content=\"article\" \/>\n<meta property=\"og:title\" content=\"M\u00e1s del 70% de las familias con hijos con discapacidad intelectual no acceden a los programas de respiro que necesitan - Asociaci\u00f3n Espa\u00f1ola S\u00edndrome de Charge\" \/>\n<meta property=\"og:description\" content=\"Un estudio, impulsado por la Fundaci\u00f3n AVA, alerta sobre el impacto psicosocial de tener un hijo con una enfermedad neurol\u00f3gica.\" \/>\n<meta property=\"og:url\" content=\"https:\/\/sindromecharge.es\/index.php\/2024\/10\/16\/mas-70-las-familias-con-hijos-con-discapacidad-intelectual-no-acceden-los-programas-respiro-que-necesitan\/\" \/>\n<meta property=\"og:site_name\" content=\"Asociaci\u00f3n Espa\u00f1ola S\u00edndrome de Charge\" \/>\n<meta property=\"article:publisher\" content=\"https:\/\/www.facebook.com\/asociacionsindromecharge\" \/>\n<meta property=\"article:published_time\" content=\"2024-10-16T06:28:07+00:00\" \/>\n<meta property=\"og:image\" content=\"https:\/\/sindromecharge.es\/wp-content\/uploads\/2013\/09\/logodecharge300x98.png\" \/>\n\t<meta property=\"og:image:width\" content=\"300\" \/>\n\t<meta property=\"og:image:height\" content=\"98\" \/>\n\t<meta property=\"og:image:type\" content=\"image\/png\" \/>\n<meta name=\"author\" content=\"Charge\" \/>\n<meta name=\"twitter:card\" content=\"summary_large_image\" \/>\n<meta name=\"twitter:creator\" content=\"@sindromecharge\" \/>\n<meta name=\"twitter:site\" content=\"@sindromecharge\" \/>\n<meta name=\"twitter:label1\" content=\"Escrito por\" \/>\n\t<meta name=\"twitter:data1\" content=\"Charge\" \/>\n\t<meta name=\"twitter:label2\" content=\"Tiempo de lectura\" \/>\n\t<meta name=\"twitter:data2\" content=\"3 minutos\" \/>\n<script type=\"application\/ld+json\" class=\"yoast-schema-graph\">{\"@context\":\"https:\\\/\\\/schema.org\",\"@graph\":[{\"@type\":\"Article\",\"@id\":\"https:\\\/\\\/sindromecharge.es\\\/index.php\\\/2024\\\/10\\\/16\\\/mas-70-las-familias-con-hijos-con-discapacidad-intelectual-no-acceden-los-programas-respiro-que-necesitan\\\/#article\",\"isPartOf\":{\"@id\":\"https:\\\/\\\/sindromecharge.es\\\/index.php\\\/2024\\\/10\\\/16\\\/mas-70-las-familias-con-hijos-con-discapacidad-intelectual-no-acceden-los-programas-respiro-que-necesitan\\\/\"},\"author\":{\"name\":\"Charge\",\"@id\":\"https:\\\/\\\/sindromecharge.es\\\/#\\\/schema\\\/person\\\/39a60ebe0a2b4d5a11179701e336b039\"},\"headline\":\"M\u00e1s del 70% de las familias con hijos con discapacidad intelectual no acceden a los programas de respiro que necesitan\",\"datePublished\":\"2024-10-16T06:28:07+00:00\",\"mainEntityOfPage\":{\"@id\":\"https:\\\/\\\/sindromecharge.es\\\/index.php\\\/2024\\\/10\\\/16\\\/mas-70-las-familias-con-hijos-con-discapacidad-intelectual-no-acceden-los-programas-respiro-que-necesitan\\\/\"},\"wordCount\":532,\"articleSection\":[\"noticias\"],\"inLanguage\":\"es\"},{\"@type\":\"WebPage\",\"@id\":\"https:\\\/\\\/sindromecharge.es\\\/index.php\\\/2024\\\/10\\\/16\\\/mas-70-las-familias-con-hijos-con-discapacidad-intelectual-no-acceden-los-programas-respiro-que-necesitan\\\/\",\"url\":\"https:\\\/\\\/sindromecharge.es\\\/index.php\\\/2024\\\/10\\\/16\\\/mas-70-las-familias-con-hijos-con-discapacidad-intelectual-no-acceden-los-programas-respiro-que-necesitan\\\/\",\"name\":\"M\u00e1s del 70% de las familias con hijos con discapacidad intelectual no acceden a los programas de respiro que necesitan - Asociaci\u00f3n Espa\u00f1ola S\u00edndrome de Charge\",\"isPartOf\":{\"@id\":\"https:\\\/\\\/sindromecharge.es\\\/#website\"},\"datePublished\":\"2024-10-16T06:28:07+00:00\",\"author\":{\"@id\":\"https:\\\/\\\/sindromecharge.es\\\/#\\\/schema\\\/person\\\/39a60ebe0a2b4d5a11179701e336b039\"},\"breadcrumb\":{\"@id\":\"https:\\\/\\\/sindromecharge.es\\\/index.php\\\/2024\\\/10\\\/16\\\/mas-70-las-familias-con-hijos-con-discapacidad-intelectual-no-acceden-los-programas-respiro-que-necesitan\\\/#breadcrumb\"},\"inLanguage\":\"es\",\"potentialAction\":[{\"@type\":\"ReadAction\",\"target\":[\"https:\\\/\\\/sindromecharge.es\\\/index.php\\\/2024\\\/10\\\/16\\\/mas-70-las-familias-con-hijos-con-discapacidad-intelectual-no-acceden-los-programas-respiro-que-necesitan\\\/\"]}]},{\"@type\":\"BreadcrumbList\",\"@id\":\"https:\\\/\\\/sindromecharge.es\\\/index.php\\\/2024\\\/10\\\/16\\\/mas-70-las-familias-con-hijos-con-discapacidad-intelectual-no-acceden-los-programas-respiro-que-necesitan\\\/#breadcrumb\",\"itemListElement\":[{\"@type\":\"ListItem\",\"position\":1,\"name\":\"Portada\",\"item\":\"https:\\\/\\\/sindromecharge.es\\\/\"},{\"@type\":\"ListItem\",\"position\":2,\"name\":\"M\u00e1s del 70% de las familias con hijos con discapacidad intelectual no acceden a los programas de respiro que necesitan\"}]},{\"@type\":\"WebSite\",\"@id\":\"https:\\\/\\\/sindromecharge.es\\\/#website\",\"url\":\"https:\\\/\\\/sindromecharge.es\\\/\",\"name\":\"Asociaci\u00f3n Espa\u00f1ola S\u00edndrome de Charge\",\"description\":\"\",\"potentialAction\":[{\"@type\":\"SearchAction\",\"target\":{\"@type\":\"EntryPoint\",\"urlTemplate\":\"https:\\\/\\\/sindromecharge.es\\\/?s={search_term_string}\"},\"query-input\":{\"@type\":\"PropertyValueSpecification\",\"valueRequired\":true,\"valueName\":\"search_term_string\"}}],\"inLanguage\":\"es\"},{\"@type\":\"Person\",\"@id\":\"https:\\\/\\\/sindromecharge.es\\\/#\\\/schema\\\/person\\\/39a60ebe0a2b4d5a11179701e336b039\",\"name\":\"Charge\",\"image\":{\"@type\":\"ImageObject\",\"inLanguage\":\"es\",\"@id\":\"https:\\\/\\\/secure.gravatar.com\\\/avatar\\\/c3b46e32a0fc3b093a0873fb767bf3293de856293065e84ef06b7ec7a8acfb98?s=96&d=identicon&r=x\",\"url\":\"https:\\\/\\\/secure.gravatar.com\\\/avatar\\\/c3b46e32a0fc3b093a0873fb767bf3293de856293065e84ef06b7ec7a8acfb98?s=96&d=identicon&r=x\",\"contentUrl\":\"https:\\\/\\\/secure.gravatar.com\\\/avatar\\\/c3b46e32a0fc3b093a0873fb767bf3293de856293065e84ef06b7ec7a8acfb98?s=96&d=identicon&r=x\",\"caption\":\"Charge\"},\"url\":\"https:\\\/\\\/sindromecharge.es\\\/index.php\\\/author\\\/admin\\\/\"}]}<\/script>\n<!-- \/ Yoast SEO plugin. -->","yoast_head_json":{"title":"M\u00e1s del 70% de las familias con hijos con discapacidad intelectual no acceden a los programas de respiro que necesitan - Asociaci\u00f3n Espa\u00f1ola S\u00edndrome de Charge","robots":{"index":"index","follow":"follow","max-snippet":"max-snippet:-1","max-image-preview":"max-image-preview:large","max-video-preview":"max-video-preview:-1"},"canonical":"https:\/\/sindromecharge.es\/index.php\/2024\/10\/16\/mas-70-las-familias-con-hijos-con-discapacidad-intelectual-no-acceden-los-programas-respiro-que-necesitan\/","og_locale":"es_ES","og_type":"article","og_title":"M\u00e1s del 70% de las familias con hijos con discapacidad intelectual no acceden a los programas de respiro que necesitan - Asociaci\u00f3n Espa\u00f1ola S\u00edndrome de Charge","og_description":"Un estudio, impulsado por la Fundaci\u00f3n AVA, alerta sobre el impacto psicosocial de tener un hijo con una enfermedad neurol\u00f3gica.","og_url":"https:\/\/sindromecharge.es\/index.php\/2024\/10\/16\/mas-70-las-familias-con-hijos-con-discapacidad-intelectual-no-acceden-los-programas-respiro-que-necesitan\/","og_site_name":"Asociaci\u00f3n Espa\u00f1ola S\u00edndrome de Charge","article_publisher":"https:\/\/www.facebook.com\/asociacionsindromecharge","article_published_time":"2024-10-16T06:28:07+00:00","og_image":[{"width":300,"height":98,"url":"https:\/\/sindromecharge.es\/wp-content\/uploads\/2013\/09\/logodecharge300x98.png","type":"image\/png"}],"author":"Charge","twitter_card":"summary_large_image","twitter_creator":"@sindromecharge","twitter_site":"@sindromecharge","twitter_misc":{"Escrito por":"Charge","Tiempo de lectura":"3 minutos"},"schema":{"@context":"https:\/\/schema.org","@graph":[{"@type":"Article","@id":"https:\/\/sindromecharge.es\/index.php\/2024\/10\/16\/mas-70-las-familias-con-hijos-con-discapacidad-intelectual-no-acceden-los-programas-respiro-que-necesitan\/#article","isPartOf":{"@id":"https:\/\/sindromecharge.es\/index.php\/2024\/10\/16\/mas-70-las-familias-con-hijos-con-discapacidad-intelectual-no-acceden-los-programas-respiro-que-necesitan\/"},"author":{"name":"Charge","@id":"https:\/\/sindromecharge.es\/#\/schema\/person\/39a60ebe0a2b4d5a11179701e336b039"},"headline":"M\u00e1s del 70% de las familias con hijos con discapacidad intelectual no acceden a los programas de respiro que necesitan","datePublished":"2024-10-16T06:28:07+00:00","mainEntityOfPage":{"@id":"https:\/\/sindromecharge.es\/index.php\/2024\/10\/16\/mas-70-las-familias-con-hijos-con-discapacidad-intelectual-no-acceden-los-programas-respiro-que-necesitan\/"},"wordCount":532,"articleSection":["noticias"],"inLanguage":"es"},{"@type":"WebPage","@id":"https:\/\/sindromecharge.es\/index.php\/2024\/10\/16\/mas-70-las-familias-con-hijos-con-discapacidad-intelectual-no-acceden-los-programas-respiro-que-necesitan\/","url":"https:\/\/sindromecharge.es\/index.php\/2024\/10\/16\/mas-70-las-familias-con-hijos-con-discapacidad-intelectual-no-acceden-los-programas-respiro-que-necesitan\/","name":"M\u00e1s del 70% de las familias con hijos con discapacidad intelectual no acceden a los programas de respiro que necesitan - Asociaci\u00f3n Espa\u00f1ola S\u00edndrome de Charge","isPartOf":{"@id":"https:\/\/sindromecharge.es\/#website"},"datePublished":"2024-10-16T06:28:07+00:00","author":{"@id":"https:\/\/sindromecharge.es\/#\/schema\/person\/39a60ebe0a2b4d5a11179701e336b039"},"breadcrumb":{"@id":"https:\/\/sindromecharge.es\/index.php\/2024\/10\/16\/mas-70-las-familias-con-hijos-con-discapacidad-intelectual-no-acceden-los-programas-respiro-que-necesitan\/#breadcrumb"},"inLanguage":"es","potentialAction":[{"@type":"ReadAction","target":["https:\/\/sindromecharge.es\/index.php\/2024\/10\/16\/mas-70-las-familias-con-hijos-con-discapacidad-intelectual-no-acceden-los-programas-respiro-que-necesitan\/"]}]},{"@type":"BreadcrumbList","@id":"https:\/\/sindromecharge.es\/index.php\/2024\/10\/16\/mas-70-las-familias-con-hijos-con-discapacidad-intelectual-no-acceden-los-programas-respiro-que-necesitan\/#breadcrumb","itemListElement":[{"@type":"ListItem","position":1,"name":"Portada","item":"https:\/\/sindromecharge.es\/"},{"@type":"ListItem","position":2,"name":"M\u00e1s del 70% de las familias con hijos con discapacidad intelectual no acceden a los programas de respiro que necesitan"}]},{"@type":"WebSite","@id":"https:\/\/sindromecharge.es\/#website","url":"https:\/\/sindromecharge.es\/","name":"Asociaci\u00f3n Espa\u00f1ola S\u00edndrome de Charge","description":"","potentialAction":[{"@type":"SearchAction","target":{"@type":"EntryPoint","urlTemplate":"https:\/\/sindromecharge.es\/?s={search_term_string}"},"query-input":{"@type":"PropertyValueSpecification","valueRequired":true,"valueName":"search_term_string"}}],"inLanguage":"es"},{"@type":"Person","@id":"https:\/\/sindromecharge.es\/#\/schema\/person\/39a60ebe0a2b4d5a11179701e336b039","name":"Charge","image":{"@type":"ImageObject","inLanguage":"es","@id":"https:\/\/secure.gravatar.com\/avatar\/c3b46e32a0fc3b093a0873fb767bf3293de856293065e84ef06b7ec7a8acfb98?s=96&d=identicon&r=x","url":"https:\/\/secure.gravatar.com\/avatar\/c3b46e32a0fc3b093a0873fb767bf3293de856293065e84ef06b7ec7a8acfb98?s=96&d=identicon&r=x","contentUrl":"https:\/\/secure.gravatar.com\/avatar\/c3b46e32a0fc3b093a0873fb767bf3293de856293065e84ef06b7ec7a8acfb98?s=96&d=identicon&r=x","caption":"Charge"},"url":"https:\/\/sindromecharge.es\/index.php\/author\/admin\/"}]}},"_links":{"self":[{"href":"https:\/\/sindromecharge.es\/index.php\/wp-json\/wp\/v2\/posts\/10453","targetHints":{"allow":["GET"]}}],"collection":[{"href":"https:\/\/sindromecharge.es\/index.php\/wp-json\/wp\/v2\/posts"}],"about":[{"href":"https:\/\/sindromecharge.es\/index.php\/wp-json\/wp\/v2\/types\/post"}],"author":[{"embeddable":true,"href":"https:\/\/sindromecharge.es\/index.php\/wp-json\/wp\/v2\/users\/1"}],"replies":[{"embeddable":true,"href":"https:\/\/sindromecharge.es\/index.php\/wp-json\/wp\/v2\/comments?post=10453"}],"version-history":[{"count":0,"href":"https:\/\/sindromecharge.es\/index.php\/wp-json\/wp\/v2\/posts\/10453\/revisions"}],"wp:attachment":[{"href":"https:\/\/sindromecharge.es\/index.php\/wp-json\/wp\/v2\/media?parent=10453"}],"wp:term":[{"taxonomy":"category","embeddable":true,"href":"https:\/\/sindromecharge.es\/index.php\/wp-json\/wp\/v2\/categories?post=10453"},{"taxonomy":"post_tag","embeddable":true,"href":"https:\/\/sindromecharge.es\/index.php\/wp-json\/wp\/v2\/tags?post=10453"}],"curies":[{"name":"wp","href":"https:\/\/api.w.org\/{rel}","templated":true}]}}