{"id":10452,"date":"2024-10-16T05:28:46","date_gmt":"2024-10-16T05:28:46","guid":{"rendered":"https:\/\/sindromecharge.es\/index.php\/2024\/10\/16\/sumamente-centro-bienestar-psicosocial-para-personas-vulnerables-tenemos-vocacion-servicio-dinero-es-un-problema\/"},"modified":"2024-10-16T05:28:46","modified_gmt":"2024-10-16T05:28:46","slug":"sumamente-centro-bienestar-psicosocial-para-personas-vulnerables-tenemos-vocacion-servicio-dinero-es-un-problema","status":"publish","type":"post","link":"https:\/\/sindromecharge.es\/index.php\/2024\/10\/16\/sumamente-centro-bienestar-psicosocial-para-personas-vulnerables-tenemos-vocacion-servicio-dinero-es-un-problema\/","title":{"rendered":"SumaMente, bienestar psicosocial para personas vulnerables: \u00abNo queremos que el dinero sea un problema\u00bb"},"content":{"rendered":"<p>Leemos en Discapacidad la siguiente noticia que os reproducimos de forma \u00edntegra: <\/p>\n<div>\n<p>La <b>Fundaci\u00f3n Juan XXIII<\/b>, entidad que se dedica desde hace casi 60 a\u00f1os a atender las necesidades de las personas de las personas con <a href=\"https:\/\/www.20minutos.es\/minuteca\/discapacidad-intelectual\/\" title=\"Discapacidad intelectual\" target=\"_blank\" rel=\"noopener\">discapacidad intelectual<\/a> <b>inaugur\u00f3 hace unos meses en Madrid<\/b> <b>SumaMente<\/b>, un centro pionero centrado en promover el bienestar psicosocial de las personas pertenecientes a <b>colectivos vulnerable<\/b>s, entre ellos, las personas con <a href=\"https:\/\/www.20minutos.es\/minuteca\/discapacidad\/\" title=\"Discapacidad\" target=\"_blank\" rel=\"noopener\">discapacidad<\/a>, \u00abhace tres a\u00f1os cambiamos nuestros estatutos para abrirnos a otros colectivos en riesgo de vulnerabilidad psicosocial. Quer\u00edamos llegar a m\u00e1s gente porque hab\u00eda personas que, aunque no ten\u00edan un diagn\u00f3stico de discapacidad, s\u00ed ten\u00edan dificultades de orden psicosocial, y no pod\u00edan acceder a los servicios de la Fundaci\u00f3n ni de otras entidades del tercer sector. Vimos hay un vac\u00edo\u00bb, cuenta <b>Mamen G\u00f3mez, Directora de SumaMente.<\/b><\/p>\n<p>Desde la Fundaci\u00f3n, adem\u00e1s de otros servicios, decidieron intentar llenar ese vac\u00edo con SumaMente, y hacerlo, adem\u00e1s en un<b> centro integral<\/b>, donde la gente que acudiera all\u00ed encontrara respuestas, no solo a uno, sino a varios de sus problemas, \u00abno hab\u00eda un lugar, un servicio en el que todas las personas pudieran hacer todo lo que necesitan, en el que se diera respuesta a todas sus necesidades\u2026 y por eso nacimos, con la <b>vocaci\u00f3n de tenerlo todo en el mismo sitio<\/b> y siempre con la objetivo de ayudar, que es con la que naci\u00f3 la Fundaci\u00f3n. En SumaMente ayudar significa que todo el mundo que lo necesite, independientemente de su capacidad econ\u00f3mica, pueda acceder a servicios psicosociales\u00bb, se\u00f1ala la directora.<\/p>\n<h2>Fomentar el bienestar de manera integral<\/h2>\n<p>En el centro SumaMente, situado en la zona de Retiro de Madrid, hay multitud de servicios, todos relacionados con el<b> bienestar psicosocial<\/b>, lo que se consigue, seg\u00fan su criterio, no solo con psic\u00f3logos, \u00ablos problemas psicol\u00f3gicos que tiene una persona, no son solo de orden psicol\u00f3gico, porque es probable que detr\u00e1s de ese malestar haya un problema social, econ\u00f3mico, que no encuentra empleo, que no tiene una red amigos\u2026 Por eso, aunque trabajemos la parte psicol\u00f3gica (con psic\u00f3logos y psiquiatras), que es muy importante, tenemos que ayudarle tambi\u00e9n con a ra\u00edz de ese problema, por eso trabajamos otros \u00e1mbitos, como el empleo, el ocio\u2026\u00bb, explica Mamen.<\/p>\n<p>Por eso, en el centro SumaMente encontramos psic\u00f3logos, psiquiatras, fisios, logopedas, orientaci\u00f3n laboral, cursos, ocio y deporte\u2026 y hasta servicios de diet\u00e9tica, \u00abla persona no est\u00e1 hecha de departamentos, sino que es un conjunto con muchas parcelas y todas est\u00e1n relacionadas, por eso lo ideal es que se trate todo y en el mismo sitio. Si est\u00e1 deprimido y no tiene trabajo, a lo mejor, adem\u00e1s de tratarle la depresi\u00f3n con psic\u00f3logos y psiquiatras hay que ayudarle a encontrar un empleo con<b> intermediaci\u00f3n laboral<\/b>, o a meterle en un grupo de ocio si adem\u00e1s de la <a href=\"https:\/\/www.20minutos.es\/minuteca\/depresion\/\" title=\"Depresi\u00f3n\" target=\"_blank\" rel=\"noopener\">depresi\u00f3n <\/a>se siente solo, etc. porque <b>a las personas hay que tratarlas en su totalidad<\/b>, el enfoque tiene que ser integral para favorecer as\u00ed su bienestar y su salud mental\u201d.<\/p>\n<p><b>Jorge<\/b> es un usuario que busc\u00f3 ayuda en SumaMente para encontrar trabajo, pero all\u00ed ha encontrado mucho m\u00e1s. <b>Con 22 a\u00f1os y discapacidad intelectual reconocida<\/b>, realiz\u00f3 cursos Atenci\u00f3n al Cliente y Azafato de Eventos que lo imparti\u00f3 Alejandro Antequera Ant\u00f3n. Cuando buscaba empleo con apoyo, el trabajador social de SumaMente, le habl\u00f3 del centro, \u00aball\u00ed me ayud\u00f3 a tramitar la solicitud de la <a href=\"https:\/\/www.20minutos.es\/minuteca\/ley-de-dependencia\/\" title=\"Ley de Dependencia\" target=\"_blank\" rel=\"noopener\">Ley de Dependencia<\/a> y a solicitar la documentaci\u00f3n de la casa tutelada, tambi\u00e9n acudo al servicio de psicolog\u00eda, donde me ayudan a gestionar mis frustraciones y mis emociones\u00bb, cuenta Jorge, \u00aby tambi\u00e9n me ayudaron a ponerme en contacto con empresas para la b\u00fasqueda de empleo. Quiero agradecerles todo el apoyo que estoy teniendo\u00bb, asegura.<\/p>\n<h2>Colectivos vulnerables, con especial atenci\u00f3n en la discapacidad<\/h2>\n<p>Desde SumaMente quieren poner mucho hincapi\u00e9 en el tema de la vulnerabilidad, pero \u00bf<b>qu\u00e9 es para ellos un colectivo vulnerable<\/b>? \u00abEn eso tambi\u00e9n hemos tenido mucho debate\u00bb, reconoce Mamen G\u00f3mez \u00aby hemos decidido que un colectivo con vulnerabilidad psicosocial es aquel cuyas personas tienen<b> problemas psicol\u00f3gicos, pero tambi\u00e9n otro tipo de problemas de sean m\u00e1s de orden social<\/b>. En este perfil entrar\u00edan personas con cualquier tipo de discapacidad -f\u00edsica, intelectual, enfermedad mental, org\u00e1nica\u2026-, personas que no tengan el certificado de discapacidad pero que tengan dificultades, mujeres v\u00edctimas de maltrato, personas mayores con soledad no deseada, tenemos un proyecto infantojuvenil para prevenci\u00f3n de problemas de salud mental\u2026\u00bb, explica.<\/p>\n<p>Las personas con discapacidad tendr\u00edan, por tanto, un hueco especial -aunque no exclusivo- en el centro SumaMente, pues, como quiere dejar claro, \u00ab<b>nuestra intenci\u00f3n es dar respuesta y orientar a todas las personas que vengan\u00bb<\/b>. Habr\u00e1 servicios que se los podr\u00e1n dar en la Fundaci\u00f3n y otros los derivar\u00e1n a SumaMente, \u00abtenemos proyectos bastante orientados a personas con discapacidad, pero hay muchos otros proyectos que no, adem\u00e1s de que queremos que sean inclusivos, que puedan acceder personas con y sin discapacidad\u00bb. <\/p>\n<p>Sin embargo, como reconocen, \u00ab<b>la discapacidad intelectual siempre va a estar presente<\/b>. Somos una entidad especializada en ellos, llevamos d\u00e9cadas trabajando con ellos, y &#8216;nos tira&#8217; mucho todo lo que tiene que ver con la discapacidad intelectual\u00bb.<\/p>\n<p><b>Mar\u00eda del Mar, de 29 a\u00f1os,<\/b> es otra persona que ha encontrado su hueco en Sumamente. \u00abTengo <b>un 65% de discapacidad<\/b>, vivo con mis padres y mi hermano mayor, y trabajo como auxiliar de control en el Centro de Mayores Pio Baroja desde la pandemia\u00bb, cuenta. <\/p>\n<p>Mar\u00eda no ten\u00eda problemas laborales, tiene una familia\u2026 pero se sent\u00eda sola, \u00abestaba en una situaci\u00f3n mala y quer\u00eda conocer gente\u00bb, recuerda. Le coment\u00f3 sus inquietudes a Mar\u00eda, su asistente personal en la Oficina de Vida Independiente, y le recomend\u00f3 SumaMente, \u00ables cont\u00e9 mi situaci\u00f3n y a empec\u00e9 a hacer fisioterapia, psicolog\u00eda, logopedia y nutrici\u00f3n y diet\u00e9tica\u00bb. <\/p>\n<p>Mar\u00eda, como otras muchas personas con discapacidad, <b>es m\u00e1s vulnerable a tener problemas de <a href=\"https:\/\/www.20minutos.es\/salud\/minuteca\/salud-mental\/\" title=\"Salud mental\" target=\"_blank\" rel=\"noopener\">salud mental<\/a><\/b>, un colectivo tambi\u00e9n conocido por la Fundaci\u00f3n, \u00aben el centro de formaci\u00f3n de la Fundaci\u00f3n, que lleva 15 a\u00f1os funcionando, siempre hemos atendido a personas con enfermedad mental, y, poco a poco, ha ido aumentando el n\u00famero de personas que atend\u00edamos. Ahora mismo tenemos un centro de rehabilitaci\u00f3n laboral en el que trabajamos con este colectivo, y<b> nuestro objetivo es seguir trabajando la salud mental, <\/b>porque adem\u00e1s, <b>un problema muy presente<\/b>, tanto en la discapacidad como en la poblaci\u00f3n general. Vivimos en una sociedad en la que todo tiene que ir muy deprisa y estas personas necesitan m\u00e1s tiempo. Nuestro objetivo es que aqu\u00ed encuentran ese tiempo, tiempo para encontrar un empleo, para formarse, para cuidarse\u2026\u00bb.<\/p>\n<h1>Queremos que todo el mundo que lo necesite, independientemente de su capacidad econ\u00f3mica, pueda acceder a servicios psicosociales<\/h1>\n<h2>Ni una persona sin la atenci\u00f3n que necesita<\/h2>\n<p>Desde SumaMente insisten en que su objetivo es que ninguna persona que lo requiera, se quede sin la atenci\u00f3n que necesita, por eso insiste en que el dinero no es un problema. Para ello, para acceder a sus servicios, tienen, por un lado,<b> precios muy competitivos<\/b>, y, por otro, se puede utilizar el cheque servicio de la <a href=\"https:\/\/www.20minutos.es\/minuteca\/dependencia\/\" title=\"Dependencia\" target=\"_blank\" rel=\"noopener\">Dependencia<\/a>, \u00abcualquier persona que lo necesite, pueden venir a vernos, aunque no tengan discapacidad. Nos llama, le hacemos una valoraci\u00f3n y la primera consulta es gratuita\u00bb, cuenta Mamen.<\/p>\n<p>A trav\u00e9s del <b>cheque servicio <\/b>accedi\u00f3 a Sumamente Mar\u00eda del Mar, \u00abvieron mis necesidades, me orient\u00f3 y ayudaron a tramitar el Cheque Servicio. Ya con el cheque, empec\u00e9 las terapias de fisioterapia y de psicolog\u00eda\u00bb, cuenta.<\/p>\n<p>Adem\u00e1s, aunque estos<b> servicios son privados, tienen proyectos p\u00fablicos y concertados<\/b>, como \u00abun aula de f\u00edsicos a la que viene gente derivada de la Comunidad de Madrid, un programa de intermediaci\u00f3n laboral concertados&#8230;\u00bb, insiste.<\/p>\n<p>Quieren, sobre todo, que Sumamente, se convierta en el refugio de los que necesitan ayuda y no saben d\u00f3nde acudir, \u00abtenemos una<b> clara vocaci\u00f3n de servicio<\/b>, no queremos que el dinero sea un problema\u00bb. All\u00ed, como afirma Mar\u00eda del Mar, \u00abme escuchan, si necesito, puedo escribir, me cambian las citas siempre que necesito por mi trabajo y se coordinan con Mar\u00eda, mi asistente personal. Estoy contenta y me gusta mucho c\u00f3mo voy progresando\u00bb. <\/p>\n<\/div>\n<p>Fuente: Discapacidad https:\/\/www.20minutos.es\/noticia\/5643789\/0\/sumamente-centro-bienestar-psicosocial-para-personas-vulnerables-tenemos-vocacion-servicio-dinero-es-un-problema\/<\/p>\n","protected":false},"excerpt":{"rendered":"<p>La Fundaci\u00f3n Juan XXIII, entidad que se dedica desde hace casi 60 a\u00f1os a atender las necesidades de las personas de las personas con discapacidad intelectual&#8230;<\/p>\n","protected":false},"author":1,"featured_media":0,"comment_status":"closed","ping_status":"closed","sticky":false,"template":"","format":"standard","meta":{"footnotes":""},"categories":[8],"tags":[],"class_list":["post-10452","post","type-post","status-publish","format-standard","hentry","category-noticias"],"yoast_head":"<!-- This site is optimized with the Yoast SEO plugin v27.5 - https:\/\/yoast.com\/product\/yoast-seo-wordpress\/ -->\n<title>SumaMente, bienestar psicosocial para personas vulnerables: &quot;No queremos que el dinero sea un problema&quot; - Asociaci\u00f3n Espa\u00f1ola S\u00edndrome de Charge<\/title>\n<meta name=\"robots\" content=\"index, follow, max-snippet:-1, max-image-preview:large, max-video-preview:-1\" \/>\n<link rel=\"canonical\" href=\"https:\/\/sindromecharge.es\/index.php\/2024\/10\/16\/sumamente-centro-bienestar-psicosocial-para-personas-vulnerables-tenemos-vocacion-servicio-dinero-es-un-problema\/\" \/>\n<meta property=\"og:locale\" content=\"es_ES\" \/>\n<meta property=\"og:type\" content=\"article\" \/>\n<meta property=\"og:title\" content=\"SumaMente, bienestar psicosocial para personas vulnerables: &quot;No queremos que el dinero sea un problema&quot; - Asociaci\u00f3n Espa\u00f1ola S\u00edndrome de Charge\" \/>\n<meta property=\"og:description\" content=\"La Fundaci\u00f3n Juan XXIII, entidad que se dedica desde hace casi 60 a\u00f1os a atender las necesidades de las personas de las personas con discapacidad intelectual&#8230;\" \/>\n<meta property=\"og:url\" content=\"https:\/\/sindromecharge.es\/index.php\/2024\/10\/16\/sumamente-centro-bienestar-psicosocial-para-personas-vulnerables-tenemos-vocacion-servicio-dinero-es-un-problema\/\" \/>\n<meta property=\"og:site_name\" content=\"Asociaci\u00f3n Espa\u00f1ola S\u00edndrome de Charge\" \/>\n<meta property=\"article:publisher\" content=\"https:\/\/www.facebook.com\/asociacionsindromecharge\" \/>\n<meta property=\"article:published_time\" content=\"2024-10-16T05:28:46+00:00\" \/>\n<meta property=\"og:image\" content=\"https:\/\/sindromecharge.es\/wp-content\/uploads\/2013\/09\/logodecharge300x98.png\" \/>\n\t<meta property=\"og:image:width\" content=\"300\" \/>\n\t<meta property=\"og:image:height\" content=\"98\" \/>\n\t<meta property=\"og:image:type\" content=\"image\/png\" \/>\n<meta name=\"author\" content=\"Charge\" \/>\n<meta name=\"twitter:card\" content=\"summary_large_image\" \/>\n<meta name=\"twitter:creator\" content=\"@sindromecharge\" \/>\n<meta name=\"twitter:site\" content=\"@sindromecharge\" \/>\n<meta name=\"twitter:label1\" content=\"Escrito por\" \/>\n\t<meta name=\"twitter:data1\" content=\"Charge\" \/>\n\t<meta name=\"twitter:label2\" content=\"Tiempo de lectura\" \/>\n\t<meta name=\"twitter:data2\" content=\"7 minutos\" \/>\n<script type=\"application\/ld+json\" class=\"yoast-schema-graph\">{\"@context\":\"https:\\\/\\\/schema.org\",\"@graph\":[{\"@type\":\"Article\",\"@id\":\"https:\\\/\\\/sindromecharge.es\\\/index.php\\\/2024\\\/10\\\/16\\\/sumamente-centro-bienestar-psicosocial-para-personas-vulnerables-tenemos-vocacion-servicio-dinero-es-un-problema\\\/#article\",\"isPartOf\":{\"@id\":\"https:\\\/\\\/sindromecharge.es\\\/index.php\\\/2024\\\/10\\\/16\\\/sumamente-centro-bienestar-psicosocial-para-personas-vulnerables-tenemos-vocacion-servicio-dinero-es-un-problema\\\/\"},\"author\":{\"name\":\"Charge\",\"@id\":\"https:\\\/\\\/sindromecharge.es\\\/#\\\/schema\\\/person\\\/39a60ebe0a2b4d5a11179701e336b039\"},\"headline\":\"SumaMente, bienestar psicosocial para personas vulnerables: \u00abNo queremos que el dinero sea un problema\u00bb\",\"datePublished\":\"2024-10-16T05:28:46+00:00\",\"mainEntityOfPage\":{\"@id\":\"https:\\\/\\\/sindromecharge.es\\\/index.php\\\/2024\\\/10\\\/16\\\/sumamente-centro-bienestar-psicosocial-para-personas-vulnerables-tenemos-vocacion-servicio-dinero-es-un-problema\\\/\"},\"wordCount\":1457,\"articleSection\":[\"noticias\"],\"inLanguage\":\"es\"},{\"@type\":\"WebPage\",\"@id\":\"https:\\\/\\\/sindromecharge.es\\\/index.php\\\/2024\\\/10\\\/16\\\/sumamente-centro-bienestar-psicosocial-para-personas-vulnerables-tenemos-vocacion-servicio-dinero-es-un-problema\\\/\",\"url\":\"https:\\\/\\\/sindromecharge.es\\\/index.php\\\/2024\\\/10\\\/16\\\/sumamente-centro-bienestar-psicosocial-para-personas-vulnerables-tenemos-vocacion-servicio-dinero-es-un-problema\\\/\",\"name\":\"SumaMente, bienestar psicosocial para personas vulnerables: \\\"No queremos que el dinero sea un problema\\\" - Asociaci\u00f3n Espa\u00f1ola S\u00edndrome de Charge\",\"isPartOf\":{\"@id\":\"https:\\\/\\\/sindromecharge.es\\\/#website\"},\"datePublished\":\"2024-10-16T05:28:46+00:00\",\"author\":{\"@id\":\"https:\\\/\\\/sindromecharge.es\\\/#\\\/schema\\\/person\\\/39a60ebe0a2b4d5a11179701e336b039\"},\"breadcrumb\":{\"@id\":\"https:\\\/\\\/sindromecharge.es\\\/index.php\\\/2024\\\/10\\\/16\\\/sumamente-centro-bienestar-psicosocial-para-personas-vulnerables-tenemos-vocacion-servicio-dinero-es-un-problema\\\/#breadcrumb\"},\"inLanguage\":\"es\",\"potentialAction\":[{\"@type\":\"ReadAction\",\"target\":[\"https:\\\/\\\/sindromecharge.es\\\/index.php\\\/2024\\\/10\\\/16\\\/sumamente-centro-bienestar-psicosocial-para-personas-vulnerables-tenemos-vocacion-servicio-dinero-es-un-problema\\\/\"]}]},{\"@type\":\"BreadcrumbList\",\"@id\":\"https:\\\/\\\/sindromecharge.es\\\/index.php\\\/2024\\\/10\\\/16\\\/sumamente-centro-bienestar-psicosocial-para-personas-vulnerables-tenemos-vocacion-servicio-dinero-es-un-problema\\\/#breadcrumb\",\"itemListElement\":[{\"@type\":\"ListItem\",\"position\":1,\"name\":\"Portada\",\"item\":\"https:\\\/\\\/sindromecharge.es\\\/\"},{\"@type\":\"ListItem\",\"position\":2,\"name\":\"SumaMente, bienestar psicosocial para personas vulnerables: &#8220;No queremos que el dinero sea un problema&#8221;\"}]},{\"@type\":\"WebSite\",\"@id\":\"https:\\\/\\\/sindromecharge.es\\\/#website\",\"url\":\"https:\\\/\\\/sindromecharge.es\\\/\",\"name\":\"Asociaci\u00f3n Espa\u00f1ola S\u00edndrome de Charge\",\"description\":\"\",\"potentialAction\":[{\"@type\":\"SearchAction\",\"target\":{\"@type\":\"EntryPoint\",\"urlTemplate\":\"https:\\\/\\\/sindromecharge.es\\\/?s={search_term_string}\"},\"query-input\":{\"@type\":\"PropertyValueSpecification\",\"valueRequired\":true,\"valueName\":\"search_term_string\"}}],\"inLanguage\":\"es\"},{\"@type\":\"Person\",\"@id\":\"https:\\\/\\\/sindromecharge.es\\\/#\\\/schema\\\/person\\\/39a60ebe0a2b4d5a11179701e336b039\",\"name\":\"Charge\",\"image\":{\"@type\":\"ImageObject\",\"inLanguage\":\"es\",\"@id\":\"https:\\\/\\\/secure.gravatar.com\\\/avatar\\\/c3b46e32a0fc3b093a0873fb767bf3293de856293065e84ef06b7ec7a8acfb98?s=96&d=identicon&r=x\",\"url\":\"https:\\\/\\\/secure.gravatar.com\\\/avatar\\\/c3b46e32a0fc3b093a0873fb767bf3293de856293065e84ef06b7ec7a8acfb98?s=96&d=identicon&r=x\",\"contentUrl\":\"https:\\\/\\\/secure.gravatar.com\\\/avatar\\\/c3b46e32a0fc3b093a0873fb767bf3293de856293065e84ef06b7ec7a8acfb98?s=96&d=identicon&r=x\",\"caption\":\"Charge\"},\"url\":\"https:\\\/\\\/sindromecharge.es\\\/index.php\\\/author\\\/admin\\\/\"}]}<\/script>\n<!-- \/ Yoast SEO plugin. -->","yoast_head_json":{"title":"SumaMente, bienestar psicosocial para personas vulnerables: \"No queremos que el dinero sea un problema\" - Asociaci\u00f3n Espa\u00f1ola S\u00edndrome de Charge","robots":{"index":"index","follow":"follow","max-snippet":"max-snippet:-1","max-image-preview":"max-image-preview:large","max-video-preview":"max-video-preview:-1"},"canonical":"https:\/\/sindromecharge.es\/index.php\/2024\/10\/16\/sumamente-centro-bienestar-psicosocial-para-personas-vulnerables-tenemos-vocacion-servicio-dinero-es-un-problema\/","og_locale":"es_ES","og_type":"article","og_title":"SumaMente, bienestar psicosocial para personas vulnerables: \"No queremos que el dinero sea un problema\" - Asociaci\u00f3n Espa\u00f1ola S\u00edndrome de Charge","og_description":"La Fundaci\u00f3n Juan XXIII, entidad que se dedica desde hace casi 60 a\u00f1os a atender las necesidades de las personas de las personas con discapacidad intelectual&#8230;","og_url":"https:\/\/sindromecharge.es\/index.php\/2024\/10\/16\/sumamente-centro-bienestar-psicosocial-para-personas-vulnerables-tenemos-vocacion-servicio-dinero-es-un-problema\/","og_site_name":"Asociaci\u00f3n Espa\u00f1ola S\u00edndrome de Charge","article_publisher":"https:\/\/www.facebook.com\/asociacionsindromecharge","article_published_time":"2024-10-16T05:28:46+00:00","og_image":[{"width":300,"height":98,"url":"https:\/\/sindromecharge.es\/wp-content\/uploads\/2013\/09\/logodecharge300x98.png","type":"image\/png"}],"author":"Charge","twitter_card":"summary_large_image","twitter_creator":"@sindromecharge","twitter_site":"@sindromecharge","twitter_misc":{"Escrito por":"Charge","Tiempo de lectura":"7 minutos"},"schema":{"@context":"https:\/\/schema.org","@graph":[{"@type":"Article","@id":"https:\/\/sindromecharge.es\/index.php\/2024\/10\/16\/sumamente-centro-bienestar-psicosocial-para-personas-vulnerables-tenemos-vocacion-servicio-dinero-es-un-problema\/#article","isPartOf":{"@id":"https:\/\/sindromecharge.es\/index.php\/2024\/10\/16\/sumamente-centro-bienestar-psicosocial-para-personas-vulnerables-tenemos-vocacion-servicio-dinero-es-un-problema\/"},"author":{"name":"Charge","@id":"https:\/\/sindromecharge.es\/#\/schema\/person\/39a60ebe0a2b4d5a11179701e336b039"},"headline":"SumaMente, bienestar psicosocial para personas vulnerables: \u00abNo queremos que el dinero sea un problema\u00bb","datePublished":"2024-10-16T05:28:46+00:00","mainEntityOfPage":{"@id":"https:\/\/sindromecharge.es\/index.php\/2024\/10\/16\/sumamente-centro-bienestar-psicosocial-para-personas-vulnerables-tenemos-vocacion-servicio-dinero-es-un-problema\/"},"wordCount":1457,"articleSection":["noticias"],"inLanguage":"es"},{"@type":"WebPage","@id":"https:\/\/sindromecharge.es\/index.php\/2024\/10\/16\/sumamente-centro-bienestar-psicosocial-para-personas-vulnerables-tenemos-vocacion-servicio-dinero-es-un-problema\/","url":"https:\/\/sindromecharge.es\/index.php\/2024\/10\/16\/sumamente-centro-bienestar-psicosocial-para-personas-vulnerables-tenemos-vocacion-servicio-dinero-es-un-problema\/","name":"SumaMente, bienestar psicosocial para personas vulnerables: \"No queremos que el dinero sea un problema\" - Asociaci\u00f3n Espa\u00f1ola S\u00edndrome de Charge","isPartOf":{"@id":"https:\/\/sindromecharge.es\/#website"},"datePublished":"2024-10-16T05:28:46+00:00","author":{"@id":"https:\/\/sindromecharge.es\/#\/schema\/person\/39a60ebe0a2b4d5a11179701e336b039"},"breadcrumb":{"@id":"https:\/\/sindromecharge.es\/index.php\/2024\/10\/16\/sumamente-centro-bienestar-psicosocial-para-personas-vulnerables-tenemos-vocacion-servicio-dinero-es-un-problema\/#breadcrumb"},"inLanguage":"es","potentialAction":[{"@type":"ReadAction","target":["https:\/\/sindromecharge.es\/index.php\/2024\/10\/16\/sumamente-centro-bienestar-psicosocial-para-personas-vulnerables-tenemos-vocacion-servicio-dinero-es-un-problema\/"]}]},{"@type":"BreadcrumbList","@id":"https:\/\/sindromecharge.es\/index.php\/2024\/10\/16\/sumamente-centro-bienestar-psicosocial-para-personas-vulnerables-tenemos-vocacion-servicio-dinero-es-un-problema\/#breadcrumb","itemListElement":[{"@type":"ListItem","position":1,"name":"Portada","item":"https:\/\/sindromecharge.es\/"},{"@type":"ListItem","position":2,"name":"SumaMente, bienestar psicosocial para personas vulnerables: &#8220;No queremos que el dinero sea un problema&#8221;"}]},{"@type":"WebSite","@id":"https:\/\/sindromecharge.es\/#website","url":"https:\/\/sindromecharge.es\/","name":"Asociaci\u00f3n Espa\u00f1ola S\u00edndrome de Charge","description":"","potentialAction":[{"@type":"SearchAction","target":{"@type":"EntryPoint","urlTemplate":"https:\/\/sindromecharge.es\/?s={search_term_string}"},"query-input":{"@type":"PropertyValueSpecification","valueRequired":true,"valueName":"search_term_string"}}],"inLanguage":"es"},{"@type":"Person","@id":"https:\/\/sindromecharge.es\/#\/schema\/person\/39a60ebe0a2b4d5a11179701e336b039","name":"Charge","image":{"@type":"ImageObject","inLanguage":"es","@id":"https:\/\/secure.gravatar.com\/avatar\/c3b46e32a0fc3b093a0873fb767bf3293de856293065e84ef06b7ec7a8acfb98?s=96&d=identicon&r=x","url":"https:\/\/secure.gravatar.com\/avatar\/c3b46e32a0fc3b093a0873fb767bf3293de856293065e84ef06b7ec7a8acfb98?s=96&d=identicon&r=x","contentUrl":"https:\/\/secure.gravatar.com\/avatar\/c3b46e32a0fc3b093a0873fb767bf3293de856293065e84ef06b7ec7a8acfb98?s=96&d=identicon&r=x","caption":"Charge"},"url":"https:\/\/sindromecharge.es\/index.php\/author\/admin\/"}]}},"_links":{"self":[{"href":"https:\/\/sindromecharge.es\/index.php\/wp-json\/wp\/v2\/posts\/10452","targetHints":{"allow":["GET"]}}],"collection":[{"href":"https:\/\/sindromecharge.es\/index.php\/wp-json\/wp\/v2\/posts"}],"about":[{"href":"https:\/\/sindromecharge.es\/index.php\/wp-json\/wp\/v2\/types\/post"}],"author":[{"embeddable":true,"href":"https:\/\/sindromecharge.es\/index.php\/wp-json\/wp\/v2\/users\/1"}],"replies":[{"embeddable":true,"href":"https:\/\/sindromecharge.es\/index.php\/wp-json\/wp\/v2\/comments?post=10452"}],"version-history":[{"count":0,"href":"https:\/\/sindromecharge.es\/index.php\/wp-json\/wp\/v2\/posts\/10452\/revisions"}],"wp:attachment":[{"href":"https:\/\/sindromecharge.es\/index.php\/wp-json\/wp\/v2\/media?parent=10452"}],"wp:term":[{"taxonomy":"category","embeddable":true,"href":"https:\/\/sindromecharge.es\/index.php\/wp-json\/wp\/v2\/categories?post=10452"},{"taxonomy":"post_tag","embeddable":true,"href":"https:\/\/sindromecharge.es\/index.php\/wp-json\/wp\/v2\/tags?post=10452"}],"curies":[{"name":"wp","href":"https:\/\/api.w.org\/{rel}","templated":true}]}}