{"id":10450,"date":"2024-10-15T05:26:41","date_gmt":"2024-10-15T05:26:41","guid":{"rendered":"https:\/\/sindromecharge.es\/index.php\/2024\/10\/15\/manuela-vos-tetraplejica-campeona-mundial-bici-salvacion\/"},"modified":"2024-10-15T05:26:41","modified_gmt":"2024-10-15T05:26:41","slug":"manuela-vos-tetraplejica-campeona-mundial-bici-salvacion","status":"publish","type":"post","link":"https:\/\/sindromecharge.es\/index.php\/2024\/10\/15\/manuela-vos-tetraplejica-campeona-mundial-bici-salvacion\/","title":{"rendered":"Manuela Vos, una campeona que hizo de la bici su salvaci\u00f3n tras un tr\u00e1gico accidente: \u00abHe tardado dos a\u00f1os en sentirme otra vez yo\u00bb"},"content":{"rendered":"<p>Leemos en Discapacidad la siguiente noticia que os reproducimos de forma \u00edntegra: <\/p>\n<div>\n<p>5 de julio de 2021. Mientras las playas de toda la pen\u00ednsula estaban abarrotadas para aprovechar los primeros d\u00edas de vacaciones, <b>Manuela Vos disfrutaba un d\u00eda m\u00e1s de su gran pasi\u00f3n: la monta\u00f1a<\/b>. La deportista, holandesa de nacimiento pero en Espa\u00f1a desde hace m\u00e1s de media vida, escalaba en los <a href=\"https:\/\/www.20minutos.es\/minuteca\/picos-de-europa\/\" title=\"Picos de Europa\">Picos de Europa<\/a>, pero su ascensi\u00f3n no fue como esperaba.<\/p>\n<p><b>\u00abNo recuerdo absolutamente nada, solo que no pod\u00eda respirar y pens\u00e9 &#8216;por favor, que alguien me quite el enchufe'\u00bb<\/b>. As\u00ed explica en <i>20minutos<\/i> lo que recuerda de aquel d\u00eda Vos, en silla de ruedas desde entonces por una grave ca\u00edda que desencaden\u00f3 en una tetraplejia completa. <\/p>\n<p>Manuela Vos no recuerda nada de aquel d\u00eda que promet\u00eda ser uno m\u00e1s para su mochila de aventuras, en la que no faltan escaladas, maratones e Ironman, de todo&#8230; Sin embargo, fue el inicio de una nueva vida que se traduce en un ejemplo de<b> fuerza, superaci\u00f3n y positivismo<\/b>. Tanto que recientemente se ha convertido en campeona mundial de ciclismo paral\u00edmpico sobre su<i> handbike<\/i>.<\/p>\n<p>Pasaron unos meses de incertidumbre en el Hospital Nacional de Parapl\u00e9jicos de Toledo hasta que su terrible diagn\u00f3stico se confirm\u00f3. Al instante ya demostr\u00f3 que quer\u00eda hacer frente a ello con la energ\u00eda que siempre le hab\u00eda caracterizado: \u00abEstuve una ma\u00f1ana llorando y por la tarde dije<b> &#8216;a tomar por culo. Si estoy aqu\u00ed en un centro de rehabilitaci\u00f3n es para mejorar'\u00bb<\/b>.<\/p>\n<p>Sus ganas de \u00abllegar a lo m\u00e1ximo posible\u00bb le llevaron a hacer todo sola el primer d\u00eda. \u00abEmpec\u00e9 a comer sola, aunque con muchas dificultades. <b>Me llev\u00e9 dos cucharadas a la boca y la tercera ya no llegaba<\/b>\u00ab, afirma, mientras muestra sus trucos para moverse.<\/p>\n<p>Su progreso no hubiera sido posible sin el apoyo de su entorno, quienes incluso <b>\u00abhicieron un calendario para que nunca estuviera sola\u00bb<\/b> durante su recuperaci\u00f3n en el hospital.<\/p>\n<p>Poco a poco, gracias a todo ese apoyo y a sus pasos a nivel deportivo, Manuela Vos siente que avanza a nivel personal: \u00ab<b>Tard\u00e9 m\u00e1s o menos dos a\u00f1os en sentirme otra vez yo. <\/b>Llevo un a\u00f1o con la sensaci\u00f3n de &#8216;ya he vuelto, ya soy yo'\u00bb.<\/p>\n<p>\u00abYo era una persona muy activa, no paraba nunca. Eso lo tengo un poco de vuelta ahora. Antes no ten\u00eda tiempo para respirar y<b> ahora vuelvo a sentir un poco esa sensaci\u00f3n de necesito un respiro<\/b>. Esto ayuda mucho a recuperarte, pero recuperarme mentalmente al 100% creo que es complicado que lo haga en alg\u00fan momento de mi vida\u00bb, a\u00f1ade.<\/p>\n<h2>La &#8216;handbike&#8217;, la reconversi\u00f3n de Manuela<\/h2>\n<p>Manuela Vos ha estado siempre unida al deporte. Antes participaba en maratones, Ironman, escaladas de majestuosas monta\u00f1as;<b> ahora ya es campeona del mundo de ciclismo paral\u00edmpico<\/b>, un hito inesperado.<\/p>\n<p>Su accidente en los Picos de Europa signific\u00f3 el inicio de una nueva vida, pero tambi\u00e9n el comienzo de la aventura m\u00e1s inesperada para Manuela en el mundo del deporte. Mientras se recuperaba en el Hospital de Parapl\u00e9jicos de Toledo <b>se subi\u00f3 por primera vez a una handbike<\/b>. Y en ese momento cambi\u00f3 todo.<\/p>\n<p>\u00abJos\u00e9 Miguel, el entrenador, me puso en la bici por primera vez y me fui con unos amigos. Iba para arriba y para abajo, pero apenas ten\u00eda musculatura en el brazo. <b>A mitad de camino ya me estaban empujando<\/b>\u00ab, explica entre risas recordando aquel momento.<\/p>\n<h1>Antes no ten\u00eda tiempo para respirar y ahora vuelvo a sentir un poco esa sensaci\u00f3n<\/h1>\n<p>Sus amigos, una vez m\u00e1s, le demostraron su apoyo creando un crowfunding para poder comprarle su propia handbike. Fue el paso previo a estrenarse en una competici\u00f3n. \u00ab<b>La primera fue en julio de 2022, justo un a\u00f1o despu\u00e9s de la lesi\u00f3n. <\/b>Yo estaba de baj\u00f3n, un amigo me lo dijo y yo acept\u00e9: &#8216;Bueno, vale, para hacer algo&#8217;. All\u00ed me di cuenta del mundo que era\u00bb.<\/p>\n<p>Poco despu\u00e9s comenz\u00f3 a defender los colores de Espa\u00f1a: \u00abMe llam\u00f3 el Comit\u00e9 Paral\u00edmpico para preguntarme si quer\u00eda la nacionalidad espa\u00f1ola para competir. Inici\u00e9 el proceso, me llevaron a unas jornadas donde hac\u00edan todo tipo de test y<b> me dijeron que me llevar\u00edan a la copa del mundo de B\u00e9lgica<\/b>. Empec\u00e9 a entrenar en julio de 2023, consegu\u00ed la nacionalidad en agosto y en mayo de este a\u00f1o ya compet\u00ed&#8230;\u00bb<\/p>\n<p>Y de unos meses de mucho esfuerzo pas\u00f3 a proclamarse <b>campeona del mundo en la categor\u00eda H1 el pasado 24 de septiembre en Z\u00farich<\/b>. Hizo historia para el deporte espa\u00f1ol, convirti\u00e9ndose en la primera mujer nacional en conseguir un maillot arco\u00edris en ciclismo paral\u00edmpico.<\/p>\n<h2>El alivio para su dolor &#8216;invisible&#8217;<\/h2>\n<p>Las dificultades no han quitado a Manuela Vos las ganas de seguir en el mundo del deporte: <b>\u00abSiempre ha sido parte de mi vida. Nunca he pensado en dejarlo\u00bb<\/b>. Ha hecho de \u00e9l el alivio que necesitaba para calmar su dolor.<\/p>\n<p>\u00abEl deporte para m\u00ed ha sido, sobre todo, <b>paz mental y f\u00edsica<\/b>. Hace que limpies tu cabeza mientras lo practicas y despu\u00e9s te sientes mucho mejor. Ahora tambi\u00e9n me quita el dolor neurop\u00e1tico. No entero, pero me ayuda. Gracias al deporte tengo tambi\u00e9n menos espasmos\u00bb, desvela.<\/p>\n<p>Aunque es invisible para todo aquel que ve, conversa y rodea a Manuela, la deportista se ha tenido que acostumbrar a<b> convivir con ese dolor <\/b>del que habla incluso con gestos de agotamiento. <\/p>\n<p>\u00abTengo dolor siempre, dolor neurop\u00e1tico. Me tomo pastillas muy fuertes para que se me mate el dolor lo m\u00e1ximo posible. A no moverte te puedes acostumbrar, pero al dolor es complicado. No lo nombro normalmente, <b>no tiene sentido estar todo el d\u00eda llorando por el dolor porque lo voy a tener<\/b>. Te acostumbras. Sentir\u00eda paz si encuentran una cosa para quitarme el dolor entero\u00bb, explica.<\/p>\n<h2>Un pasado que llena de experiencias su mochila<\/h2>\n<p>Atr\u00e1s quedaron para Manuela los d\u00edas de escalada, sus tardes preferidas en la monta\u00f1a&#8230; <b>Una etapa que recuerda con gran cari\u00f1o <\/b>y que la hace romperse al hablar de ella.<\/p>\n<p>\u00abMe hace sentir triste a veces porque la monta\u00f1a para m\u00ed era todo. <b>Lo llevo en la mochila<\/b>. La he podido vivir, tengo much\u00edsimos recuerdos, fotos, aventuras de escaladas m\u00e1s normales, otras m\u00e1s grandes cuando sub\u00eda al Zerbino (Suiza), por ejemplo\u00bb, admite Vos con los ojos llorosos y casi sin poder continuar.<\/p>\n<p>A pesar de ello, en ocasiones desea que nada de eso hubiera ocurrido: \u00abA veces pienso que hubiera sido mejor poder borrar todos esos recuerdos para<b> construir algo nuevo sin pensar en lo que era antes<\/b>, pero por otro lado me siento superagradecida por haber vivido esto\u00bb. <\/p>\n<p>\u00abHe tenido una vida llena de cosas bonitas y lo recuerdo con mucho cari\u00f1o, pero ahora vivo m\u00e1s aventuras. Ir por la calle ya es una aventura. Te juro que <b>es m\u00e1s peligroso ir por la calle con esta silla que subir una monta\u00f1a<\/b>\u00ab, asegura Manuela.<\/p>\n<p>Y echando la vista atr\u00e1s hacia esos momentos, la campeona del mundo lo tiene claro:<b> \u00abAunque me dieran 100 millones de euros, yo volver\u00eda a mi vida de antes sin pensarlo\u00bb<\/b>. Eso s\u00ed, reconoce que \u00ablo que ha pasado, con la lesi\u00f3n y la discapacidad que tengo ahora, es bonito poder vivir todo lo estoy viviendo\u00bb.<\/p>\n<h2>Un salto a la tarima en &#8216;Manuela, el vuelo infinito&#8217;<\/h2>\n<p>Lejos del deporte, Vos se adentra en una nueva experiencia, la obra de teatro<b> <i>Manuela, el vuelo infinito<\/i><\/b>, dirigida por Emilio del Valle y con la deportista como principal referencia del hilo conductor.<\/p>\n<p>Charlando en una fiesta con Emilio, antes de hacerse ciclista paral\u00edmpica, ella brome\u00f3 con unirse a alguna obra de teatro \u00abpor hacer algo\u00bb. \u00ab\u00c9l me dijo &#8216;a lo mejor&#8217;. Luego en verano me dijo Montse Mu\u00f1oz (directora musical) que \u00e9l estaba muy entusiasmado de hacer una obra conmigo. <b>Yo nunca pens\u00e9 que quer\u00eda realmente una obra de teatro sobre m\u00ed <\/b>y conmigo\u00bb, a\u00f1ade entre risas.<\/p>\n<p>\u00abEl enfoque no es ense\u00f1ar mi vida y qu\u00e9 fant\u00e1stica soy, yo no quiero eso. Es una forma de abrir una ventana a la gente. Espero que ayude para que la gente entienda que <b>lo que queremos es sentirnos normal, capaces de todo<\/b>. Aunque necesite ayuda a veces, eso no quiere decir que no soy capaz de trabajar o de hacer un mont\u00f3n de cosas. A veces me tratan como si fuera tonta\u00bb, aclara.<\/p>\n<\/div>\n<p>Fuente: Discapacidad https:\/\/www.20minutos.es\/deportes\/noticia\/5640423\/0\/manuela-vos-tetraplejica-campeona-mundial-bici-salvacion\/<\/p>\n","protected":false},"excerpt":{"rendered":"<p>La deportista se sincera en &#8217;20minutos&#8217; sobre su grave accidente en 2021 y sus nuevos retos vitales.<\/p>\n","protected":false},"author":1,"featured_media":0,"comment_status":"closed","ping_status":"closed","sticky":false,"template":"","format":"standard","meta":{"footnotes":""},"categories":[8],"tags":[],"class_list":["post-10450","post","type-post","status-publish","format-standard","hentry","category-noticias"],"yoast_head":"<!-- This site is optimized with the Yoast SEO plugin v27.5 - https:\/\/yoast.com\/product\/yoast-seo-wordpress\/ -->\n<title>Manuela Vos, una campeona que hizo de la bici su salvaci\u00f3n tras un tr\u00e1gico accidente: &quot;He tardado dos a\u00f1os en sentirme otra vez yo&quot; - Asociaci\u00f3n Espa\u00f1ola S\u00edndrome de Charge<\/title>\n<meta name=\"robots\" content=\"index, follow, max-snippet:-1, max-image-preview:large, max-video-preview:-1\" \/>\n<link rel=\"canonical\" href=\"https:\/\/sindromecharge.es\/index.php\/2024\/10\/15\/manuela-vos-tetraplejica-campeona-mundial-bici-salvacion\/\" \/>\n<meta property=\"og:locale\" content=\"es_ES\" \/>\n<meta property=\"og:type\" content=\"article\" \/>\n<meta property=\"og:title\" content=\"Manuela Vos, una campeona que hizo de la bici su salvaci\u00f3n tras un tr\u00e1gico accidente: &quot;He tardado dos a\u00f1os en sentirme otra vez yo&quot; - Asociaci\u00f3n Espa\u00f1ola S\u00edndrome de Charge\" \/>\n<meta property=\"og:description\" content=\"La deportista se sincera en &#8217;20minutos&#8217; sobre su grave accidente en 2021 y sus nuevos retos vitales.\" \/>\n<meta property=\"og:url\" content=\"https:\/\/sindromecharge.es\/index.php\/2024\/10\/15\/manuela-vos-tetraplejica-campeona-mundial-bici-salvacion\/\" \/>\n<meta property=\"og:site_name\" content=\"Asociaci\u00f3n Espa\u00f1ola S\u00edndrome de Charge\" \/>\n<meta property=\"article:publisher\" content=\"https:\/\/www.facebook.com\/asociacionsindromecharge\" \/>\n<meta property=\"article:published_time\" content=\"2024-10-15T05:26:41+00:00\" \/>\n<meta property=\"og:image\" content=\"https:\/\/sindromecharge.es\/wp-content\/uploads\/2013\/09\/logodecharge300x98.png\" \/>\n\t<meta property=\"og:image:width\" content=\"300\" \/>\n\t<meta property=\"og:image:height\" content=\"98\" \/>\n\t<meta property=\"og:image:type\" content=\"image\/png\" \/>\n<meta name=\"author\" content=\"Charge\" \/>\n<meta name=\"twitter:card\" content=\"summary_large_image\" \/>\n<meta name=\"twitter:creator\" content=\"@sindromecharge\" \/>\n<meta name=\"twitter:site\" content=\"@sindromecharge\" \/>\n<meta name=\"twitter:label1\" content=\"Escrito por\" \/>\n\t<meta name=\"twitter:data1\" content=\"Charge\" \/>\n\t<meta name=\"twitter:label2\" content=\"Tiempo de lectura\" \/>\n\t<meta name=\"twitter:data2\" content=\"7 minutos\" \/>\n<script type=\"application\/ld+json\" class=\"yoast-schema-graph\">{\"@context\":\"https:\\\/\\\/schema.org\",\"@graph\":[{\"@type\":\"Article\",\"@id\":\"https:\\\/\\\/sindromecharge.es\\\/index.php\\\/2024\\\/10\\\/15\\\/manuela-vos-tetraplejica-campeona-mundial-bici-salvacion\\\/#article\",\"isPartOf\":{\"@id\":\"https:\\\/\\\/sindromecharge.es\\\/index.php\\\/2024\\\/10\\\/15\\\/manuela-vos-tetraplejica-campeona-mundial-bici-salvacion\\\/\"},\"author\":{\"name\":\"Charge\",\"@id\":\"https:\\\/\\\/sindromecharge.es\\\/#\\\/schema\\\/person\\\/39a60ebe0a2b4d5a11179701e336b039\"},\"headline\":\"Manuela Vos, una campeona que hizo de la bici su salvaci\u00f3n tras un tr\u00e1gico accidente: \u00abHe tardado dos a\u00f1os en sentirme otra vez yo\u00bb\",\"datePublished\":\"2024-10-15T05:26:41+00:00\",\"mainEntityOfPage\":{\"@id\":\"https:\\\/\\\/sindromecharge.es\\\/index.php\\\/2024\\\/10\\\/15\\\/manuela-vos-tetraplejica-campeona-mundial-bici-salvacion\\\/\"},\"wordCount\":1491,\"articleSection\":[\"noticias\"],\"inLanguage\":\"es\"},{\"@type\":\"WebPage\",\"@id\":\"https:\\\/\\\/sindromecharge.es\\\/index.php\\\/2024\\\/10\\\/15\\\/manuela-vos-tetraplejica-campeona-mundial-bici-salvacion\\\/\",\"url\":\"https:\\\/\\\/sindromecharge.es\\\/index.php\\\/2024\\\/10\\\/15\\\/manuela-vos-tetraplejica-campeona-mundial-bici-salvacion\\\/\",\"name\":\"Manuela Vos, una campeona que hizo de la bici su salvaci\u00f3n tras un tr\u00e1gico accidente: \\\"He tardado dos a\u00f1os en sentirme otra vez yo\\\" - Asociaci\u00f3n Espa\u00f1ola S\u00edndrome de Charge\",\"isPartOf\":{\"@id\":\"https:\\\/\\\/sindromecharge.es\\\/#website\"},\"datePublished\":\"2024-10-15T05:26:41+00:00\",\"author\":{\"@id\":\"https:\\\/\\\/sindromecharge.es\\\/#\\\/schema\\\/person\\\/39a60ebe0a2b4d5a11179701e336b039\"},\"breadcrumb\":{\"@id\":\"https:\\\/\\\/sindromecharge.es\\\/index.php\\\/2024\\\/10\\\/15\\\/manuela-vos-tetraplejica-campeona-mundial-bici-salvacion\\\/#breadcrumb\"},\"inLanguage\":\"es\",\"potentialAction\":[{\"@type\":\"ReadAction\",\"target\":[\"https:\\\/\\\/sindromecharge.es\\\/index.php\\\/2024\\\/10\\\/15\\\/manuela-vos-tetraplejica-campeona-mundial-bici-salvacion\\\/\"]}]},{\"@type\":\"BreadcrumbList\",\"@id\":\"https:\\\/\\\/sindromecharge.es\\\/index.php\\\/2024\\\/10\\\/15\\\/manuela-vos-tetraplejica-campeona-mundial-bici-salvacion\\\/#breadcrumb\",\"itemListElement\":[{\"@type\":\"ListItem\",\"position\":1,\"name\":\"Portada\",\"item\":\"https:\\\/\\\/sindromecharge.es\\\/\"},{\"@type\":\"ListItem\",\"position\":2,\"name\":\"Manuela Vos, una campeona que hizo de la bici su salvaci\u00f3n tras un tr\u00e1gico accidente: &#8220;He tardado dos a\u00f1os en sentirme otra vez yo&#8221;\"}]},{\"@type\":\"WebSite\",\"@id\":\"https:\\\/\\\/sindromecharge.es\\\/#website\",\"url\":\"https:\\\/\\\/sindromecharge.es\\\/\",\"name\":\"Asociaci\u00f3n Espa\u00f1ola S\u00edndrome de Charge\",\"description\":\"\",\"potentialAction\":[{\"@type\":\"SearchAction\",\"target\":{\"@type\":\"EntryPoint\",\"urlTemplate\":\"https:\\\/\\\/sindromecharge.es\\\/?s={search_term_string}\"},\"query-input\":{\"@type\":\"PropertyValueSpecification\",\"valueRequired\":true,\"valueName\":\"search_term_string\"}}],\"inLanguage\":\"es\"},{\"@type\":\"Person\",\"@id\":\"https:\\\/\\\/sindromecharge.es\\\/#\\\/schema\\\/person\\\/39a60ebe0a2b4d5a11179701e336b039\",\"name\":\"Charge\",\"image\":{\"@type\":\"ImageObject\",\"inLanguage\":\"es\",\"@id\":\"https:\\\/\\\/secure.gravatar.com\\\/avatar\\\/c3b46e32a0fc3b093a0873fb767bf3293de856293065e84ef06b7ec7a8acfb98?s=96&d=identicon&r=x\",\"url\":\"https:\\\/\\\/secure.gravatar.com\\\/avatar\\\/c3b46e32a0fc3b093a0873fb767bf3293de856293065e84ef06b7ec7a8acfb98?s=96&d=identicon&r=x\",\"contentUrl\":\"https:\\\/\\\/secure.gravatar.com\\\/avatar\\\/c3b46e32a0fc3b093a0873fb767bf3293de856293065e84ef06b7ec7a8acfb98?s=96&d=identicon&r=x\",\"caption\":\"Charge\"},\"url\":\"https:\\\/\\\/sindromecharge.es\\\/index.php\\\/author\\\/admin\\\/\"}]}<\/script>\n<!-- \/ Yoast SEO plugin. -->","yoast_head_json":{"title":"Manuela Vos, una campeona que hizo de la bici su salvaci\u00f3n tras un tr\u00e1gico accidente: \"He tardado dos a\u00f1os en sentirme otra vez yo\" - Asociaci\u00f3n Espa\u00f1ola S\u00edndrome de Charge","robots":{"index":"index","follow":"follow","max-snippet":"max-snippet:-1","max-image-preview":"max-image-preview:large","max-video-preview":"max-video-preview:-1"},"canonical":"https:\/\/sindromecharge.es\/index.php\/2024\/10\/15\/manuela-vos-tetraplejica-campeona-mundial-bici-salvacion\/","og_locale":"es_ES","og_type":"article","og_title":"Manuela Vos, una campeona que hizo de la bici su salvaci\u00f3n tras un tr\u00e1gico accidente: \"He tardado dos a\u00f1os en sentirme otra vez yo\" - Asociaci\u00f3n Espa\u00f1ola S\u00edndrome de Charge","og_description":"La deportista se sincera en &#8217;20minutos&#8217; sobre su grave accidente en 2021 y sus nuevos retos vitales.","og_url":"https:\/\/sindromecharge.es\/index.php\/2024\/10\/15\/manuela-vos-tetraplejica-campeona-mundial-bici-salvacion\/","og_site_name":"Asociaci\u00f3n Espa\u00f1ola S\u00edndrome de Charge","article_publisher":"https:\/\/www.facebook.com\/asociacionsindromecharge","article_published_time":"2024-10-15T05:26:41+00:00","og_image":[{"width":300,"height":98,"url":"https:\/\/sindromecharge.es\/wp-content\/uploads\/2013\/09\/logodecharge300x98.png","type":"image\/png"}],"author":"Charge","twitter_card":"summary_large_image","twitter_creator":"@sindromecharge","twitter_site":"@sindromecharge","twitter_misc":{"Escrito por":"Charge","Tiempo de lectura":"7 minutos"},"schema":{"@context":"https:\/\/schema.org","@graph":[{"@type":"Article","@id":"https:\/\/sindromecharge.es\/index.php\/2024\/10\/15\/manuela-vos-tetraplejica-campeona-mundial-bici-salvacion\/#article","isPartOf":{"@id":"https:\/\/sindromecharge.es\/index.php\/2024\/10\/15\/manuela-vos-tetraplejica-campeona-mundial-bici-salvacion\/"},"author":{"name":"Charge","@id":"https:\/\/sindromecharge.es\/#\/schema\/person\/39a60ebe0a2b4d5a11179701e336b039"},"headline":"Manuela Vos, una campeona que hizo de la bici su salvaci\u00f3n tras un tr\u00e1gico accidente: \u00abHe tardado dos a\u00f1os en sentirme otra vez yo\u00bb","datePublished":"2024-10-15T05:26:41+00:00","mainEntityOfPage":{"@id":"https:\/\/sindromecharge.es\/index.php\/2024\/10\/15\/manuela-vos-tetraplejica-campeona-mundial-bici-salvacion\/"},"wordCount":1491,"articleSection":["noticias"],"inLanguage":"es"},{"@type":"WebPage","@id":"https:\/\/sindromecharge.es\/index.php\/2024\/10\/15\/manuela-vos-tetraplejica-campeona-mundial-bici-salvacion\/","url":"https:\/\/sindromecharge.es\/index.php\/2024\/10\/15\/manuela-vos-tetraplejica-campeona-mundial-bici-salvacion\/","name":"Manuela Vos, una campeona que hizo de la bici su salvaci\u00f3n tras un tr\u00e1gico accidente: \"He tardado dos a\u00f1os en sentirme otra vez yo\" - Asociaci\u00f3n Espa\u00f1ola S\u00edndrome de Charge","isPartOf":{"@id":"https:\/\/sindromecharge.es\/#website"},"datePublished":"2024-10-15T05:26:41+00:00","author":{"@id":"https:\/\/sindromecharge.es\/#\/schema\/person\/39a60ebe0a2b4d5a11179701e336b039"},"breadcrumb":{"@id":"https:\/\/sindromecharge.es\/index.php\/2024\/10\/15\/manuela-vos-tetraplejica-campeona-mundial-bici-salvacion\/#breadcrumb"},"inLanguage":"es","potentialAction":[{"@type":"ReadAction","target":["https:\/\/sindromecharge.es\/index.php\/2024\/10\/15\/manuela-vos-tetraplejica-campeona-mundial-bici-salvacion\/"]}]},{"@type":"BreadcrumbList","@id":"https:\/\/sindromecharge.es\/index.php\/2024\/10\/15\/manuela-vos-tetraplejica-campeona-mundial-bici-salvacion\/#breadcrumb","itemListElement":[{"@type":"ListItem","position":1,"name":"Portada","item":"https:\/\/sindromecharge.es\/"},{"@type":"ListItem","position":2,"name":"Manuela Vos, una campeona que hizo de la bici su salvaci\u00f3n tras un tr\u00e1gico accidente: &#8220;He tardado dos a\u00f1os en sentirme otra vez yo&#8221;"}]},{"@type":"WebSite","@id":"https:\/\/sindromecharge.es\/#website","url":"https:\/\/sindromecharge.es\/","name":"Asociaci\u00f3n Espa\u00f1ola S\u00edndrome de Charge","description":"","potentialAction":[{"@type":"SearchAction","target":{"@type":"EntryPoint","urlTemplate":"https:\/\/sindromecharge.es\/?s={search_term_string}"},"query-input":{"@type":"PropertyValueSpecification","valueRequired":true,"valueName":"search_term_string"}}],"inLanguage":"es"},{"@type":"Person","@id":"https:\/\/sindromecharge.es\/#\/schema\/person\/39a60ebe0a2b4d5a11179701e336b039","name":"Charge","image":{"@type":"ImageObject","inLanguage":"es","@id":"https:\/\/secure.gravatar.com\/avatar\/c3b46e32a0fc3b093a0873fb767bf3293de856293065e84ef06b7ec7a8acfb98?s=96&d=identicon&r=x","url":"https:\/\/secure.gravatar.com\/avatar\/c3b46e32a0fc3b093a0873fb767bf3293de856293065e84ef06b7ec7a8acfb98?s=96&d=identicon&r=x","contentUrl":"https:\/\/secure.gravatar.com\/avatar\/c3b46e32a0fc3b093a0873fb767bf3293de856293065e84ef06b7ec7a8acfb98?s=96&d=identicon&r=x","caption":"Charge"},"url":"https:\/\/sindromecharge.es\/index.php\/author\/admin\/"}]}},"_links":{"self":[{"href":"https:\/\/sindromecharge.es\/index.php\/wp-json\/wp\/v2\/posts\/10450","targetHints":{"allow":["GET"]}}],"collection":[{"href":"https:\/\/sindromecharge.es\/index.php\/wp-json\/wp\/v2\/posts"}],"about":[{"href":"https:\/\/sindromecharge.es\/index.php\/wp-json\/wp\/v2\/types\/post"}],"author":[{"embeddable":true,"href":"https:\/\/sindromecharge.es\/index.php\/wp-json\/wp\/v2\/users\/1"}],"replies":[{"embeddable":true,"href":"https:\/\/sindromecharge.es\/index.php\/wp-json\/wp\/v2\/comments?post=10450"}],"version-history":[{"count":0,"href":"https:\/\/sindromecharge.es\/index.php\/wp-json\/wp\/v2\/posts\/10450\/revisions"}],"wp:attachment":[{"href":"https:\/\/sindromecharge.es\/index.php\/wp-json\/wp\/v2\/media?parent=10450"}],"wp:term":[{"taxonomy":"category","embeddable":true,"href":"https:\/\/sindromecharge.es\/index.php\/wp-json\/wp\/v2\/categories?post=10450"},{"taxonomy":"post_tag","embeddable":true,"href":"https:\/\/sindromecharge.es\/index.php\/wp-json\/wp\/v2\/tags?post=10450"}],"curies":[{"name":"wp","href":"https:\/\/api.w.org\/{rel}","templated":true}]}}