{"id":10448,"date":"2024-10-15T05:23:43","date_gmt":"2024-10-15T05:23:43","guid":{"rendered":"https:\/\/sindromecharge.es\/index.php\/2024\/10\/15\/dia-internacional-baston-blanco\/"},"modified":"2024-10-15T05:23:43","modified_gmt":"2024-10-15T05:23:43","slug":"dia-internacional-baston-blanco","status":"publish","type":"post","link":"https:\/\/sindromecharge.es\/index.php\/2024\/10\/15\/dia-internacional-baston-blanco\/","title":{"rendered":"El bast\u00f3n blanco, mucho m\u00e1s que un s\u00edmbolo: \u00abIdentifica, informa y protege a las personas con discapacidad visual\u00bb"},"content":{"rendered":"<p>Leemos en Discapacidad la siguiente noticia que os reproducimos de forma \u00edntegra: <\/p>\n<div>\n<p>Desde hace m\u00e1s de cuatro d\u00e9cadas se celebra cada a\u00f1o el<b> D\u00eda Internacional del Bast\u00f3n Blanco<\/b>, una herramienta indispensable para facilitar los desplazamientos y la autonom\u00eda de las personas <a href=\"https:\/\/www.20minutos.es\/minuteca\/ciegos\/\" title=\"Ciegos\" target=\"_blank\" rel=\"noopener\">ciegas<\/a>. Desde entonces, esta herramienta se ha convertido en todo un s\u00edmbolo universalmente conocido que sirve para identificar cu\u00e1ndo una persona con la que nos encontramos tiene <b>discapacidad visual<\/b>, por lo que este d\u00eda se utiliza tambi\u00e9n para dar a conocer las necesidades y derechos de las personas con discapacidad visual y reconocer sus logros y de su independencia.<\/p>\n<p>Sin embargo, las personas ciegas, incluso las que lo son de nacimiento, <b>no aprender a usar el bast\u00f3n de manera intuitiva o espont\u00e1nea<\/b>, sino que necesitan un periodo de formaci\u00f3n y de instrucci\u00f3n para aprender a usarlo correctamente y sacarle el m\u00e1ximo partido.<\/p>\n<p>Esto lo consiguen gracias a una figura \u00fanica, la del <b>T\u00e9cnico de Rehabilitaci\u00f3n de la<a href=\"https:\/\/www.20minutos.es\/minuteca\/once\/\" title=\"ONCE\" target=\"_blank\" rel=\"noopener\"> ONCE<\/a><\/b> -conocidos en la organizaci\u00f3n como TR-, una persona que, entre otras muchas cosas, habilita a las personas ciegas o con poca visi\u00f3n a usar esta valiosa herramienta.<\/p>\n<p>Chus Bell\u00f3n es TR desde hace 25 a\u00f1os, y por sus manos han pasado desde ni\u00f1os de nueve meses ciegos de nacimiento hasta personas mayores que han ido perdiendo visi\u00f3n con los a\u00f1os. <\/p>\n<h2>La importante labor de los TR en el uso del bast\u00f3n<\/h2>\n<p>El TR es una figura indispensable para los afiliados de la ONCE, pues trabajan, junto con psic\u00f3logos, trabajadores sociales, t\u00e9cnicos de empleo, instructores de tiflotecnolog\u00eda\u2026 para <b>hacer la vida m\u00e1s f\u00e1cil a las personas con discapacidad visual<\/b>. En su caso, adem\u00e1s requieren de una <b>formaci\u00f3n espec\u00edfica <\/b>que a\u00f1adir\u00e1n a su formaci\u00f3n de base, \u00abadem\u00e1s de ser maestros de <a href=\"https:\/\/www.20minutos.es\/minuteca\/educacion-especial\/\" title=\"Educaci\u00f3n Especial\" target=\"_blank\" rel=\"noopener\">educaci\u00f3n especial<\/a>, psic\u00f3logos -como es mi caso-, educadores, etc. tenemos que hacer un curso en la ONCE de 9 meses, que tiene una parte te\u00f3rica y una pr\u00e1ctica, de la que te tienes que ir examinando\u00bb, explica Chus.<\/p>\n<p>Seg\u00fan cuenta, se trata de una formaci\u00f3n bastante dura en la que solo te dan \u00abuna libreta, un bast\u00f3n y un antifaz\u00bb, pero su labor lo requiere, pues es la persona que ayuda a las personas con discapacidad visual <b>a tener una mayor autonom\u00eda<\/b> con todas las capacidades que tenga, \u00abcon la poca visi\u00f3n que tenga, su capacidad cognitiva, sus intereses, con sus necesidades\u2026\u00bb. <\/p>\n<h1>La movilidad es conseguir que la persona acabe desplaz\u00e1ndose de manera aut\u00f3noma <\/h1>\n<p>Una parte importante de nuestro trabajo es, de hecho, ayudarle a<b> sacar el m\u00e1ximo partido al resto visual <\/b>que tengan, \u00abhay que ense\u00f1arles a mirar y aprovechar ese resto, a prestar atenci\u00f3n a los otros sentidos, la lateralidad\u2026 todo eso tenemos que trabajarlo antes de empezar con \u00e1reas m\u00e1s concretas y m\u00e1s duras, como la orientaci\u00f3n y la movilidad, que es donde entra el bast\u00f3n\u00bb, explica, \u00aby la movilidad es <b>conseguir que la persona acabe desplaz\u00e1ndose de manera aut\u00f3noma<\/b> por donde quiera, ya sea con o sin bast\u00f3n. Empieza aqu\u00ed, en una <b>sala donde empezamos los entrenamientos<\/b>, pero acaba movi\u00e9ndose por todas partes con bast\u00f3n blanco, sin bast\u00f3n blanco, porque no necesariamente todo el mundo lo necesita o lo quiere\u00bb. <\/p>\n<p>Pero, aunque es una parte fundamental para la autonom\u00eda, los TR no solo trabajan la movilidad, su labor se extiende a <b>todas las facetas de la vida<\/b> de las personas, como puede ser, \u00abmanejar un tel\u00e9fono, atarse unos zapatos, peinarse, maquillarse, vestirse como quiera, cocinar, cuidar a los ni\u00f1os\u2026 y todo lo que se te ocurra\u00bb. <\/p>\n<h2>No solo para ciegos totales<\/h2>\n<p>Chus Bell\u00f3n quiere dejar claro que el bast\u00f3n blanco es una herramienta muy \u00fatil, no solo para las personas ciegas, sino tambi\u00e9n para aquellas que tienen <b>baja visi\u00f3n<\/b>, que cada vez son m\u00e1s, porque \u00abcada vez hay menos ciegos totales, pero m\u00e1s con baja visi\u00f3n, sobre todo por enfermedades asociadas a la edad\u00bb<\/p>\n<p>El bast\u00f3n tambi\u00e9n para todas esas personas que, por ejemplo, \u00abven muy borroso, por agujeros\u2026 De hecho,<b> la mayor\u00eda de la gente que veis con bast\u00f3n tiene resto visual, no es ciega total<\/b>. Hay gente que la ves leyendo el peri\u00f3dico y lleva un bast\u00f3n, pero a lo mejor es porque tiene una agudeza del 80% que le permite leer un peri\u00f3dico, pero tiene un campo visual muy muy reducido porque tiene retinosis pigmentaria o glaucoma, que se les va reduciendo el campo y provoca que, por ejemplo, se vayan tropezando con todo lo que no tengan en frente, porque no lo ven\u00bb.<\/p>\n<p>Es importante que, como explica la TR de la ONCE, seamos conscientes de que estas personas existen, porque \u00ab<b>a\u00fan tenemos la idea de que las personas con discapacidad visual son solo los ciegos totales<\/b>, que van con gafas de sol, que tienen los ojos velados\u2026 pero hay mucha gente que tiene los ojos como el de las personas que no tienen ning\u00fan problema, nadie adivina que no ven, y eso puede hacerles pasar por situaciones muy complicadas. En estos casos, el bast\u00f3n, adem\u00e1s de para ayudarles en sus desplazamientos, es muy \u00fatil para que los situemos, para \u2018decirnos\u2019  &#8216;\u00a1Cuidado conmigo, que no veo bien!'\u00bb.<\/p>\n<h1>La mayor\u00eda de la gente que usa bast\u00f3n tiene resto visual, no es ciega total. A lo mejor ve muy borroso o tiene un campo visual muy muy reducido<\/h1>\n<p>El bast\u00f3n es, por tanto, <b>un s\u00edmbolo muy r\u00e1pidamente reconocible<\/b>, pero sobre todo es una herramienta muy \u00fatil, \u00abnosotros invitamos a gente a que lo use, porque da mucha informaci\u00f3n sobre todo lo que hay en el suelo: cambios de altura, agujeros, texturas, materiales\u2026 y tambi\u00e9n te protege d<span>e un golpe o una ca\u00edda<\/span>, porque si hay una escalera, una pared, un obst\u00e1culo\u2026<b> el bast\u00f3n me dice, \u00a1cuidado!<\/b>\u00ab.<\/p>\n<p>Sin embargo, el que sea un s\u00edmbolo puede ser tambi\u00e9n un h\u00e1ndicap, sobre todo para <b>gente a la que le cuesta asumir su discapacidad visual<\/b>, \u00abalgunas personas nos dicen que no quieren usarlo precisamente por eso, porque dicen que es como llevar una etiqueta en la frente. Por eso, a veces no puedes introducirlo de primeras, es como si llamaras al demonio. En esos casos, hay que hacer un trabajo previo del psic\u00f3logo, intentar que lo lleven en el bolso, que se acostumbren a llevarlo\u2026 Esto ocurre con personas que ve\u00edan y que, poco a poco, por enfermedades del ojo, van degenerando\u00bb. <\/p>\n<h2>Formarse para aprender a usar el bast\u00f3n<\/h2>\n<p>Una vez que las personas con discapacidad visual y los TR est\u00e1n convencidos de que es el momento, empieza la formaci\u00f3n. Primero, hay que <b>ense\u00f1arles la t\u00e9cnica,<\/b> algo que se hace en salas espec\u00edficas que tiene la ONCE en sus instalaciones, como la que visitamos en su sede de Madrid, \u00abprimero hacemos much\u00edsimo pasillo para que la gente tenga la t\u00e9cnica acogida antes de bajar a la calle. En salas como esta -la que aparece en las fotos y el v\u00eddeo- el suelo est\u00e1 controlado, hay nada, es liso y saben que no hay peligro\u00bb. <\/p>\n<p><b>Antes de salir a la calle, tienen, por tanto, que haber aprendido la t\u00e9cnica<\/b>, \u00abse les ense\u00f1a c\u00f3mo hay que abrirlo, la postura corporal, a llevarlo en el arco que le corresponde, con el movimiento que le corresponde, coordinado\u2026\u00bb. <\/p>\n<p>Una vez dominada la t\u00e9cnica, empiezan a salir a la calle y <b>el bast\u00f3n se va incorporando en la movilidad<\/b>, \u00abprimero es &#8216;mu\u00e9vete&#8217;, luego &#8216;mu\u00e9vete t\u00fa solo&#8217;\u2026 primero hacemos mucho de &#8216;mam\u00e1 patito&#8217; pero luego hay que irse distanciando. Luego vas incorporando c\u00f3mo orientarte en la calle, c\u00f3mo localizar objetivos, como ir de un punto a otro, c\u00f3mo hacer una ruta y volver, c\u00f3mo utilizar transporte p\u00fablico\u2026\u00bb.<\/p>\n<h1>A veces la gente presupone que necesitan ayuda, agarran, cruzan\u2026 y eso es muy invasivo<\/h1>\n<p>Este acompa\u00f1amiento no es algo cerrado, se adapta a cada persona, por eso puede durar m\u00e1s o menos en funci\u00f3n de sus habilidades y de sus objetivos, aunque<b> la media suele ser de algo m\u00e1s de tres meses<\/b>, \u00abhay gente que solo lo quiere llevar de s\u00edmbolo o para ver si hay obst\u00e1culos, otros para hacer una ruta determinada, otros para todo\u2026\u00bb, cuenta Chus.<\/p>\n<p>A partir de ah\u00ed, ya pueden &#8216;volar solos&#8217;, pero Chus Bell\u00f3n nos cuenta que, \u00aba lo mejor, una persona que solo quer\u00eda formarte para llevar a sus hijos andando al colegio, al tiempo coge seguridad y nos pide ayuda porque quiere coger el transporte p\u00fablico\u00bb.<\/p>\n<p>En cuanto a la edad, tampoco hay una fija, \u00ab<b>yo soy partidaria de introducirlo en cuanto antes<\/b>, en cuanto la persona lo necesita. De hecho, tuve un ni\u00f1o con el que empec\u00e9 con nieve meses, luego empec\u00e9 ayudarle a moverse en la guarder\u00eda y con tres a\u00f1os, en el colegio, empezamos con el bast\u00f3n. Recuerdo que yo empezaba a decirle &#8216;venga, Edu, que el bast\u00f3n nos va a empezar a decir cosas&#8217; y \u00e9l estaba encantado dec\u00eda &#8216;\u00a1aqu\u00ed hay arena, aqu\u00ed una puerta, aqu\u00ed el suelo!&#8217;. Luego le contaba a la profesora que el bast\u00f3n no paraba de hablar. Y en cierto modo es as\u00ed, y si empiezas desde peque\u00f1os, lo ven como una herramienta m\u00e1s\u00bb.<\/p>\n<p>Chus Bell\u00f3n quiere dejar claro que el bast\u00f3n es mucho m\u00e1s que para <b>detectar obst\u00e1culos<\/b>, es una gran herramienta que da mucha m\u00e1s informaci\u00f3n de la que creemos, \u00abla movilidad tambi\u00e9n es el uso del transporte p\u00fablico, saber orientarme, conocer toda la <a href=\"https:\/\/www.20minutos.es\/minuteca\/accesibilidad\/\" title=\"Accesibilidad\" target=\"_blank\" rel=\"noopener\">accesibilidad<\/a> que hay en la calle, los cambios de textura, detectar los encaminamientos\u2026 porque nosotros, en el primer golpe de vista, lo vemos todos, nos situamos, pero ellos no\u00bb.<\/p>\n<p>Es, por tanto, un punto de partida para acceder a todas las medidas de accesibilidad que existen, como \u00abunas etiquetas de colorines que est\u00e1n poniendo en paradas y estaciones, aplicaciones que describen las estaciones de metro\u2026 apoyos que les evitan tener que estar siempre atentos,<b> les orienta, les gu\u00eda con la ayuda del bast\u00f3n<\/b>\u2026\u00bb. Un bast\u00f3n que, adem\u00e1s, es todo un mundo, pues hay de distintos tama\u00f1os, colores <b>-el rojo y blanco<\/b> indica que adem\u00e1s de discapacidad visual tienen discapacidad auditiva- y los hay con \u00abdiferentes tipos de terminaciones, de punteras, seg\u00fan el terreno sea de baldosas, adoquines\u2026\u00bb.<\/p>\n<p>En definitiva, una herramienta, el bast\u00f3n, tan universal como la solidaridad que suelen despertar en la sociedad las personas con ceguera, tanta que, a veces, <b>tenemos que pensar antes de lanzarnos a ayudar<\/b>, porque como explica Chus Bell\u00f3n, \u00aba veces la gente presupone que necesitas ayuda, te agarran, te cruzan\u2026 y eso es muy invasivo. Con los ciegos pasa, al igual que a las personas con <a href=\"https:\/\/www.20minutos.es\/minuteca\/discapacidad\/\" title=\"Discapacidad\" target=\"_blank\" rel=\"noopener\">discapacidad<\/a> en general, que <b>vemos la discapacidad por encima de la person<\/b>a, y la discapacidad es un a\u00f1adido, no son ellos, y a veces nos olvidamos y <b>solo vemos al ciego<\/b>, as\u00ed que, por favor, ante la duda, pregunta, nunca ayudes sin preguntar\u00bb.  <\/p>\n<\/div>\n<p>Fuente: Discapacidad https:\/\/www.20minutos.es\/noticia\/5642972\/0\/dia-internacional-baston-blanco\/<\/p>\n","protected":false},"excerpt":{"rendered":"<p>Desde hace m\u00e1s de cuatro d\u00e9cadas se celebra cada a\u00f1o el D\u00eda Internacional del Bast\u00f3n Blanco, una herramienta indispensable para facilitar los desplazamientos&#8230;<\/p>\n","protected":false},"author":1,"featured_media":0,"comment_status":"closed","ping_status":"closed","sticky":false,"template":"","format":"standard","meta":{"footnotes":""},"categories":[8],"tags":[],"class_list":["post-10448","post","type-post","status-publish","format-standard","hentry","category-noticias"],"yoast_head":"<!-- This site is optimized with the Yoast SEO plugin v27.5 - https:\/\/yoast.com\/product\/yoast-seo-wordpress\/ -->\n<title>El bast\u00f3n blanco, mucho m\u00e1s que un s\u00edmbolo: &quot;Identifica, informa y protege a las personas con discapacidad visual&quot; - Asociaci\u00f3n Espa\u00f1ola S\u00edndrome de Charge<\/title>\n<meta name=\"robots\" content=\"index, follow, max-snippet:-1, max-image-preview:large, max-video-preview:-1\" \/>\n<link rel=\"canonical\" href=\"https:\/\/sindromecharge.es\/index.php\/2024\/10\/15\/dia-internacional-baston-blanco\/\" \/>\n<meta property=\"og:locale\" content=\"es_ES\" \/>\n<meta property=\"og:type\" content=\"article\" \/>\n<meta property=\"og:title\" content=\"El bast\u00f3n blanco, mucho m\u00e1s que un s\u00edmbolo: &quot;Identifica, informa y protege a las personas con discapacidad visual&quot; - Asociaci\u00f3n Espa\u00f1ola S\u00edndrome de Charge\" \/>\n<meta property=\"og:description\" content=\"Desde hace m\u00e1s de cuatro d\u00e9cadas se celebra cada a\u00f1o el D\u00eda Internacional del Bast\u00f3n Blanco, una herramienta indispensable para facilitar los desplazamientos&#8230;\" \/>\n<meta property=\"og:url\" content=\"https:\/\/sindromecharge.es\/index.php\/2024\/10\/15\/dia-internacional-baston-blanco\/\" \/>\n<meta property=\"og:site_name\" content=\"Asociaci\u00f3n Espa\u00f1ola S\u00edndrome de Charge\" \/>\n<meta property=\"article:publisher\" content=\"https:\/\/www.facebook.com\/asociacionsindromecharge\" \/>\n<meta property=\"article:published_time\" content=\"2024-10-15T05:23:43+00:00\" \/>\n<meta property=\"og:image\" content=\"https:\/\/sindromecharge.es\/wp-content\/uploads\/2013\/09\/logodecharge300x98.png\" \/>\n\t<meta property=\"og:image:width\" content=\"300\" \/>\n\t<meta property=\"og:image:height\" content=\"98\" \/>\n\t<meta property=\"og:image:type\" content=\"image\/png\" \/>\n<meta name=\"author\" content=\"Charge\" \/>\n<meta name=\"twitter:card\" content=\"summary_large_image\" \/>\n<meta name=\"twitter:creator\" content=\"@sindromecharge\" \/>\n<meta name=\"twitter:site\" content=\"@sindromecharge\" \/>\n<meta name=\"twitter:label1\" content=\"Escrito por\" \/>\n\t<meta name=\"twitter:data1\" content=\"Charge\" \/>\n\t<meta name=\"twitter:label2\" content=\"Tiempo de lectura\" \/>\n\t<meta name=\"twitter:data2\" content=\"10 minutos\" \/>\n<script type=\"application\/ld+json\" class=\"yoast-schema-graph\">{\"@context\":\"https:\\\/\\\/schema.org\",\"@graph\":[{\"@type\":\"Article\",\"@id\":\"https:\\\/\\\/sindromecharge.es\\\/index.php\\\/2024\\\/10\\\/15\\\/dia-internacional-baston-blanco\\\/#article\",\"isPartOf\":{\"@id\":\"https:\\\/\\\/sindromecharge.es\\\/index.php\\\/2024\\\/10\\\/15\\\/dia-internacional-baston-blanco\\\/\"},\"author\":{\"name\":\"Charge\",\"@id\":\"https:\\\/\\\/sindromecharge.es\\\/#\\\/schema\\\/person\\\/39a60ebe0a2b4d5a11179701e336b039\"},\"headline\":\"El bast\u00f3n blanco, mucho m\u00e1s que un s\u00edmbolo: \u00abIdentifica, informa y protege a las personas con discapacidad visual\u00bb\",\"datePublished\":\"2024-10-15T05:23:43+00:00\",\"mainEntityOfPage\":{\"@id\":\"https:\\\/\\\/sindromecharge.es\\\/index.php\\\/2024\\\/10\\\/15\\\/dia-internacional-baston-blanco\\\/\"},\"wordCount\":1953,\"articleSection\":[\"noticias\"],\"inLanguage\":\"es\"},{\"@type\":\"WebPage\",\"@id\":\"https:\\\/\\\/sindromecharge.es\\\/index.php\\\/2024\\\/10\\\/15\\\/dia-internacional-baston-blanco\\\/\",\"url\":\"https:\\\/\\\/sindromecharge.es\\\/index.php\\\/2024\\\/10\\\/15\\\/dia-internacional-baston-blanco\\\/\",\"name\":\"El bast\u00f3n blanco, mucho m\u00e1s que un s\u00edmbolo: \\\"Identifica, informa y protege a las personas con discapacidad visual\\\" - Asociaci\u00f3n Espa\u00f1ola S\u00edndrome de Charge\",\"isPartOf\":{\"@id\":\"https:\\\/\\\/sindromecharge.es\\\/#website\"},\"datePublished\":\"2024-10-15T05:23:43+00:00\",\"author\":{\"@id\":\"https:\\\/\\\/sindromecharge.es\\\/#\\\/schema\\\/person\\\/39a60ebe0a2b4d5a11179701e336b039\"},\"breadcrumb\":{\"@id\":\"https:\\\/\\\/sindromecharge.es\\\/index.php\\\/2024\\\/10\\\/15\\\/dia-internacional-baston-blanco\\\/#breadcrumb\"},\"inLanguage\":\"es\",\"potentialAction\":[{\"@type\":\"ReadAction\",\"target\":[\"https:\\\/\\\/sindromecharge.es\\\/index.php\\\/2024\\\/10\\\/15\\\/dia-internacional-baston-blanco\\\/\"]}]},{\"@type\":\"BreadcrumbList\",\"@id\":\"https:\\\/\\\/sindromecharge.es\\\/index.php\\\/2024\\\/10\\\/15\\\/dia-internacional-baston-blanco\\\/#breadcrumb\",\"itemListElement\":[{\"@type\":\"ListItem\",\"position\":1,\"name\":\"Portada\",\"item\":\"https:\\\/\\\/sindromecharge.es\\\/\"},{\"@type\":\"ListItem\",\"position\":2,\"name\":\"El bast\u00f3n blanco, mucho m\u00e1s que un s\u00edmbolo: &#8220;Identifica, informa y protege a las personas con discapacidad visual&#8221;\"}]},{\"@type\":\"WebSite\",\"@id\":\"https:\\\/\\\/sindromecharge.es\\\/#website\",\"url\":\"https:\\\/\\\/sindromecharge.es\\\/\",\"name\":\"Asociaci\u00f3n Espa\u00f1ola S\u00edndrome de Charge\",\"description\":\"\",\"potentialAction\":[{\"@type\":\"SearchAction\",\"target\":{\"@type\":\"EntryPoint\",\"urlTemplate\":\"https:\\\/\\\/sindromecharge.es\\\/?s={search_term_string}\"},\"query-input\":{\"@type\":\"PropertyValueSpecification\",\"valueRequired\":true,\"valueName\":\"search_term_string\"}}],\"inLanguage\":\"es\"},{\"@type\":\"Person\",\"@id\":\"https:\\\/\\\/sindromecharge.es\\\/#\\\/schema\\\/person\\\/39a60ebe0a2b4d5a11179701e336b039\",\"name\":\"Charge\",\"image\":{\"@type\":\"ImageObject\",\"inLanguage\":\"es\",\"@id\":\"https:\\\/\\\/secure.gravatar.com\\\/avatar\\\/c3b46e32a0fc3b093a0873fb767bf3293de856293065e84ef06b7ec7a8acfb98?s=96&d=identicon&r=x\",\"url\":\"https:\\\/\\\/secure.gravatar.com\\\/avatar\\\/c3b46e32a0fc3b093a0873fb767bf3293de856293065e84ef06b7ec7a8acfb98?s=96&d=identicon&r=x\",\"contentUrl\":\"https:\\\/\\\/secure.gravatar.com\\\/avatar\\\/c3b46e32a0fc3b093a0873fb767bf3293de856293065e84ef06b7ec7a8acfb98?s=96&d=identicon&r=x\",\"caption\":\"Charge\"},\"url\":\"https:\\\/\\\/sindromecharge.es\\\/index.php\\\/author\\\/admin\\\/\"}]}<\/script>\n<!-- \/ Yoast SEO plugin. -->","yoast_head_json":{"title":"El bast\u00f3n blanco, mucho m\u00e1s que un s\u00edmbolo: \"Identifica, informa y protege a las personas con discapacidad visual\" - Asociaci\u00f3n Espa\u00f1ola S\u00edndrome de Charge","robots":{"index":"index","follow":"follow","max-snippet":"max-snippet:-1","max-image-preview":"max-image-preview:large","max-video-preview":"max-video-preview:-1"},"canonical":"https:\/\/sindromecharge.es\/index.php\/2024\/10\/15\/dia-internacional-baston-blanco\/","og_locale":"es_ES","og_type":"article","og_title":"El bast\u00f3n blanco, mucho m\u00e1s que un s\u00edmbolo: \"Identifica, informa y protege a las personas con discapacidad visual\" - Asociaci\u00f3n Espa\u00f1ola S\u00edndrome de Charge","og_description":"Desde hace m\u00e1s de cuatro d\u00e9cadas se celebra cada a\u00f1o el D\u00eda Internacional del Bast\u00f3n Blanco, una herramienta indispensable para facilitar los desplazamientos&#8230;","og_url":"https:\/\/sindromecharge.es\/index.php\/2024\/10\/15\/dia-internacional-baston-blanco\/","og_site_name":"Asociaci\u00f3n Espa\u00f1ola S\u00edndrome de Charge","article_publisher":"https:\/\/www.facebook.com\/asociacionsindromecharge","article_published_time":"2024-10-15T05:23:43+00:00","og_image":[{"width":300,"height":98,"url":"https:\/\/sindromecharge.es\/wp-content\/uploads\/2013\/09\/logodecharge300x98.png","type":"image\/png"}],"author":"Charge","twitter_card":"summary_large_image","twitter_creator":"@sindromecharge","twitter_site":"@sindromecharge","twitter_misc":{"Escrito por":"Charge","Tiempo de lectura":"10 minutos"},"schema":{"@context":"https:\/\/schema.org","@graph":[{"@type":"Article","@id":"https:\/\/sindromecharge.es\/index.php\/2024\/10\/15\/dia-internacional-baston-blanco\/#article","isPartOf":{"@id":"https:\/\/sindromecharge.es\/index.php\/2024\/10\/15\/dia-internacional-baston-blanco\/"},"author":{"name":"Charge","@id":"https:\/\/sindromecharge.es\/#\/schema\/person\/39a60ebe0a2b4d5a11179701e336b039"},"headline":"El bast\u00f3n blanco, mucho m\u00e1s que un s\u00edmbolo: \u00abIdentifica, informa y protege a las personas con discapacidad visual\u00bb","datePublished":"2024-10-15T05:23:43+00:00","mainEntityOfPage":{"@id":"https:\/\/sindromecharge.es\/index.php\/2024\/10\/15\/dia-internacional-baston-blanco\/"},"wordCount":1953,"articleSection":["noticias"],"inLanguage":"es"},{"@type":"WebPage","@id":"https:\/\/sindromecharge.es\/index.php\/2024\/10\/15\/dia-internacional-baston-blanco\/","url":"https:\/\/sindromecharge.es\/index.php\/2024\/10\/15\/dia-internacional-baston-blanco\/","name":"El bast\u00f3n blanco, mucho m\u00e1s que un s\u00edmbolo: \"Identifica, informa y protege a las personas con discapacidad visual\" - Asociaci\u00f3n Espa\u00f1ola S\u00edndrome de Charge","isPartOf":{"@id":"https:\/\/sindromecharge.es\/#website"},"datePublished":"2024-10-15T05:23:43+00:00","author":{"@id":"https:\/\/sindromecharge.es\/#\/schema\/person\/39a60ebe0a2b4d5a11179701e336b039"},"breadcrumb":{"@id":"https:\/\/sindromecharge.es\/index.php\/2024\/10\/15\/dia-internacional-baston-blanco\/#breadcrumb"},"inLanguage":"es","potentialAction":[{"@type":"ReadAction","target":["https:\/\/sindromecharge.es\/index.php\/2024\/10\/15\/dia-internacional-baston-blanco\/"]}]},{"@type":"BreadcrumbList","@id":"https:\/\/sindromecharge.es\/index.php\/2024\/10\/15\/dia-internacional-baston-blanco\/#breadcrumb","itemListElement":[{"@type":"ListItem","position":1,"name":"Portada","item":"https:\/\/sindromecharge.es\/"},{"@type":"ListItem","position":2,"name":"El bast\u00f3n blanco, mucho m\u00e1s que un s\u00edmbolo: &#8220;Identifica, informa y protege a las personas con discapacidad visual&#8221;"}]},{"@type":"WebSite","@id":"https:\/\/sindromecharge.es\/#website","url":"https:\/\/sindromecharge.es\/","name":"Asociaci\u00f3n Espa\u00f1ola S\u00edndrome de Charge","description":"","potentialAction":[{"@type":"SearchAction","target":{"@type":"EntryPoint","urlTemplate":"https:\/\/sindromecharge.es\/?s={search_term_string}"},"query-input":{"@type":"PropertyValueSpecification","valueRequired":true,"valueName":"search_term_string"}}],"inLanguage":"es"},{"@type":"Person","@id":"https:\/\/sindromecharge.es\/#\/schema\/person\/39a60ebe0a2b4d5a11179701e336b039","name":"Charge","image":{"@type":"ImageObject","inLanguage":"es","@id":"https:\/\/secure.gravatar.com\/avatar\/c3b46e32a0fc3b093a0873fb767bf3293de856293065e84ef06b7ec7a8acfb98?s=96&d=identicon&r=x","url":"https:\/\/secure.gravatar.com\/avatar\/c3b46e32a0fc3b093a0873fb767bf3293de856293065e84ef06b7ec7a8acfb98?s=96&d=identicon&r=x","contentUrl":"https:\/\/secure.gravatar.com\/avatar\/c3b46e32a0fc3b093a0873fb767bf3293de856293065e84ef06b7ec7a8acfb98?s=96&d=identicon&r=x","caption":"Charge"},"url":"https:\/\/sindromecharge.es\/index.php\/author\/admin\/"}]}},"_links":{"self":[{"href":"https:\/\/sindromecharge.es\/index.php\/wp-json\/wp\/v2\/posts\/10448","targetHints":{"allow":["GET"]}}],"collection":[{"href":"https:\/\/sindromecharge.es\/index.php\/wp-json\/wp\/v2\/posts"}],"about":[{"href":"https:\/\/sindromecharge.es\/index.php\/wp-json\/wp\/v2\/types\/post"}],"author":[{"embeddable":true,"href":"https:\/\/sindromecharge.es\/index.php\/wp-json\/wp\/v2\/users\/1"}],"replies":[{"embeddable":true,"href":"https:\/\/sindromecharge.es\/index.php\/wp-json\/wp\/v2\/comments?post=10448"}],"version-history":[{"count":0,"href":"https:\/\/sindromecharge.es\/index.php\/wp-json\/wp\/v2\/posts\/10448\/revisions"}],"wp:attachment":[{"href":"https:\/\/sindromecharge.es\/index.php\/wp-json\/wp\/v2\/media?parent=10448"}],"wp:term":[{"taxonomy":"category","embeddable":true,"href":"https:\/\/sindromecharge.es\/index.php\/wp-json\/wp\/v2\/categories?post=10448"},{"taxonomy":"post_tag","embeddable":true,"href":"https:\/\/sindromecharge.es\/index.php\/wp-json\/wp\/v2\/tags?post=10448"}],"curies":[{"name":"wp","href":"https:\/\/api.w.org\/{rel}","templated":true}]}}