{"id":10447,"date":"2024-10-14T14:21:30","date_gmt":"2024-10-14T14:21:30","guid":{"rendered":"https:\/\/sindromecharge.es\/index.php\/2024\/10\/14\/index-php-112\/"},"modified":"2024-10-14T14:21:30","modified_gmt":"2024-10-14T14:21:30","slug":"index-php-112","status":"publish","type":"post","link":"https:\/\/sindromecharge.es\/index.php\/2024\/10\/14\/index-php-112\/","title":{"rendered":"La Tarjeta Europea de Discapacidad ha sido aprobada oficialmente."},"content":{"rendered":"<p>Leemos en Federaci\u00f3n de Asociaciones de Implantados Cocleares de Espa\u00f1a. Federaci\u00f3n AICE la siguiente noticia que os reproducimos de forma \u00edntegra: <\/p>\n<div>\n<p style=\"text-align: center;\"><img decoding=\"async\" title=\"Imagen de muestra de tarjeta europea de discapacidad\" alt=\"Imagen de muestra de tarjeta europea de discapacidad\" src=\"http:\/\/implantecoclear.org\/images\/stories\/fotos_noticias\/european-disability-card.jpg\"><\/p>\n<p style=\"text-align: center;\">\u00a0<\/p>\n<p>Hoy es un d\u00eda hist\u00f3rico: el <strong>Consejo de la Uni\u00f3n Europea<\/strong> ha dado luz verde a la versi\u00f3n final de la <strong>Directiva sobre la Tarjeta Europea de Discapacidad<\/strong> y la <strong>Tarjeta Europea de Estacionamiento<\/strong>, logrando superar los \u00faltimos tr\u00e1mites burocr\u00e1ticos. <br \/>Desde abril celebramos el acuerdo pol\u00edtico sobre estos textos. Sin embargo, la aprobaci\u00f3n legal definitiva se hab\u00eda retrasado debido a la compleja traducci\u00f3n del documento a los <strong>27 idiomas oficiales de la UE<\/strong>.<\/p>\n<p>Con esta aprobaci\u00f3n, el siguiente paso ser\u00e1 la <strong>publicaci\u00f3n en el Diario Oficial de la UE<\/strong>, dando inicio a la cuenta regresiva para que los pa\u00edses comiencen a emitir estas tarjetas. La directiva establece que <strong>la implementaci\u00f3n completa deber\u00e1 realizarse antes de 2028<\/strong>, aunque los Estados miembros<strong> pueden y deber\u00edan<\/strong> empezar a emitirlas y aceptarlas cuanto antes.<\/p>\n<p><strong><em>Pr\u00f3ximos pasos: trabajar en la implementaci\u00f3n nacional<br \/><\/em><\/strong>El reto ahora es garantizar una <strong>implantaci\u00f3n efectiva<\/strong> en cada pa\u00eds, desarrollando leyes nacionales ambiciosas y coherentes. En esta nueva etapa,los esfuerzos se van a enfocar en:<\/p>\n<ul>\n<li><strong>Asegurar fondos suficientes<\/strong> para implementar las Tarjetas de forma eficaz.<\/li>\n<li><strong>Reducir al m\u00ednimo las excepciones<\/strong> en su aplicaci\u00f3n, maximizando su alcance.<\/li>\n<li><strong>Ampliar los beneficios m\u00e1s all\u00e1 del plan inicial<\/strong>, permitiendo que las personas con discapacidad accedan temporalmente al apoyo en toda Europa.<\/li>\n<li><strong>Colaborar con la Comisi\u00f3n Europea<\/strong> en el desarrollo de los requisitos t\u00e9cnicos para la tarjeta, incluidas <strong>versiones digitales<\/strong>.<\/li>\n<\/ul>\n<p><em>Yannis Vardakastanis<\/em>, presidente del<strong> Foro Europeo de la Discapacidad<\/strong>, expres\u00f3:<br \/>\u00abNos complace que los \u00faltimos obst\u00e1culos hayan sido superados. Ahora esperamos que los pa\u00edses de la UE muestren la misma ambici\u00f3n y rapidez para empezar a emitir y aceptar las tarjetas cuanto antes.\u00bb<\/p>\n<p>Esta nueva herramienta representa un gran avance en el reconocimiento de los derechos de las personas con discapacidad, facilitando su movilidad y acceso a servicios en toda Europa y desde Federaci\u00f3n AICE seguiremos trabajando para que su implementaci\u00f3n sea un \u00e9xito.<\/p>\n<p><\/div>\n<p>Fuente: Federaci\u00f3n de Asociaciones de Implantados Cocleares de Espa\u00f1a. Federaci\u00f3n AICE http:\/\/implantecoclear.org\/index.php?option=com_content&#038;view=article&#038;id=732:tarjeta-discapacidadeu&#038;catid=1:latest-news<\/p>\n","protected":false},"excerpt":{"rendered":"<p>\u00a0 Hoy es un d\u00eda hist\u00f3rico: el Consejo de la Uni\u00f3n Europea ha dado luz verde a la versi\u00f3n final de la Directiva sobre la Tarjeta Europea de Discapacidad y la Tarjeta Europea de Estacionamiento, logrando superar los \u00faltimos tr\u00e1mites burocr\u00e1ticos. Desde abril celebramos el acuerdo pol\u00edtico sobre estos textos. Sin embargo, la aprobaci\u00f3n legal [&hellip;]<\/p>\n","protected":false},"author":1,"featured_media":0,"comment_status":"closed","ping_status":"closed","sticky":false,"template":"","format":"standard","meta":{"footnotes":""},"categories":[8],"tags":[],"class_list":["post-10447","post","type-post","status-publish","format-standard","hentry","category-noticias"],"yoast_head":"<!-- This site is optimized with the Yoast SEO plugin v27.5 - https:\/\/yoast.com\/product\/yoast-seo-wordpress\/ -->\n<title>La Tarjeta Europea de Discapacidad ha sido aprobada oficialmente. - Asociaci\u00f3n Espa\u00f1ola S\u00edndrome de Charge<\/title>\n<meta name=\"robots\" content=\"index, follow, max-snippet:-1, max-image-preview:large, max-video-preview:-1\" \/>\n<link rel=\"canonical\" href=\"https:\/\/sindromecharge.es\/index.php\/2024\/10\/14\/index-php-112\/\" \/>\n<meta property=\"og:locale\" content=\"es_ES\" \/>\n<meta property=\"og:type\" content=\"article\" \/>\n<meta property=\"og:title\" content=\"La Tarjeta Europea de Discapacidad ha sido aprobada oficialmente. - Asociaci\u00f3n Espa\u00f1ola S\u00edndrome de Charge\" \/>\n<meta property=\"og:description\" content=\"\u00a0 Hoy es un d\u00eda hist\u00f3rico: el Consejo de la Uni\u00f3n Europea ha dado luz verde a la versi\u00f3n final de la Directiva sobre la Tarjeta Europea de Discapacidad y la Tarjeta Europea de Estacionamiento, logrando superar los \u00faltimos tr\u00e1mites burocr\u00e1ticos. Desde abril celebramos el acuerdo pol\u00edtico sobre estos textos. Sin embargo, la aprobaci\u00f3n legal [&hellip;]\" \/>\n<meta property=\"og:url\" content=\"https:\/\/sindromecharge.es\/index.php\/2024\/10\/14\/index-php-112\/\" \/>\n<meta property=\"og:site_name\" content=\"Asociaci\u00f3n Espa\u00f1ola S\u00edndrome de Charge\" \/>\n<meta property=\"article:publisher\" content=\"https:\/\/www.facebook.com\/asociacionsindromecharge\" \/>\n<meta property=\"article:published_time\" content=\"2024-10-14T14:21:30+00:00\" \/>\n<meta property=\"og:image\" content=\"http:\/\/implantecoclear.org\/images\/stories\/fotos_noticias\/european-disability-card.jpg\" \/>\n<meta name=\"author\" content=\"Charge\" \/>\n<meta name=\"twitter:card\" content=\"summary_large_image\" \/>\n<meta name=\"twitter:creator\" content=\"@sindromecharge\" \/>\n<meta name=\"twitter:site\" content=\"@sindromecharge\" \/>\n<meta name=\"twitter:label1\" content=\"Escrito por\" \/>\n\t<meta name=\"twitter:data1\" content=\"Charge\" \/>\n\t<meta name=\"twitter:label2\" content=\"Tiempo de lectura\" \/>\n\t<meta name=\"twitter:data2\" content=\"2 minutos\" \/>\n<script type=\"application\/ld+json\" class=\"yoast-schema-graph\">{\"@context\":\"https:\\\/\\\/schema.org\",\"@graph\":[{\"@type\":\"Article\",\"@id\":\"https:\\\/\\\/sindromecharge.es\\\/index.php\\\/2024\\\/10\\\/14\\\/index-php-112\\\/#article\",\"isPartOf\":{\"@id\":\"https:\\\/\\\/sindromecharge.es\\\/index.php\\\/2024\\\/10\\\/14\\\/index-php-112\\\/\"},\"author\":{\"name\":\"Charge\",\"@id\":\"https:\\\/\\\/sindromecharge.es\\\/#\\\/schema\\\/person\\\/39a60ebe0a2b4d5a11179701e336b039\"},\"headline\":\"La Tarjeta Europea de Discapacidad ha sido aprobada oficialmente.\",\"datePublished\":\"2024-10-14T14:21:30+00:00\",\"mainEntityOfPage\":{\"@id\":\"https:\\\/\\\/sindromecharge.es\\\/index.php\\\/2024\\\/10\\\/14\\\/index-php-112\\\/\"},\"wordCount\":397,\"image\":{\"@id\":\"https:\\\/\\\/sindromecharge.es\\\/index.php\\\/2024\\\/10\\\/14\\\/index-php-112\\\/#primaryimage\"},\"thumbnailUrl\":\"http:\\\/\\\/implantecoclear.org\\\/images\\\/stories\\\/fotos_noticias\\\/european-disability-card.jpg\",\"articleSection\":[\"noticias\"],\"inLanguage\":\"es\"},{\"@type\":\"WebPage\",\"@id\":\"https:\\\/\\\/sindromecharge.es\\\/index.php\\\/2024\\\/10\\\/14\\\/index-php-112\\\/\",\"url\":\"https:\\\/\\\/sindromecharge.es\\\/index.php\\\/2024\\\/10\\\/14\\\/index-php-112\\\/\",\"name\":\"La Tarjeta Europea de Discapacidad ha sido aprobada oficialmente. - Asociaci\u00f3n Espa\u00f1ola S\u00edndrome de Charge\",\"isPartOf\":{\"@id\":\"https:\\\/\\\/sindromecharge.es\\\/#website\"},\"primaryImageOfPage\":{\"@id\":\"https:\\\/\\\/sindromecharge.es\\\/index.php\\\/2024\\\/10\\\/14\\\/index-php-112\\\/#primaryimage\"},\"image\":{\"@id\":\"https:\\\/\\\/sindromecharge.es\\\/index.php\\\/2024\\\/10\\\/14\\\/index-php-112\\\/#primaryimage\"},\"thumbnailUrl\":\"http:\\\/\\\/implantecoclear.org\\\/images\\\/stories\\\/fotos_noticias\\\/european-disability-card.jpg\",\"datePublished\":\"2024-10-14T14:21:30+00:00\",\"author\":{\"@id\":\"https:\\\/\\\/sindromecharge.es\\\/#\\\/schema\\\/person\\\/39a60ebe0a2b4d5a11179701e336b039\"},\"breadcrumb\":{\"@id\":\"https:\\\/\\\/sindromecharge.es\\\/index.php\\\/2024\\\/10\\\/14\\\/index-php-112\\\/#breadcrumb\"},\"inLanguage\":\"es\",\"potentialAction\":[{\"@type\":\"ReadAction\",\"target\":[\"https:\\\/\\\/sindromecharge.es\\\/index.php\\\/2024\\\/10\\\/14\\\/index-php-112\\\/\"]}]},{\"@type\":\"ImageObject\",\"inLanguage\":\"es\",\"@id\":\"https:\\\/\\\/sindromecharge.es\\\/index.php\\\/2024\\\/10\\\/14\\\/index-php-112\\\/#primaryimage\",\"url\":\"http:\\\/\\\/implantecoclear.org\\\/images\\\/stories\\\/fotos_noticias\\\/european-disability-card.jpg\",\"contentUrl\":\"http:\\\/\\\/implantecoclear.org\\\/images\\\/stories\\\/fotos_noticias\\\/european-disability-card.jpg\"},{\"@type\":\"BreadcrumbList\",\"@id\":\"https:\\\/\\\/sindromecharge.es\\\/index.php\\\/2024\\\/10\\\/14\\\/index-php-112\\\/#breadcrumb\",\"itemListElement\":[{\"@type\":\"ListItem\",\"position\":1,\"name\":\"Portada\",\"item\":\"https:\\\/\\\/sindromecharge.es\\\/\"},{\"@type\":\"ListItem\",\"position\":2,\"name\":\"La Tarjeta Europea de Discapacidad ha sido aprobada oficialmente.\"}]},{\"@type\":\"WebSite\",\"@id\":\"https:\\\/\\\/sindromecharge.es\\\/#website\",\"url\":\"https:\\\/\\\/sindromecharge.es\\\/\",\"name\":\"Asociaci\u00f3n Espa\u00f1ola S\u00edndrome de Charge\",\"description\":\"\",\"potentialAction\":[{\"@type\":\"SearchAction\",\"target\":{\"@type\":\"EntryPoint\",\"urlTemplate\":\"https:\\\/\\\/sindromecharge.es\\\/?s={search_term_string}\"},\"query-input\":{\"@type\":\"PropertyValueSpecification\",\"valueRequired\":true,\"valueName\":\"search_term_string\"}}],\"inLanguage\":\"es\"},{\"@type\":\"Person\",\"@id\":\"https:\\\/\\\/sindromecharge.es\\\/#\\\/schema\\\/person\\\/39a60ebe0a2b4d5a11179701e336b039\",\"name\":\"Charge\",\"image\":{\"@type\":\"ImageObject\",\"inLanguage\":\"es\",\"@id\":\"https:\\\/\\\/secure.gravatar.com\\\/avatar\\\/c3b46e32a0fc3b093a0873fb767bf3293de856293065e84ef06b7ec7a8acfb98?s=96&d=identicon&r=x\",\"url\":\"https:\\\/\\\/secure.gravatar.com\\\/avatar\\\/c3b46e32a0fc3b093a0873fb767bf3293de856293065e84ef06b7ec7a8acfb98?s=96&d=identicon&r=x\",\"contentUrl\":\"https:\\\/\\\/secure.gravatar.com\\\/avatar\\\/c3b46e32a0fc3b093a0873fb767bf3293de856293065e84ef06b7ec7a8acfb98?s=96&d=identicon&r=x\",\"caption\":\"Charge\"},\"url\":\"https:\\\/\\\/sindromecharge.es\\\/index.php\\\/author\\\/admin\\\/\"}]}<\/script>\n<!-- \/ Yoast SEO plugin. -->","yoast_head_json":{"title":"La Tarjeta Europea de Discapacidad ha sido aprobada oficialmente. - Asociaci\u00f3n Espa\u00f1ola S\u00edndrome de Charge","robots":{"index":"index","follow":"follow","max-snippet":"max-snippet:-1","max-image-preview":"max-image-preview:large","max-video-preview":"max-video-preview:-1"},"canonical":"https:\/\/sindromecharge.es\/index.php\/2024\/10\/14\/index-php-112\/","og_locale":"es_ES","og_type":"article","og_title":"La Tarjeta Europea de Discapacidad ha sido aprobada oficialmente. - Asociaci\u00f3n Espa\u00f1ola S\u00edndrome de Charge","og_description":"\u00a0 Hoy es un d\u00eda hist\u00f3rico: el Consejo de la Uni\u00f3n Europea ha dado luz verde a la versi\u00f3n final de la Directiva sobre la Tarjeta Europea de Discapacidad y la Tarjeta Europea de Estacionamiento, logrando superar los \u00faltimos tr\u00e1mites burocr\u00e1ticos. Desde abril celebramos el acuerdo pol\u00edtico sobre estos textos. Sin embargo, la aprobaci\u00f3n legal [&hellip;]","og_url":"https:\/\/sindromecharge.es\/index.php\/2024\/10\/14\/index-php-112\/","og_site_name":"Asociaci\u00f3n Espa\u00f1ola S\u00edndrome de Charge","article_publisher":"https:\/\/www.facebook.com\/asociacionsindromecharge","article_published_time":"2024-10-14T14:21:30+00:00","og_image":[{"url":"http:\/\/implantecoclear.org\/images\/stories\/fotos_noticias\/european-disability-card.jpg","type":"","width":"","height":""}],"author":"Charge","twitter_card":"summary_large_image","twitter_creator":"@sindromecharge","twitter_site":"@sindromecharge","twitter_misc":{"Escrito por":"Charge","Tiempo de lectura":"2 minutos"},"schema":{"@context":"https:\/\/schema.org","@graph":[{"@type":"Article","@id":"https:\/\/sindromecharge.es\/index.php\/2024\/10\/14\/index-php-112\/#article","isPartOf":{"@id":"https:\/\/sindromecharge.es\/index.php\/2024\/10\/14\/index-php-112\/"},"author":{"name":"Charge","@id":"https:\/\/sindromecharge.es\/#\/schema\/person\/39a60ebe0a2b4d5a11179701e336b039"},"headline":"La Tarjeta Europea de Discapacidad ha sido aprobada oficialmente.","datePublished":"2024-10-14T14:21:30+00:00","mainEntityOfPage":{"@id":"https:\/\/sindromecharge.es\/index.php\/2024\/10\/14\/index-php-112\/"},"wordCount":397,"image":{"@id":"https:\/\/sindromecharge.es\/index.php\/2024\/10\/14\/index-php-112\/#primaryimage"},"thumbnailUrl":"http:\/\/implantecoclear.org\/images\/stories\/fotos_noticias\/european-disability-card.jpg","articleSection":["noticias"],"inLanguage":"es"},{"@type":"WebPage","@id":"https:\/\/sindromecharge.es\/index.php\/2024\/10\/14\/index-php-112\/","url":"https:\/\/sindromecharge.es\/index.php\/2024\/10\/14\/index-php-112\/","name":"La Tarjeta Europea de Discapacidad ha sido aprobada oficialmente. - Asociaci\u00f3n Espa\u00f1ola S\u00edndrome de Charge","isPartOf":{"@id":"https:\/\/sindromecharge.es\/#website"},"primaryImageOfPage":{"@id":"https:\/\/sindromecharge.es\/index.php\/2024\/10\/14\/index-php-112\/#primaryimage"},"image":{"@id":"https:\/\/sindromecharge.es\/index.php\/2024\/10\/14\/index-php-112\/#primaryimage"},"thumbnailUrl":"http:\/\/implantecoclear.org\/images\/stories\/fotos_noticias\/european-disability-card.jpg","datePublished":"2024-10-14T14:21:30+00:00","author":{"@id":"https:\/\/sindromecharge.es\/#\/schema\/person\/39a60ebe0a2b4d5a11179701e336b039"},"breadcrumb":{"@id":"https:\/\/sindromecharge.es\/index.php\/2024\/10\/14\/index-php-112\/#breadcrumb"},"inLanguage":"es","potentialAction":[{"@type":"ReadAction","target":["https:\/\/sindromecharge.es\/index.php\/2024\/10\/14\/index-php-112\/"]}]},{"@type":"ImageObject","inLanguage":"es","@id":"https:\/\/sindromecharge.es\/index.php\/2024\/10\/14\/index-php-112\/#primaryimage","url":"http:\/\/implantecoclear.org\/images\/stories\/fotos_noticias\/european-disability-card.jpg","contentUrl":"http:\/\/implantecoclear.org\/images\/stories\/fotos_noticias\/european-disability-card.jpg"},{"@type":"BreadcrumbList","@id":"https:\/\/sindromecharge.es\/index.php\/2024\/10\/14\/index-php-112\/#breadcrumb","itemListElement":[{"@type":"ListItem","position":1,"name":"Portada","item":"https:\/\/sindromecharge.es\/"},{"@type":"ListItem","position":2,"name":"La Tarjeta Europea de Discapacidad ha sido aprobada oficialmente."}]},{"@type":"WebSite","@id":"https:\/\/sindromecharge.es\/#website","url":"https:\/\/sindromecharge.es\/","name":"Asociaci\u00f3n Espa\u00f1ola S\u00edndrome de Charge","description":"","potentialAction":[{"@type":"SearchAction","target":{"@type":"EntryPoint","urlTemplate":"https:\/\/sindromecharge.es\/?s={search_term_string}"},"query-input":{"@type":"PropertyValueSpecification","valueRequired":true,"valueName":"search_term_string"}}],"inLanguage":"es"},{"@type":"Person","@id":"https:\/\/sindromecharge.es\/#\/schema\/person\/39a60ebe0a2b4d5a11179701e336b039","name":"Charge","image":{"@type":"ImageObject","inLanguage":"es","@id":"https:\/\/secure.gravatar.com\/avatar\/c3b46e32a0fc3b093a0873fb767bf3293de856293065e84ef06b7ec7a8acfb98?s=96&d=identicon&r=x","url":"https:\/\/secure.gravatar.com\/avatar\/c3b46e32a0fc3b093a0873fb767bf3293de856293065e84ef06b7ec7a8acfb98?s=96&d=identicon&r=x","contentUrl":"https:\/\/secure.gravatar.com\/avatar\/c3b46e32a0fc3b093a0873fb767bf3293de856293065e84ef06b7ec7a8acfb98?s=96&d=identicon&r=x","caption":"Charge"},"url":"https:\/\/sindromecharge.es\/index.php\/author\/admin\/"}]}},"_links":{"self":[{"href":"https:\/\/sindromecharge.es\/index.php\/wp-json\/wp\/v2\/posts\/10447","targetHints":{"allow":["GET"]}}],"collection":[{"href":"https:\/\/sindromecharge.es\/index.php\/wp-json\/wp\/v2\/posts"}],"about":[{"href":"https:\/\/sindromecharge.es\/index.php\/wp-json\/wp\/v2\/types\/post"}],"author":[{"embeddable":true,"href":"https:\/\/sindromecharge.es\/index.php\/wp-json\/wp\/v2\/users\/1"}],"replies":[{"embeddable":true,"href":"https:\/\/sindromecharge.es\/index.php\/wp-json\/wp\/v2\/comments?post=10447"}],"version-history":[{"count":0,"href":"https:\/\/sindromecharge.es\/index.php\/wp-json\/wp\/v2\/posts\/10447\/revisions"}],"wp:attachment":[{"href":"https:\/\/sindromecharge.es\/index.php\/wp-json\/wp\/v2\/media?parent=10447"}],"wp:term":[{"taxonomy":"category","embeddable":true,"href":"https:\/\/sindromecharge.es\/index.php\/wp-json\/wp\/v2\/categories?post=10447"},{"taxonomy":"post_tag","embeddable":true,"href":"https:\/\/sindromecharge.es\/index.php\/wp-json\/wp\/v2\/tags?post=10447"}],"curies":[{"name":"wp","href":"https:\/\/api.w.org\/{rel}","templated":true}]}}