{"id":10446,"date":"2024-10-14T06:26:34","date_gmt":"2024-10-14T06:26:34","guid":{"rendered":"https:\/\/sindromecharge.es\/index.php\/2024\/10\/14\/congreso-votara-miercoles-si-dgt-dona-autoescuelas-coches-adaptados-para-conductores-con-discapacidad\/"},"modified":"2024-10-14T06:26:34","modified_gmt":"2024-10-14T06:26:34","slug":"congreso-votara-miercoles-si-dgt-dona-autoescuelas-coches-adaptados-para-conductores-con-discapacidad","status":"publish","type":"post","link":"https:\/\/sindromecharge.es\/index.php\/2024\/10\/14\/congreso-votara-miercoles-si-dgt-dona-autoescuelas-coches-adaptados-para-conductores-con-discapacidad\/","title":{"rendered":"El Congreso vota el mi\u00e9rcoles si la DGT dona a autoescuelas coches adaptados para conductores con discapacidad"},"content":{"rendered":"<p>Leemos en Discapacidad la siguiente noticia que os reproducimos de forma \u00edntegra: <\/p>\n<div>\n<p>La <b>Comisi\u00f3n sobre Seguridad Vial del Congreso<\/b> debatir\u00e1 y votar\u00e1 el pr\u00f3ximo mi\u00e9rcoles una <b>proposici\u00f3n no de ley<\/b> presentada por el PP que reclama a la <a href=\"https:\/\/www.20minutos.es\/minuteca\/li-dgt\/\" title=\"DGT\" target=\"_blank\" rel=\"noopener\">Direcci\u00f3n General de Tr\u00e1fico (DGT)<\/a> que compre<b> veh\u00edculos adaptados<\/b> para autoescuelas para facilitar la obtenci\u00f3n del carn\u00e9 de conducir a las personas con <a href=\"https:\/\/www.20minutos.es\/minuteca\/discapacidad\/\" title=\"Discapacidad\" target=\"_blank\" rel=\"noopener\">discapacidad<\/a> en igualdad de condiciones que el resto de los ciudadanos.<\/p>\n<p>Se trata de una iniciativa pr\u00e1cticamente id\u00e9ntica a la que los populares presentaron en febrero de 2023, pero esta caduc\u00f3 al no tramitarse a tiempo por el adelanto de las elecciones generales al 23 de julio del a\u00f1o pasado.<\/p>\n<p>La principal diferencia radica en que el PP quiso entonces que se debatiera y votara en la Comisi\u00f3n de Derechos Sociales y Pol\u00edticas Integrales de la Discapacidad, y ahora pretende que se tramite en la <b>Comisi\u00f3n sobre Seguridad Vial<\/b>.<\/p>\n<p>La proposici\u00f3n no de ley, recogida por Servimedia, reclama a la DGT la compra de \u201c<b>un n\u00famero suficiente de veh\u00edculos adaptados para su posterior cesi\u00f3n gratuita<\/b>\u201d a las escuelas particulares de conductores con el fin de que se utilicen en las clases pr\u00e1cticas que hagan personas con discapacidad que aspiren a obtener el carn\u00e9 de conducir.<\/p>\n<p>Adem\u00e1s, el PP propone<b> que jefaturas provincias y locales de tr\u00e1fico tambi\u00e9n cuenten con veh\u00edculos adaptados<\/b> para que personas con movilidad reducida hagan el examen pr\u00e1ctico para tener el permiso de conducir o para su renovaci\u00f3n extraordinaria.<\/p>\n<p>Adem\u00e1s, los populares quieren que el Gobierno impulse <b>ayudas econ\u00f3micas para adaptaciones de veh\u00edculos<\/b> comprados por espa\u00f1oles con movilidad reducida, con residencia legal en Espa\u00f1a y que tengan mayores dificultades econ\u00f3micas, atendiendo a las variables de renta familiar, patrimonio y\/o unidad familiar.<\/p>\n<h2>Estudio<\/h2>\n<p>Seg\u00fan el estudio \u2018Personas con discapacidad en el acceso al permiso de conducir\u2019, realizado por la<b> Fundaci\u00f3n CNAE <\/b>y la Fundaci\u00f3n para la Seguridad Vial con la colaboraci\u00f3n de la <a href=\"https:\/\/www.20minutos.es\/minuteca\/fundacion-once\/\" title=\"Fundaci\u00f3n Once\" target=\"_blank\" rel=\"noopener\">Fundaci\u00f3n ONCE<\/a>, las personas con <a href=\"https:\/\/www.20minutos.es\/minuteca\/discapacidad\/\" title=\"Discapacidad\" target=\"_blank\" rel=\"noopener\">discapacidad<\/a> que nunca han intentado obtener el<a href=\"https:\/\/www.20minutos.es\/minuteca\/carne-de-conducir\/\" title=\"Carn\u00e9 de conducir\" target=\"_blank\" rel=\"noopener\"> carn\u00e9 de conducir<\/a> argumentan que se debe en gran parte a su discapacidad (60,3%), pero tambi\u00e9n al miedo o dificultades (24,1%), motivos econ\u00f3micos (20,7%), falta o carencia de autoescuelas (13,8 %) o porque no lo necesitan o no les gusta (8%).<\/p>\n<p>Adem\u00e1s,<b> m\u00e1s de un 8% de las personas que obtuvieron el permiso de conducir tras su discapacidad<\/b> se vieron obligadas a poner a disposici\u00f3n de la autoescuela un veh\u00edculo adaptado a sus necesidades, algo que no sucede con las personas que utilizan un veh\u00edculo ordinario.<\/p>\n<p>El PP apunta que las personas con discapacidad a veces se ven obligadas a desplazarse a otras provincias, por lo que existe \u201cun agravio econ\u00f3mico\u201d para recibir la formaci\u00f3n vial necesaria antes de obtener el carn\u00e9.<\/p>\n<p>Seg\u00fan los populares, la DGT ha mitigado \u201cde forma tard\u00eda e inapropiada\u201d esta \u201cdiscriminaci\u00f3n\u201d a trav\u00e9s de una instrucci\u00f3n del 13 de enero de 2022, que establece un <b>protocolo para permitir el uso de veh\u00edculos adaptados cedidos gratuitamente <\/b>por entidades o asociaciones tanto durante el proceso de formaci\u00f3n del aspirante como en la realizaci\u00f3n de las pruebas pr\u00e1cticas en las jefaturas provinciales de Tr\u00e1fico.<\/p>\n<p>El PP califica de \u201ccuanto menos inaudito\u201d el hecho de que \u201cel Gobierno conf\u00ede exclusivamente en la generosidad y el altruismo de terceras personas, entidades o asociaciones al acceder a la cesi\u00f3n de veh\u00edculos para <b>facilitar el acceso de las personas con discapacidad al permiso de conducir<\/b>\u201d cuando la DGT tuvo un presupuesto de 979,9 millones de euros para gastar en 2023.<\/p>\n<\/div>\n<p>Fuente: Discapacidad https:\/\/www.20minutos.es\/noticia\/5643434\/0\/congreso-votara-miercoles-si-dgt-dona-autoescuelas-coches-adaptados-para-conductores-con-discapacidad\/<\/p>\n","protected":false},"excerpt":{"rendered":"<p>Esta ley pretende facilitar el acceso de las personas con discapacidad al permiso de conducir.<\/p>\n","protected":false},"author":1,"featured_media":0,"comment_status":"closed","ping_status":"closed","sticky":false,"template":"","format":"standard","meta":{"footnotes":""},"categories":[8],"tags":[],"class_list":["post-10446","post","type-post","status-publish","format-standard","hentry","category-noticias"],"yoast_head":"<!-- This site is optimized with the Yoast SEO plugin v27.5 - https:\/\/yoast.com\/product\/yoast-seo-wordpress\/ -->\n<title>El Congreso vota el mi\u00e9rcoles si la DGT dona a autoescuelas coches adaptados para conductores con discapacidad - Asociaci\u00f3n Espa\u00f1ola S\u00edndrome de Charge<\/title>\n<meta name=\"robots\" content=\"index, follow, max-snippet:-1, max-image-preview:large, max-video-preview:-1\" \/>\n<link rel=\"canonical\" href=\"https:\/\/sindromecharge.es\/index.php\/2024\/10\/14\/congreso-votara-miercoles-si-dgt-dona-autoescuelas-coches-adaptados-para-conductores-con-discapacidad\/\" \/>\n<meta property=\"og:locale\" content=\"es_ES\" \/>\n<meta property=\"og:type\" content=\"article\" \/>\n<meta property=\"og:title\" content=\"El Congreso vota el mi\u00e9rcoles si la DGT dona a autoescuelas coches adaptados para conductores con discapacidad - Asociaci\u00f3n Espa\u00f1ola S\u00edndrome de Charge\" \/>\n<meta property=\"og:description\" content=\"Esta ley pretende facilitar el acceso de las personas con discapacidad al permiso de conducir.\" \/>\n<meta property=\"og:url\" content=\"https:\/\/sindromecharge.es\/index.php\/2024\/10\/14\/congreso-votara-miercoles-si-dgt-dona-autoescuelas-coches-adaptados-para-conductores-con-discapacidad\/\" \/>\n<meta property=\"og:site_name\" content=\"Asociaci\u00f3n Espa\u00f1ola S\u00edndrome de Charge\" \/>\n<meta property=\"article:publisher\" content=\"https:\/\/www.facebook.com\/asociacionsindromecharge\" \/>\n<meta property=\"article:published_time\" content=\"2024-10-14T06:26:34+00:00\" \/>\n<meta property=\"og:image\" content=\"https:\/\/sindromecharge.es\/wp-content\/uploads\/2013\/09\/logodecharge300x98.png\" \/>\n\t<meta property=\"og:image:width\" content=\"300\" \/>\n\t<meta property=\"og:image:height\" content=\"98\" \/>\n\t<meta property=\"og:image:type\" content=\"image\/png\" \/>\n<meta name=\"author\" content=\"Charge\" \/>\n<meta name=\"twitter:card\" content=\"summary_large_image\" \/>\n<meta name=\"twitter:creator\" content=\"@sindromecharge\" \/>\n<meta name=\"twitter:site\" content=\"@sindromecharge\" \/>\n<meta name=\"twitter:label1\" content=\"Escrito por\" \/>\n\t<meta name=\"twitter:data1\" content=\"Charge\" \/>\n\t<meta name=\"twitter:label2\" content=\"Tiempo de lectura\" \/>\n\t<meta name=\"twitter:data2\" content=\"3 minutos\" \/>\n<script type=\"application\/ld+json\" class=\"yoast-schema-graph\">{\"@context\":\"https:\\\/\\\/schema.org\",\"@graph\":[{\"@type\":\"Article\",\"@id\":\"https:\\\/\\\/sindromecharge.es\\\/index.php\\\/2024\\\/10\\\/14\\\/congreso-votara-miercoles-si-dgt-dona-autoescuelas-coches-adaptados-para-conductores-con-discapacidad\\\/#article\",\"isPartOf\":{\"@id\":\"https:\\\/\\\/sindromecharge.es\\\/index.php\\\/2024\\\/10\\\/14\\\/congreso-votara-miercoles-si-dgt-dona-autoescuelas-coches-adaptados-para-conductores-con-discapacidad\\\/\"},\"author\":{\"name\":\"Charge\",\"@id\":\"https:\\\/\\\/sindromecharge.es\\\/#\\\/schema\\\/person\\\/39a60ebe0a2b4d5a11179701e336b039\"},\"headline\":\"El Congreso vota el mi\u00e9rcoles si la DGT dona a autoescuelas coches adaptados para conductores con discapacidad\",\"datePublished\":\"2024-10-14T06:26:34+00:00\",\"mainEntityOfPage\":{\"@id\":\"https:\\\/\\\/sindromecharge.es\\\/index.php\\\/2024\\\/10\\\/14\\\/congreso-votara-miercoles-si-dgt-dona-autoescuelas-coches-adaptados-para-conductores-con-discapacidad\\\/\"},\"wordCount\":648,\"articleSection\":[\"noticias\"],\"inLanguage\":\"es\"},{\"@type\":\"WebPage\",\"@id\":\"https:\\\/\\\/sindromecharge.es\\\/index.php\\\/2024\\\/10\\\/14\\\/congreso-votara-miercoles-si-dgt-dona-autoescuelas-coches-adaptados-para-conductores-con-discapacidad\\\/\",\"url\":\"https:\\\/\\\/sindromecharge.es\\\/index.php\\\/2024\\\/10\\\/14\\\/congreso-votara-miercoles-si-dgt-dona-autoescuelas-coches-adaptados-para-conductores-con-discapacidad\\\/\",\"name\":\"El Congreso vota el mi\u00e9rcoles si la DGT dona a autoescuelas coches adaptados para conductores con discapacidad - Asociaci\u00f3n Espa\u00f1ola S\u00edndrome de Charge\",\"isPartOf\":{\"@id\":\"https:\\\/\\\/sindromecharge.es\\\/#website\"},\"datePublished\":\"2024-10-14T06:26:34+00:00\",\"author\":{\"@id\":\"https:\\\/\\\/sindromecharge.es\\\/#\\\/schema\\\/person\\\/39a60ebe0a2b4d5a11179701e336b039\"},\"breadcrumb\":{\"@id\":\"https:\\\/\\\/sindromecharge.es\\\/index.php\\\/2024\\\/10\\\/14\\\/congreso-votara-miercoles-si-dgt-dona-autoescuelas-coches-adaptados-para-conductores-con-discapacidad\\\/#breadcrumb\"},\"inLanguage\":\"es\",\"potentialAction\":[{\"@type\":\"ReadAction\",\"target\":[\"https:\\\/\\\/sindromecharge.es\\\/index.php\\\/2024\\\/10\\\/14\\\/congreso-votara-miercoles-si-dgt-dona-autoescuelas-coches-adaptados-para-conductores-con-discapacidad\\\/\"]}]},{\"@type\":\"BreadcrumbList\",\"@id\":\"https:\\\/\\\/sindromecharge.es\\\/index.php\\\/2024\\\/10\\\/14\\\/congreso-votara-miercoles-si-dgt-dona-autoescuelas-coches-adaptados-para-conductores-con-discapacidad\\\/#breadcrumb\",\"itemListElement\":[{\"@type\":\"ListItem\",\"position\":1,\"name\":\"Portada\",\"item\":\"https:\\\/\\\/sindromecharge.es\\\/\"},{\"@type\":\"ListItem\",\"position\":2,\"name\":\"El Congreso vota el mi\u00e9rcoles si la DGT dona a autoescuelas coches adaptados para conductores con discapacidad\"}]},{\"@type\":\"WebSite\",\"@id\":\"https:\\\/\\\/sindromecharge.es\\\/#website\",\"url\":\"https:\\\/\\\/sindromecharge.es\\\/\",\"name\":\"Asociaci\u00f3n Espa\u00f1ola S\u00edndrome de Charge\",\"description\":\"\",\"potentialAction\":[{\"@type\":\"SearchAction\",\"target\":{\"@type\":\"EntryPoint\",\"urlTemplate\":\"https:\\\/\\\/sindromecharge.es\\\/?s={search_term_string}\"},\"query-input\":{\"@type\":\"PropertyValueSpecification\",\"valueRequired\":true,\"valueName\":\"search_term_string\"}}],\"inLanguage\":\"es\"},{\"@type\":\"Person\",\"@id\":\"https:\\\/\\\/sindromecharge.es\\\/#\\\/schema\\\/person\\\/39a60ebe0a2b4d5a11179701e336b039\",\"name\":\"Charge\",\"image\":{\"@type\":\"ImageObject\",\"inLanguage\":\"es\",\"@id\":\"https:\\\/\\\/secure.gravatar.com\\\/avatar\\\/c3b46e32a0fc3b093a0873fb767bf3293de856293065e84ef06b7ec7a8acfb98?s=96&d=identicon&r=x\",\"url\":\"https:\\\/\\\/secure.gravatar.com\\\/avatar\\\/c3b46e32a0fc3b093a0873fb767bf3293de856293065e84ef06b7ec7a8acfb98?s=96&d=identicon&r=x\",\"contentUrl\":\"https:\\\/\\\/secure.gravatar.com\\\/avatar\\\/c3b46e32a0fc3b093a0873fb767bf3293de856293065e84ef06b7ec7a8acfb98?s=96&d=identicon&r=x\",\"caption\":\"Charge\"},\"url\":\"https:\\\/\\\/sindromecharge.es\\\/index.php\\\/author\\\/admin\\\/\"}]}<\/script>\n<!-- \/ Yoast SEO plugin. -->","yoast_head_json":{"title":"El Congreso vota el mi\u00e9rcoles si la DGT dona a autoescuelas coches adaptados para conductores con discapacidad - Asociaci\u00f3n Espa\u00f1ola S\u00edndrome de Charge","robots":{"index":"index","follow":"follow","max-snippet":"max-snippet:-1","max-image-preview":"max-image-preview:large","max-video-preview":"max-video-preview:-1"},"canonical":"https:\/\/sindromecharge.es\/index.php\/2024\/10\/14\/congreso-votara-miercoles-si-dgt-dona-autoescuelas-coches-adaptados-para-conductores-con-discapacidad\/","og_locale":"es_ES","og_type":"article","og_title":"El Congreso vota el mi\u00e9rcoles si la DGT dona a autoescuelas coches adaptados para conductores con discapacidad - Asociaci\u00f3n Espa\u00f1ola S\u00edndrome de Charge","og_description":"Esta ley pretende facilitar el acceso de las personas con discapacidad al permiso de conducir.","og_url":"https:\/\/sindromecharge.es\/index.php\/2024\/10\/14\/congreso-votara-miercoles-si-dgt-dona-autoescuelas-coches-adaptados-para-conductores-con-discapacidad\/","og_site_name":"Asociaci\u00f3n Espa\u00f1ola S\u00edndrome de Charge","article_publisher":"https:\/\/www.facebook.com\/asociacionsindromecharge","article_published_time":"2024-10-14T06:26:34+00:00","og_image":[{"width":300,"height":98,"url":"https:\/\/sindromecharge.es\/wp-content\/uploads\/2013\/09\/logodecharge300x98.png","type":"image\/png"}],"author":"Charge","twitter_card":"summary_large_image","twitter_creator":"@sindromecharge","twitter_site":"@sindromecharge","twitter_misc":{"Escrito por":"Charge","Tiempo de lectura":"3 minutos"},"schema":{"@context":"https:\/\/schema.org","@graph":[{"@type":"Article","@id":"https:\/\/sindromecharge.es\/index.php\/2024\/10\/14\/congreso-votara-miercoles-si-dgt-dona-autoescuelas-coches-adaptados-para-conductores-con-discapacidad\/#article","isPartOf":{"@id":"https:\/\/sindromecharge.es\/index.php\/2024\/10\/14\/congreso-votara-miercoles-si-dgt-dona-autoescuelas-coches-adaptados-para-conductores-con-discapacidad\/"},"author":{"name":"Charge","@id":"https:\/\/sindromecharge.es\/#\/schema\/person\/39a60ebe0a2b4d5a11179701e336b039"},"headline":"El Congreso vota el mi\u00e9rcoles si la DGT dona a autoescuelas coches adaptados para conductores con discapacidad","datePublished":"2024-10-14T06:26:34+00:00","mainEntityOfPage":{"@id":"https:\/\/sindromecharge.es\/index.php\/2024\/10\/14\/congreso-votara-miercoles-si-dgt-dona-autoescuelas-coches-adaptados-para-conductores-con-discapacidad\/"},"wordCount":648,"articleSection":["noticias"],"inLanguage":"es"},{"@type":"WebPage","@id":"https:\/\/sindromecharge.es\/index.php\/2024\/10\/14\/congreso-votara-miercoles-si-dgt-dona-autoescuelas-coches-adaptados-para-conductores-con-discapacidad\/","url":"https:\/\/sindromecharge.es\/index.php\/2024\/10\/14\/congreso-votara-miercoles-si-dgt-dona-autoescuelas-coches-adaptados-para-conductores-con-discapacidad\/","name":"El Congreso vota el mi\u00e9rcoles si la DGT dona a autoescuelas coches adaptados para conductores con discapacidad - Asociaci\u00f3n Espa\u00f1ola S\u00edndrome de Charge","isPartOf":{"@id":"https:\/\/sindromecharge.es\/#website"},"datePublished":"2024-10-14T06:26:34+00:00","author":{"@id":"https:\/\/sindromecharge.es\/#\/schema\/person\/39a60ebe0a2b4d5a11179701e336b039"},"breadcrumb":{"@id":"https:\/\/sindromecharge.es\/index.php\/2024\/10\/14\/congreso-votara-miercoles-si-dgt-dona-autoescuelas-coches-adaptados-para-conductores-con-discapacidad\/#breadcrumb"},"inLanguage":"es","potentialAction":[{"@type":"ReadAction","target":["https:\/\/sindromecharge.es\/index.php\/2024\/10\/14\/congreso-votara-miercoles-si-dgt-dona-autoescuelas-coches-adaptados-para-conductores-con-discapacidad\/"]}]},{"@type":"BreadcrumbList","@id":"https:\/\/sindromecharge.es\/index.php\/2024\/10\/14\/congreso-votara-miercoles-si-dgt-dona-autoescuelas-coches-adaptados-para-conductores-con-discapacidad\/#breadcrumb","itemListElement":[{"@type":"ListItem","position":1,"name":"Portada","item":"https:\/\/sindromecharge.es\/"},{"@type":"ListItem","position":2,"name":"El Congreso vota el mi\u00e9rcoles si la DGT dona a autoescuelas coches adaptados para conductores con discapacidad"}]},{"@type":"WebSite","@id":"https:\/\/sindromecharge.es\/#website","url":"https:\/\/sindromecharge.es\/","name":"Asociaci\u00f3n Espa\u00f1ola S\u00edndrome de Charge","description":"","potentialAction":[{"@type":"SearchAction","target":{"@type":"EntryPoint","urlTemplate":"https:\/\/sindromecharge.es\/?s={search_term_string}"},"query-input":{"@type":"PropertyValueSpecification","valueRequired":true,"valueName":"search_term_string"}}],"inLanguage":"es"},{"@type":"Person","@id":"https:\/\/sindromecharge.es\/#\/schema\/person\/39a60ebe0a2b4d5a11179701e336b039","name":"Charge","image":{"@type":"ImageObject","inLanguage":"es","@id":"https:\/\/secure.gravatar.com\/avatar\/c3b46e32a0fc3b093a0873fb767bf3293de856293065e84ef06b7ec7a8acfb98?s=96&d=identicon&r=x","url":"https:\/\/secure.gravatar.com\/avatar\/c3b46e32a0fc3b093a0873fb767bf3293de856293065e84ef06b7ec7a8acfb98?s=96&d=identicon&r=x","contentUrl":"https:\/\/secure.gravatar.com\/avatar\/c3b46e32a0fc3b093a0873fb767bf3293de856293065e84ef06b7ec7a8acfb98?s=96&d=identicon&r=x","caption":"Charge"},"url":"https:\/\/sindromecharge.es\/index.php\/author\/admin\/"}]}},"_links":{"self":[{"href":"https:\/\/sindromecharge.es\/index.php\/wp-json\/wp\/v2\/posts\/10446","targetHints":{"allow":["GET"]}}],"collection":[{"href":"https:\/\/sindromecharge.es\/index.php\/wp-json\/wp\/v2\/posts"}],"about":[{"href":"https:\/\/sindromecharge.es\/index.php\/wp-json\/wp\/v2\/types\/post"}],"author":[{"embeddable":true,"href":"https:\/\/sindromecharge.es\/index.php\/wp-json\/wp\/v2\/users\/1"}],"replies":[{"embeddable":true,"href":"https:\/\/sindromecharge.es\/index.php\/wp-json\/wp\/v2\/comments?post=10446"}],"version-history":[{"count":0,"href":"https:\/\/sindromecharge.es\/index.php\/wp-json\/wp\/v2\/posts\/10446\/revisions"}],"wp:attachment":[{"href":"https:\/\/sindromecharge.es\/index.php\/wp-json\/wp\/v2\/media?parent=10446"}],"wp:term":[{"taxonomy":"category","embeddable":true,"href":"https:\/\/sindromecharge.es\/index.php\/wp-json\/wp\/v2\/categories?post=10446"},{"taxonomy":"post_tag","embeddable":true,"href":"https:\/\/sindromecharge.es\/index.php\/wp-json\/wp\/v2\/tags?post=10446"}],"curies":[{"name":"wp","href":"https:\/\/api.w.org\/{rel}","templated":true}]}}