{"id":10445,"date":"2024-10-14T05:26:27","date_gmt":"2024-10-14T05:26:27","guid":{"rendered":"https:\/\/sindromecharge.es\/index.php\/2024\/10\/14\/manuel-garcia-autor-historia-discapacidad-cuando-un-grupo-esta-desplazado-foco-es-invisible\/"},"modified":"2024-10-14T05:26:27","modified_gmt":"2024-10-14T05:26:27","slug":"manuel-garcia-autor-historia-discapacidad-cuando-un-grupo-esta-desplazado-foco-es-invisible","status":"publish","type":"post","link":"https:\/\/sindromecharge.es\/index.php\/2024\/10\/14\/manuel-garcia-autor-historia-discapacidad-cuando-un-grupo-esta-desplazado-foco-es-invisible\/","title":{"rendered":"Manuel Garc\u00eda, autor de \u2018Historia de la discapacidad\u2019: \u00abCuando un grupo est\u00e1 desplazado del foco es invisible\u00bb"},"content":{"rendered":"<p>Leemos en Discapacidad la siguiente noticia que os reproducimos de forma \u00edntegra: <\/p>\n<div>\n<p>Manuel Garc\u00eda Ortiz est\u00e1 elaborando su<b> tesis sobre <a href=\"https:\/\/www.20minutos.es\/minuteca\/historia\/\" title=\"Historia\">historia<\/a> legislativa de la <\/b><a href=\"https:\/\/www.20minutos.es\/minuteca\/discapacidad\/\" title=\"Discapacidad\"><b>discapacidad<\/b> <\/a>en la Universidad de<a href=\"https:\/\/www.20minutos.es\/minuteca\/castilla-la-mancha\/\" title=\"Castilla-La Mancha\"> Castilla-La Mancha<\/a>. Es un repaso a las leyes que han ido afectando a las personas con discapacidad. Trabaja con la perspectiva de que el bien que deben proteger las leyes es el de la autonom\u00eda personal. \u201cAs\u00ed se preparar\u00e1n mejores leyes y mejores interpretaciones de las mismas\u201d, cuenta.<\/p>\n<p>Mientras avanzaba en su tesis, descubri\u00f3 <b>lo poquito que hay sobre historia de la discapacidad en general<\/b>. As\u00ed pues, hizo una propuesta a <a href=\"https:\/\/www.20minutos.es\/minuteca\/cermi\/\" title=\"Cermi\">Cermi<\/a>, que decidi\u00f3 editar el libro que propon\u00eda y que se acaba de presentar: <i>Historia de la discapacidad<\/i>.<\/p>\n<p>\u201cEl libro es un avance de los resultados de la tesis y tambi\u00e9n contiene informaciones que no tienen cabida en mi tesis. Lo empec\u00e9 en 2010 como un trabajo de recopilaci\u00f3n y despu\u00e9s se lo propuse a Cermi\u201d, explica Manuel. \u201cYo mismo echaba de menos un libro as\u00ed al preparar mi tesis. Un libro que me mostrara una panor\u00e1mica de la discapacidad. <b>Poner a las personas con discapacidad en su contexto hist\u00f3rico<\/b>\u201d.<\/p>\n<p><b><i>Historia de la discapacidad<\/i> engloba desde la prehistoria hasta la actualidad<\/b>. \u201cC\u00f3mo han vivido las personas con discapacidad y c\u00f3mo han sido vistas\u201d, cuenta Manuel. Hay visiones m\u00e1s capacitistas, tambi\u00e9n las que los ven como personas indeseables con vidas indignas. Asesinatos a ni\u00f1os con discapacidad o confinamientos en sitios donde se apartaba a estas personas. Tambi\u00e9n el exterminio nazi. \u201cPara m\u00ed era importante dar a conocer las partes m\u00e1s terribles que a veces han sido ocultadas\u201d, explica Manuel. Tambi\u00e9n se ha ido encontrado con visiones m\u00e1s progresistas que tratan de poner el foco en la dignidad intr\u00ednseca a cualquier ser humano. \u2028\u201c<b>Encuentras muchas cosas terribles en una historia que no ha sido contada.<\/b> Mucho dolor y sufrimiento\u201d, cuenta Manuel, pero tambi\u00e9n ha encontrado apoyo a las personas con discapacidad (t\u00e9rmino que no se acu\u00f1a hasta el siglo XXI) de la mano de \u00f3rdenes religiosas, por ejemplo. Ya en la Edad Media exist\u00edan hospitales con un enfoque muy humano de poner a la persona en el centro. \u201cSiempre ha habido algo de luz\u201d, a\u00f1ade.<\/p>\n<p>Manuel tiene una larga trayectoria en el tercer sector. Ahora trabaja en la Fundaci\u00f3n Biodiversidad, pero su v\u00ednculo con el mundo de la discapacidad viene de antiguo. \u201cEmpece como voluntario en el 96. Hac\u00eda campamentos, sobre todo daba apoyos para la autonom\u00eda y para el ocio y el tiempo libre. As\u00ed fue que <b>acab\u00e9 trabajando en el \u00e1mbito de la discapacidad<\/b>: diecisiete a\u00f1os en Cocemfe\u201d, recuerda.<\/p>\n<p>\u201cLa reflexi\u00f3n que queda de este libro es que estamos en un momento donde operan dos fuerzas: las que ven a las personas con discapacidad como objetos merecedores de caridad y las que las ven como sujetos de derechos\u201d, cuenta Manuel. \u201c<b>Tenemos que apostar por sujetos de derechos y pol\u00edticas que eliminen las desigualdades. <\/b>El problema que tienen las personas con discapacidad es que se intente cubrir sus necesidades sin contar con ellas. Cuando sus derechos est\u00e1n garantizados en la Constituci\u00f3n y en la Convenci\u00f3n sobre los Derechos de las Personas con Discapacidad\u201d.<\/p>\n<p>\u201cTen\u00eda ganas de contar con el enfoque social lo que hab\u00eda descubierto y ponerlo a disposici\u00f3n de otras personas\u201d, dice Manuel. \u201cEntre todo lo que he encontrado he visto mucho con enfoque muy m\u00e9dico. Encuentras publicaciones como la historia del retraso mental, para hablar sobre discapacidad desde el punto de vista m\u00e9dico, por ejemplo. Hay tambi\u00e9n muchas fuentes sobre la diferencias de genes en la acondroplasia, por ejemplo, pero <b>para encontrar algo sobre la vida de las personas con discapacidad hay que bucear bastante<\/b>\u201d.<\/p>\n<p>A Manuel no le interesa el enfoque m\u00e9dico. Para encontrar sus fuentes se ha servido de los marcos legales y c\u00f3mo afectan a las personas con discapacidad, as\u00ed como tambi\u00e9n del marco art\u00edstico: c\u00f3mo se representan a las personas con discapacidad en los libros, pinturas, etc. Entiende la discapacidad como la situaci\u00f3n en la que est\u00e1 una persona en relaci\u00f3n con el entorno. <b>\u201cA la persona hay que darle los apoyos necesarios a la vez que transformas los entornos\u201d<\/b>, defiende. \u201cM\u00e1s importantes que las historias de superaci\u00f3n personal que consigue una \u00fanica persona a t\u00edtulo individual, es pensar en el colectivo, pensar en garantizar el acceso, por ejemplo, a la piscina de todas las personas con discapacidad y no en la historia de un campe\u00f3n en nataci\u00f3n. Es magn\u00edfico tener historias de superaci\u00f3n, pero les ponemos la responsabilidad a cada persona: son ellas quienes tienen que hacer todo el trabajo\u201d, critica.<\/p>\n<p>Manuel alerta: <b>hay actitudes que duran hasta hoy. <\/b>Quiz\u00e1s hoy no existan como tales los bufones de la corte para re\u00edrse de ellos, por ejemplo, pero s\u00ed permanece esa visi\u00f3n de ridiculizar a las personas que tienen una discapacidad. \u201cPor eso es tan importante el enfoque social de la discapacidad\u201d, reitera.<\/p>\n<p>\u201cHa habido personas con discapacidad a lo largo de la historia y siempre las va a haber, tambi\u00e9n por eso he escrito este libro, parar <b>dar pie a m\u00e1s investigaciones, queda mucho por investigar<\/b>\u201d, cuenta Manuel. El autor cree que ha escrito un libro de divulgaci\u00f3n asequible para cualquiera, aunque comprende que despertar\u00e1 mayor inter\u00e9s en el entorno de la discapacidad. \u201cNo se suelen abordar estos fundamentos hist\u00f3ricos y son muy necesarios para el trabajo con personas con discapacidad y tambi\u00e9n para el propio movimiento de las personas con discapacidad\u201d.<\/p>\n<p>Cuesta tanto encontrar informaci\u00f3n sobre las personas con discapacidad porque han sido invisibilizadas de la historia. \u201cPasa lo mismo que con la mujer y otros grupos sociales\u201d, cuenta Manuel. \u201cCuando un grupo est\u00e1 desplazado del foco de atenci\u00f3n de la sociedad es invisible. <b>No es que no existan estas historias, es que son ignoradas. <\/b>Con las personas con discapacidad pasa que es el grupo social que se ha incorporado el \u00faltimo a la visibilizaci\u00f3n. Es a finales del siglo XX cuando aparece como movimiento emancipatorio\u201d, cuenta. Hasta entonces la discapacidad se ve\u00eda como un asunto individual de una persona que ten\u00eda un problema.<\/p>\n<\/div>\n<p>Fuente: Discapacidad https:\/\/www.20minutos.es\/noticia\/5639629\/0\/manuel-garcia-autor-historia-discapacidad-cuando-un-grupo-esta-desplazado-foco-es-invisible\/<\/p>\n","protected":false},"excerpt":{"rendered":"<p>Manuel Garc\u00eda Ortiz elabora su tesis sobre historia legislativa de la discapacidad en la Universidad de Castilla-La Mancha. Un repaso a las leyes que han ido&#8230;<\/p>\n","protected":false},"author":1,"featured_media":0,"comment_status":"closed","ping_status":"closed","sticky":false,"template":"","format":"standard","meta":{"footnotes":""},"categories":[8],"tags":[],"class_list":["post-10445","post","type-post","status-publish","format-standard","hentry","category-noticias"],"yoast_head":"<!-- This site is optimized with the Yoast SEO plugin v27.5 - https:\/\/yoast.com\/product\/yoast-seo-wordpress\/ -->\n<title>Manuel Garc\u00eda, autor de \u2018Historia de la discapacidad\u2019: &quot;Cuando un grupo est\u00e1 desplazado del foco es invisible&quot; - Asociaci\u00f3n Espa\u00f1ola S\u00edndrome de Charge<\/title>\n<meta name=\"robots\" content=\"index, follow, max-snippet:-1, max-image-preview:large, max-video-preview:-1\" \/>\n<link rel=\"canonical\" href=\"https:\/\/sindromecharge.es\/index.php\/2024\/10\/14\/manuel-garcia-autor-historia-discapacidad-cuando-un-grupo-esta-desplazado-foco-es-invisible\/\" \/>\n<meta property=\"og:locale\" content=\"es_ES\" \/>\n<meta property=\"og:type\" content=\"article\" \/>\n<meta property=\"og:title\" content=\"Manuel Garc\u00eda, autor de \u2018Historia de la discapacidad\u2019: &quot;Cuando un grupo est\u00e1 desplazado del foco es invisible&quot; - Asociaci\u00f3n Espa\u00f1ola S\u00edndrome de Charge\" \/>\n<meta property=\"og:description\" content=\"Manuel Garc\u00eda Ortiz elabora su tesis sobre historia legislativa de la discapacidad en la Universidad de Castilla-La Mancha. Un repaso a las leyes que han ido&#8230;\" \/>\n<meta property=\"og:url\" content=\"https:\/\/sindromecharge.es\/index.php\/2024\/10\/14\/manuel-garcia-autor-historia-discapacidad-cuando-un-grupo-esta-desplazado-foco-es-invisible\/\" \/>\n<meta property=\"og:site_name\" content=\"Asociaci\u00f3n Espa\u00f1ola S\u00edndrome de Charge\" \/>\n<meta property=\"article:publisher\" content=\"https:\/\/www.facebook.com\/asociacionsindromecharge\" \/>\n<meta property=\"article:published_time\" content=\"2024-10-14T05:26:27+00:00\" \/>\n<meta property=\"og:image\" content=\"https:\/\/sindromecharge.es\/wp-content\/uploads\/2013\/09\/logodecharge300x98.png\" \/>\n\t<meta property=\"og:image:width\" content=\"300\" \/>\n\t<meta property=\"og:image:height\" content=\"98\" \/>\n\t<meta property=\"og:image:type\" content=\"image\/png\" \/>\n<meta name=\"author\" content=\"Charge\" \/>\n<meta name=\"twitter:card\" content=\"summary_large_image\" \/>\n<meta name=\"twitter:creator\" content=\"@sindromecharge\" \/>\n<meta name=\"twitter:site\" content=\"@sindromecharge\" \/>\n<meta name=\"twitter:label1\" content=\"Escrito por\" \/>\n\t<meta name=\"twitter:data1\" content=\"Charge\" \/>\n\t<meta name=\"twitter:label2\" content=\"Tiempo de lectura\" \/>\n\t<meta name=\"twitter:data2\" content=\"5 minutos\" \/>\n<script type=\"application\/ld+json\" class=\"yoast-schema-graph\">{\"@context\":\"https:\\\/\\\/schema.org\",\"@graph\":[{\"@type\":\"Article\",\"@id\":\"https:\\\/\\\/sindromecharge.es\\\/index.php\\\/2024\\\/10\\\/14\\\/manuel-garcia-autor-historia-discapacidad-cuando-un-grupo-esta-desplazado-foco-es-invisible\\\/#article\",\"isPartOf\":{\"@id\":\"https:\\\/\\\/sindromecharge.es\\\/index.php\\\/2024\\\/10\\\/14\\\/manuel-garcia-autor-historia-discapacidad-cuando-un-grupo-esta-desplazado-foco-es-invisible\\\/\"},\"author\":{\"name\":\"Charge\",\"@id\":\"https:\\\/\\\/sindromecharge.es\\\/#\\\/schema\\\/person\\\/39a60ebe0a2b4d5a11179701e336b039\"},\"headline\":\"Manuel Garc\u00eda, autor de \u2018Historia de la discapacidad\u2019: \u00abCuando un grupo est\u00e1 desplazado del foco es invisible\u00bb\",\"datePublished\":\"2024-10-14T05:26:27+00:00\",\"mainEntityOfPage\":{\"@id\":\"https:\\\/\\\/sindromecharge.es\\\/index.php\\\/2024\\\/10\\\/14\\\/manuel-garcia-autor-historia-discapacidad-cuando-un-grupo-esta-desplazado-foco-es-invisible\\\/\"},\"wordCount\":1093,\"articleSection\":[\"noticias\"],\"inLanguage\":\"es\"},{\"@type\":\"WebPage\",\"@id\":\"https:\\\/\\\/sindromecharge.es\\\/index.php\\\/2024\\\/10\\\/14\\\/manuel-garcia-autor-historia-discapacidad-cuando-un-grupo-esta-desplazado-foco-es-invisible\\\/\",\"url\":\"https:\\\/\\\/sindromecharge.es\\\/index.php\\\/2024\\\/10\\\/14\\\/manuel-garcia-autor-historia-discapacidad-cuando-un-grupo-esta-desplazado-foco-es-invisible\\\/\",\"name\":\"Manuel Garc\u00eda, autor de \u2018Historia de la discapacidad\u2019: \\\"Cuando un grupo est\u00e1 desplazado del foco es invisible\\\" - Asociaci\u00f3n Espa\u00f1ola S\u00edndrome de Charge\",\"isPartOf\":{\"@id\":\"https:\\\/\\\/sindromecharge.es\\\/#website\"},\"datePublished\":\"2024-10-14T05:26:27+00:00\",\"author\":{\"@id\":\"https:\\\/\\\/sindromecharge.es\\\/#\\\/schema\\\/person\\\/39a60ebe0a2b4d5a11179701e336b039\"},\"breadcrumb\":{\"@id\":\"https:\\\/\\\/sindromecharge.es\\\/index.php\\\/2024\\\/10\\\/14\\\/manuel-garcia-autor-historia-discapacidad-cuando-un-grupo-esta-desplazado-foco-es-invisible\\\/#breadcrumb\"},\"inLanguage\":\"es\",\"potentialAction\":[{\"@type\":\"ReadAction\",\"target\":[\"https:\\\/\\\/sindromecharge.es\\\/index.php\\\/2024\\\/10\\\/14\\\/manuel-garcia-autor-historia-discapacidad-cuando-un-grupo-esta-desplazado-foco-es-invisible\\\/\"]}]},{\"@type\":\"BreadcrumbList\",\"@id\":\"https:\\\/\\\/sindromecharge.es\\\/index.php\\\/2024\\\/10\\\/14\\\/manuel-garcia-autor-historia-discapacidad-cuando-un-grupo-esta-desplazado-foco-es-invisible\\\/#breadcrumb\",\"itemListElement\":[{\"@type\":\"ListItem\",\"position\":1,\"name\":\"Portada\",\"item\":\"https:\\\/\\\/sindromecharge.es\\\/\"},{\"@type\":\"ListItem\",\"position\":2,\"name\":\"Manuel Garc\u00eda, autor de \u2018Historia de la discapacidad\u2019: &#8220;Cuando un grupo est\u00e1 desplazado del foco es invisible&#8221;\"}]},{\"@type\":\"WebSite\",\"@id\":\"https:\\\/\\\/sindromecharge.es\\\/#website\",\"url\":\"https:\\\/\\\/sindromecharge.es\\\/\",\"name\":\"Asociaci\u00f3n Espa\u00f1ola S\u00edndrome de Charge\",\"description\":\"\",\"potentialAction\":[{\"@type\":\"SearchAction\",\"target\":{\"@type\":\"EntryPoint\",\"urlTemplate\":\"https:\\\/\\\/sindromecharge.es\\\/?s={search_term_string}\"},\"query-input\":{\"@type\":\"PropertyValueSpecification\",\"valueRequired\":true,\"valueName\":\"search_term_string\"}}],\"inLanguage\":\"es\"},{\"@type\":\"Person\",\"@id\":\"https:\\\/\\\/sindromecharge.es\\\/#\\\/schema\\\/person\\\/39a60ebe0a2b4d5a11179701e336b039\",\"name\":\"Charge\",\"image\":{\"@type\":\"ImageObject\",\"inLanguage\":\"es\",\"@id\":\"https:\\\/\\\/secure.gravatar.com\\\/avatar\\\/c3b46e32a0fc3b093a0873fb767bf3293de856293065e84ef06b7ec7a8acfb98?s=96&d=identicon&r=x\",\"url\":\"https:\\\/\\\/secure.gravatar.com\\\/avatar\\\/c3b46e32a0fc3b093a0873fb767bf3293de856293065e84ef06b7ec7a8acfb98?s=96&d=identicon&r=x\",\"contentUrl\":\"https:\\\/\\\/secure.gravatar.com\\\/avatar\\\/c3b46e32a0fc3b093a0873fb767bf3293de856293065e84ef06b7ec7a8acfb98?s=96&d=identicon&r=x\",\"caption\":\"Charge\"},\"url\":\"https:\\\/\\\/sindromecharge.es\\\/index.php\\\/author\\\/admin\\\/\"}]}<\/script>\n<!-- \/ Yoast SEO plugin. -->","yoast_head_json":{"title":"Manuel Garc\u00eda, autor de \u2018Historia de la discapacidad\u2019: \"Cuando un grupo est\u00e1 desplazado del foco es invisible\" - Asociaci\u00f3n Espa\u00f1ola S\u00edndrome de Charge","robots":{"index":"index","follow":"follow","max-snippet":"max-snippet:-1","max-image-preview":"max-image-preview:large","max-video-preview":"max-video-preview:-1"},"canonical":"https:\/\/sindromecharge.es\/index.php\/2024\/10\/14\/manuel-garcia-autor-historia-discapacidad-cuando-un-grupo-esta-desplazado-foco-es-invisible\/","og_locale":"es_ES","og_type":"article","og_title":"Manuel Garc\u00eda, autor de \u2018Historia de la discapacidad\u2019: \"Cuando un grupo est\u00e1 desplazado del foco es invisible\" - Asociaci\u00f3n Espa\u00f1ola S\u00edndrome de Charge","og_description":"Manuel Garc\u00eda Ortiz elabora su tesis sobre historia legislativa de la discapacidad en la Universidad de Castilla-La Mancha. Un repaso a las leyes que han ido&#8230;","og_url":"https:\/\/sindromecharge.es\/index.php\/2024\/10\/14\/manuel-garcia-autor-historia-discapacidad-cuando-un-grupo-esta-desplazado-foco-es-invisible\/","og_site_name":"Asociaci\u00f3n Espa\u00f1ola S\u00edndrome de Charge","article_publisher":"https:\/\/www.facebook.com\/asociacionsindromecharge","article_published_time":"2024-10-14T05:26:27+00:00","og_image":[{"width":300,"height":98,"url":"https:\/\/sindromecharge.es\/wp-content\/uploads\/2013\/09\/logodecharge300x98.png","type":"image\/png"}],"author":"Charge","twitter_card":"summary_large_image","twitter_creator":"@sindromecharge","twitter_site":"@sindromecharge","twitter_misc":{"Escrito por":"Charge","Tiempo de lectura":"5 minutos"},"schema":{"@context":"https:\/\/schema.org","@graph":[{"@type":"Article","@id":"https:\/\/sindromecharge.es\/index.php\/2024\/10\/14\/manuel-garcia-autor-historia-discapacidad-cuando-un-grupo-esta-desplazado-foco-es-invisible\/#article","isPartOf":{"@id":"https:\/\/sindromecharge.es\/index.php\/2024\/10\/14\/manuel-garcia-autor-historia-discapacidad-cuando-un-grupo-esta-desplazado-foco-es-invisible\/"},"author":{"name":"Charge","@id":"https:\/\/sindromecharge.es\/#\/schema\/person\/39a60ebe0a2b4d5a11179701e336b039"},"headline":"Manuel Garc\u00eda, autor de \u2018Historia de la discapacidad\u2019: \u00abCuando un grupo est\u00e1 desplazado del foco es invisible\u00bb","datePublished":"2024-10-14T05:26:27+00:00","mainEntityOfPage":{"@id":"https:\/\/sindromecharge.es\/index.php\/2024\/10\/14\/manuel-garcia-autor-historia-discapacidad-cuando-un-grupo-esta-desplazado-foco-es-invisible\/"},"wordCount":1093,"articleSection":["noticias"],"inLanguage":"es"},{"@type":"WebPage","@id":"https:\/\/sindromecharge.es\/index.php\/2024\/10\/14\/manuel-garcia-autor-historia-discapacidad-cuando-un-grupo-esta-desplazado-foco-es-invisible\/","url":"https:\/\/sindromecharge.es\/index.php\/2024\/10\/14\/manuel-garcia-autor-historia-discapacidad-cuando-un-grupo-esta-desplazado-foco-es-invisible\/","name":"Manuel Garc\u00eda, autor de \u2018Historia de la discapacidad\u2019: \"Cuando un grupo est\u00e1 desplazado del foco es invisible\" - Asociaci\u00f3n Espa\u00f1ola S\u00edndrome de Charge","isPartOf":{"@id":"https:\/\/sindromecharge.es\/#website"},"datePublished":"2024-10-14T05:26:27+00:00","author":{"@id":"https:\/\/sindromecharge.es\/#\/schema\/person\/39a60ebe0a2b4d5a11179701e336b039"},"breadcrumb":{"@id":"https:\/\/sindromecharge.es\/index.php\/2024\/10\/14\/manuel-garcia-autor-historia-discapacidad-cuando-un-grupo-esta-desplazado-foco-es-invisible\/#breadcrumb"},"inLanguage":"es","potentialAction":[{"@type":"ReadAction","target":["https:\/\/sindromecharge.es\/index.php\/2024\/10\/14\/manuel-garcia-autor-historia-discapacidad-cuando-un-grupo-esta-desplazado-foco-es-invisible\/"]}]},{"@type":"BreadcrumbList","@id":"https:\/\/sindromecharge.es\/index.php\/2024\/10\/14\/manuel-garcia-autor-historia-discapacidad-cuando-un-grupo-esta-desplazado-foco-es-invisible\/#breadcrumb","itemListElement":[{"@type":"ListItem","position":1,"name":"Portada","item":"https:\/\/sindromecharge.es\/"},{"@type":"ListItem","position":2,"name":"Manuel Garc\u00eda, autor de \u2018Historia de la discapacidad\u2019: &#8220;Cuando un grupo est\u00e1 desplazado del foco es invisible&#8221;"}]},{"@type":"WebSite","@id":"https:\/\/sindromecharge.es\/#website","url":"https:\/\/sindromecharge.es\/","name":"Asociaci\u00f3n Espa\u00f1ola S\u00edndrome de Charge","description":"","potentialAction":[{"@type":"SearchAction","target":{"@type":"EntryPoint","urlTemplate":"https:\/\/sindromecharge.es\/?s={search_term_string}"},"query-input":{"@type":"PropertyValueSpecification","valueRequired":true,"valueName":"search_term_string"}}],"inLanguage":"es"},{"@type":"Person","@id":"https:\/\/sindromecharge.es\/#\/schema\/person\/39a60ebe0a2b4d5a11179701e336b039","name":"Charge","image":{"@type":"ImageObject","inLanguage":"es","@id":"https:\/\/secure.gravatar.com\/avatar\/c3b46e32a0fc3b093a0873fb767bf3293de856293065e84ef06b7ec7a8acfb98?s=96&d=identicon&r=x","url":"https:\/\/secure.gravatar.com\/avatar\/c3b46e32a0fc3b093a0873fb767bf3293de856293065e84ef06b7ec7a8acfb98?s=96&d=identicon&r=x","contentUrl":"https:\/\/secure.gravatar.com\/avatar\/c3b46e32a0fc3b093a0873fb767bf3293de856293065e84ef06b7ec7a8acfb98?s=96&d=identicon&r=x","caption":"Charge"},"url":"https:\/\/sindromecharge.es\/index.php\/author\/admin\/"}]}},"_links":{"self":[{"href":"https:\/\/sindromecharge.es\/index.php\/wp-json\/wp\/v2\/posts\/10445","targetHints":{"allow":["GET"]}}],"collection":[{"href":"https:\/\/sindromecharge.es\/index.php\/wp-json\/wp\/v2\/posts"}],"about":[{"href":"https:\/\/sindromecharge.es\/index.php\/wp-json\/wp\/v2\/types\/post"}],"author":[{"embeddable":true,"href":"https:\/\/sindromecharge.es\/index.php\/wp-json\/wp\/v2\/users\/1"}],"replies":[{"embeddable":true,"href":"https:\/\/sindromecharge.es\/index.php\/wp-json\/wp\/v2\/comments?post=10445"}],"version-history":[{"count":0,"href":"https:\/\/sindromecharge.es\/index.php\/wp-json\/wp\/v2\/posts\/10445\/revisions"}],"wp:attachment":[{"href":"https:\/\/sindromecharge.es\/index.php\/wp-json\/wp\/v2\/media?parent=10445"}],"wp:term":[{"taxonomy":"category","embeddable":true,"href":"https:\/\/sindromecharge.es\/index.php\/wp-json\/wp\/v2\/categories?post=10445"},{"taxonomy":"post_tag","embeddable":true,"href":"https:\/\/sindromecharge.es\/index.php\/wp-json\/wp\/v2\/tags?post=10445"}],"curies":[{"name":"wp","href":"https:\/\/api.w.org\/{rel}","templated":true}]}}