{"id":10428,"date":"2024-10-08T16:10:00","date_gmt":"2024-10-08T16:10:00","guid":{"rendered":"https:\/\/sindromecharge.es\/index.php\/2024\/10\/08\/congreso-dependencia-congreso-va-tramitar-reforma-dependencia-para-regular-un-copago-mas-justo\/"},"modified":"2024-10-08T16:10:00","modified_gmt":"2024-10-08T16:10:00","slug":"congreso-dependencia-congreso-va-tramitar-reforma-dependencia-para-regular-un-copago-mas-justo","status":"publish","type":"post","link":"https:\/\/sindromecharge.es\/index.php\/2024\/10\/08\/congreso-dependencia-congreso-va-tramitar-reforma-dependencia-para-regular-un-copago-mas-justo\/","title":{"rendered":"El Congreso tramitar\u00e1 la reforma de la ley dependencia para regular un \u00abcopago m\u00e1s justo\u00bb"},"content":{"rendered":"<p>Leemos en Discapacidad la siguiente noticia que os reproducimos de forma \u00edntegra: <\/p>\n<div>\n<p>El Congreso va a tramitar la reforma del \u00abcopago\u00bb en el <b>sistema de dependencia<\/b> tras el apoyo mayoritario de los grupos a la<b> iniciativa legislativa popular<\/b> que propone tener en cuenta criterios como la renta, el momento de aparici\u00f3n de la dependencia o el tipo de servicio que se presta.<\/p>\n<p>La proposici\u00f3n de ley, impulsada por el Comit\u00e9 Espa\u00f1ol de Representantes de Personas con Discapacidad (<a href=\"https:\/\/www.20minutos.es\/minuteca\/cermi\/\" title=\"Cermi\" target=\"_blank\" rel=\"noopener\">Cermi<\/a>) y que llega al Parlamento con el aval de m\u00e1s de 700.000 firmas<b>, modifica la ley de dependencia <\/b>para fijar criterios \u00abm\u00e1s claros y justos\u00bb respecto a la participaci\u00f3n en el coste de las prestaciones de dependencia por parte de las personas beneficiarias.<\/p>\n<p>En concreto, propone <b>cambiar el art\u00edculo 14 de la vigente ley<\/b> para ampl\u00edan los factores que se tienen presentes a la hora de determinar tanto la renta como el patrimonio, a\u00f1adiendo a la edad el momento vital de <b>aparici\u00f3n de la situaci\u00f3n de <a href=\"https:\/\/www.20minutos.es\/minuteca\/dependencia\/\" title=\"Dependencia\" target=\"_blank\" rel=\"noopener\">dependencia<\/a> <\/b>y su mayor o menor prolongaci\u00f3n a lo largo de la vida de la persona beneficiaria.<\/p>\n<p>Con la modificaci\u00f3n del art\u00edculo 33, se quieren incorporar diversas garant\u00edas para las personas beneficiarias. As\u00ed, quedan exentos de aportar los dependientes<b> cuya capacidad econ\u00f3mica personal no supere en 2,5<\/b> veces el Indicador P\u00fablico de Renta de Efectos M\u00faltiples (<b>IPREM<\/b>).<\/p>\n<p>Adem\u00e1s,<b> nunca podr\u00e1 superar el \u00abcopago\u00bb el 60 % <\/b>del precio de referencia del coste de los servicios y se deber\u00e1 garantizar que el dependiente tenga una cantidad m\u00ednima para gastos personales tras esa aportaci\u00f3n que ser\u00e1 del 40 % del IPREM.<\/p>\n<p>En cualquier caso, la norma establece que \u00abning\u00fan ciudadano quedar\u00e1 fuera de la cobertura del Sistema por no disponer de recursos econ\u00f3micos\u00bb, explica la iniciativa.<\/p>\n<p>En el debate, PP y PSOE han agradecido el impulso del Cermi y han expresado su apoyo a una propuesta que contribuye a mejorar la situaci\u00f3n de las <b>personas con dependencia<\/b>.<\/p>\n<p>\u00abEsta iniciativa va a acompa\u00f1ar hasta que el PP llegue al Gobierno que va a ser m\u00e1s pronto de lo que se espera\u00bb, ha asegurado Violante Tom\u00e1s Olivares, quien ha apostado por \u00abdebatir al menos\u00bb la iniciativa \u00absi lo pide el Cermi\u00bb.<\/p>\n<p>In\u00e9s Plaza Garc\u00eda, del PSOE, ha abogado por \u00abrecuperar el esp\u00edritu de la <a href=\"https:\/\/www.20minutos.es\/minuteca\/ley-de-dependencia\/\" title=\"Ley de Dependencia\" target=\"_blank\" rel=\"noopener\">ley de dependencia<\/a>\u00bb despu\u00e9s de que durante el Gobierno del PP se desmantelara el sistema, ha afirmado.<\/p>\n<p>\u00abNuestra responsabilidad es cuidar de los nuestros, la caridad debe estar primero con los que tenemos m\u00e1s cerca\u00bb, ha argumentado la diputada de Vox, Mar\u00eda de la Cabeza Ruiz Sol\u00e1s para apoyar el tr\u00e1mite de la reforma.<\/p>\n<p>Desde Sumar, Ver\u00f3nica Mart\u00ednez Barbero ha reclamado el apoyo de los grupos \u00abpara <b>avanzar hacia un sistema de dependencia justo<\/b>\u00ab, pero tambi\u00e9n para unos presupuestos generales del Estado \u00abque reduzcan el copago de los usuarios\u00bb.<\/p>\n<p>ERC ha votado a favor \u00abpor cultura democr\u00e1tica\u00bb y ante la necesidad de <b>revertir las desigualdades <\/b>y \u00abde avanzar hacia un<b> sistema justo<\/b>\u00ab, ha argumentado Jordi Salvador i Duch, aunque ha advertido de que \u00abel copago es una injerencia\u00bb en sus competencias que deber\u00eda suprimirse o <b>limitarse a las rentas m\u00e1s altas<\/b>.<\/p>\n<p>Tambi\u00e9n ha criticado la invasi\u00f3n de competencias en materia de dependencia el parlamentario de Junts Josep Mar\u00eda Cruset Dom\u00e8nech, as\u00ed como la infrafinanciaci\u00f3n de la administraci\u00f3n central de la dependencia \u00abque perjudica a las familias\u00bb. \u00abEl sistema actual de copago es injusto y excesivo para muchas personas\u00bb, ha a\u00f1adido.<\/p>\n<p>Bildu ha apoyado \u00abla <b>mejora de derechos para los dependiente<\/b>s\u00bb y la regulaci\u00f3n de los servicios para \u00abque las necesidades de cuidados no penalicen ni sean un factor de desigualdad\u00bb, pero \u00abdentro del marco competencial exclusivo en esta materia\u00bb, ha se\u00f1alado Isabel Pozueta Fern\u00e1ndez.<\/p>\n<p>Maribel Vaquero Montero, del Grupo Vasco, se ha posicionado en contra porque \u00abinvade competencias\u00bb y ha recordado que <b>regular el copago corresponde a los legisladores auton\u00f3micos <\/b>y la \u00abcompetencia exclusiva\u00bb reside en las diputaciones forales.<\/p>\n<p>Desde Podemos, Martina Velarde G\u00f3mez ha reclamado \u00abmemoria\u00bb para reconocer los avances en dependencia durante el gobierno de su formaci\u00f3n durante su intervenci\u00f3n a favor de la iniciativa, que tambi\u00e9n ha sido respaldada por el Grupo Plural, a la que el diputado Nest\u00f3r Rego Candamil ha anunciado que presentar\u00e1 enmiendas para mejorarla. <\/p>\n<\/div>\n<p>Fuente: Discapacidad https:\/\/www.20minutos.es\/noticia\/5641915\/0\/congreso-dependencia-congreso-va-tramitar-reforma-dependencia-para-regular-un-copago-mas-justo\/<\/p>\n","protected":false},"excerpt":{"rendered":"<p>Los grupos han apoyado mayoritariamente la IPL que propone tener en cuenta criterios como la renta, el momento de aparici\u00f3n de la dependencia o el tipo de servicio que se presta.<\/p>\n","protected":false},"author":1,"featured_media":0,"comment_status":"closed","ping_status":"closed","sticky":false,"template":"","format":"standard","meta":{"footnotes":""},"categories":[8],"tags":[],"class_list":["post-10428","post","type-post","status-publish","format-standard","hentry","category-noticias"],"yoast_head":"<!-- This site is optimized with the Yoast SEO plugin v27.5 - https:\/\/yoast.com\/product\/yoast-seo-wordpress\/ -->\n<title>El Congreso tramitar\u00e1 la reforma de la ley dependencia para regular un &quot;copago m\u00e1s justo&quot; - Asociaci\u00f3n Espa\u00f1ola S\u00edndrome de Charge<\/title>\n<meta name=\"robots\" content=\"index, follow, max-snippet:-1, max-image-preview:large, max-video-preview:-1\" \/>\n<link rel=\"canonical\" href=\"https:\/\/sindromecharge.es\/index.php\/2024\/10\/08\/congreso-dependencia-congreso-va-tramitar-reforma-dependencia-para-regular-un-copago-mas-justo\/\" \/>\n<meta property=\"og:locale\" content=\"es_ES\" \/>\n<meta property=\"og:type\" content=\"article\" \/>\n<meta property=\"og:title\" content=\"El Congreso tramitar\u00e1 la reforma de la ley dependencia para regular un &quot;copago m\u00e1s justo&quot; - Asociaci\u00f3n Espa\u00f1ola S\u00edndrome de Charge\" \/>\n<meta property=\"og:description\" content=\"Los grupos han apoyado mayoritariamente la IPL que propone tener en cuenta criterios como la renta, el momento de aparici\u00f3n de la dependencia o el tipo de servicio que se presta.\" \/>\n<meta property=\"og:url\" content=\"https:\/\/sindromecharge.es\/index.php\/2024\/10\/08\/congreso-dependencia-congreso-va-tramitar-reforma-dependencia-para-regular-un-copago-mas-justo\/\" \/>\n<meta property=\"og:site_name\" content=\"Asociaci\u00f3n Espa\u00f1ola S\u00edndrome de Charge\" \/>\n<meta property=\"article:publisher\" content=\"https:\/\/www.facebook.com\/asociacionsindromecharge\" \/>\n<meta property=\"article:published_time\" content=\"2024-10-08T16:10:00+00:00\" \/>\n<meta property=\"og:image\" content=\"https:\/\/sindromecharge.es\/wp-content\/uploads\/2013\/09\/logodecharge300x98.png\" \/>\n\t<meta property=\"og:image:width\" content=\"300\" \/>\n\t<meta property=\"og:image:height\" content=\"98\" \/>\n\t<meta property=\"og:image:type\" content=\"image\/png\" \/>\n<meta name=\"author\" content=\"Charge\" \/>\n<meta name=\"twitter:card\" content=\"summary_large_image\" \/>\n<meta name=\"twitter:creator\" content=\"@sindromecharge\" \/>\n<meta name=\"twitter:site\" content=\"@sindromecharge\" \/>\n<meta name=\"twitter:label1\" content=\"Escrito por\" \/>\n\t<meta name=\"twitter:data1\" content=\"Charge\" \/>\n\t<meta name=\"twitter:label2\" content=\"Tiempo de lectura\" \/>\n\t<meta name=\"twitter:data2\" content=\"4 minutos\" \/>\n<script type=\"application\/ld+json\" class=\"yoast-schema-graph\">{\"@context\":\"https:\\\/\\\/schema.org\",\"@graph\":[{\"@type\":\"Article\",\"@id\":\"https:\\\/\\\/sindromecharge.es\\\/index.php\\\/2024\\\/10\\\/08\\\/congreso-dependencia-congreso-va-tramitar-reforma-dependencia-para-regular-un-copago-mas-justo\\\/#article\",\"isPartOf\":{\"@id\":\"https:\\\/\\\/sindromecharge.es\\\/index.php\\\/2024\\\/10\\\/08\\\/congreso-dependencia-congreso-va-tramitar-reforma-dependencia-para-regular-un-copago-mas-justo\\\/\"},\"author\":{\"name\":\"Charge\",\"@id\":\"https:\\\/\\\/sindromecharge.es\\\/#\\\/schema\\\/person\\\/39a60ebe0a2b4d5a11179701e336b039\"},\"headline\":\"El Congreso tramitar\u00e1 la reforma de la ley dependencia para regular un \u00abcopago m\u00e1s justo\u00bb\",\"datePublished\":\"2024-10-08T16:10:00+00:00\",\"mainEntityOfPage\":{\"@id\":\"https:\\\/\\\/sindromecharge.es\\\/index.php\\\/2024\\\/10\\\/08\\\/congreso-dependencia-congreso-va-tramitar-reforma-dependencia-para-regular-un-copago-mas-justo\\\/\"},\"wordCount\":768,\"articleSection\":[\"noticias\"],\"inLanguage\":\"es\"},{\"@type\":\"WebPage\",\"@id\":\"https:\\\/\\\/sindromecharge.es\\\/index.php\\\/2024\\\/10\\\/08\\\/congreso-dependencia-congreso-va-tramitar-reforma-dependencia-para-regular-un-copago-mas-justo\\\/\",\"url\":\"https:\\\/\\\/sindromecharge.es\\\/index.php\\\/2024\\\/10\\\/08\\\/congreso-dependencia-congreso-va-tramitar-reforma-dependencia-para-regular-un-copago-mas-justo\\\/\",\"name\":\"El Congreso tramitar\u00e1 la reforma de la ley dependencia para regular un \\\"copago m\u00e1s justo\\\" - Asociaci\u00f3n Espa\u00f1ola S\u00edndrome de Charge\",\"isPartOf\":{\"@id\":\"https:\\\/\\\/sindromecharge.es\\\/#website\"},\"datePublished\":\"2024-10-08T16:10:00+00:00\",\"author\":{\"@id\":\"https:\\\/\\\/sindromecharge.es\\\/#\\\/schema\\\/person\\\/39a60ebe0a2b4d5a11179701e336b039\"},\"breadcrumb\":{\"@id\":\"https:\\\/\\\/sindromecharge.es\\\/index.php\\\/2024\\\/10\\\/08\\\/congreso-dependencia-congreso-va-tramitar-reforma-dependencia-para-regular-un-copago-mas-justo\\\/#breadcrumb\"},\"inLanguage\":\"es\",\"potentialAction\":[{\"@type\":\"ReadAction\",\"target\":[\"https:\\\/\\\/sindromecharge.es\\\/index.php\\\/2024\\\/10\\\/08\\\/congreso-dependencia-congreso-va-tramitar-reforma-dependencia-para-regular-un-copago-mas-justo\\\/\"]}]},{\"@type\":\"BreadcrumbList\",\"@id\":\"https:\\\/\\\/sindromecharge.es\\\/index.php\\\/2024\\\/10\\\/08\\\/congreso-dependencia-congreso-va-tramitar-reforma-dependencia-para-regular-un-copago-mas-justo\\\/#breadcrumb\",\"itemListElement\":[{\"@type\":\"ListItem\",\"position\":1,\"name\":\"Portada\",\"item\":\"https:\\\/\\\/sindromecharge.es\\\/\"},{\"@type\":\"ListItem\",\"position\":2,\"name\":\"El Congreso tramitar\u00e1 la reforma de la ley dependencia para regular un &#8220;copago m\u00e1s justo&#8221;\"}]},{\"@type\":\"WebSite\",\"@id\":\"https:\\\/\\\/sindromecharge.es\\\/#website\",\"url\":\"https:\\\/\\\/sindromecharge.es\\\/\",\"name\":\"Asociaci\u00f3n Espa\u00f1ola S\u00edndrome de Charge\",\"description\":\"\",\"potentialAction\":[{\"@type\":\"SearchAction\",\"target\":{\"@type\":\"EntryPoint\",\"urlTemplate\":\"https:\\\/\\\/sindromecharge.es\\\/?s={search_term_string}\"},\"query-input\":{\"@type\":\"PropertyValueSpecification\",\"valueRequired\":true,\"valueName\":\"search_term_string\"}}],\"inLanguage\":\"es\"},{\"@type\":\"Person\",\"@id\":\"https:\\\/\\\/sindromecharge.es\\\/#\\\/schema\\\/person\\\/39a60ebe0a2b4d5a11179701e336b039\",\"name\":\"Charge\",\"image\":{\"@type\":\"ImageObject\",\"inLanguage\":\"es\",\"@id\":\"https:\\\/\\\/secure.gravatar.com\\\/avatar\\\/c3b46e32a0fc3b093a0873fb767bf3293de856293065e84ef06b7ec7a8acfb98?s=96&d=identicon&r=x\",\"url\":\"https:\\\/\\\/secure.gravatar.com\\\/avatar\\\/c3b46e32a0fc3b093a0873fb767bf3293de856293065e84ef06b7ec7a8acfb98?s=96&d=identicon&r=x\",\"contentUrl\":\"https:\\\/\\\/secure.gravatar.com\\\/avatar\\\/c3b46e32a0fc3b093a0873fb767bf3293de856293065e84ef06b7ec7a8acfb98?s=96&d=identicon&r=x\",\"caption\":\"Charge\"},\"url\":\"https:\\\/\\\/sindromecharge.es\\\/index.php\\\/author\\\/admin\\\/\"}]}<\/script>\n<!-- \/ Yoast SEO plugin. -->","yoast_head_json":{"title":"El Congreso tramitar\u00e1 la reforma de la ley dependencia para regular un \"copago m\u00e1s justo\" - Asociaci\u00f3n Espa\u00f1ola S\u00edndrome de Charge","robots":{"index":"index","follow":"follow","max-snippet":"max-snippet:-1","max-image-preview":"max-image-preview:large","max-video-preview":"max-video-preview:-1"},"canonical":"https:\/\/sindromecharge.es\/index.php\/2024\/10\/08\/congreso-dependencia-congreso-va-tramitar-reforma-dependencia-para-regular-un-copago-mas-justo\/","og_locale":"es_ES","og_type":"article","og_title":"El Congreso tramitar\u00e1 la reforma de la ley dependencia para regular un \"copago m\u00e1s justo\" - Asociaci\u00f3n Espa\u00f1ola S\u00edndrome de Charge","og_description":"Los grupos han apoyado mayoritariamente la IPL que propone tener en cuenta criterios como la renta, el momento de aparici\u00f3n de la dependencia o el tipo de servicio que se presta.","og_url":"https:\/\/sindromecharge.es\/index.php\/2024\/10\/08\/congreso-dependencia-congreso-va-tramitar-reforma-dependencia-para-regular-un-copago-mas-justo\/","og_site_name":"Asociaci\u00f3n Espa\u00f1ola S\u00edndrome de Charge","article_publisher":"https:\/\/www.facebook.com\/asociacionsindromecharge","article_published_time":"2024-10-08T16:10:00+00:00","og_image":[{"width":300,"height":98,"url":"https:\/\/sindromecharge.es\/wp-content\/uploads\/2013\/09\/logodecharge300x98.png","type":"image\/png"}],"author":"Charge","twitter_card":"summary_large_image","twitter_creator":"@sindromecharge","twitter_site":"@sindromecharge","twitter_misc":{"Escrito por":"Charge","Tiempo de lectura":"4 minutos"},"schema":{"@context":"https:\/\/schema.org","@graph":[{"@type":"Article","@id":"https:\/\/sindromecharge.es\/index.php\/2024\/10\/08\/congreso-dependencia-congreso-va-tramitar-reforma-dependencia-para-regular-un-copago-mas-justo\/#article","isPartOf":{"@id":"https:\/\/sindromecharge.es\/index.php\/2024\/10\/08\/congreso-dependencia-congreso-va-tramitar-reforma-dependencia-para-regular-un-copago-mas-justo\/"},"author":{"name":"Charge","@id":"https:\/\/sindromecharge.es\/#\/schema\/person\/39a60ebe0a2b4d5a11179701e336b039"},"headline":"El Congreso tramitar\u00e1 la reforma de la ley dependencia para regular un \u00abcopago m\u00e1s justo\u00bb","datePublished":"2024-10-08T16:10:00+00:00","mainEntityOfPage":{"@id":"https:\/\/sindromecharge.es\/index.php\/2024\/10\/08\/congreso-dependencia-congreso-va-tramitar-reforma-dependencia-para-regular-un-copago-mas-justo\/"},"wordCount":768,"articleSection":["noticias"],"inLanguage":"es"},{"@type":"WebPage","@id":"https:\/\/sindromecharge.es\/index.php\/2024\/10\/08\/congreso-dependencia-congreso-va-tramitar-reforma-dependencia-para-regular-un-copago-mas-justo\/","url":"https:\/\/sindromecharge.es\/index.php\/2024\/10\/08\/congreso-dependencia-congreso-va-tramitar-reforma-dependencia-para-regular-un-copago-mas-justo\/","name":"El Congreso tramitar\u00e1 la reforma de la ley dependencia para regular un \"copago m\u00e1s justo\" - Asociaci\u00f3n Espa\u00f1ola S\u00edndrome de Charge","isPartOf":{"@id":"https:\/\/sindromecharge.es\/#website"},"datePublished":"2024-10-08T16:10:00+00:00","author":{"@id":"https:\/\/sindromecharge.es\/#\/schema\/person\/39a60ebe0a2b4d5a11179701e336b039"},"breadcrumb":{"@id":"https:\/\/sindromecharge.es\/index.php\/2024\/10\/08\/congreso-dependencia-congreso-va-tramitar-reforma-dependencia-para-regular-un-copago-mas-justo\/#breadcrumb"},"inLanguage":"es","potentialAction":[{"@type":"ReadAction","target":["https:\/\/sindromecharge.es\/index.php\/2024\/10\/08\/congreso-dependencia-congreso-va-tramitar-reforma-dependencia-para-regular-un-copago-mas-justo\/"]}]},{"@type":"BreadcrumbList","@id":"https:\/\/sindromecharge.es\/index.php\/2024\/10\/08\/congreso-dependencia-congreso-va-tramitar-reforma-dependencia-para-regular-un-copago-mas-justo\/#breadcrumb","itemListElement":[{"@type":"ListItem","position":1,"name":"Portada","item":"https:\/\/sindromecharge.es\/"},{"@type":"ListItem","position":2,"name":"El Congreso tramitar\u00e1 la reforma de la ley dependencia para regular un &#8220;copago m\u00e1s justo&#8221;"}]},{"@type":"WebSite","@id":"https:\/\/sindromecharge.es\/#website","url":"https:\/\/sindromecharge.es\/","name":"Asociaci\u00f3n Espa\u00f1ola S\u00edndrome de Charge","description":"","potentialAction":[{"@type":"SearchAction","target":{"@type":"EntryPoint","urlTemplate":"https:\/\/sindromecharge.es\/?s={search_term_string}"},"query-input":{"@type":"PropertyValueSpecification","valueRequired":true,"valueName":"search_term_string"}}],"inLanguage":"es"},{"@type":"Person","@id":"https:\/\/sindromecharge.es\/#\/schema\/person\/39a60ebe0a2b4d5a11179701e336b039","name":"Charge","image":{"@type":"ImageObject","inLanguage":"es","@id":"https:\/\/secure.gravatar.com\/avatar\/c3b46e32a0fc3b093a0873fb767bf3293de856293065e84ef06b7ec7a8acfb98?s=96&d=identicon&r=x","url":"https:\/\/secure.gravatar.com\/avatar\/c3b46e32a0fc3b093a0873fb767bf3293de856293065e84ef06b7ec7a8acfb98?s=96&d=identicon&r=x","contentUrl":"https:\/\/secure.gravatar.com\/avatar\/c3b46e32a0fc3b093a0873fb767bf3293de856293065e84ef06b7ec7a8acfb98?s=96&d=identicon&r=x","caption":"Charge"},"url":"https:\/\/sindromecharge.es\/index.php\/author\/admin\/"}]}},"_links":{"self":[{"href":"https:\/\/sindromecharge.es\/index.php\/wp-json\/wp\/v2\/posts\/10428","targetHints":{"allow":["GET"]}}],"collection":[{"href":"https:\/\/sindromecharge.es\/index.php\/wp-json\/wp\/v2\/posts"}],"about":[{"href":"https:\/\/sindromecharge.es\/index.php\/wp-json\/wp\/v2\/types\/post"}],"author":[{"embeddable":true,"href":"https:\/\/sindromecharge.es\/index.php\/wp-json\/wp\/v2\/users\/1"}],"replies":[{"embeddable":true,"href":"https:\/\/sindromecharge.es\/index.php\/wp-json\/wp\/v2\/comments?post=10428"}],"version-history":[{"count":0,"href":"https:\/\/sindromecharge.es\/index.php\/wp-json\/wp\/v2\/posts\/10428\/revisions"}],"wp:attachment":[{"href":"https:\/\/sindromecharge.es\/index.php\/wp-json\/wp\/v2\/media?parent=10428"}],"wp:term":[{"taxonomy":"category","embeddable":true,"href":"https:\/\/sindromecharge.es\/index.php\/wp-json\/wp\/v2\/categories?post=10428"},{"taxonomy":"post_tag","embeddable":true,"href":"https:\/\/sindromecharge.es\/index.php\/wp-json\/wp\/v2\/tags?post=10428"}],"curies":[{"name":"wp","href":"https:\/\/api.w.org\/{rel}","templated":true}]}}