{"id":10426,"date":"2024-10-08T15:54:29","date_gmt":"2024-10-08T15:54:29","guid":{"rendered":"https:\/\/sindromecharge.es\/index.php\/2024\/10\/08\/index-php-111\/"},"modified":"2024-10-08T15:54:29","modified_gmt":"2024-10-08T15:54:29","slug":"index-php-111","status":"publish","type":"post","link":"https:\/\/sindromecharge.es\/index.php\/2024\/10\/08\/index-php-111\/","title":{"rendered":"Congreso Mundial de Sordoceguera"},"content":{"rendered":"<p>Leemos en Federaci\u00f3n de Asociaciones de Implantados Cocleares de Espa\u00f1a. Federaci\u00f3n AICE la siguiente noticia que os reproducimos de forma \u00edntegra: <\/p>\n<div>\n<p style=\"text-align: center;\"><img decoding=\"async\" src=\"http:\/\/implantecoclear.org\/images\/stories\/fotos_noticias\/img_9813.jpg\"><\/p>\n<div><\/div>\n<div>\n<div><\/div>\n<div><\/div>\n<div>\n<p style=\"text-align: justify;\">La Asociaci\u00f3n Catalana Pro Personas con Sordoceguera (APSOCECAT), como delegaci\u00f3n de la European Deafblind Network (*EDBN) en Catalu\u00f1a, ha desarrollado un proyecto de investigaci\u00f3n a escala internacional de alta importancia por la comunidad sordociega. Este proyecto, denominado ICF Core Set for Deafblindness, pretende conseguir un est\u00e1ndar de c\u00f3digos para dictaminar la sordoceguera dentro del marco de la OMS.<\/p>\n<p style=\"text-align: justify;\">El proyecto ICF Core Set for Deafblindness, que ha durado 4 a\u00f1os, culminar\u00e1 este a\u00f1o en Catalu\u00f1a, mediante una conferencia de consenso de los resultados que ha tenido lugar los d\u00edas 7 y 8 de octubre en el Hotel Cala Font de Salou, Tarragona, y reuni\u00f3 expertos, investigadores y personas con experiencia vivida de las seis regiones de la Organizaci\u00f3n Mundial de la Salud. Federaci\u00f3n AICE los acompa\u00f1\u00f3 desde su asociaci\u00f3n transversal AICPV (Asociaci\u00f3n de Implantados Cocleares con Problemas de Visi\u00f3n).<\/p>\n<p style=\"text-align: justify;\">El objetivo de esta propuesta es desarrollar un conjunto b\u00e1sico del ICF (ICF-CS) para la sordoceguera que pueda proporcionar una descripci\u00f3n estandarizada para el amplio abanico de combinaciones de p\u00e9rdida auditiva y visual que causan sordoceguera independientemente de la causa m\u00e9dica o del nivel de autonom\u00eda individual de la persona con sordoceguera.<\/p>\n<p style=\"text-align: justify;\">Este proyecto ayudar\u00e1 a millones de personas sordociegas en todo el mundo puesto que establecer\u00e1 las bases de un proceso estandarizado de evaluaci\u00f3n, certificaci\u00f3n e intervenci\u00f3n que podr\u00eda favorecer el m\u00e1ximo desarrollo f\u00edsico, cognitivo y emocional y la autonom\u00eda del individuo.<\/p>\n<p style=\"text-align: justify;\">El d\u00eda 9 de octubre se celebrar\u00e1 el acto final de esta conferencia, en la Sala de plenos del Distrito de Sants, donde se explicar\u00e1 al p\u00fablico en que ha consistido el proyecto y servir\u00e1 como una excelente oportunidad para iniciar la fase de difusi\u00f3n de los resultados.<\/p>\n<p style=\"text-align: justify;\">En este acto se prev\u00e9 la asistencia de varias autoridades pol\u00edticas dedicadas a la discapacidad y los parlamentos de algunas de ellas:<\/p>\n<p style=\"text-align: justify;\">&#8211; Sra. Marta Obdulia G\u00f3mez &#8211; Gerente del Instituto Municipal de Personas con Discapacidad del Ayuntamiento de Barcelona<\/p>\n<p style=\"text-align: justify;\">&#8211; Sra. Marta Segura Bonet &#8211; Directora general de la Autonom\u00eda Personal y la Discapacidad de la Generalitat de Catalu\u00f1a<\/p>\n<p style=\"text-align: justify;\">&#8211; Sr. Josep Mu\u00f1oz Luque &#8211; Gerente de Servicios de Bienestar Social de la Diputaci\u00f3n de Barcelona<\/p>\n<p style=\"text-align: justify;\">&#8211; Sr. Ra\u00fcl Serra, Coordinador de la Secretar\u00eda de Atenci\u00f3n Sanitaria y Participaci\u00f3n de la Generalitat de Catalu\u00f1a.<\/p>\n<p style=\"text-align: justify;\">&#8211; Sra. Raquel Gil Eiro\u00e1 \u2013 Regidora del distrito de Santos-Montjuic<\/p>\n<p style=\"text-align: justify;\"><strong>Qu\u00e9 es la sordoceguera? <\/strong><\/p>\n<p style=\"text-align: justify;\">La sordoceguera es una discapacidad \u00fanica con caracter\u00edsticas y necesidades propias que consiste en la p\u00e9rdida conjunta de capacidad visual y auditiva. Como tal est\u00e1 contemplada a la Ley 27\/2007, de 23 de octubre, por la que se reconocen las lenguas de signos espa\u00f1olas y se regulan los medios de apoyo a la comunicaci\u00f3n oral de las personas sordas, con discapacidad auditiva y sordociegas, no se trata de una enfermedad, aunque al menos 80 condiciones m\u00e9dicas pueden ser la causa. Se puede tener sordoceguera con alg\u00fan resto visual, auditiva o de ambos sentidos. De aqu\u00ed que tambi\u00e9n sea aceptada la denominaci\u00f3n de \u201cp\u00e9rdida sensorial dual\u201d, en referencia a la p\u00e9rdida combinada de los dos sentidos principales.<\/p>\n<p style=\"text-align: justify;\">El impacto de la sordoceguera en la calidad de vida de una persona puede ser muy elevado, sobre todo si no dispone de los recursos y los apoyos adecuados. La vista y el o\u00eddo son los sentidos de referencia y los dos tienen un papel preponderante en la percepci\u00f3n del entorno y en el aprendizaje. El efecto de p\u00e9rdida conjunta multiplica el grado de dependencia.<\/p>\n<p style=\"text-align: justify;\">La sordoceguera es una de las condiciones m\u00e1s infradiagnosticades en la pr\u00e1ctica m\u00e9dica. Las personas sordociegas est\u00e1n certificadas seg\u00fan indicadores no estandarizados o seg\u00fan criterios de cada autoridad. Esta situaci\u00f3n causa un amplio abanico de pr\u00e1cticas discriminatorias que afectan las personas sordociegas en todo el mundo.<\/p>\n<\/div>\n<\/div>\n<\/div>\n<p>Fuente: Federaci\u00f3n de Asociaciones de Implantados Cocleares de Espa\u00f1a. Federaci\u00f3n AICE http:\/\/implantecoclear.org\/index.php?option=com_content&#038;view=article&#038;id=731:sordoceg&#038;catid=1:latest-news<\/p>\n","protected":false},"excerpt":{"rendered":"<p>La Asociaci\u00f3n Catalana Pro Personas con Sordoceguera (APSOCECAT), como delegaci\u00f3n de la European Deafblind Network (*EDBN) en Catalu\u00f1a, ha desarrollado un proyecto de investigaci\u00f3n a escala internacional de alta importancia por la comunidad sordociega. Este proyecto, denominado ICF Core Set for Deafblindness, pretende conseguir un est\u00e1ndar de c\u00f3digos para dictaminar la sordoceguera dentro del marco [&hellip;]<\/p>\n","protected":false},"author":1,"featured_media":0,"comment_status":"closed","ping_status":"closed","sticky":false,"template":"","format":"standard","meta":{"footnotes":""},"categories":[8],"tags":[],"class_list":["post-10426","post","type-post","status-publish","format-standard","hentry","category-noticias"],"yoast_head":"<!-- This site is optimized with the Yoast SEO plugin v27.5 - https:\/\/yoast.com\/product\/yoast-seo-wordpress\/ -->\n<title>Congreso Mundial de Sordoceguera - Asociaci\u00f3n Espa\u00f1ola S\u00edndrome de Charge<\/title>\n<meta name=\"robots\" content=\"index, follow, max-snippet:-1, max-image-preview:large, max-video-preview:-1\" \/>\n<link rel=\"canonical\" href=\"https:\/\/sindromecharge.es\/index.php\/2024\/10\/08\/index-php-111\/\" \/>\n<meta property=\"og:locale\" content=\"es_ES\" \/>\n<meta property=\"og:type\" content=\"article\" \/>\n<meta property=\"og:title\" content=\"Congreso Mundial de Sordoceguera - Asociaci\u00f3n Espa\u00f1ola S\u00edndrome de Charge\" \/>\n<meta property=\"og:description\" content=\"La Asociaci\u00f3n Catalana Pro Personas con Sordoceguera (APSOCECAT), como delegaci\u00f3n de la European Deafblind Network (*EDBN) en Catalu\u00f1a, ha desarrollado un proyecto de investigaci\u00f3n a escala internacional de alta importancia por la comunidad sordociega. Este proyecto, denominado ICF Core Set for Deafblindness, pretende conseguir un est\u00e1ndar de c\u00f3digos para dictaminar la sordoceguera dentro del marco [&hellip;]\" \/>\n<meta property=\"og:url\" content=\"https:\/\/sindromecharge.es\/index.php\/2024\/10\/08\/index-php-111\/\" \/>\n<meta property=\"og:site_name\" content=\"Asociaci\u00f3n Espa\u00f1ola S\u00edndrome de Charge\" \/>\n<meta property=\"article:publisher\" content=\"https:\/\/www.facebook.com\/asociacionsindromecharge\" \/>\n<meta property=\"article:published_time\" content=\"2024-10-08T15:54:29+00:00\" \/>\n<meta property=\"og:image\" content=\"http:\/\/implantecoclear.org\/images\/stories\/fotos_noticias\/img_9813.jpg\" \/>\n<meta name=\"author\" content=\"Charge\" \/>\n<meta name=\"twitter:card\" content=\"summary_large_image\" \/>\n<meta name=\"twitter:creator\" content=\"@sindromecharge\" \/>\n<meta name=\"twitter:site\" content=\"@sindromecharge\" \/>\n<meta name=\"twitter:label1\" content=\"Escrito por\" \/>\n\t<meta name=\"twitter:data1\" content=\"Charge\" \/>\n\t<meta name=\"twitter:label2\" content=\"Tiempo de lectura\" \/>\n\t<meta name=\"twitter:data2\" content=\"4 minutos\" \/>\n<script type=\"application\/ld+json\" class=\"yoast-schema-graph\">{\"@context\":\"https:\\\/\\\/schema.org\",\"@graph\":[{\"@type\":\"Article\",\"@id\":\"https:\\\/\\\/sindromecharge.es\\\/index.php\\\/2024\\\/10\\\/08\\\/index-php-111\\\/#article\",\"isPartOf\":{\"@id\":\"https:\\\/\\\/sindromecharge.es\\\/index.php\\\/2024\\\/10\\\/08\\\/index-php-111\\\/\"},\"author\":{\"name\":\"Charge\",\"@id\":\"https:\\\/\\\/sindromecharge.es\\\/#\\\/schema\\\/person\\\/39a60ebe0a2b4d5a11179701e336b039\"},\"headline\":\"Congreso Mundial de Sordoceguera\",\"datePublished\":\"2024-10-08T15:54:29+00:00\",\"mainEntityOfPage\":{\"@id\":\"https:\\\/\\\/sindromecharge.es\\\/index.php\\\/2024\\\/10\\\/08\\\/index-php-111\\\/\"},\"wordCount\":727,\"image\":{\"@id\":\"https:\\\/\\\/sindromecharge.es\\\/index.php\\\/2024\\\/10\\\/08\\\/index-php-111\\\/#primaryimage\"},\"thumbnailUrl\":\"http:\\\/\\\/implantecoclear.org\\\/images\\\/stories\\\/fotos_noticias\\\/img_9813.jpg\",\"articleSection\":[\"noticias\"],\"inLanguage\":\"es\"},{\"@type\":\"WebPage\",\"@id\":\"https:\\\/\\\/sindromecharge.es\\\/index.php\\\/2024\\\/10\\\/08\\\/index-php-111\\\/\",\"url\":\"https:\\\/\\\/sindromecharge.es\\\/index.php\\\/2024\\\/10\\\/08\\\/index-php-111\\\/\",\"name\":\"Congreso Mundial de Sordoceguera - Asociaci\u00f3n Espa\u00f1ola S\u00edndrome de Charge\",\"isPartOf\":{\"@id\":\"https:\\\/\\\/sindromecharge.es\\\/#website\"},\"primaryImageOfPage\":{\"@id\":\"https:\\\/\\\/sindromecharge.es\\\/index.php\\\/2024\\\/10\\\/08\\\/index-php-111\\\/#primaryimage\"},\"image\":{\"@id\":\"https:\\\/\\\/sindromecharge.es\\\/index.php\\\/2024\\\/10\\\/08\\\/index-php-111\\\/#primaryimage\"},\"thumbnailUrl\":\"http:\\\/\\\/implantecoclear.org\\\/images\\\/stories\\\/fotos_noticias\\\/img_9813.jpg\",\"datePublished\":\"2024-10-08T15:54:29+00:00\",\"author\":{\"@id\":\"https:\\\/\\\/sindromecharge.es\\\/#\\\/schema\\\/person\\\/39a60ebe0a2b4d5a11179701e336b039\"},\"breadcrumb\":{\"@id\":\"https:\\\/\\\/sindromecharge.es\\\/index.php\\\/2024\\\/10\\\/08\\\/index-php-111\\\/#breadcrumb\"},\"inLanguage\":\"es\",\"potentialAction\":[{\"@type\":\"ReadAction\",\"target\":[\"https:\\\/\\\/sindromecharge.es\\\/index.php\\\/2024\\\/10\\\/08\\\/index-php-111\\\/\"]}]},{\"@type\":\"ImageObject\",\"inLanguage\":\"es\",\"@id\":\"https:\\\/\\\/sindromecharge.es\\\/index.php\\\/2024\\\/10\\\/08\\\/index-php-111\\\/#primaryimage\",\"url\":\"http:\\\/\\\/implantecoclear.org\\\/images\\\/stories\\\/fotos_noticias\\\/img_9813.jpg\",\"contentUrl\":\"http:\\\/\\\/implantecoclear.org\\\/images\\\/stories\\\/fotos_noticias\\\/img_9813.jpg\"},{\"@type\":\"BreadcrumbList\",\"@id\":\"https:\\\/\\\/sindromecharge.es\\\/index.php\\\/2024\\\/10\\\/08\\\/index-php-111\\\/#breadcrumb\",\"itemListElement\":[{\"@type\":\"ListItem\",\"position\":1,\"name\":\"Portada\",\"item\":\"https:\\\/\\\/sindromecharge.es\\\/\"},{\"@type\":\"ListItem\",\"position\":2,\"name\":\"Congreso Mundial de Sordoceguera\"}]},{\"@type\":\"WebSite\",\"@id\":\"https:\\\/\\\/sindromecharge.es\\\/#website\",\"url\":\"https:\\\/\\\/sindromecharge.es\\\/\",\"name\":\"Asociaci\u00f3n Espa\u00f1ola S\u00edndrome de Charge\",\"description\":\"\",\"potentialAction\":[{\"@type\":\"SearchAction\",\"target\":{\"@type\":\"EntryPoint\",\"urlTemplate\":\"https:\\\/\\\/sindromecharge.es\\\/?s={search_term_string}\"},\"query-input\":{\"@type\":\"PropertyValueSpecification\",\"valueRequired\":true,\"valueName\":\"search_term_string\"}}],\"inLanguage\":\"es\"},{\"@type\":\"Person\",\"@id\":\"https:\\\/\\\/sindromecharge.es\\\/#\\\/schema\\\/person\\\/39a60ebe0a2b4d5a11179701e336b039\",\"name\":\"Charge\",\"image\":{\"@type\":\"ImageObject\",\"inLanguage\":\"es\",\"@id\":\"https:\\\/\\\/secure.gravatar.com\\\/avatar\\\/c3b46e32a0fc3b093a0873fb767bf3293de856293065e84ef06b7ec7a8acfb98?s=96&d=identicon&r=x\",\"url\":\"https:\\\/\\\/secure.gravatar.com\\\/avatar\\\/c3b46e32a0fc3b093a0873fb767bf3293de856293065e84ef06b7ec7a8acfb98?s=96&d=identicon&r=x\",\"contentUrl\":\"https:\\\/\\\/secure.gravatar.com\\\/avatar\\\/c3b46e32a0fc3b093a0873fb767bf3293de856293065e84ef06b7ec7a8acfb98?s=96&d=identicon&r=x\",\"caption\":\"Charge\"},\"url\":\"https:\\\/\\\/sindromecharge.es\\\/index.php\\\/author\\\/admin\\\/\"}]}<\/script>\n<!-- \/ Yoast SEO plugin. -->","yoast_head_json":{"title":"Congreso Mundial de Sordoceguera - Asociaci\u00f3n Espa\u00f1ola S\u00edndrome de Charge","robots":{"index":"index","follow":"follow","max-snippet":"max-snippet:-1","max-image-preview":"max-image-preview:large","max-video-preview":"max-video-preview:-1"},"canonical":"https:\/\/sindromecharge.es\/index.php\/2024\/10\/08\/index-php-111\/","og_locale":"es_ES","og_type":"article","og_title":"Congreso Mundial de Sordoceguera - Asociaci\u00f3n Espa\u00f1ola S\u00edndrome de Charge","og_description":"La Asociaci\u00f3n Catalana Pro Personas con Sordoceguera (APSOCECAT), como delegaci\u00f3n de la European Deafblind Network (*EDBN) en Catalu\u00f1a, ha desarrollado un proyecto de investigaci\u00f3n a escala internacional de alta importancia por la comunidad sordociega. Este proyecto, denominado ICF Core Set for Deafblindness, pretende conseguir un est\u00e1ndar de c\u00f3digos para dictaminar la sordoceguera dentro del marco [&hellip;]","og_url":"https:\/\/sindromecharge.es\/index.php\/2024\/10\/08\/index-php-111\/","og_site_name":"Asociaci\u00f3n Espa\u00f1ola S\u00edndrome de Charge","article_publisher":"https:\/\/www.facebook.com\/asociacionsindromecharge","article_published_time":"2024-10-08T15:54:29+00:00","og_image":[{"url":"http:\/\/implantecoclear.org\/images\/stories\/fotos_noticias\/img_9813.jpg","type":"","width":"","height":""}],"author":"Charge","twitter_card":"summary_large_image","twitter_creator":"@sindromecharge","twitter_site":"@sindromecharge","twitter_misc":{"Escrito por":"Charge","Tiempo de lectura":"4 minutos"},"schema":{"@context":"https:\/\/schema.org","@graph":[{"@type":"Article","@id":"https:\/\/sindromecharge.es\/index.php\/2024\/10\/08\/index-php-111\/#article","isPartOf":{"@id":"https:\/\/sindromecharge.es\/index.php\/2024\/10\/08\/index-php-111\/"},"author":{"name":"Charge","@id":"https:\/\/sindromecharge.es\/#\/schema\/person\/39a60ebe0a2b4d5a11179701e336b039"},"headline":"Congreso Mundial de Sordoceguera","datePublished":"2024-10-08T15:54:29+00:00","mainEntityOfPage":{"@id":"https:\/\/sindromecharge.es\/index.php\/2024\/10\/08\/index-php-111\/"},"wordCount":727,"image":{"@id":"https:\/\/sindromecharge.es\/index.php\/2024\/10\/08\/index-php-111\/#primaryimage"},"thumbnailUrl":"http:\/\/implantecoclear.org\/images\/stories\/fotos_noticias\/img_9813.jpg","articleSection":["noticias"],"inLanguage":"es"},{"@type":"WebPage","@id":"https:\/\/sindromecharge.es\/index.php\/2024\/10\/08\/index-php-111\/","url":"https:\/\/sindromecharge.es\/index.php\/2024\/10\/08\/index-php-111\/","name":"Congreso Mundial de Sordoceguera - Asociaci\u00f3n Espa\u00f1ola S\u00edndrome de Charge","isPartOf":{"@id":"https:\/\/sindromecharge.es\/#website"},"primaryImageOfPage":{"@id":"https:\/\/sindromecharge.es\/index.php\/2024\/10\/08\/index-php-111\/#primaryimage"},"image":{"@id":"https:\/\/sindromecharge.es\/index.php\/2024\/10\/08\/index-php-111\/#primaryimage"},"thumbnailUrl":"http:\/\/implantecoclear.org\/images\/stories\/fotos_noticias\/img_9813.jpg","datePublished":"2024-10-08T15:54:29+00:00","author":{"@id":"https:\/\/sindromecharge.es\/#\/schema\/person\/39a60ebe0a2b4d5a11179701e336b039"},"breadcrumb":{"@id":"https:\/\/sindromecharge.es\/index.php\/2024\/10\/08\/index-php-111\/#breadcrumb"},"inLanguage":"es","potentialAction":[{"@type":"ReadAction","target":["https:\/\/sindromecharge.es\/index.php\/2024\/10\/08\/index-php-111\/"]}]},{"@type":"ImageObject","inLanguage":"es","@id":"https:\/\/sindromecharge.es\/index.php\/2024\/10\/08\/index-php-111\/#primaryimage","url":"http:\/\/implantecoclear.org\/images\/stories\/fotos_noticias\/img_9813.jpg","contentUrl":"http:\/\/implantecoclear.org\/images\/stories\/fotos_noticias\/img_9813.jpg"},{"@type":"BreadcrumbList","@id":"https:\/\/sindromecharge.es\/index.php\/2024\/10\/08\/index-php-111\/#breadcrumb","itemListElement":[{"@type":"ListItem","position":1,"name":"Portada","item":"https:\/\/sindromecharge.es\/"},{"@type":"ListItem","position":2,"name":"Congreso Mundial de Sordoceguera"}]},{"@type":"WebSite","@id":"https:\/\/sindromecharge.es\/#website","url":"https:\/\/sindromecharge.es\/","name":"Asociaci\u00f3n Espa\u00f1ola S\u00edndrome de Charge","description":"","potentialAction":[{"@type":"SearchAction","target":{"@type":"EntryPoint","urlTemplate":"https:\/\/sindromecharge.es\/?s={search_term_string}"},"query-input":{"@type":"PropertyValueSpecification","valueRequired":true,"valueName":"search_term_string"}}],"inLanguage":"es"},{"@type":"Person","@id":"https:\/\/sindromecharge.es\/#\/schema\/person\/39a60ebe0a2b4d5a11179701e336b039","name":"Charge","image":{"@type":"ImageObject","inLanguage":"es","@id":"https:\/\/secure.gravatar.com\/avatar\/c3b46e32a0fc3b093a0873fb767bf3293de856293065e84ef06b7ec7a8acfb98?s=96&d=identicon&r=x","url":"https:\/\/secure.gravatar.com\/avatar\/c3b46e32a0fc3b093a0873fb767bf3293de856293065e84ef06b7ec7a8acfb98?s=96&d=identicon&r=x","contentUrl":"https:\/\/secure.gravatar.com\/avatar\/c3b46e32a0fc3b093a0873fb767bf3293de856293065e84ef06b7ec7a8acfb98?s=96&d=identicon&r=x","caption":"Charge"},"url":"https:\/\/sindromecharge.es\/index.php\/author\/admin\/"}]}},"_links":{"self":[{"href":"https:\/\/sindromecharge.es\/index.php\/wp-json\/wp\/v2\/posts\/10426","targetHints":{"allow":["GET"]}}],"collection":[{"href":"https:\/\/sindromecharge.es\/index.php\/wp-json\/wp\/v2\/posts"}],"about":[{"href":"https:\/\/sindromecharge.es\/index.php\/wp-json\/wp\/v2\/types\/post"}],"author":[{"embeddable":true,"href":"https:\/\/sindromecharge.es\/index.php\/wp-json\/wp\/v2\/users\/1"}],"replies":[{"embeddable":true,"href":"https:\/\/sindromecharge.es\/index.php\/wp-json\/wp\/v2\/comments?post=10426"}],"version-history":[{"count":0,"href":"https:\/\/sindromecharge.es\/index.php\/wp-json\/wp\/v2\/posts\/10426\/revisions"}],"wp:attachment":[{"href":"https:\/\/sindromecharge.es\/index.php\/wp-json\/wp\/v2\/media?parent=10426"}],"wp:term":[{"taxonomy":"category","embeddable":true,"href":"https:\/\/sindromecharge.es\/index.php\/wp-json\/wp\/v2\/categories?post=10426"},{"taxonomy":"post_tag","embeddable":true,"href":"https:\/\/sindromecharge.es\/index.php\/wp-json\/wp\/v2\/tags?post=10426"}],"curies":[{"name":"wp","href":"https:\/\/api.w.org\/{rel}","templated":true}]}}