{"id":10425,"date":"2024-10-08T15:30:27","date_gmt":"2024-10-08T15:30:27","guid":{"rendered":"https:\/\/sindromecharge.es\/index.php\/2024\/10\/08\/index-php-110\/"},"modified":"2024-10-08T15:30:27","modified_gmt":"2024-10-08T15:30:27","slug":"index-php-110","status":"publish","type":"post","link":"https:\/\/sindromecharge.es\/index.php\/2024\/10\/08\/index-php-110\/","title":{"rendered":"El Congreso acogi\u00f3 la presentaci\u00f3n de la plataforma Ser O\u00eddo&#8217; por un mejor acceso a los implantes cocleares para las personas mayores con p\u00e9rdida auditiva profunda"},"content":{"rendered":"<p>Leemos en Federaci\u00f3n de Asociaciones de Implantados Cocleares de Espa\u00f1a. Federaci\u00f3n AICE la siguiente noticia que os reproducimos de forma \u00edntegra: <\/p>\n<div>\n<p style=\"text-align: center;\"><img decoding=\"async\" src=\"http:\/\/implantecoclear.org\/images\/stories\/fotos_noticias\/congreso%20seroido2.jpg\"><\/p>\n<p>\u00a0<\/p>\n<p style=\"text-align: justify;\">La iniciativa &#8216;Ser O\u00eddo&#8217;, promovida por la Federaci\u00f3n AICE (Federaci\u00f3n Espa\u00f1ola de Asociaciones de Implantes Cocleares), apuesta por un futuro mejor para las personas mayores con p\u00e9rdida auditiva profunda. La plataforma, que se present\u00f3 el pasado 1 de octubre en el Congreso de los Diputados con cerca de 200 asistentes, entre ellos m\u00e1s de 100 implantados cocleares y sus familiares, pretende concienciar sobre la necesidad de construir un futuro m\u00e1s inclusivo, accesible y sostenible para las personas con p\u00e9rdida auditiva profunda, as\u00ed como mejorar el acceso a la implantaci\u00f3n coclear de la poblaci\u00f3n mayor.<\/p>\n<p style=\"text-align: justify;\">El acto cont\u00f3 con la intervenci\u00f3n de la responsable de audici\u00f3n de la OMS, Dra. Shelly Chadha, y una mesa redonda moderada por la periodista Ana Blanco, en la que participaron el Dr. Seraf\u00edn S\u00e1nchez, vicepresidente de SEORL (Sociedad Espa\u00f1ola de Otorrinolaringolog\u00eda), el Dr. Carlos Cenjor, otorrinolaring\u00f3logo y presidente del comit\u00e9 cient\u00edfico de GAES-Amplifon, e Inmaculada Soto, presidenta de la Federaci\u00f3n AICE. Al acto asistieron m\u00e1s de 100 usuarios de implantes cocleares de diferentes puntos de Espa\u00f1a, numerosos representantes del Congreso y Senado de todos los partidos pol\u00edticos, que se han comprometido a trasladar nuestras propuestas y consensuar c\u00f3mo llevarlas a cabo, as\u00ed como otorrinolaring\u00f3logos, audi\u00f3logos, enfermeros y logopedas.<\/p>\n<p style=\"text-align: justify;\">El acto celebrado con motivo del D\u00eda Mundial de las Personas de Edad fue cubierto por numerosos medios de comunicaci\u00f3n (prensa escrita y digital, radio y televisi\u00f3n), y ha tenido una gran repercusi\u00f3n en las redes sociales.<\/p>\n<p style=\"text-align: justify;\"><strong>Los retos de \u00abSer O\u00eddo\u00bb.<\/strong><\/p>\n<p style=\"text-align: justify;\">La iniciativa de la Federaci\u00f3n AICE, con la colaboraci\u00f3n de GAES-Amplifon, pretende contrarrestar estos factores que dificultan el acceso de las personas mayores a los implantes cocleares. Uno de sus objetivos es sensibilizar tanto a los profesionales sanitarios como a la sociedad para combatir el estigma asociado a la p\u00e9rdida de audici\u00f3n y su negaci\u00f3n. En la misma l\u00ednea, pretende promover la detecci\u00f3n precoz y el tratamiento con una financiaci\u00f3n sostenible que garantice un acceso m\u00e1s equitativo para todos los pacientes.<\/p>\n<p style=\"text-align: justify;\">Ya son 79 las organizaciones, entre ellas otras grandes asociaciones de pacientes, profesionales y sociedades m\u00e9dicas y cient\u00edficas, que han firmado el manifiesto \u00abSer O\u00eddo\u00bb. La plataforma tambi\u00e9n cuenta con un amplio apoyo popular, con m\u00e1s de 2.500 firmantes. \u00danete a nuestra reivindicaci\u00f3n <a href=\"https:\/\/www.seroido.org\/\">https:\/\/www.seroido.org\/<\/a><\/p>\n<p style=\"text-align: justify;\">\u00a0<\/p>\n<\/div>\n<p>Fuente: Federaci\u00f3n de Asociaciones de Implantados Cocleares de Espa\u00f1a. Federaci\u00f3n AICE http:\/\/implantecoclear.org\/index.php?option=com_content&#038;view=article&#038;id=730:congreso&#038;catid=1:latest-news<\/p>\n","protected":false},"excerpt":{"rendered":"<p>\u00a0 La iniciativa &#8216;Ser O\u00eddo&#8217;, promovida por la Federaci\u00f3n AICE (Federaci\u00f3n Espa\u00f1ola de Asociaciones de Implantes Cocleares), apuesta por un futuro mejor para las personas mayores con p\u00e9rdida auditiva profunda. La plataforma, que se present\u00f3 el pasado 1 de octubre en el Congreso de los Diputados con cerca de 200 asistentes, entre ellos m\u00e1s de [&hellip;]<\/p>\n","protected":false},"author":1,"featured_media":0,"comment_status":"closed","ping_status":"closed","sticky":false,"template":"","format":"standard","meta":{"footnotes":""},"categories":[8],"tags":[],"class_list":["post-10425","post","type-post","status-publish","format-standard","hentry","category-noticias"],"yoast_head":"<!-- This site is optimized with the Yoast SEO plugin v27.5 - https:\/\/yoast.com\/product\/yoast-seo-wordpress\/ -->\n<title>El Congreso acogi\u00f3 la presentaci\u00f3n de la plataforma Ser O\u00eddo&#039; por un mejor acceso a los implantes cocleares para las personas mayores con p\u00e9rdida auditiva profunda - Asociaci\u00f3n Espa\u00f1ola S\u00edndrome de Charge<\/title>\n<meta name=\"robots\" content=\"index, follow, max-snippet:-1, max-image-preview:large, max-video-preview:-1\" \/>\n<link rel=\"canonical\" href=\"https:\/\/sindromecharge.es\/index.php\/2024\/10\/08\/index-php-110\/\" \/>\n<meta property=\"og:locale\" content=\"es_ES\" \/>\n<meta property=\"og:type\" content=\"article\" \/>\n<meta property=\"og:title\" content=\"El Congreso acogi\u00f3 la presentaci\u00f3n de la plataforma Ser O\u00eddo&#039; por un mejor acceso a los implantes cocleares para las personas mayores con p\u00e9rdida auditiva profunda - Asociaci\u00f3n Espa\u00f1ola S\u00edndrome de Charge\" \/>\n<meta property=\"og:description\" content=\"\u00a0 La iniciativa &#8216;Ser O\u00eddo&#8217;, promovida por la Federaci\u00f3n AICE (Federaci\u00f3n Espa\u00f1ola de Asociaciones de Implantes Cocleares), apuesta por un futuro mejor para las personas mayores con p\u00e9rdida auditiva profunda. La plataforma, que se present\u00f3 el pasado 1 de octubre en el Congreso de los Diputados con cerca de 200 asistentes, entre ellos m\u00e1s de [&hellip;]\" \/>\n<meta property=\"og:url\" content=\"https:\/\/sindromecharge.es\/index.php\/2024\/10\/08\/index-php-110\/\" \/>\n<meta property=\"og:site_name\" content=\"Asociaci\u00f3n Espa\u00f1ola S\u00edndrome de Charge\" \/>\n<meta property=\"article:publisher\" content=\"https:\/\/www.facebook.com\/asociacionsindromecharge\" \/>\n<meta property=\"article:published_time\" content=\"2024-10-08T15:30:27+00:00\" \/>\n<meta property=\"og:image\" content=\"http:\/\/implantecoclear.org\/images\/stories\/fotos_noticias\/congreso%20seroido2.jpg\" \/>\n<meta name=\"author\" content=\"Charge\" \/>\n<meta name=\"twitter:card\" content=\"summary_large_image\" \/>\n<meta name=\"twitter:creator\" content=\"@sindromecharge\" \/>\n<meta name=\"twitter:site\" content=\"@sindromecharge\" \/>\n<meta name=\"twitter:label1\" content=\"Escrito por\" \/>\n\t<meta name=\"twitter:data1\" content=\"Charge\" \/>\n\t<meta name=\"twitter:label2\" content=\"Tiempo de lectura\" \/>\n\t<meta name=\"twitter:data2\" content=\"2 minutos\" \/>\n<script type=\"application\/ld+json\" class=\"yoast-schema-graph\">{\"@context\":\"https:\\\/\\\/schema.org\",\"@graph\":[{\"@type\":\"Article\",\"@id\":\"https:\\\/\\\/sindromecharge.es\\\/index.php\\\/2024\\\/10\\\/08\\\/index-php-110\\\/#article\",\"isPartOf\":{\"@id\":\"https:\\\/\\\/sindromecharge.es\\\/index.php\\\/2024\\\/10\\\/08\\\/index-php-110\\\/\"},\"author\":{\"name\":\"Charge\",\"@id\":\"https:\\\/\\\/sindromecharge.es\\\/#\\\/schema\\\/person\\\/39a60ebe0a2b4d5a11179701e336b039\"},\"headline\":\"El Congreso acogi\u00f3 la presentaci\u00f3n de la plataforma Ser O\u00eddo&#8217; por un mejor acceso a los implantes cocleares para las personas mayores con p\u00e9rdida auditiva profunda\",\"datePublished\":\"2024-10-08T15:30:27+00:00\",\"mainEntityOfPage\":{\"@id\":\"https:\\\/\\\/sindromecharge.es\\\/index.php\\\/2024\\\/10\\\/08\\\/index-php-110\\\/\"},\"wordCount\":493,\"image\":{\"@id\":\"https:\\\/\\\/sindromecharge.es\\\/index.php\\\/2024\\\/10\\\/08\\\/index-php-110\\\/#primaryimage\"},\"thumbnailUrl\":\"http:\\\/\\\/implantecoclear.org\\\/images\\\/stories\\\/fotos_noticias\\\/congreso%20seroido2.jpg\",\"articleSection\":[\"noticias\"],\"inLanguage\":\"es\"},{\"@type\":\"WebPage\",\"@id\":\"https:\\\/\\\/sindromecharge.es\\\/index.php\\\/2024\\\/10\\\/08\\\/index-php-110\\\/\",\"url\":\"https:\\\/\\\/sindromecharge.es\\\/index.php\\\/2024\\\/10\\\/08\\\/index-php-110\\\/\",\"name\":\"El Congreso acogi\u00f3 la presentaci\u00f3n de la plataforma Ser O\u00eddo' por un mejor acceso a los implantes cocleares para las personas mayores con p\u00e9rdida auditiva profunda - Asociaci\u00f3n Espa\u00f1ola S\u00edndrome de Charge\",\"isPartOf\":{\"@id\":\"https:\\\/\\\/sindromecharge.es\\\/#website\"},\"primaryImageOfPage\":{\"@id\":\"https:\\\/\\\/sindromecharge.es\\\/index.php\\\/2024\\\/10\\\/08\\\/index-php-110\\\/#primaryimage\"},\"image\":{\"@id\":\"https:\\\/\\\/sindromecharge.es\\\/index.php\\\/2024\\\/10\\\/08\\\/index-php-110\\\/#primaryimage\"},\"thumbnailUrl\":\"http:\\\/\\\/implantecoclear.org\\\/images\\\/stories\\\/fotos_noticias\\\/congreso%20seroido2.jpg\",\"datePublished\":\"2024-10-08T15:30:27+00:00\",\"author\":{\"@id\":\"https:\\\/\\\/sindromecharge.es\\\/#\\\/schema\\\/person\\\/39a60ebe0a2b4d5a11179701e336b039\"},\"breadcrumb\":{\"@id\":\"https:\\\/\\\/sindromecharge.es\\\/index.php\\\/2024\\\/10\\\/08\\\/index-php-110\\\/#breadcrumb\"},\"inLanguage\":\"es\",\"potentialAction\":[{\"@type\":\"ReadAction\",\"target\":[\"https:\\\/\\\/sindromecharge.es\\\/index.php\\\/2024\\\/10\\\/08\\\/index-php-110\\\/\"]}]},{\"@type\":\"ImageObject\",\"inLanguage\":\"es\",\"@id\":\"https:\\\/\\\/sindromecharge.es\\\/index.php\\\/2024\\\/10\\\/08\\\/index-php-110\\\/#primaryimage\",\"url\":\"http:\\\/\\\/implantecoclear.org\\\/images\\\/stories\\\/fotos_noticias\\\/congreso%20seroido2.jpg\",\"contentUrl\":\"http:\\\/\\\/implantecoclear.org\\\/images\\\/stories\\\/fotos_noticias\\\/congreso%20seroido2.jpg\"},{\"@type\":\"BreadcrumbList\",\"@id\":\"https:\\\/\\\/sindromecharge.es\\\/index.php\\\/2024\\\/10\\\/08\\\/index-php-110\\\/#breadcrumb\",\"itemListElement\":[{\"@type\":\"ListItem\",\"position\":1,\"name\":\"Portada\",\"item\":\"https:\\\/\\\/sindromecharge.es\\\/\"},{\"@type\":\"ListItem\",\"position\":2,\"name\":\"El Congreso acogi\u00f3 la presentaci\u00f3n de la plataforma Ser O\u00eddo&#8217; por un mejor acceso a los implantes cocleares para las personas mayores con p\u00e9rdida auditiva profunda\"}]},{\"@type\":\"WebSite\",\"@id\":\"https:\\\/\\\/sindromecharge.es\\\/#website\",\"url\":\"https:\\\/\\\/sindromecharge.es\\\/\",\"name\":\"Asociaci\u00f3n Espa\u00f1ola S\u00edndrome de Charge\",\"description\":\"\",\"potentialAction\":[{\"@type\":\"SearchAction\",\"target\":{\"@type\":\"EntryPoint\",\"urlTemplate\":\"https:\\\/\\\/sindromecharge.es\\\/?s={search_term_string}\"},\"query-input\":{\"@type\":\"PropertyValueSpecification\",\"valueRequired\":true,\"valueName\":\"search_term_string\"}}],\"inLanguage\":\"es\"},{\"@type\":\"Person\",\"@id\":\"https:\\\/\\\/sindromecharge.es\\\/#\\\/schema\\\/person\\\/39a60ebe0a2b4d5a11179701e336b039\",\"name\":\"Charge\",\"image\":{\"@type\":\"ImageObject\",\"inLanguage\":\"es\",\"@id\":\"https:\\\/\\\/secure.gravatar.com\\\/avatar\\\/c3b46e32a0fc3b093a0873fb767bf3293de856293065e84ef06b7ec7a8acfb98?s=96&d=identicon&r=x\",\"url\":\"https:\\\/\\\/secure.gravatar.com\\\/avatar\\\/c3b46e32a0fc3b093a0873fb767bf3293de856293065e84ef06b7ec7a8acfb98?s=96&d=identicon&r=x\",\"contentUrl\":\"https:\\\/\\\/secure.gravatar.com\\\/avatar\\\/c3b46e32a0fc3b093a0873fb767bf3293de856293065e84ef06b7ec7a8acfb98?s=96&d=identicon&r=x\",\"caption\":\"Charge\"},\"url\":\"https:\\\/\\\/sindromecharge.es\\\/index.php\\\/author\\\/admin\\\/\"}]}<\/script>\n<!-- \/ Yoast SEO plugin. -->","yoast_head_json":{"title":"El Congreso acogi\u00f3 la presentaci\u00f3n de la plataforma Ser O\u00eddo' por un mejor acceso a los implantes cocleares para las personas mayores con p\u00e9rdida auditiva profunda - Asociaci\u00f3n Espa\u00f1ola S\u00edndrome de Charge","robots":{"index":"index","follow":"follow","max-snippet":"max-snippet:-1","max-image-preview":"max-image-preview:large","max-video-preview":"max-video-preview:-1"},"canonical":"https:\/\/sindromecharge.es\/index.php\/2024\/10\/08\/index-php-110\/","og_locale":"es_ES","og_type":"article","og_title":"El Congreso acogi\u00f3 la presentaci\u00f3n de la plataforma Ser O\u00eddo' por un mejor acceso a los implantes cocleares para las personas mayores con p\u00e9rdida auditiva profunda - Asociaci\u00f3n Espa\u00f1ola S\u00edndrome de Charge","og_description":"\u00a0 La iniciativa &#8216;Ser O\u00eddo&#8217;, promovida por la Federaci\u00f3n AICE (Federaci\u00f3n Espa\u00f1ola de Asociaciones de Implantes Cocleares), apuesta por un futuro mejor para las personas mayores con p\u00e9rdida auditiva profunda. La plataforma, que se present\u00f3 el pasado 1 de octubre en el Congreso de los Diputados con cerca de 200 asistentes, entre ellos m\u00e1s de [&hellip;]","og_url":"https:\/\/sindromecharge.es\/index.php\/2024\/10\/08\/index-php-110\/","og_site_name":"Asociaci\u00f3n Espa\u00f1ola S\u00edndrome de Charge","article_publisher":"https:\/\/www.facebook.com\/asociacionsindromecharge","article_published_time":"2024-10-08T15:30:27+00:00","og_image":[{"url":"http:\/\/implantecoclear.org\/images\/stories\/fotos_noticias\/congreso%20seroido2.jpg","type":"","width":"","height":""}],"author":"Charge","twitter_card":"summary_large_image","twitter_creator":"@sindromecharge","twitter_site":"@sindromecharge","twitter_misc":{"Escrito por":"Charge","Tiempo de lectura":"2 minutos"},"schema":{"@context":"https:\/\/schema.org","@graph":[{"@type":"Article","@id":"https:\/\/sindromecharge.es\/index.php\/2024\/10\/08\/index-php-110\/#article","isPartOf":{"@id":"https:\/\/sindromecharge.es\/index.php\/2024\/10\/08\/index-php-110\/"},"author":{"name":"Charge","@id":"https:\/\/sindromecharge.es\/#\/schema\/person\/39a60ebe0a2b4d5a11179701e336b039"},"headline":"El Congreso acogi\u00f3 la presentaci\u00f3n de la plataforma Ser O\u00eddo&#8217; por un mejor acceso a los implantes cocleares para las personas mayores con p\u00e9rdida auditiva profunda","datePublished":"2024-10-08T15:30:27+00:00","mainEntityOfPage":{"@id":"https:\/\/sindromecharge.es\/index.php\/2024\/10\/08\/index-php-110\/"},"wordCount":493,"image":{"@id":"https:\/\/sindromecharge.es\/index.php\/2024\/10\/08\/index-php-110\/#primaryimage"},"thumbnailUrl":"http:\/\/implantecoclear.org\/images\/stories\/fotos_noticias\/congreso%20seroido2.jpg","articleSection":["noticias"],"inLanguage":"es"},{"@type":"WebPage","@id":"https:\/\/sindromecharge.es\/index.php\/2024\/10\/08\/index-php-110\/","url":"https:\/\/sindromecharge.es\/index.php\/2024\/10\/08\/index-php-110\/","name":"El Congreso acogi\u00f3 la presentaci\u00f3n de la plataforma Ser O\u00eddo' por un mejor acceso a los implantes cocleares para las personas mayores con p\u00e9rdida auditiva profunda - Asociaci\u00f3n Espa\u00f1ola S\u00edndrome de Charge","isPartOf":{"@id":"https:\/\/sindromecharge.es\/#website"},"primaryImageOfPage":{"@id":"https:\/\/sindromecharge.es\/index.php\/2024\/10\/08\/index-php-110\/#primaryimage"},"image":{"@id":"https:\/\/sindromecharge.es\/index.php\/2024\/10\/08\/index-php-110\/#primaryimage"},"thumbnailUrl":"http:\/\/implantecoclear.org\/images\/stories\/fotos_noticias\/congreso%20seroido2.jpg","datePublished":"2024-10-08T15:30:27+00:00","author":{"@id":"https:\/\/sindromecharge.es\/#\/schema\/person\/39a60ebe0a2b4d5a11179701e336b039"},"breadcrumb":{"@id":"https:\/\/sindromecharge.es\/index.php\/2024\/10\/08\/index-php-110\/#breadcrumb"},"inLanguage":"es","potentialAction":[{"@type":"ReadAction","target":["https:\/\/sindromecharge.es\/index.php\/2024\/10\/08\/index-php-110\/"]}]},{"@type":"ImageObject","inLanguage":"es","@id":"https:\/\/sindromecharge.es\/index.php\/2024\/10\/08\/index-php-110\/#primaryimage","url":"http:\/\/implantecoclear.org\/images\/stories\/fotos_noticias\/congreso%20seroido2.jpg","contentUrl":"http:\/\/implantecoclear.org\/images\/stories\/fotos_noticias\/congreso%20seroido2.jpg"},{"@type":"BreadcrumbList","@id":"https:\/\/sindromecharge.es\/index.php\/2024\/10\/08\/index-php-110\/#breadcrumb","itemListElement":[{"@type":"ListItem","position":1,"name":"Portada","item":"https:\/\/sindromecharge.es\/"},{"@type":"ListItem","position":2,"name":"El Congreso acogi\u00f3 la presentaci\u00f3n de la plataforma Ser O\u00eddo&#8217; por un mejor acceso a los implantes cocleares para las personas mayores con p\u00e9rdida auditiva profunda"}]},{"@type":"WebSite","@id":"https:\/\/sindromecharge.es\/#website","url":"https:\/\/sindromecharge.es\/","name":"Asociaci\u00f3n Espa\u00f1ola S\u00edndrome de Charge","description":"","potentialAction":[{"@type":"SearchAction","target":{"@type":"EntryPoint","urlTemplate":"https:\/\/sindromecharge.es\/?s={search_term_string}"},"query-input":{"@type":"PropertyValueSpecification","valueRequired":true,"valueName":"search_term_string"}}],"inLanguage":"es"},{"@type":"Person","@id":"https:\/\/sindromecharge.es\/#\/schema\/person\/39a60ebe0a2b4d5a11179701e336b039","name":"Charge","image":{"@type":"ImageObject","inLanguage":"es","@id":"https:\/\/secure.gravatar.com\/avatar\/c3b46e32a0fc3b093a0873fb767bf3293de856293065e84ef06b7ec7a8acfb98?s=96&d=identicon&r=x","url":"https:\/\/secure.gravatar.com\/avatar\/c3b46e32a0fc3b093a0873fb767bf3293de856293065e84ef06b7ec7a8acfb98?s=96&d=identicon&r=x","contentUrl":"https:\/\/secure.gravatar.com\/avatar\/c3b46e32a0fc3b093a0873fb767bf3293de856293065e84ef06b7ec7a8acfb98?s=96&d=identicon&r=x","caption":"Charge"},"url":"https:\/\/sindromecharge.es\/index.php\/author\/admin\/"}]}},"_links":{"self":[{"href":"https:\/\/sindromecharge.es\/index.php\/wp-json\/wp\/v2\/posts\/10425","targetHints":{"allow":["GET"]}}],"collection":[{"href":"https:\/\/sindromecharge.es\/index.php\/wp-json\/wp\/v2\/posts"}],"about":[{"href":"https:\/\/sindromecharge.es\/index.php\/wp-json\/wp\/v2\/types\/post"}],"author":[{"embeddable":true,"href":"https:\/\/sindromecharge.es\/index.php\/wp-json\/wp\/v2\/users\/1"}],"replies":[{"embeddable":true,"href":"https:\/\/sindromecharge.es\/index.php\/wp-json\/wp\/v2\/comments?post=10425"}],"version-history":[{"count":0,"href":"https:\/\/sindromecharge.es\/index.php\/wp-json\/wp\/v2\/posts\/10425\/revisions"}],"wp:attachment":[{"href":"https:\/\/sindromecharge.es\/index.php\/wp-json\/wp\/v2\/media?parent=10425"}],"wp:term":[{"taxonomy":"category","embeddable":true,"href":"https:\/\/sindromecharge.es\/index.php\/wp-json\/wp\/v2\/categories?post=10425"},{"taxonomy":"post_tag","embeddable":true,"href":"https:\/\/sindromecharge.es\/index.php\/wp-json\/wp\/v2\/tags?post=10425"}],"curies":[{"name":"wp","href":"https:\/\/api.w.org\/{rel}","templated":true}]}}