{"id":10420,"date":"2024-10-08T05:21:21","date_gmt":"2024-10-08T05:21:21","guid":{"rendered":"https:\/\/sindromecharge.es\/index.php\/2024\/10\/08\/isabel-gemio-mi-hijo-es-mi-motor-mi-maestro-los-peores-momentos-es-el-quien-mantiene-calma\/"},"modified":"2024-10-08T05:21:21","modified_gmt":"2024-10-08T05:21:21","slug":"isabel-gemio-mi-hijo-es-mi-motor-mi-maestro-los-peores-momentos-es-el-quien-mantiene-calma","status":"publish","type":"post","link":"https:\/\/sindromecharge.es\/index.php\/2024\/10\/08\/isabel-gemio-mi-hijo-es-mi-motor-mi-maestro-los-peores-momentos-es-el-quien-mantiene-calma\/","title":{"rendered":"Isabel Gemio: \u00abMi hijo es mi motor y mi maestro. En los peores momentos, es \u00e9l quien mantiene la calma\u00bb"},"content":{"rendered":"<p>Leemos en Discapacidad la siguiente noticia que os reproducimos de forma \u00edntegra: <\/p>\n<div>\n<p><a href=\"https:\/\/www.20minutos.es\/minuteca\/isabel-gemio\/\" title=\"Isabel Gemio\" target=\"_blank\" rel=\"noopener\">Isabel Gemio<\/a> recibi\u00f3 la peor noticia de su vida hace 25 a\u00f1os, cuando le dijeron que su hijo mayor, Gustavo, ten\u00eda una <a href=\"https:\/\/www.20minutos.es\/salud\/minuteca\/enfermedades-raras\/\" title=\"Enfermedades raras\" target=\"_blank\" rel=\"noopener\">enfermedad rara<\/a>, incurable y degenerativa: <a href=\"https:\/\/www.20minutos.es\/minuteca\/distrofia-muscular-de-duchenne\/\" title=\"Distrofia muscular de Duchenne\" target=\"_blank\" rel=\"noopener\">distrofia muscular de Duchenne<\/a>. Ella siempre cuenta que los primeros a\u00f1os estaba \u2018noqueada\u2019 y que era casi incapaz de hablar de ello en p\u00fablico. Hasta que un d\u00eda \u2018despert\u00f3\u2019 y decidi\u00f3 pasar a la acci\u00f3n. <\/p>\n<p>No solo empez\u00f3 a hablar de ello en p\u00fablico, sino que cre\u00f3 la fundaci\u00f3n que lleva su nombre y con la que se han propuesto <b>apoyar a la ciencia para encontrar tratamientos<\/b> que ayuden a mejorar, no solo la vida de su hijo, sino la de millones de personas que viven con enfermedades similares. Porque, como afirma la propia Isabel, \u00abcuando creas una fundaci\u00f3n, trasciendes tu propia historia\u00bb. <\/p>\n<h1>Queremos impulsar un proyecto para ayudar a buscar tecnolog\u00eda que, con inteligencia artificial, pueda mejorar la calidad de vida de las personas muy dependientes<\/h1>\n<h1>Yo he reconocido muchas veces que tard\u00e9 mucho en reaccionar, me qued\u00e9 anulada personal y emocionalmente mucho tiempo<\/h1>\n<h1> No entiendo c\u00f3mo la sociedad no es m\u00e1s consciente de la realidad que viven estas familias<\/h1>\n<\/div>\n<p>Fuente: Discapacidad https:\/\/www.20minutos.es\/noticia\/5640781\/0\/isabel-gemio-mi-hijo-es-mi-motor-mi-maestro-los-peores-momentos-es-el-quien-mantiene-calma\/<\/p>\n","protected":false},"excerpt":{"rendered":"<p>Gustavo, de 27 a\u00f1os, tiene distrofia muscular de Duchenne, una enfermedad gen\u00e9tica, poco frecuente y neurodegenerativa.<\/p>\n","protected":false},"author":1,"featured_media":0,"comment_status":"closed","ping_status":"closed","sticky":false,"template":"","format":"standard","meta":{"footnotes":""},"categories":[8],"tags":[],"class_list":["post-10420","post","type-post","status-publish","format-standard","hentry","category-noticias"],"yoast_head":"<!-- This site is optimized with the Yoast SEO plugin v27.5 - https:\/\/yoast.com\/product\/yoast-seo-wordpress\/ -->\n<title>Isabel Gemio: &quot;Mi hijo es mi motor y mi maestro. En los peores momentos, es \u00e9l quien mantiene la calma&quot; - Asociaci\u00f3n Espa\u00f1ola S\u00edndrome de Charge<\/title>\n<meta name=\"robots\" content=\"index, follow, max-snippet:-1, max-image-preview:large, max-video-preview:-1\" \/>\n<link rel=\"canonical\" href=\"https:\/\/sindromecharge.es\/index.php\/2024\/10\/08\/isabel-gemio-mi-hijo-es-mi-motor-mi-maestro-los-peores-momentos-es-el-quien-mantiene-calma\/\" \/>\n<meta property=\"og:locale\" content=\"es_ES\" \/>\n<meta property=\"og:type\" content=\"article\" \/>\n<meta property=\"og:title\" content=\"Isabel Gemio: &quot;Mi hijo es mi motor y mi maestro. En los peores momentos, es \u00e9l quien mantiene la calma&quot; - Asociaci\u00f3n Espa\u00f1ola S\u00edndrome de Charge\" \/>\n<meta property=\"og:description\" content=\"Gustavo, de 27 a\u00f1os, tiene distrofia muscular de Duchenne, una enfermedad gen\u00e9tica, poco frecuente y neurodegenerativa.\" \/>\n<meta property=\"og:url\" content=\"https:\/\/sindromecharge.es\/index.php\/2024\/10\/08\/isabel-gemio-mi-hijo-es-mi-motor-mi-maestro-los-peores-momentos-es-el-quien-mantiene-calma\/\" \/>\n<meta property=\"og:site_name\" content=\"Asociaci\u00f3n Espa\u00f1ola S\u00edndrome de Charge\" \/>\n<meta property=\"article:publisher\" content=\"https:\/\/www.facebook.com\/asociacionsindromecharge\" \/>\n<meta property=\"article:published_time\" content=\"2024-10-08T05:21:21+00:00\" \/>\n<meta property=\"og:image\" content=\"https:\/\/sindromecharge.es\/wp-content\/uploads\/2013\/09\/logodecharge300x98.png\" \/>\n\t<meta property=\"og:image:width\" content=\"300\" \/>\n\t<meta property=\"og:image:height\" content=\"98\" \/>\n\t<meta property=\"og:image:type\" content=\"image\/png\" \/>\n<meta name=\"author\" content=\"Charge\" \/>\n<meta name=\"twitter:card\" content=\"summary_large_image\" \/>\n<meta name=\"twitter:creator\" content=\"@sindromecharge\" \/>\n<meta name=\"twitter:site\" content=\"@sindromecharge\" \/>\n<meta name=\"twitter:label1\" content=\"Escrito por\" \/>\n\t<meta name=\"twitter:data1\" content=\"Charge\" \/>\n\t<meta name=\"twitter:label2\" content=\"Tiempo de lectura\" \/>\n\t<meta name=\"twitter:data2\" content=\"1 minuto\" \/>\n<script type=\"application\/ld+json\" class=\"yoast-schema-graph\">{\"@context\":\"https:\\\/\\\/schema.org\",\"@graph\":[{\"@type\":\"Article\",\"@id\":\"https:\\\/\\\/sindromecharge.es\\\/index.php\\\/2024\\\/10\\\/08\\\/isabel-gemio-mi-hijo-es-mi-motor-mi-maestro-los-peores-momentos-es-el-quien-mantiene-calma\\\/#article\",\"isPartOf\":{\"@id\":\"https:\\\/\\\/sindromecharge.es\\\/index.php\\\/2024\\\/10\\\/08\\\/isabel-gemio-mi-hijo-es-mi-motor-mi-maestro-los-peores-momentos-es-el-quien-mantiene-calma\\\/\"},\"author\":{\"name\":\"Charge\",\"@id\":\"https:\\\/\\\/sindromecharge.es\\\/#\\\/schema\\\/person\\\/39a60ebe0a2b4d5a11179701e336b039\"},\"headline\":\"Isabel Gemio: \u00abMi hijo es mi motor y mi maestro. En los peores momentos, es \u00e9l quien mantiene la calma\u00bb\",\"datePublished\":\"2024-10-08T05:21:21+00:00\",\"mainEntityOfPage\":{\"@id\":\"https:\\\/\\\/sindromecharge.es\\\/index.php\\\/2024\\\/10\\\/08\\\/isabel-gemio-mi-hijo-es-mi-motor-mi-maestro-los-peores-momentos-es-el-quien-mantiene-calma\\\/\"},\"wordCount\":239,\"articleSection\":[\"noticias\"],\"inLanguage\":\"es\"},{\"@type\":\"WebPage\",\"@id\":\"https:\\\/\\\/sindromecharge.es\\\/index.php\\\/2024\\\/10\\\/08\\\/isabel-gemio-mi-hijo-es-mi-motor-mi-maestro-los-peores-momentos-es-el-quien-mantiene-calma\\\/\",\"url\":\"https:\\\/\\\/sindromecharge.es\\\/index.php\\\/2024\\\/10\\\/08\\\/isabel-gemio-mi-hijo-es-mi-motor-mi-maestro-los-peores-momentos-es-el-quien-mantiene-calma\\\/\",\"name\":\"Isabel Gemio: \\\"Mi hijo es mi motor y mi maestro. En los peores momentos, es \u00e9l quien mantiene la calma\\\" - Asociaci\u00f3n Espa\u00f1ola S\u00edndrome de Charge\",\"isPartOf\":{\"@id\":\"https:\\\/\\\/sindromecharge.es\\\/#website\"},\"datePublished\":\"2024-10-08T05:21:21+00:00\",\"author\":{\"@id\":\"https:\\\/\\\/sindromecharge.es\\\/#\\\/schema\\\/person\\\/39a60ebe0a2b4d5a11179701e336b039\"},\"breadcrumb\":{\"@id\":\"https:\\\/\\\/sindromecharge.es\\\/index.php\\\/2024\\\/10\\\/08\\\/isabel-gemio-mi-hijo-es-mi-motor-mi-maestro-los-peores-momentos-es-el-quien-mantiene-calma\\\/#breadcrumb\"},\"inLanguage\":\"es\",\"potentialAction\":[{\"@type\":\"ReadAction\",\"target\":[\"https:\\\/\\\/sindromecharge.es\\\/index.php\\\/2024\\\/10\\\/08\\\/isabel-gemio-mi-hijo-es-mi-motor-mi-maestro-los-peores-momentos-es-el-quien-mantiene-calma\\\/\"]}]},{\"@type\":\"BreadcrumbList\",\"@id\":\"https:\\\/\\\/sindromecharge.es\\\/index.php\\\/2024\\\/10\\\/08\\\/isabel-gemio-mi-hijo-es-mi-motor-mi-maestro-los-peores-momentos-es-el-quien-mantiene-calma\\\/#breadcrumb\",\"itemListElement\":[{\"@type\":\"ListItem\",\"position\":1,\"name\":\"Portada\",\"item\":\"https:\\\/\\\/sindromecharge.es\\\/\"},{\"@type\":\"ListItem\",\"position\":2,\"name\":\"Isabel Gemio: &#8220;Mi hijo es mi motor y mi maestro. En los peores momentos, es \u00e9l quien mantiene la calma&#8221;\"}]},{\"@type\":\"WebSite\",\"@id\":\"https:\\\/\\\/sindromecharge.es\\\/#website\",\"url\":\"https:\\\/\\\/sindromecharge.es\\\/\",\"name\":\"Asociaci\u00f3n Espa\u00f1ola S\u00edndrome de Charge\",\"description\":\"\",\"potentialAction\":[{\"@type\":\"SearchAction\",\"target\":{\"@type\":\"EntryPoint\",\"urlTemplate\":\"https:\\\/\\\/sindromecharge.es\\\/?s={search_term_string}\"},\"query-input\":{\"@type\":\"PropertyValueSpecification\",\"valueRequired\":true,\"valueName\":\"search_term_string\"}}],\"inLanguage\":\"es\"},{\"@type\":\"Person\",\"@id\":\"https:\\\/\\\/sindromecharge.es\\\/#\\\/schema\\\/person\\\/39a60ebe0a2b4d5a11179701e336b039\",\"name\":\"Charge\",\"image\":{\"@type\":\"ImageObject\",\"inLanguage\":\"es\",\"@id\":\"https:\\\/\\\/secure.gravatar.com\\\/avatar\\\/c3b46e32a0fc3b093a0873fb767bf3293de856293065e84ef06b7ec7a8acfb98?s=96&d=identicon&r=x\",\"url\":\"https:\\\/\\\/secure.gravatar.com\\\/avatar\\\/c3b46e32a0fc3b093a0873fb767bf3293de856293065e84ef06b7ec7a8acfb98?s=96&d=identicon&r=x\",\"contentUrl\":\"https:\\\/\\\/secure.gravatar.com\\\/avatar\\\/c3b46e32a0fc3b093a0873fb767bf3293de856293065e84ef06b7ec7a8acfb98?s=96&d=identicon&r=x\",\"caption\":\"Charge\"},\"url\":\"https:\\\/\\\/sindromecharge.es\\\/index.php\\\/author\\\/admin\\\/\"}]}<\/script>\n<!-- \/ Yoast SEO plugin. -->","yoast_head_json":{"title":"Isabel Gemio: \"Mi hijo es mi motor y mi maestro. En los peores momentos, es \u00e9l quien mantiene la calma\" - Asociaci\u00f3n Espa\u00f1ola S\u00edndrome de Charge","robots":{"index":"index","follow":"follow","max-snippet":"max-snippet:-1","max-image-preview":"max-image-preview:large","max-video-preview":"max-video-preview:-1"},"canonical":"https:\/\/sindromecharge.es\/index.php\/2024\/10\/08\/isabel-gemio-mi-hijo-es-mi-motor-mi-maestro-los-peores-momentos-es-el-quien-mantiene-calma\/","og_locale":"es_ES","og_type":"article","og_title":"Isabel Gemio: \"Mi hijo es mi motor y mi maestro. En los peores momentos, es \u00e9l quien mantiene la calma\" - Asociaci\u00f3n Espa\u00f1ola S\u00edndrome de Charge","og_description":"Gustavo, de 27 a\u00f1os, tiene distrofia muscular de Duchenne, una enfermedad gen\u00e9tica, poco frecuente y neurodegenerativa.","og_url":"https:\/\/sindromecharge.es\/index.php\/2024\/10\/08\/isabel-gemio-mi-hijo-es-mi-motor-mi-maestro-los-peores-momentos-es-el-quien-mantiene-calma\/","og_site_name":"Asociaci\u00f3n Espa\u00f1ola S\u00edndrome de Charge","article_publisher":"https:\/\/www.facebook.com\/asociacionsindromecharge","article_published_time":"2024-10-08T05:21:21+00:00","og_image":[{"width":300,"height":98,"url":"https:\/\/sindromecharge.es\/wp-content\/uploads\/2013\/09\/logodecharge300x98.png","type":"image\/png"}],"author":"Charge","twitter_card":"summary_large_image","twitter_creator":"@sindromecharge","twitter_site":"@sindromecharge","twitter_misc":{"Escrito por":"Charge","Tiempo de lectura":"1 minuto"},"schema":{"@context":"https:\/\/schema.org","@graph":[{"@type":"Article","@id":"https:\/\/sindromecharge.es\/index.php\/2024\/10\/08\/isabel-gemio-mi-hijo-es-mi-motor-mi-maestro-los-peores-momentos-es-el-quien-mantiene-calma\/#article","isPartOf":{"@id":"https:\/\/sindromecharge.es\/index.php\/2024\/10\/08\/isabel-gemio-mi-hijo-es-mi-motor-mi-maestro-los-peores-momentos-es-el-quien-mantiene-calma\/"},"author":{"name":"Charge","@id":"https:\/\/sindromecharge.es\/#\/schema\/person\/39a60ebe0a2b4d5a11179701e336b039"},"headline":"Isabel Gemio: \u00abMi hijo es mi motor y mi maestro. En los peores momentos, es \u00e9l quien mantiene la calma\u00bb","datePublished":"2024-10-08T05:21:21+00:00","mainEntityOfPage":{"@id":"https:\/\/sindromecharge.es\/index.php\/2024\/10\/08\/isabel-gemio-mi-hijo-es-mi-motor-mi-maestro-los-peores-momentos-es-el-quien-mantiene-calma\/"},"wordCount":239,"articleSection":["noticias"],"inLanguage":"es"},{"@type":"WebPage","@id":"https:\/\/sindromecharge.es\/index.php\/2024\/10\/08\/isabel-gemio-mi-hijo-es-mi-motor-mi-maestro-los-peores-momentos-es-el-quien-mantiene-calma\/","url":"https:\/\/sindromecharge.es\/index.php\/2024\/10\/08\/isabel-gemio-mi-hijo-es-mi-motor-mi-maestro-los-peores-momentos-es-el-quien-mantiene-calma\/","name":"Isabel Gemio: \"Mi hijo es mi motor y mi maestro. En los peores momentos, es \u00e9l quien mantiene la calma\" - Asociaci\u00f3n Espa\u00f1ola S\u00edndrome de Charge","isPartOf":{"@id":"https:\/\/sindromecharge.es\/#website"},"datePublished":"2024-10-08T05:21:21+00:00","author":{"@id":"https:\/\/sindromecharge.es\/#\/schema\/person\/39a60ebe0a2b4d5a11179701e336b039"},"breadcrumb":{"@id":"https:\/\/sindromecharge.es\/index.php\/2024\/10\/08\/isabel-gemio-mi-hijo-es-mi-motor-mi-maestro-los-peores-momentos-es-el-quien-mantiene-calma\/#breadcrumb"},"inLanguage":"es","potentialAction":[{"@type":"ReadAction","target":["https:\/\/sindromecharge.es\/index.php\/2024\/10\/08\/isabel-gemio-mi-hijo-es-mi-motor-mi-maestro-los-peores-momentos-es-el-quien-mantiene-calma\/"]}]},{"@type":"BreadcrumbList","@id":"https:\/\/sindromecharge.es\/index.php\/2024\/10\/08\/isabel-gemio-mi-hijo-es-mi-motor-mi-maestro-los-peores-momentos-es-el-quien-mantiene-calma\/#breadcrumb","itemListElement":[{"@type":"ListItem","position":1,"name":"Portada","item":"https:\/\/sindromecharge.es\/"},{"@type":"ListItem","position":2,"name":"Isabel Gemio: &#8220;Mi hijo es mi motor y mi maestro. En los peores momentos, es \u00e9l quien mantiene la calma&#8221;"}]},{"@type":"WebSite","@id":"https:\/\/sindromecharge.es\/#website","url":"https:\/\/sindromecharge.es\/","name":"Asociaci\u00f3n Espa\u00f1ola S\u00edndrome de Charge","description":"","potentialAction":[{"@type":"SearchAction","target":{"@type":"EntryPoint","urlTemplate":"https:\/\/sindromecharge.es\/?s={search_term_string}"},"query-input":{"@type":"PropertyValueSpecification","valueRequired":true,"valueName":"search_term_string"}}],"inLanguage":"es"},{"@type":"Person","@id":"https:\/\/sindromecharge.es\/#\/schema\/person\/39a60ebe0a2b4d5a11179701e336b039","name":"Charge","image":{"@type":"ImageObject","inLanguage":"es","@id":"https:\/\/secure.gravatar.com\/avatar\/c3b46e32a0fc3b093a0873fb767bf3293de856293065e84ef06b7ec7a8acfb98?s=96&d=identicon&r=x","url":"https:\/\/secure.gravatar.com\/avatar\/c3b46e32a0fc3b093a0873fb767bf3293de856293065e84ef06b7ec7a8acfb98?s=96&d=identicon&r=x","contentUrl":"https:\/\/secure.gravatar.com\/avatar\/c3b46e32a0fc3b093a0873fb767bf3293de856293065e84ef06b7ec7a8acfb98?s=96&d=identicon&r=x","caption":"Charge"},"url":"https:\/\/sindromecharge.es\/index.php\/author\/admin\/"}]}},"_links":{"self":[{"href":"https:\/\/sindromecharge.es\/index.php\/wp-json\/wp\/v2\/posts\/10420","targetHints":{"allow":["GET"]}}],"collection":[{"href":"https:\/\/sindromecharge.es\/index.php\/wp-json\/wp\/v2\/posts"}],"about":[{"href":"https:\/\/sindromecharge.es\/index.php\/wp-json\/wp\/v2\/types\/post"}],"author":[{"embeddable":true,"href":"https:\/\/sindromecharge.es\/index.php\/wp-json\/wp\/v2\/users\/1"}],"replies":[{"embeddable":true,"href":"https:\/\/sindromecharge.es\/index.php\/wp-json\/wp\/v2\/comments?post=10420"}],"version-history":[{"count":0,"href":"https:\/\/sindromecharge.es\/index.php\/wp-json\/wp\/v2\/posts\/10420\/revisions"}],"wp:attachment":[{"href":"https:\/\/sindromecharge.es\/index.php\/wp-json\/wp\/v2\/media?parent=10420"}],"wp:term":[{"taxonomy":"category","embeddable":true,"href":"https:\/\/sindromecharge.es\/index.php\/wp-json\/wp\/v2\/categories?post=10420"},{"taxonomy":"post_tag","embeddable":true,"href":"https:\/\/sindromecharge.es\/index.php\/wp-json\/wp\/v2\/tags?post=10420"}],"curies":[{"name":"wp","href":"https:\/\/api.w.org\/{rel}","templated":true}]}}