{"id":10419,"date":"2024-10-08T10:24:51","date_gmt":"2024-10-08T10:24:51","guid":{"rendered":"https:\/\/sindromecharge.es\/index.php\/2024\/10\/08\/menudos-corazones-en-el-patient-experience-day\/"},"modified":"2024-10-08T10:24:51","modified_gmt":"2024-10-08T10:24:51","slug":"menudos-corazones-en-el-patient-experience-day","status":"publish","type":"post","link":"https:\/\/sindromecharge.es\/index.php\/2024\/10\/08\/menudos-corazones-en-el-patient-experience-day\/","title":{"rendered":"Menudos Corazones participa en el \u2018Patient Experience Day\u2019"},"content":{"rendered":"<p>Leemos en Menudos Corazones la siguiente noticia que os reproducimos de forma \u00edntegra: <\/p>\n<div>\n<p>Menudos Corazones particip\u00f3, el pasado s\u00e1bado 21 de septiembre, en el <span style=\"color: #0000ff;\"><a href=\"https:\/\/pxpday.es\/\">Patient Experience Day<\/a>, <\/span>un evento colaborativo anual, <strong>organizado por universidades que imparten Medicina en Madrid<\/strong>, que busca que los estudiantes de 3\u00ba a 6\u00ba curso aprendan a <strong>tratar de una manera m\u00e1s integral a paciente y cuidadores<\/strong>, a trav\u00e9s de charlas, seminarios y talleres.<\/p>\n<p>Al acto asistieron alrededor de <strong>370 futuros m\u00e9dicos<\/strong> que conocieron, entre otros, el testimonio de <strong>Estrella Ortega,<\/strong> socia de Menudos Corazones y madre de <strong>Natacha,<\/strong> una adolescente nacida con cardiopat\u00eda cong\u00e9nita.<\/p>\n<p>Estrella no solo detall\u00f3 en esta Jornada <a href=\"https:\/\/www.menudoscorazones.org\/servicios\/diagnostico-reciente\/\">lo que supone para una familia la llegada de un beb\u00e9 con esta patolog\u00eda,<\/a> tambi\u00e9n subray\u00f3 el trato humano y profesional que ha recibido en su hospital, el 12 de Octubre (Madrid), y la inmensa ayuda que le hemos brindado desde Menudos Corazones. \u201cHablar en este evento ha sido una experiencia muy bonita y <strong>agradezco mucho que a los estudiantes de medicina les haya parecido muy inspirador mi testimonio<\/strong>\u201d, concluy\u00f3 Estrella.<\/p>\n<div dir=\"auto\">\n<div class=\"xdj266r x11i5rnm xat24cr x1mh8g0r x1vvkbs x126k92a\">\n<div dir=\"auto\"><img fetchpriority=\"high\" decoding=\"async\" class=\"aligncenter wp-image-40367\" src=\"https:\/\/www.menudoscorazones.org\/wp-content\/uploads\/2024\/10\/Estrella-en-PXP-Day-1024x567.jpg\" alt=\"\" width=\"1000\" height=\"553\" srcset=\"https:\/\/www.menudoscorazones.org\/wp-content\/uploads\/2024\/10\/Estrella-en-PXP-Day-1024x567.jpg 1024w, https:\/\/www.menudoscorazones.org\/wp-content\/uploads\/2024\/10\/Estrella-en-PXP-Day-300x166.jpg 300w, https:\/\/www.menudoscorazones.org\/wp-content\/uploads\/2024\/10\/Estrella-en-PXP-Day-768x425.jpg 768w, https:\/\/www.menudoscorazones.org\/wp-content\/uploads\/2024\/10\/Estrella-en-PXP-Day-1536x850.jpg 1536w, https:\/\/www.menudoscorazones.org\/wp-content\/uploads\/2024\/10\/Estrella-en-PXP-Day-655x362.jpg 655w, https:\/\/www.menudoscorazones.org\/wp-content\/uploads\/2024\/10\/Estrella-en-PXP-Day.jpg 1596w\" sizes=\"(max-width: 1000px) 100vw, 1000px\"><\/div>\n<div dir=\"auto\"><\/div>\n<div dir=\"auto\">\n<p><strong>\u201cLa alianza con los profesionales sanitarios debe ser cada vez m\u00e1s fuerte<\/strong> y por ello agradecemos y celebramos la oportunidad de participar en esta Jornada. Es imprescindible que desde su etapa formativa, los m\u00e9dicos conozcan las necesidades sociales y emocionales de los pacientes, cultiven la empat\u00eda hacia su realidad y entiendan la importancia de las organizaciones de pacientes en la mejora de la vida de las personas con una enfermedad\u201d, valora <strong>Amaya S\u00e1ez,<\/strong> directora de Menudos Corazones,<\/p>\n<p>Adem\u00e1s, Menudos Corazones fue elegida por los estudiantes como la entidad beneficiaria de la cuant\u00eda de las inscripciones. <strong>Ana Bel\u00e9n Hern\u00e1ndez,<\/strong> psic\u00f3loga de la Fundaci\u00f3n, fue la encargada de recibir el cheque\u00a0simb\u00f3lico del donativo.<\/p>\n<p><strong>Enhorabuena<\/strong>, Universidad de Alcal\u00e1, Universidad Aut\u00f3noma, Universidad Rey Juan Carlos, Universidad Complutense, Universidad Alfonso X El Sabio, Universidad Europea, Universidad San Pablo CEU y Universidad Francisco de Vitoria (anfitriona del evento y organizadora principal del mismo desde su Dpto. de Posgrado),<strong> por esta magn\u00edfica iniciativa.<\/strong><\/p>\n<\/div>\n<\/div>\n<\/div>\n<p>La entrada <a href=\"https:\/\/www.menudoscorazones.org\/2024\/menudos-corazones-en-el-patient-experience-day\/\">Menudos Corazones participa en el \u2018Patient Experience Day\u2019<\/a> aparece primero en <a href=\"https:\/\/www.menudoscorazones.org\/\">Menudos Corazones<\/a>.<\/p>\n<\/div>\n<p>Fuente: Menudos Corazones https:\/\/www.menudoscorazones.org\/2024\/menudos-corazones-en-el-patient-experience-day\/<\/p>\n","protected":false},"excerpt":{"rendered":"<p>Ante un auditorio lleno de estudiantes de Medicina, nuestra socia Estrella Ortega comparti\u00f3 su testimonio. La entrada Menudos Corazones participa en el \u2018Patient Experience Day\u2019 aparece primero en Menudos Corazones.<\/p>\n","protected":false},"author":1,"featured_media":0,"comment_status":"closed","ping_status":"closed","sticky":false,"template":"","format":"standard","meta":{"footnotes":""},"categories":[8],"tags":[],"class_list":["post-10419","post","type-post","status-publish","format-standard","hentry","category-noticias"],"yoast_head":"<!-- This site is optimized with the Yoast SEO plugin v27.5 - https:\/\/yoast.com\/product\/yoast-seo-wordpress\/ -->\n<title>Menudos Corazones participa en el \u2018Patient Experience Day\u2019 - Asociaci\u00f3n Espa\u00f1ola S\u00edndrome de Charge<\/title>\n<meta name=\"robots\" content=\"index, follow, max-snippet:-1, max-image-preview:large, max-video-preview:-1\" \/>\n<link rel=\"canonical\" href=\"https:\/\/sindromecharge.es\/index.php\/2024\/10\/08\/menudos-corazones-en-el-patient-experience-day\/\" \/>\n<meta property=\"og:locale\" content=\"es_ES\" \/>\n<meta property=\"og:type\" content=\"article\" \/>\n<meta property=\"og:title\" content=\"Menudos Corazones participa en el \u2018Patient Experience Day\u2019 - Asociaci\u00f3n Espa\u00f1ola S\u00edndrome de Charge\" \/>\n<meta property=\"og:description\" content=\"Ante un auditorio lleno de estudiantes de Medicina, nuestra socia Estrella Ortega comparti\u00f3 su testimonio. La entrada Menudos Corazones participa en el \u2018Patient Experience Day\u2019 aparece primero en Menudos Corazones.\" \/>\n<meta property=\"og:url\" content=\"https:\/\/sindromecharge.es\/index.php\/2024\/10\/08\/menudos-corazones-en-el-patient-experience-day\/\" \/>\n<meta property=\"og:site_name\" content=\"Asociaci\u00f3n Espa\u00f1ola S\u00edndrome de Charge\" \/>\n<meta property=\"article:publisher\" content=\"https:\/\/www.facebook.com\/asociacionsindromecharge\" \/>\n<meta property=\"article:published_time\" content=\"2024-10-08T10:24:51+00:00\" \/>\n<meta property=\"og:image\" content=\"https:\/\/sindromecharge.es\/wp-content\/uploads\/2013\/09\/logodecharge300x98.png\" \/>\n\t<meta property=\"og:image:width\" content=\"300\" \/>\n\t<meta property=\"og:image:height\" content=\"98\" \/>\n\t<meta property=\"og:image:type\" content=\"image\/png\" \/>\n<meta name=\"author\" content=\"Charge\" \/>\n<meta name=\"twitter:card\" content=\"summary_large_image\" \/>\n<meta name=\"twitter:creator\" content=\"@sindromecharge\" \/>\n<meta name=\"twitter:site\" content=\"@sindromecharge\" \/>\n<meta name=\"twitter:label1\" content=\"Escrito por\" \/>\n\t<meta name=\"twitter:data1\" content=\"Charge\" \/>\n\t<meta name=\"twitter:label2\" content=\"Tiempo de lectura\" \/>\n\t<meta name=\"twitter:data2\" content=\"2 minutos\" \/>\n<script type=\"application\/ld+json\" class=\"yoast-schema-graph\">{\"@context\":\"https:\\\/\\\/schema.org\",\"@graph\":[{\"@type\":\"Article\",\"@id\":\"https:\\\/\\\/sindromecharge.es\\\/index.php\\\/2024\\\/10\\\/08\\\/menudos-corazones-en-el-patient-experience-day\\\/#article\",\"isPartOf\":{\"@id\":\"https:\\\/\\\/sindromecharge.es\\\/index.php\\\/2024\\\/10\\\/08\\\/menudos-corazones-en-el-patient-experience-day\\\/\"},\"author\":{\"name\":\"Charge\",\"@id\":\"https:\\\/\\\/sindromecharge.es\\\/#\\\/schema\\\/person\\\/39a60ebe0a2b4d5a11179701e336b039\"},\"headline\":\"Menudos Corazones participa en el \u2018Patient Experience Day\u2019\",\"datePublished\":\"2024-10-08T10:24:51+00:00\",\"mainEntityOfPage\":{\"@id\":\"https:\\\/\\\/sindromecharge.es\\\/index.php\\\/2024\\\/10\\\/08\\\/menudos-corazones-en-el-patient-experience-day\\\/\"},\"wordCount\":381,\"image\":{\"@id\":\"https:\\\/\\\/sindromecharge.es\\\/index.php\\\/2024\\\/10\\\/08\\\/menudos-corazones-en-el-patient-experience-day\\\/#primaryimage\"},\"thumbnailUrl\":\"https:\\\/\\\/www.menudoscorazones.org\\\/wp-content\\\/uploads\\\/2024\\\/10\\\/Estrella-en-PXP-Day-1024x567.jpg\",\"articleSection\":[\"noticias\"],\"inLanguage\":\"es\"},{\"@type\":\"WebPage\",\"@id\":\"https:\\\/\\\/sindromecharge.es\\\/index.php\\\/2024\\\/10\\\/08\\\/menudos-corazones-en-el-patient-experience-day\\\/\",\"url\":\"https:\\\/\\\/sindromecharge.es\\\/index.php\\\/2024\\\/10\\\/08\\\/menudos-corazones-en-el-patient-experience-day\\\/\",\"name\":\"Menudos Corazones participa en el \u2018Patient Experience Day\u2019 - Asociaci\u00f3n Espa\u00f1ola S\u00edndrome de Charge\",\"isPartOf\":{\"@id\":\"https:\\\/\\\/sindromecharge.es\\\/#website\"},\"primaryImageOfPage\":{\"@id\":\"https:\\\/\\\/sindromecharge.es\\\/index.php\\\/2024\\\/10\\\/08\\\/menudos-corazones-en-el-patient-experience-day\\\/#primaryimage\"},\"image\":{\"@id\":\"https:\\\/\\\/sindromecharge.es\\\/index.php\\\/2024\\\/10\\\/08\\\/menudos-corazones-en-el-patient-experience-day\\\/#primaryimage\"},\"thumbnailUrl\":\"https:\\\/\\\/www.menudoscorazones.org\\\/wp-content\\\/uploads\\\/2024\\\/10\\\/Estrella-en-PXP-Day-1024x567.jpg\",\"datePublished\":\"2024-10-08T10:24:51+00:00\",\"author\":{\"@id\":\"https:\\\/\\\/sindromecharge.es\\\/#\\\/schema\\\/person\\\/39a60ebe0a2b4d5a11179701e336b039\"},\"breadcrumb\":{\"@id\":\"https:\\\/\\\/sindromecharge.es\\\/index.php\\\/2024\\\/10\\\/08\\\/menudos-corazones-en-el-patient-experience-day\\\/#breadcrumb\"},\"inLanguage\":\"es\",\"potentialAction\":[{\"@type\":\"ReadAction\",\"target\":[\"https:\\\/\\\/sindromecharge.es\\\/index.php\\\/2024\\\/10\\\/08\\\/menudos-corazones-en-el-patient-experience-day\\\/\"]}]},{\"@type\":\"ImageObject\",\"inLanguage\":\"es\",\"@id\":\"https:\\\/\\\/sindromecharge.es\\\/index.php\\\/2024\\\/10\\\/08\\\/menudos-corazones-en-el-patient-experience-day\\\/#primaryimage\",\"url\":\"https:\\\/\\\/www.menudoscorazones.org\\\/wp-content\\\/uploads\\\/2024\\\/10\\\/Estrella-en-PXP-Day-1024x567.jpg\",\"contentUrl\":\"https:\\\/\\\/www.menudoscorazones.org\\\/wp-content\\\/uploads\\\/2024\\\/10\\\/Estrella-en-PXP-Day-1024x567.jpg\"},{\"@type\":\"BreadcrumbList\",\"@id\":\"https:\\\/\\\/sindromecharge.es\\\/index.php\\\/2024\\\/10\\\/08\\\/menudos-corazones-en-el-patient-experience-day\\\/#breadcrumb\",\"itemListElement\":[{\"@type\":\"ListItem\",\"position\":1,\"name\":\"Portada\",\"item\":\"https:\\\/\\\/sindromecharge.es\\\/\"},{\"@type\":\"ListItem\",\"position\":2,\"name\":\"Menudos Corazones participa en el \u2018Patient Experience Day\u2019\"}]},{\"@type\":\"WebSite\",\"@id\":\"https:\\\/\\\/sindromecharge.es\\\/#website\",\"url\":\"https:\\\/\\\/sindromecharge.es\\\/\",\"name\":\"Asociaci\u00f3n Espa\u00f1ola S\u00edndrome de Charge\",\"description\":\"\",\"potentialAction\":[{\"@type\":\"SearchAction\",\"target\":{\"@type\":\"EntryPoint\",\"urlTemplate\":\"https:\\\/\\\/sindromecharge.es\\\/?s={search_term_string}\"},\"query-input\":{\"@type\":\"PropertyValueSpecification\",\"valueRequired\":true,\"valueName\":\"search_term_string\"}}],\"inLanguage\":\"es\"},{\"@type\":\"Person\",\"@id\":\"https:\\\/\\\/sindromecharge.es\\\/#\\\/schema\\\/person\\\/39a60ebe0a2b4d5a11179701e336b039\",\"name\":\"Charge\",\"image\":{\"@type\":\"ImageObject\",\"inLanguage\":\"es\",\"@id\":\"https:\\\/\\\/secure.gravatar.com\\\/avatar\\\/c3b46e32a0fc3b093a0873fb767bf3293de856293065e84ef06b7ec7a8acfb98?s=96&d=identicon&r=x\",\"url\":\"https:\\\/\\\/secure.gravatar.com\\\/avatar\\\/c3b46e32a0fc3b093a0873fb767bf3293de856293065e84ef06b7ec7a8acfb98?s=96&d=identicon&r=x\",\"contentUrl\":\"https:\\\/\\\/secure.gravatar.com\\\/avatar\\\/c3b46e32a0fc3b093a0873fb767bf3293de856293065e84ef06b7ec7a8acfb98?s=96&d=identicon&r=x\",\"caption\":\"Charge\"},\"url\":\"https:\\\/\\\/sindromecharge.es\\\/index.php\\\/author\\\/admin\\\/\"}]}<\/script>\n<!-- \/ Yoast SEO plugin. -->","yoast_head_json":{"title":"Menudos Corazones participa en el \u2018Patient Experience Day\u2019 - Asociaci\u00f3n Espa\u00f1ola S\u00edndrome de Charge","robots":{"index":"index","follow":"follow","max-snippet":"max-snippet:-1","max-image-preview":"max-image-preview:large","max-video-preview":"max-video-preview:-1"},"canonical":"https:\/\/sindromecharge.es\/index.php\/2024\/10\/08\/menudos-corazones-en-el-patient-experience-day\/","og_locale":"es_ES","og_type":"article","og_title":"Menudos Corazones participa en el \u2018Patient Experience Day\u2019 - Asociaci\u00f3n Espa\u00f1ola S\u00edndrome de Charge","og_description":"Ante un auditorio lleno de estudiantes de Medicina, nuestra socia Estrella Ortega comparti\u00f3 su testimonio. La entrada Menudos Corazones participa en el \u2018Patient Experience Day\u2019 aparece primero en Menudos Corazones.","og_url":"https:\/\/sindromecharge.es\/index.php\/2024\/10\/08\/menudos-corazones-en-el-patient-experience-day\/","og_site_name":"Asociaci\u00f3n Espa\u00f1ola S\u00edndrome de Charge","article_publisher":"https:\/\/www.facebook.com\/asociacionsindromecharge","article_published_time":"2024-10-08T10:24:51+00:00","og_image":[{"width":300,"height":98,"url":"https:\/\/sindromecharge.es\/wp-content\/uploads\/2013\/09\/logodecharge300x98.png","type":"image\/png"}],"author":"Charge","twitter_card":"summary_large_image","twitter_creator":"@sindromecharge","twitter_site":"@sindromecharge","twitter_misc":{"Escrito por":"Charge","Tiempo de lectura":"2 minutos"},"schema":{"@context":"https:\/\/schema.org","@graph":[{"@type":"Article","@id":"https:\/\/sindromecharge.es\/index.php\/2024\/10\/08\/menudos-corazones-en-el-patient-experience-day\/#article","isPartOf":{"@id":"https:\/\/sindromecharge.es\/index.php\/2024\/10\/08\/menudos-corazones-en-el-patient-experience-day\/"},"author":{"name":"Charge","@id":"https:\/\/sindromecharge.es\/#\/schema\/person\/39a60ebe0a2b4d5a11179701e336b039"},"headline":"Menudos Corazones participa en el \u2018Patient Experience Day\u2019","datePublished":"2024-10-08T10:24:51+00:00","mainEntityOfPage":{"@id":"https:\/\/sindromecharge.es\/index.php\/2024\/10\/08\/menudos-corazones-en-el-patient-experience-day\/"},"wordCount":381,"image":{"@id":"https:\/\/sindromecharge.es\/index.php\/2024\/10\/08\/menudos-corazones-en-el-patient-experience-day\/#primaryimage"},"thumbnailUrl":"https:\/\/www.menudoscorazones.org\/wp-content\/uploads\/2024\/10\/Estrella-en-PXP-Day-1024x567.jpg","articleSection":["noticias"],"inLanguage":"es"},{"@type":"WebPage","@id":"https:\/\/sindromecharge.es\/index.php\/2024\/10\/08\/menudos-corazones-en-el-patient-experience-day\/","url":"https:\/\/sindromecharge.es\/index.php\/2024\/10\/08\/menudos-corazones-en-el-patient-experience-day\/","name":"Menudos Corazones participa en el \u2018Patient Experience Day\u2019 - Asociaci\u00f3n Espa\u00f1ola S\u00edndrome de Charge","isPartOf":{"@id":"https:\/\/sindromecharge.es\/#website"},"primaryImageOfPage":{"@id":"https:\/\/sindromecharge.es\/index.php\/2024\/10\/08\/menudos-corazones-en-el-patient-experience-day\/#primaryimage"},"image":{"@id":"https:\/\/sindromecharge.es\/index.php\/2024\/10\/08\/menudos-corazones-en-el-patient-experience-day\/#primaryimage"},"thumbnailUrl":"https:\/\/www.menudoscorazones.org\/wp-content\/uploads\/2024\/10\/Estrella-en-PXP-Day-1024x567.jpg","datePublished":"2024-10-08T10:24:51+00:00","author":{"@id":"https:\/\/sindromecharge.es\/#\/schema\/person\/39a60ebe0a2b4d5a11179701e336b039"},"breadcrumb":{"@id":"https:\/\/sindromecharge.es\/index.php\/2024\/10\/08\/menudos-corazones-en-el-patient-experience-day\/#breadcrumb"},"inLanguage":"es","potentialAction":[{"@type":"ReadAction","target":["https:\/\/sindromecharge.es\/index.php\/2024\/10\/08\/menudos-corazones-en-el-patient-experience-day\/"]}]},{"@type":"ImageObject","inLanguage":"es","@id":"https:\/\/sindromecharge.es\/index.php\/2024\/10\/08\/menudos-corazones-en-el-patient-experience-day\/#primaryimage","url":"https:\/\/www.menudoscorazones.org\/wp-content\/uploads\/2024\/10\/Estrella-en-PXP-Day-1024x567.jpg","contentUrl":"https:\/\/www.menudoscorazones.org\/wp-content\/uploads\/2024\/10\/Estrella-en-PXP-Day-1024x567.jpg"},{"@type":"BreadcrumbList","@id":"https:\/\/sindromecharge.es\/index.php\/2024\/10\/08\/menudos-corazones-en-el-patient-experience-day\/#breadcrumb","itemListElement":[{"@type":"ListItem","position":1,"name":"Portada","item":"https:\/\/sindromecharge.es\/"},{"@type":"ListItem","position":2,"name":"Menudos Corazones participa en el \u2018Patient Experience Day\u2019"}]},{"@type":"WebSite","@id":"https:\/\/sindromecharge.es\/#website","url":"https:\/\/sindromecharge.es\/","name":"Asociaci\u00f3n Espa\u00f1ola S\u00edndrome de Charge","description":"","potentialAction":[{"@type":"SearchAction","target":{"@type":"EntryPoint","urlTemplate":"https:\/\/sindromecharge.es\/?s={search_term_string}"},"query-input":{"@type":"PropertyValueSpecification","valueRequired":true,"valueName":"search_term_string"}}],"inLanguage":"es"},{"@type":"Person","@id":"https:\/\/sindromecharge.es\/#\/schema\/person\/39a60ebe0a2b4d5a11179701e336b039","name":"Charge","image":{"@type":"ImageObject","inLanguage":"es","@id":"https:\/\/secure.gravatar.com\/avatar\/c3b46e32a0fc3b093a0873fb767bf3293de856293065e84ef06b7ec7a8acfb98?s=96&d=identicon&r=x","url":"https:\/\/secure.gravatar.com\/avatar\/c3b46e32a0fc3b093a0873fb767bf3293de856293065e84ef06b7ec7a8acfb98?s=96&d=identicon&r=x","contentUrl":"https:\/\/secure.gravatar.com\/avatar\/c3b46e32a0fc3b093a0873fb767bf3293de856293065e84ef06b7ec7a8acfb98?s=96&d=identicon&r=x","caption":"Charge"},"url":"https:\/\/sindromecharge.es\/index.php\/author\/admin\/"}]}},"_links":{"self":[{"href":"https:\/\/sindromecharge.es\/index.php\/wp-json\/wp\/v2\/posts\/10419","targetHints":{"allow":["GET"]}}],"collection":[{"href":"https:\/\/sindromecharge.es\/index.php\/wp-json\/wp\/v2\/posts"}],"about":[{"href":"https:\/\/sindromecharge.es\/index.php\/wp-json\/wp\/v2\/types\/post"}],"author":[{"embeddable":true,"href":"https:\/\/sindromecharge.es\/index.php\/wp-json\/wp\/v2\/users\/1"}],"replies":[{"embeddable":true,"href":"https:\/\/sindromecharge.es\/index.php\/wp-json\/wp\/v2\/comments?post=10419"}],"version-history":[{"count":0,"href":"https:\/\/sindromecharge.es\/index.php\/wp-json\/wp\/v2\/posts\/10419\/revisions"}],"wp:attachment":[{"href":"https:\/\/sindromecharge.es\/index.php\/wp-json\/wp\/v2\/media?parent=10419"}],"wp:term":[{"taxonomy":"category","embeddable":true,"href":"https:\/\/sindromecharge.es\/index.php\/wp-json\/wp\/v2\/categories?post=10419"},{"taxonomy":"post_tag","embeddable":true,"href":"https:\/\/sindromecharge.es\/index.php\/wp-json\/wp\/v2\/tags?post=10419"}],"curies":[{"name":"wp","href":"https:\/\/api.w.org\/{rel}","templated":true}]}}