{"id":10418,"date":"2024-10-07T06:32:56","date_gmt":"2024-10-07T06:32:56","guid":{"rendered":"https:\/\/sindromecharge.es\/index.php\/2024\/10\/07\/hospital-paraplejicos-entrevista-investigar-adaptarse-cambio-retos-hospital-paraplejicos-su-50-aniversario\/"},"modified":"2024-10-07T06:32:56","modified_gmt":"2024-10-07T06:32:56","slug":"hospital-paraplejicos-entrevista-investigar-adaptarse-cambio-retos-hospital-paraplejicos-su-50-aniversario","status":"publish","type":"post","link":"https:\/\/sindromecharge.es\/index.php\/2024\/10\/07\/hospital-paraplejicos-entrevista-investigar-adaptarse-cambio-retos-hospital-paraplejicos-su-50-aniversario\/","title":{"rendered":"M\u00f3nica Alcobendas, del Hospital de parapl\u00e9jicos de Toledo: \u00abLa discapacidad se mira de forma diferente a hace 50 a\u00f1os\u00bb"},"content":{"rendered":"<p>Leemos en Discapacidad la siguiente noticia que os reproducimos de forma \u00edntegra: <\/p>\n<div>\n<p>El <b>Hospital Nacional de Parapl\u00e9jicos de Toledo<\/b> cumple este lunes 50 a\u00f1os y ya tiene en mente los retos del pr\u00f3ximo medio siglo, que pasan por promover la investigaci\u00f3n, humanizar la atenci\u00f3n sanitaria y adaptar los tratamientos a los cambios tanto en los pacientes como en las lesiones.<\/p>\n<p>As\u00ed lo declara la <b>directora gerente del hospital, M\u00f3nica Alcobendas<\/b>, en una entrevista donde analiza c\u00f3mo ha evolucionado todo lo que rodea al centro, desde los recursos m\u00e9dicos hasta el trato social hacia la discapacidad.<\/p>\n<p>\u00abEl c\u00f3mo se percibe la <b>lesi\u00f3n medular<\/b> ha cambiado con los cambios socioecon\u00f3micos. La <a href=\"https:\/\/www.20minutos.es\/minuteca\/discapacidad\/\" title=\"Discapacidad\" target=\"_blank\" rel=\"noopener\">discapacidad <\/a>se mira de forma diferente a c\u00f3mo se miraba hace 50 a\u00f1os\u00bb, apunta Alcobendas, que agrega: \u00abTodo esto nos orienta a un mundo mucho m\u00e1s solidario, en el que todas las personas tengan las mismas oportunidades para desarrollar una vida plena\u00bb.<\/p>\n<p><b>M\u00e1s de 14.000 pacientes han pasado por el Hospital de Parapl\u00e9jicos <\/b>desde que abri\u00f3 en 1974, cuando el prototipo era una persona \u00abmucho m\u00e1s joven, de entre 20 y 30 a\u00f1os\u00bb; ahora, \u00abla edad media es de 51 a\u00f1os\u00bb, dice la directora.<\/p>\n<p><b>Tampoco son iguales las lesiones<\/b>: las medidas de concienciaci\u00f3n, normativa y mejora de las infraestructuras \u00abhan hecho que tanto los accidentes de tr\u00e1fico como los laborales disminuyan, y eso ha hecho que el n\u00famero de lesiones no traum\u00e1ticas vaya cogiendo m\u00e1s valor frente a las traum\u00e1ticas\u00bb, aunque estas siguen siendo mayor\u00eda.<\/p>\n<p>Y, al tratarse de pacientes de mayor edad, \u00abtienen m\u00e1s comorbilidad, y eso facilita que haya otro tipo de lesiones, que pueden ser<b> vasculares, infecciosas, tumorales, inflamatorias&#8230;<\/b>\u00ab, detalla la doctora, que recalca que \u00abhay que adaptar los tratamientos a los cambios\u00bb.<\/p>\n<p>Evidentemente, los \u00faltimos cincuenta a\u00f1os tambi\u00e9n han dado para conseguir grandes avances m\u00e9dicos. \u00abConocemos mejor c\u00f3mo funciona la m\u00e9dula y lo que pasa despu\u00e9s de una lesi\u00f3n medular. Eso nos facilita haber desarrollado<b> herramientas terap\u00e9uticas<\/b> y diagn\u00f3sticas incorporando las nuevas tecnolog\u00edas\u00bb, afirma Alcobendas.<\/p>\n<p>Los marcapasos diafragm\u00e1ticos, la cirug\u00eda de la extremidad superior, la rob\u00f3tica o la realidad virtual son algunas de las innovaciones m\u00e1s destacadas que se han incorporado al funcionamiento del hospital.<\/p>\n<h1>Conocemos mejor c\u00f3mo funciona la m\u00e9dula y lo que pasa despu\u00e9s de una lesi\u00f3n medular. Eso nos facilita haber desarrollado herramientas terap\u00e9uticas y diagn\u00f3sticas<\/h1>\n<h2>Una nueva \u00abfilosof\u00eda del tratamiento\u00bb<\/h2>\n<p>Alcobendas asegura que la propia \u00abfilosof\u00eda del tratamiento ha cambiado\u00bb. \u00abBuscamos facilitar la neuroplasticidad m\u00e1s que compensar las cosas que est\u00e1n limitadas funcionalmente\u00bb, subraya.<\/p>\n<p>Con esto, la doctora se refiere a que el sistema nervioso central \u00abes din\u00e1mico\u00bb y \u00abcapaz de adaptarse a los est\u00edmulos que recibe del exterior\u00bb; as\u00ed, aplicando los est\u00edmulos adecuados a los circuitos nerviosos \u00abque no han quedado da\u00f1ados completamente\u00bb por la lesi\u00f3n medular, se puede conseguir \u00abque haya una respuesta, principalmente de la<b> funci\u00f3n motora<\/b>\u00ab.<\/p>\n<p>La duraci\u00f3n de los ingresos sigue siendo \u00abmuy variable\u00bb. \u00abPodemos hablar de entre tres y cuatro meses con una lesi\u00f3n dorsal, una<b> paraplejia<\/b>, y subimos a los cinco meses o m\u00e1s si es cervical, una <b>tetraplejia\u00bb<\/b>, explica la doctora.<\/p>\n<p>\u00abLos objetivos funcionales para cada tipo de lesi\u00f3n son completamente distintos, y la estancia se define en funci\u00f3n de esos objetivos\u00bb, abunda Alcobendas.<\/p>\n<p>Adem\u00e1s, la recuperaci\u00f3n va m\u00e1s all\u00e1 del nivel motor: \u00abCuando uno piensa en la<b> rehabilitaci\u00f3n de la lesi\u00f3n medular<\/b>, enseguida piensa en la capacidad de marcha, pero tambi\u00e9n hay que aprender a manejar tu vejiga, hay que aprender a manejar tu intestino&#8230; y esas son funciones muy importantes que tambi\u00e9n aprende aqu\u00ed el paciente\u00bb.<\/p>\n<p>Y tampoco se deja de lado \u00abel manejo emocional y social de la persona\u00bb. En este sentido, la actividad deportiva es actualmente uno de los ejes de la atenci\u00f3n del centro.<\/p>\n<p>A su vez, Alcobendas destaca que se debe \u00abseguir incidiendo en la <b>humanizaci\u00f3n<\/b>\u00ab, no solo del paciente sino tambi\u00e9n del profesional sanitario, que a fin de cuentas \u00abes el que va a hacer el acompa\u00f1amiento de la persona con lesi\u00f3n medular\u00bb.<\/p>\n<p>El Hospital Nacional de Parapl\u00e9jicos, que cuenta en total con algo m\u00e1s de <b>700 trabajadores<\/b>, tiene asimismo<b> 18 grupos de investigaci\u00f3n<\/b>, que buscan \u00abherramientas a distintos niveles (molecular, celular, de regeneraci\u00f3n de circuitos&#8230;) que puedan ser \u00fatiles luego en la cl\u00ednica\u00bb.<\/p>\n<p>\u00ab<b>Sin investigaci\u00f3n, no hay futuro<\/b>\u00ab, advierte la directora del centro, cuyos investigadores trabajan en proyectos de \u00e1mbito regional, nacional \u00abe incluso internacional\u00bb.<\/p>\n<h2>Un centro pionero<\/h2>\n<p>El Hospital Nacional de Parapl\u00e9jicos fue, ya en su concepci\u00f3n, un centro pionero:<b> se dise\u00f1\u00f3 siguiendo las indicaciones de Ludwig Guttman<\/b>, considerado el padre del tratamiento de la lesi\u00f3n medular, y su fin era recibir \u00abpersonas con lesi\u00f3n medular de cualquier punto de Espa\u00f1a\u00bb, de ah\u00ed su ubicaci\u00f3n central en la Pen\u00ednsula.<\/p>\n<p>Fue el primer gran<b> hospital p\u00fablico<\/b> dedicado monogr\u00e1ficamente a las lesiones medulares, y est\u00e1 acreditado como centro de referencia nacional en este campo. \u00abIndependientemente de donde vivas, se puede solicitar el traslado al hospital\u00bb, dice su directora.<\/p>\n<p>La renovaci\u00f3n m\u00e1s importante en la historia del centro ocurri\u00f3 hace diez a\u00f1os, cuando se inaugur\u00f3 su nuevo edificio. Hace poco se ha remodelado \u00abparte del pabell\u00f3n antiguo\u00bb, pero \u00abno hay prevista una obra de tal envergadura\u00bb como la finalizada en 2014, se\u00f1ala Alcobendas.<\/p>\n<p>S\u00ed parece claro que, pese a los cambios propiciados por el <b>lenguaje inclusivo<\/b>, el nombre del hospital se quedar\u00e1 como est\u00e1. \u00abEs un tema que ha surgido con frecuencia, pero no somos &#8216;el<b> Hospital Nacional de Parapl\u00e9jicos<\/b>&#8216;, somos &#8216;Parapl\u00e9jicos&#8217;. Y eso lleva mucho m\u00e1s significado que el significado propio de la palabra. &#8216;Parapl\u00e9jicos&#8217; es el conjunto humano que lo compone, ah\u00ed puedes englobar a profesionales, pacientes, familiares&#8230; Es un concepto que no somos capaces de incorporar a ning\u00fan otro t\u00e9rmino\u00bb, concluye la doctora. <\/p>\n<\/div>\n<p>Fuente: Discapacidad https:\/\/www.20minutos.es\/noticia\/5640991\/0\/hospital-paraplejicos-entrevista-investigar-adaptarse-cambio-retos-hospital-paraplejicos-su-50-aniversario\/<\/p>\n","protected":false},"excerpt":{"rendered":"<p>Este hospital pionero cumple tiene 50 a\u00f1os y ha atendido a m\u00e1s de 14.000 personas.<\/p>\n","protected":false},"author":1,"featured_media":0,"comment_status":"closed","ping_status":"closed","sticky":false,"template":"","format":"standard","meta":{"footnotes":""},"categories":[8],"tags":[],"class_list":["post-10418","post","type-post","status-publish","format-standard","hentry","category-noticias"],"yoast_head":"<!-- This site is optimized with the Yoast SEO plugin v27.5 - https:\/\/yoast.com\/product\/yoast-seo-wordpress\/ -->\n<title>M\u00f3nica Alcobendas, del Hospital de parapl\u00e9jicos de Toledo: &quot;La discapacidad se mira de forma diferente a hace 50 a\u00f1os&quot; - Asociaci\u00f3n Espa\u00f1ola S\u00edndrome de Charge<\/title>\n<meta name=\"robots\" content=\"index, follow, max-snippet:-1, max-image-preview:large, max-video-preview:-1\" \/>\n<link rel=\"canonical\" href=\"https:\/\/sindromecharge.es\/index.php\/2024\/10\/07\/hospital-paraplejicos-entrevista-investigar-adaptarse-cambio-retos-hospital-paraplejicos-su-50-aniversario\/\" \/>\n<meta property=\"og:locale\" content=\"es_ES\" \/>\n<meta property=\"og:type\" content=\"article\" \/>\n<meta property=\"og:title\" content=\"M\u00f3nica Alcobendas, del Hospital de parapl\u00e9jicos de Toledo: &quot;La discapacidad se mira de forma diferente a hace 50 a\u00f1os&quot; - Asociaci\u00f3n Espa\u00f1ola S\u00edndrome de Charge\" \/>\n<meta property=\"og:description\" content=\"Este hospital pionero cumple tiene 50 a\u00f1os y ha atendido a m\u00e1s de 14.000 personas.\" \/>\n<meta property=\"og:url\" content=\"https:\/\/sindromecharge.es\/index.php\/2024\/10\/07\/hospital-paraplejicos-entrevista-investigar-adaptarse-cambio-retos-hospital-paraplejicos-su-50-aniversario\/\" \/>\n<meta property=\"og:site_name\" content=\"Asociaci\u00f3n Espa\u00f1ola S\u00edndrome de Charge\" \/>\n<meta property=\"article:publisher\" content=\"https:\/\/www.facebook.com\/asociacionsindromecharge\" \/>\n<meta property=\"article:published_time\" content=\"2024-10-07T06:32:56+00:00\" \/>\n<meta property=\"og:image\" content=\"https:\/\/sindromecharge.es\/wp-content\/uploads\/2013\/09\/logodecharge300x98.png\" \/>\n\t<meta property=\"og:image:width\" content=\"300\" \/>\n\t<meta property=\"og:image:height\" content=\"98\" \/>\n\t<meta property=\"og:image:type\" content=\"image\/png\" \/>\n<meta name=\"author\" content=\"Charge\" \/>\n<meta name=\"twitter:card\" content=\"summary_large_image\" \/>\n<meta name=\"twitter:creator\" content=\"@sindromecharge\" \/>\n<meta name=\"twitter:site\" content=\"@sindromecharge\" \/>\n<meta name=\"twitter:label1\" content=\"Escrito por\" \/>\n\t<meta name=\"twitter:data1\" content=\"Charge\" \/>\n\t<meta name=\"twitter:label2\" content=\"Tiempo de lectura\" \/>\n\t<meta name=\"twitter:data2\" content=\"5 minutos\" \/>\n<script type=\"application\/ld+json\" class=\"yoast-schema-graph\">{\"@context\":\"https:\\\/\\\/schema.org\",\"@graph\":[{\"@type\":\"Article\",\"@id\":\"https:\\\/\\\/sindromecharge.es\\\/index.php\\\/2024\\\/10\\\/07\\\/hospital-paraplejicos-entrevista-investigar-adaptarse-cambio-retos-hospital-paraplejicos-su-50-aniversario\\\/#article\",\"isPartOf\":{\"@id\":\"https:\\\/\\\/sindromecharge.es\\\/index.php\\\/2024\\\/10\\\/07\\\/hospital-paraplejicos-entrevista-investigar-adaptarse-cambio-retos-hospital-paraplejicos-su-50-aniversario\\\/\"},\"author\":{\"name\":\"Charge\",\"@id\":\"https:\\\/\\\/sindromecharge.es\\\/#\\\/schema\\\/person\\\/39a60ebe0a2b4d5a11179701e336b039\"},\"headline\":\"M\u00f3nica Alcobendas, del Hospital de parapl\u00e9jicos de Toledo: \u00abLa discapacidad se mira de forma diferente a hace 50 a\u00f1os\u00bb\",\"datePublished\":\"2024-10-07T06:32:56+00:00\",\"mainEntityOfPage\":{\"@id\":\"https:\\\/\\\/sindromecharge.es\\\/index.php\\\/2024\\\/10\\\/07\\\/hospital-paraplejicos-entrevista-investigar-adaptarse-cambio-retos-hospital-paraplejicos-su-50-aniversario\\\/\"},\"wordCount\":1057,\"articleSection\":[\"noticias\"],\"inLanguage\":\"es\"},{\"@type\":\"WebPage\",\"@id\":\"https:\\\/\\\/sindromecharge.es\\\/index.php\\\/2024\\\/10\\\/07\\\/hospital-paraplejicos-entrevista-investigar-adaptarse-cambio-retos-hospital-paraplejicos-su-50-aniversario\\\/\",\"url\":\"https:\\\/\\\/sindromecharge.es\\\/index.php\\\/2024\\\/10\\\/07\\\/hospital-paraplejicos-entrevista-investigar-adaptarse-cambio-retos-hospital-paraplejicos-su-50-aniversario\\\/\",\"name\":\"M\u00f3nica Alcobendas, del Hospital de parapl\u00e9jicos de Toledo: \\\"La discapacidad se mira de forma diferente a hace 50 a\u00f1os\\\" - Asociaci\u00f3n Espa\u00f1ola S\u00edndrome de Charge\",\"isPartOf\":{\"@id\":\"https:\\\/\\\/sindromecharge.es\\\/#website\"},\"datePublished\":\"2024-10-07T06:32:56+00:00\",\"author\":{\"@id\":\"https:\\\/\\\/sindromecharge.es\\\/#\\\/schema\\\/person\\\/39a60ebe0a2b4d5a11179701e336b039\"},\"breadcrumb\":{\"@id\":\"https:\\\/\\\/sindromecharge.es\\\/index.php\\\/2024\\\/10\\\/07\\\/hospital-paraplejicos-entrevista-investigar-adaptarse-cambio-retos-hospital-paraplejicos-su-50-aniversario\\\/#breadcrumb\"},\"inLanguage\":\"es\",\"potentialAction\":[{\"@type\":\"ReadAction\",\"target\":[\"https:\\\/\\\/sindromecharge.es\\\/index.php\\\/2024\\\/10\\\/07\\\/hospital-paraplejicos-entrevista-investigar-adaptarse-cambio-retos-hospital-paraplejicos-su-50-aniversario\\\/\"]}]},{\"@type\":\"BreadcrumbList\",\"@id\":\"https:\\\/\\\/sindromecharge.es\\\/index.php\\\/2024\\\/10\\\/07\\\/hospital-paraplejicos-entrevista-investigar-adaptarse-cambio-retos-hospital-paraplejicos-su-50-aniversario\\\/#breadcrumb\",\"itemListElement\":[{\"@type\":\"ListItem\",\"position\":1,\"name\":\"Portada\",\"item\":\"https:\\\/\\\/sindromecharge.es\\\/\"},{\"@type\":\"ListItem\",\"position\":2,\"name\":\"M\u00f3nica Alcobendas, del Hospital de parapl\u00e9jicos de Toledo: &#8220;La discapacidad se mira de forma diferente a hace 50 a\u00f1os&#8221;\"}]},{\"@type\":\"WebSite\",\"@id\":\"https:\\\/\\\/sindromecharge.es\\\/#website\",\"url\":\"https:\\\/\\\/sindromecharge.es\\\/\",\"name\":\"Asociaci\u00f3n Espa\u00f1ola S\u00edndrome de Charge\",\"description\":\"\",\"potentialAction\":[{\"@type\":\"SearchAction\",\"target\":{\"@type\":\"EntryPoint\",\"urlTemplate\":\"https:\\\/\\\/sindromecharge.es\\\/?s={search_term_string}\"},\"query-input\":{\"@type\":\"PropertyValueSpecification\",\"valueRequired\":true,\"valueName\":\"search_term_string\"}}],\"inLanguage\":\"es\"},{\"@type\":\"Person\",\"@id\":\"https:\\\/\\\/sindromecharge.es\\\/#\\\/schema\\\/person\\\/39a60ebe0a2b4d5a11179701e336b039\",\"name\":\"Charge\",\"image\":{\"@type\":\"ImageObject\",\"inLanguage\":\"es\",\"@id\":\"https:\\\/\\\/secure.gravatar.com\\\/avatar\\\/c3b46e32a0fc3b093a0873fb767bf3293de856293065e84ef06b7ec7a8acfb98?s=96&d=identicon&r=x\",\"url\":\"https:\\\/\\\/secure.gravatar.com\\\/avatar\\\/c3b46e32a0fc3b093a0873fb767bf3293de856293065e84ef06b7ec7a8acfb98?s=96&d=identicon&r=x\",\"contentUrl\":\"https:\\\/\\\/secure.gravatar.com\\\/avatar\\\/c3b46e32a0fc3b093a0873fb767bf3293de856293065e84ef06b7ec7a8acfb98?s=96&d=identicon&r=x\",\"caption\":\"Charge\"},\"url\":\"https:\\\/\\\/sindromecharge.es\\\/index.php\\\/author\\\/admin\\\/\"}]}<\/script>\n<!-- \/ Yoast SEO plugin. -->","yoast_head_json":{"title":"M\u00f3nica Alcobendas, del Hospital de parapl\u00e9jicos de Toledo: \"La discapacidad se mira de forma diferente a hace 50 a\u00f1os\" - Asociaci\u00f3n Espa\u00f1ola S\u00edndrome de Charge","robots":{"index":"index","follow":"follow","max-snippet":"max-snippet:-1","max-image-preview":"max-image-preview:large","max-video-preview":"max-video-preview:-1"},"canonical":"https:\/\/sindromecharge.es\/index.php\/2024\/10\/07\/hospital-paraplejicos-entrevista-investigar-adaptarse-cambio-retos-hospital-paraplejicos-su-50-aniversario\/","og_locale":"es_ES","og_type":"article","og_title":"M\u00f3nica Alcobendas, del Hospital de parapl\u00e9jicos de Toledo: \"La discapacidad se mira de forma diferente a hace 50 a\u00f1os\" - Asociaci\u00f3n Espa\u00f1ola S\u00edndrome de Charge","og_description":"Este hospital pionero cumple tiene 50 a\u00f1os y ha atendido a m\u00e1s de 14.000 personas.","og_url":"https:\/\/sindromecharge.es\/index.php\/2024\/10\/07\/hospital-paraplejicos-entrevista-investigar-adaptarse-cambio-retos-hospital-paraplejicos-su-50-aniversario\/","og_site_name":"Asociaci\u00f3n Espa\u00f1ola S\u00edndrome de Charge","article_publisher":"https:\/\/www.facebook.com\/asociacionsindromecharge","article_published_time":"2024-10-07T06:32:56+00:00","og_image":[{"width":300,"height":98,"url":"https:\/\/sindromecharge.es\/wp-content\/uploads\/2013\/09\/logodecharge300x98.png","type":"image\/png"}],"author":"Charge","twitter_card":"summary_large_image","twitter_creator":"@sindromecharge","twitter_site":"@sindromecharge","twitter_misc":{"Escrito por":"Charge","Tiempo de lectura":"5 minutos"},"schema":{"@context":"https:\/\/schema.org","@graph":[{"@type":"Article","@id":"https:\/\/sindromecharge.es\/index.php\/2024\/10\/07\/hospital-paraplejicos-entrevista-investigar-adaptarse-cambio-retos-hospital-paraplejicos-su-50-aniversario\/#article","isPartOf":{"@id":"https:\/\/sindromecharge.es\/index.php\/2024\/10\/07\/hospital-paraplejicos-entrevista-investigar-adaptarse-cambio-retos-hospital-paraplejicos-su-50-aniversario\/"},"author":{"name":"Charge","@id":"https:\/\/sindromecharge.es\/#\/schema\/person\/39a60ebe0a2b4d5a11179701e336b039"},"headline":"M\u00f3nica Alcobendas, del Hospital de parapl\u00e9jicos de Toledo: \u00abLa discapacidad se mira de forma diferente a hace 50 a\u00f1os\u00bb","datePublished":"2024-10-07T06:32:56+00:00","mainEntityOfPage":{"@id":"https:\/\/sindromecharge.es\/index.php\/2024\/10\/07\/hospital-paraplejicos-entrevista-investigar-adaptarse-cambio-retos-hospital-paraplejicos-su-50-aniversario\/"},"wordCount":1057,"articleSection":["noticias"],"inLanguage":"es"},{"@type":"WebPage","@id":"https:\/\/sindromecharge.es\/index.php\/2024\/10\/07\/hospital-paraplejicos-entrevista-investigar-adaptarse-cambio-retos-hospital-paraplejicos-su-50-aniversario\/","url":"https:\/\/sindromecharge.es\/index.php\/2024\/10\/07\/hospital-paraplejicos-entrevista-investigar-adaptarse-cambio-retos-hospital-paraplejicos-su-50-aniversario\/","name":"M\u00f3nica Alcobendas, del Hospital de parapl\u00e9jicos de Toledo: \"La discapacidad se mira de forma diferente a hace 50 a\u00f1os\" - Asociaci\u00f3n Espa\u00f1ola S\u00edndrome de Charge","isPartOf":{"@id":"https:\/\/sindromecharge.es\/#website"},"datePublished":"2024-10-07T06:32:56+00:00","author":{"@id":"https:\/\/sindromecharge.es\/#\/schema\/person\/39a60ebe0a2b4d5a11179701e336b039"},"breadcrumb":{"@id":"https:\/\/sindromecharge.es\/index.php\/2024\/10\/07\/hospital-paraplejicos-entrevista-investigar-adaptarse-cambio-retos-hospital-paraplejicos-su-50-aniversario\/#breadcrumb"},"inLanguage":"es","potentialAction":[{"@type":"ReadAction","target":["https:\/\/sindromecharge.es\/index.php\/2024\/10\/07\/hospital-paraplejicos-entrevista-investigar-adaptarse-cambio-retos-hospital-paraplejicos-su-50-aniversario\/"]}]},{"@type":"BreadcrumbList","@id":"https:\/\/sindromecharge.es\/index.php\/2024\/10\/07\/hospital-paraplejicos-entrevista-investigar-adaptarse-cambio-retos-hospital-paraplejicos-su-50-aniversario\/#breadcrumb","itemListElement":[{"@type":"ListItem","position":1,"name":"Portada","item":"https:\/\/sindromecharge.es\/"},{"@type":"ListItem","position":2,"name":"M\u00f3nica Alcobendas, del Hospital de parapl\u00e9jicos de Toledo: &#8220;La discapacidad se mira de forma diferente a hace 50 a\u00f1os&#8221;"}]},{"@type":"WebSite","@id":"https:\/\/sindromecharge.es\/#website","url":"https:\/\/sindromecharge.es\/","name":"Asociaci\u00f3n Espa\u00f1ola S\u00edndrome de Charge","description":"","potentialAction":[{"@type":"SearchAction","target":{"@type":"EntryPoint","urlTemplate":"https:\/\/sindromecharge.es\/?s={search_term_string}"},"query-input":{"@type":"PropertyValueSpecification","valueRequired":true,"valueName":"search_term_string"}}],"inLanguage":"es"},{"@type":"Person","@id":"https:\/\/sindromecharge.es\/#\/schema\/person\/39a60ebe0a2b4d5a11179701e336b039","name":"Charge","image":{"@type":"ImageObject","inLanguage":"es","@id":"https:\/\/secure.gravatar.com\/avatar\/c3b46e32a0fc3b093a0873fb767bf3293de856293065e84ef06b7ec7a8acfb98?s=96&d=identicon&r=x","url":"https:\/\/secure.gravatar.com\/avatar\/c3b46e32a0fc3b093a0873fb767bf3293de856293065e84ef06b7ec7a8acfb98?s=96&d=identicon&r=x","contentUrl":"https:\/\/secure.gravatar.com\/avatar\/c3b46e32a0fc3b093a0873fb767bf3293de856293065e84ef06b7ec7a8acfb98?s=96&d=identicon&r=x","caption":"Charge"},"url":"https:\/\/sindromecharge.es\/index.php\/author\/admin\/"}]}},"_links":{"self":[{"href":"https:\/\/sindromecharge.es\/index.php\/wp-json\/wp\/v2\/posts\/10418","targetHints":{"allow":["GET"]}}],"collection":[{"href":"https:\/\/sindromecharge.es\/index.php\/wp-json\/wp\/v2\/posts"}],"about":[{"href":"https:\/\/sindromecharge.es\/index.php\/wp-json\/wp\/v2\/types\/post"}],"author":[{"embeddable":true,"href":"https:\/\/sindromecharge.es\/index.php\/wp-json\/wp\/v2\/users\/1"}],"replies":[{"embeddable":true,"href":"https:\/\/sindromecharge.es\/index.php\/wp-json\/wp\/v2\/comments?post=10418"}],"version-history":[{"count":0,"href":"https:\/\/sindromecharge.es\/index.php\/wp-json\/wp\/v2\/posts\/10418\/revisions"}],"wp:attachment":[{"href":"https:\/\/sindromecharge.es\/index.php\/wp-json\/wp\/v2\/media?parent=10418"}],"wp:term":[{"taxonomy":"category","embeddable":true,"href":"https:\/\/sindromecharge.es\/index.php\/wp-json\/wp\/v2\/categories?post=10418"},{"taxonomy":"post_tag","embeddable":true,"href":"https:\/\/sindromecharge.es\/index.php\/wp-json\/wp\/v2\/tags?post=10418"}],"curies":[{"name":"wp","href":"https:\/\/api.w.org\/{rel}","templated":true}]}}