{"id":10417,"date":"2024-10-07T05:50:52","date_gmt":"2024-10-07T05:50:52","guid":{"rendered":"https:\/\/sindromecharge.es\/index.php\/2024\/10\/07\/una-ducha-ecointeligente-facilita-bano-las-personas-con-movilidad-reducida\/"},"modified":"2024-10-07T05:50:52","modified_gmt":"2024-10-07T05:50:52","slug":"una-ducha-ecointeligente-facilita-bano-las-personas-con-movilidad-reducida","status":"publish","type":"post","link":"https:\/\/sindromecharge.es\/index.php\/2024\/10\/07\/una-ducha-ecointeligente-facilita-bano-las-personas-con-movilidad-reducida\/","title":{"rendered":"Showee, una ducha inteligente que facilita el ba\u00f1o a las personas con movilidad reducida y deterioro cognitivo"},"content":{"rendered":"<p>Leemos en Discapacidad la siguiente noticia que os reproducimos de forma \u00edntegra: <\/p>\n<div>\n<p>Showee Shower es una vuelta de tuerca al concepto de la ducha tradicional que permite a las personas con <b>movilidad reducida<\/b> y con <b>deterioro cognitivo <\/b>ducharse de forma f\u00e1cil, segura e \u00edntima.<\/p>\n<p>Este proyecto se empez\u00f3 a idear en 2017, tras ser diagnosticada de <a href=\"https:\/\/www.20minutos.es\/minuteca\/parkinson\/\" title=\"P\u00e1rkinson\" target=\"_blank\" rel=\"noopener\">p\u00e1rkinson<\/a> la abuela de \u00c9ric G\u00fcell, fundador de Showee. \u00abEntonces yo me empec\u00e9 a preguntar por qu\u00e9 hab\u00eda tantos elementos que hab\u00edan incorporado la tecnolog\u00eda pero las duchas segu\u00edan ancladas en el tiempo\u00bb, explic\u00f3 G\u00fcell en conversaci\u00f3n con Servimedia.<\/p>\n<p>De ese pensamiento naci\u00f3 en 2019 Showee, una <b>ducha accesible<\/b> que facilita el mojado, secado, enjabonado y aclarado de forma personalizada. \u00abNuestra ducha hace que la persona no tenga que coger ning\u00fan bote y ayuda tanto a las personas con problemas de movilidad como a sus cuidadores\u00bb, se\u00f1al\u00f3 G\u00fcell, quien tambi\u00e9n indic\u00f3 que esta ducha est\u00e1 <b>recomendada para personas con <a href=\"https:\/\/www.20minutos.es\/minuteca\/demencia-senil\/\" title=\"Demencia senil\" target=\"_blank\" rel=\"noopener\">demencia<\/a> o con <a href=\"https:\/\/www.20minutos.es\/minuteca\/discapacidad-intelectual\/\" title=\"Discapacidad intelectual\" target=\"_blank\" rel=\"noopener\">discapacidad intelectual<\/a><\/b>, ya que posee un asistente virtual que va guiando y orientando con indicaciones por voz y en la pantalla sobre los pasos que el usuario debe ir realizando durante la ducha.<\/p>\n<p>Adem\u00e1s, posee un <b>detector de ca\u00eddas<\/b> e incluye la opci\u00f3n de desarrollar terapias alternativas como la musicoterapia o la cromoterapia.<\/p>\n<p>Con todas estas funcionalidades, Showee ahorra hasta un 60% de agua respecto a una ducha tradicional, adem\u00e1s de ahorrar todo el coste de lavado de toallas.<\/p>\n<h2>50 cabinas en un a\u00f1o<\/h2>\n<p>Aunque Showee lleva operativa desde el a\u00f1o 2020, no empez\u00f3 a producir en serie hasta 2022 tras firmar un acuerdo industrial con el grupo Oliva Torras. En un a\u00f1o, ha conseguido vender unas 50 cabinas de ducha. \u00abNuestro<b> precio actualmente se sit\u00faa entre los 4.000 y los 4.500 euros<\/b>. Sabemos que es un precio muy elevado pero estamos en la fase de industrializar el producto y conseguir bajar el coste\u00bb, afirm\u00f3 G\u00fcell.<\/p>\n<p>La empresa se encuentra colaborando con distintas instituciones como ILUNION, <a href=\"https:\/\/www.20minutos.es\/minuteca\/fundacion-once\/\" title=\"Fundaci\u00f3n Once\" target=\"_blank\" rel=\"noopener\">Fundaci\u00f3n ONCE<\/a> o el Institut Guttman y en lugares como el Centro de Referencia Estatal de Atenci\u00f3n de Personas con Enfermedad de <a href=\"https:\/\/www.20minutos.es\/minuteca\/alzheimer\/\" title=\"Alzh\u00e9imer\" target=\"_blank\" rel=\"noopener\">Alzheimer <\/a>y otras Demencias (CREA) del Imserso, situado en Salamanca ya disponen de estas duchas.<\/p>\n<p>El proyecto ha recibido varios reconocimientos desde su creaci\u00f3n como el premio <b>Tecnolog\u00eda Humanitaria<\/b> de Cruz Roja o haber sido uno de los diez finalistas de los Premios Future for All de la Fundaci\u00f3n Cepsa.<\/p>\n<p>Desde Showee destacaron que se encuentran trabajando en mejorar la experiencia de usuario mediante inteligencia artificial y en automatizar su producci\u00f3n. \u00abTenemos un producto lo suficientemente accesible como para que pueda caber en casi cualquier ba\u00f1o\u00bb, destac\u00f3 G\u00fcell, quien resalt\u00f3 que la instalaci\u00f3n de estas duchas en los domicilios particulares es realizada \u00edntegramente por personas con <a href=\"https:\/\/www.20minutos.es\/minuteca\/discapacidad\/\" title=\"Discapacidad\" target=\"_blank\" rel=\"noopener\">discapacidad<\/a>.<\/p>\n<\/div>\n<p>Fuente: Discapacidad https:\/\/www.20minutos.es\/noticia\/5640988\/0\/una-ducha-ecointeligente-facilita-bano-las-personas-con-movilidad-reducida\/<\/p>\n","protected":false},"excerpt":{"rendered":"<p>Showee Shower facilita el mojado, secado, enjabonado y aclarado de forma personalizada y f\u00e1cil.<\/p>\n","protected":false},"author":1,"featured_media":0,"comment_status":"closed","ping_status":"closed","sticky":false,"template":"","format":"standard","meta":{"footnotes":""},"categories":[8],"tags":[],"class_list":["post-10417","post","type-post","status-publish","format-standard","hentry","category-noticias"],"yoast_head":"<!-- This site is optimized with the Yoast SEO plugin v27.5 - https:\/\/yoast.com\/product\/yoast-seo-wordpress\/ -->\n<title>Showee, una ducha inteligente que facilita el ba\u00f1o a las personas con movilidad reducida y deterioro cognitivo - Asociaci\u00f3n Espa\u00f1ola S\u00edndrome de Charge<\/title>\n<meta name=\"robots\" content=\"index, follow, max-snippet:-1, max-image-preview:large, max-video-preview:-1\" \/>\n<link rel=\"canonical\" href=\"https:\/\/sindromecharge.es\/index.php\/2024\/10\/07\/una-ducha-ecointeligente-facilita-bano-las-personas-con-movilidad-reducida\/\" \/>\n<meta property=\"og:locale\" content=\"es_ES\" \/>\n<meta property=\"og:type\" content=\"article\" \/>\n<meta property=\"og:title\" content=\"Showee, una ducha inteligente que facilita el ba\u00f1o a las personas con movilidad reducida y deterioro cognitivo - Asociaci\u00f3n Espa\u00f1ola S\u00edndrome de Charge\" \/>\n<meta property=\"og:description\" content=\"Showee Shower facilita el mojado, secado, enjabonado y aclarado de forma personalizada y f\u00e1cil.\" \/>\n<meta property=\"og:url\" content=\"https:\/\/sindromecharge.es\/index.php\/2024\/10\/07\/una-ducha-ecointeligente-facilita-bano-las-personas-con-movilidad-reducida\/\" \/>\n<meta property=\"og:site_name\" content=\"Asociaci\u00f3n Espa\u00f1ola S\u00edndrome de Charge\" \/>\n<meta property=\"article:publisher\" content=\"https:\/\/www.facebook.com\/asociacionsindromecharge\" \/>\n<meta property=\"article:published_time\" content=\"2024-10-07T05:50:52+00:00\" \/>\n<meta property=\"og:image\" content=\"https:\/\/sindromecharge.es\/wp-content\/uploads\/2013\/09\/logodecharge300x98.png\" \/>\n\t<meta property=\"og:image:width\" content=\"300\" \/>\n\t<meta property=\"og:image:height\" content=\"98\" \/>\n\t<meta property=\"og:image:type\" content=\"image\/png\" \/>\n<meta name=\"author\" content=\"Charge\" \/>\n<meta name=\"twitter:card\" content=\"summary_large_image\" \/>\n<meta name=\"twitter:creator\" content=\"@sindromecharge\" \/>\n<meta name=\"twitter:site\" content=\"@sindromecharge\" \/>\n<meta name=\"twitter:label1\" content=\"Escrito por\" \/>\n\t<meta name=\"twitter:data1\" content=\"Charge\" \/>\n\t<meta name=\"twitter:label2\" content=\"Tiempo de lectura\" \/>\n\t<meta name=\"twitter:data2\" content=\"2 minutos\" \/>\n<script type=\"application\/ld+json\" class=\"yoast-schema-graph\">{\"@context\":\"https:\\\/\\\/schema.org\",\"@graph\":[{\"@type\":\"Article\",\"@id\":\"https:\\\/\\\/sindromecharge.es\\\/index.php\\\/2024\\\/10\\\/07\\\/una-ducha-ecointeligente-facilita-bano-las-personas-con-movilidad-reducida\\\/#article\",\"isPartOf\":{\"@id\":\"https:\\\/\\\/sindromecharge.es\\\/index.php\\\/2024\\\/10\\\/07\\\/una-ducha-ecointeligente-facilita-bano-las-personas-con-movilidad-reducida\\\/\"},\"author\":{\"name\":\"Charge\",\"@id\":\"https:\\\/\\\/sindromecharge.es\\\/#\\\/schema\\\/person\\\/39a60ebe0a2b4d5a11179701e336b039\"},\"headline\":\"Showee, una ducha inteligente que facilita el ba\u00f1o a las personas con movilidad reducida y deterioro cognitivo\",\"datePublished\":\"2024-10-07T05:50:52+00:00\",\"mainEntityOfPage\":{\"@id\":\"https:\\\/\\\/sindromecharge.es\\\/index.php\\\/2024\\\/10\\\/07\\\/una-ducha-ecointeligente-facilita-bano-las-personas-con-movilidad-reducida\\\/\"},\"wordCount\":501,\"articleSection\":[\"noticias\"],\"inLanguage\":\"es\"},{\"@type\":\"WebPage\",\"@id\":\"https:\\\/\\\/sindromecharge.es\\\/index.php\\\/2024\\\/10\\\/07\\\/una-ducha-ecointeligente-facilita-bano-las-personas-con-movilidad-reducida\\\/\",\"url\":\"https:\\\/\\\/sindromecharge.es\\\/index.php\\\/2024\\\/10\\\/07\\\/una-ducha-ecointeligente-facilita-bano-las-personas-con-movilidad-reducida\\\/\",\"name\":\"Showee, una ducha inteligente que facilita el ba\u00f1o a las personas con movilidad reducida y deterioro cognitivo - Asociaci\u00f3n Espa\u00f1ola S\u00edndrome de Charge\",\"isPartOf\":{\"@id\":\"https:\\\/\\\/sindromecharge.es\\\/#website\"},\"datePublished\":\"2024-10-07T05:50:52+00:00\",\"author\":{\"@id\":\"https:\\\/\\\/sindromecharge.es\\\/#\\\/schema\\\/person\\\/39a60ebe0a2b4d5a11179701e336b039\"},\"breadcrumb\":{\"@id\":\"https:\\\/\\\/sindromecharge.es\\\/index.php\\\/2024\\\/10\\\/07\\\/una-ducha-ecointeligente-facilita-bano-las-personas-con-movilidad-reducida\\\/#breadcrumb\"},\"inLanguage\":\"es\",\"potentialAction\":[{\"@type\":\"ReadAction\",\"target\":[\"https:\\\/\\\/sindromecharge.es\\\/index.php\\\/2024\\\/10\\\/07\\\/una-ducha-ecointeligente-facilita-bano-las-personas-con-movilidad-reducida\\\/\"]}]},{\"@type\":\"BreadcrumbList\",\"@id\":\"https:\\\/\\\/sindromecharge.es\\\/index.php\\\/2024\\\/10\\\/07\\\/una-ducha-ecointeligente-facilita-bano-las-personas-con-movilidad-reducida\\\/#breadcrumb\",\"itemListElement\":[{\"@type\":\"ListItem\",\"position\":1,\"name\":\"Portada\",\"item\":\"https:\\\/\\\/sindromecharge.es\\\/\"},{\"@type\":\"ListItem\",\"position\":2,\"name\":\"Showee, una ducha inteligente que facilita el ba\u00f1o a las personas con movilidad reducida y deterioro cognitivo\"}]},{\"@type\":\"WebSite\",\"@id\":\"https:\\\/\\\/sindromecharge.es\\\/#website\",\"url\":\"https:\\\/\\\/sindromecharge.es\\\/\",\"name\":\"Asociaci\u00f3n Espa\u00f1ola S\u00edndrome de Charge\",\"description\":\"\",\"potentialAction\":[{\"@type\":\"SearchAction\",\"target\":{\"@type\":\"EntryPoint\",\"urlTemplate\":\"https:\\\/\\\/sindromecharge.es\\\/?s={search_term_string}\"},\"query-input\":{\"@type\":\"PropertyValueSpecification\",\"valueRequired\":true,\"valueName\":\"search_term_string\"}}],\"inLanguage\":\"es\"},{\"@type\":\"Person\",\"@id\":\"https:\\\/\\\/sindromecharge.es\\\/#\\\/schema\\\/person\\\/39a60ebe0a2b4d5a11179701e336b039\",\"name\":\"Charge\",\"image\":{\"@type\":\"ImageObject\",\"inLanguage\":\"es\",\"@id\":\"https:\\\/\\\/secure.gravatar.com\\\/avatar\\\/c3b46e32a0fc3b093a0873fb767bf3293de856293065e84ef06b7ec7a8acfb98?s=96&d=identicon&r=x\",\"url\":\"https:\\\/\\\/secure.gravatar.com\\\/avatar\\\/c3b46e32a0fc3b093a0873fb767bf3293de856293065e84ef06b7ec7a8acfb98?s=96&d=identicon&r=x\",\"contentUrl\":\"https:\\\/\\\/secure.gravatar.com\\\/avatar\\\/c3b46e32a0fc3b093a0873fb767bf3293de856293065e84ef06b7ec7a8acfb98?s=96&d=identicon&r=x\",\"caption\":\"Charge\"},\"url\":\"https:\\\/\\\/sindromecharge.es\\\/index.php\\\/author\\\/admin\\\/\"}]}<\/script>\n<!-- \/ Yoast SEO plugin. -->","yoast_head_json":{"title":"Showee, una ducha inteligente que facilita el ba\u00f1o a las personas con movilidad reducida y deterioro cognitivo - Asociaci\u00f3n Espa\u00f1ola S\u00edndrome de Charge","robots":{"index":"index","follow":"follow","max-snippet":"max-snippet:-1","max-image-preview":"max-image-preview:large","max-video-preview":"max-video-preview:-1"},"canonical":"https:\/\/sindromecharge.es\/index.php\/2024\/10\/07\/una-ducha-ecointeligente-facilita-bano-las-personas-con-movilidad-reducida\/","og_locale":"es_ES","og_type":"article","og_title":"Showee, una ducha inteligente que facilita el ba\u00f1o a las personas con movilidad reducida y deterioro cognitivo - Asociaci\u00f3n Espa\u00f1ola S\u00edndrome de Charge","og_description":"Showee Shower facilita el mojado, secado, enjabonado y aclarado de forma personalizada y f\u00e1cil.","og_url":"https:\/\/sindromecharge.es\/index.php\/2024\/10\/07\/una-ducha-ecointeligente-facilita-bano-las-personas-con-movilidad-reducida\/","og_site_name":"Asociaci\u00f3n Espa\u00f1ola S\u00edndrome de Charge","article_publisher":"https:\/\/www.facebook.com\/asociacionsindromecharge","article_published_time":"2024-10-07T05:50:52+00:00","og_image":[{"width":300,"height":98,"url":"https:\/\/sindromecharge.es\/wp-content\/uploads\/2013\/09\/logodecharge300x98.png","type":"image\/png"}],"author":"Charge","twitter_card":"summary_large_image","twitter_creator":"@sindromecharge","twitter_site":"@sindromecharge","twitter_misc":{"Escrito por":"Charge","Tiempo de lectura":"2 minutos"},"schema":{"@context":"https:\/\/schema.org","@graph":[{"@type":"Article","@id":"https:\/\/sindromecharge.es\/index.php\/2024\/10\/07\/una-ducha-ecointeligente-facilita-bano-las-personas-con-movilidad-reducida\/#article","isPartOf":{"@id":"https:\/\/sindromecharge.es\/index.php\/2024\/10\/07\/una-ducha-ecointeligente-facilita-bano-las-personas-con-movilidad-reducida\/"},"author":{"name":"Charge","@id":"https:\/\/sindromecharge.es\/#\/schema\/person\/39a60ebe0a2b4d5a11179701e336b039"},"headline":"Showee, una ducha inteligente que facilita el ba\u00f1o a las personas con movilidad reducida y deterioro cognitivo","datePublished":"2024-10-07T05:50:52+00:00","mainEntityOfPage":{"@id":"https:\/\/sindromecharge.es\/index.php\/2024\/10\/07\/una-ducha-ecointeligente-facilita-bano-las-personas-con-movilidad-reducida\/"},"wordCount":501,"articleSection":["noticias"],"inLanguage":"es"},{"@type":"WebPage","@id":"https:\/\/sindromecharge.es\/index.php\/2024\/10\/07\/una-ducha-ecointeligente-facilita-bano-las-personas-con-movilidad-reducida\/","url":"https:\/\/sindromecharge.es\/index.php\/2024\/10\/07\/una-ducha-ecointeligente-facilita-bano-las-personas-con-movilidad-reducida\/","name":"Showee, una ducha inteligente que facilita el ba\u00f1o a las personas con movilidad reducida y deterioro cognitivo - Asociaci\u00f3n Espa\u00f1ola S\u00edndrome de Charge","isPartOf":{"@id":"https:\/\/sindromecharge.es\/#website"},"datePublished":"2024-10-07T05:50:52+00:00","author":{"@id":"https:\/\/sindromecharge.es\/#\/schema\/person\/39a60ebe0a2b4d5a11179701e336b039"},"breadcrumb":{"@id":"https:\/\/sindromecharge.es\/index.php\/2024\/10\/07\/una-ducha-ecointeligente-facilita-bano-las-personas-con-movilidad-reducida\/#breadcrumb"},"inLanguage":"es","potentialAction":[{"@type":"ReadAction","target":["https:\/\/sindromecharge.es\/index.php\/2024\/10\/07\/una-ducha-ecointeligente-facilita-bano-las-personas-con-movilidad-reducida\/"]}]},{"@type":"BreadcrumbList","@id":"https:\/\/sindromecharge.es\/index.php\/2024\/10\/07\/una-ducha-ecointeligente-facilita-bano-las-personas-con-movilidad-reducida\/#breadcrumb","itemListElement":[{"@type":"ListItem","position":1,"name":"Portada","item":"https:\/\/sindromecharge.es\/"},{"@type":"ListItem","position":2,"name":"Showee, una ducha inteligente que facilita el ba\u00f1o a las personas con movilidad reducida y deterioro cognitivo"}]},{"@type":"WebSite","@id":"https:\/\/sindromecharge.es\/#website","url":"https:\/\/sindromecharge.es\/","name":"Asociaci\u00f3n Espa\u00f1ola S\u00edndrome de Charge","description":"","potentialAction":[{"@type":"SearchAction","target":{"@type":"EntryPoint","urlTemplate":"https:\/\/sindromecharge.es\/?s={search_term_string}"},"query-input":{"@type":"PropertyValueSpecification","valueRequired":true,"valueName":"search_term_string"}}],"inLanguage":"es"},{"@type":"Person","@id":"https:\/\/sindromecharge.es\/#\/schema\/person\/39a60ebe0a2b4d5a11179701e336b039","name":"Charge","image":{"@type":"ImageObject","inLanguage":"es","@id":"https:\/\/secure.gravatar.com\/avatar\/c3b46e32a0fc3b093a0873fb767bf3293de856293065e84ef06b7ec7a8acfb98?s=96&d=identicon&r=x","url":"https:\/\/secure.gravatar.com\/avatar\/c3b46e32a0fc3b093a0873fb767bf3293de856293065e84ef06b7ec7a8acfb98?s=96&d=identicon&r=x","contentUrl":"https:\/\/secure.gravatar.com\/avatar\/c3b46e32a0fc3b093a0873fb767bf3293de856293065e84ef06b7ec7a8acfb98?s=96&d=identicon&r=x","caption":"Charge"},"url":"https:\/\/sindromecharge.es\/index.php\/author\/admin\/"}]}},"_links":{"self":[{"href":"https:\/\/sindromecharge.es\/index.php\/wp-json\/wp\/v2\/posts\/10417","targetHints":{"allow":["GET"]}}],"collection":[{"href":"https:\/\/sindromecharge.es\/index.php\/wp-json\/wp\/v2\/posts"}],"about":[{"href":"https:\/\/sindromecharge.es\/index.php\/wp-json\/wp\/v2\/types\/post"}],"author":[{"embeddable":true,"href":"https:\/\/sindromecharge.es\/index.php\/wp-json\/wp\/v2\/users\/1"}],"replies":[{"embeddable":true,"href":"https:\/\/sindromecharge.es\/index.php\/wp-json\/wp\/v2\/comments?post=10417"}],"version-history":[{"count":0,"href":"https:\/\/sindromecharge.es\/index.php\/wp-json\/wp\/v2\/posts\/10417\/revisions"}],"wp:attachment":[{"href":"https:\/\/sindromecharge.es\/index.php\/wp-json\/wp\/v2\/media?parent=10417"}],"wp:term":[{"taxonomy":"category","embeddable":true,"href":"https:\/\/sindromecharge.es\/index.php\/wp-json\/wp\/v2\/categories?post=10417"},{"taxonomy":"post_tag","embeddable":true,"href":"https:\/\/sindromecharge.es\/index.php\/wp-json\/wp\/v2\/tags?post=10417"}],"curies":[{"name":"wp","href":"https:\/\/api.w.org\/{rel}","templated":true}]}}