{"id":10413,"date":"2024-10-06T06:39:08","date_gmt":"2024-10-06T06:39:08","guid":{"rendered":"https:\/\/sindromecharge.es\/index.php\/2024\/10\/06\/envejecer-decidir-vivir-un-desafio-compartido-una-responsabilidad-comun\/"},"modified":"2024-10-06T06:39:08","modified_gmt":"2024-10-06T06:39:08","slug":"envejecer-decidir-vivir-un-desafio-compartido-una-responsabilidad-comun","status":"publish","type":"post","link":"https:\/\/sindromecharge.es\/index.php\/2024\/10\/06\/envejecer-decidir-vivir-un-desafio-compartido-una-responsabilidad-comun\/","title":{"rendered":"Envejecer, decidir, vivir: un desaf\u00edo compartido, una responsabilidad com\u00fan"},"content":{"rendered":"<p>Leemos en Discapacidad la siguiente noticia que os reproducimos de forma \u00edntegra: <\/p>\n<div>\n<p>Cada a\u00f1o, el<b> D\u00eda Mundial de la Par\u00e1lisis Cerebral<\/b> nos invita a reflexionar sobre los desaf\u00edos que enfrentan las personas con par\u00e1lisis cerebral y sus familias. Este 2024 hemos decidido centrar nuestra campa\u00f1a en una realidad que, aunque silenciosa, es cada vez m\u00e1s urgente: el <b>envejecimiento de las personas con par\u00e1lisis cerebral<\/b>.<\/p>\n<p>El envejecimiento es un proceso natural para todas las personas, pero para quienes viven con <a href=\"https:\/\/www.20minutos.es\/minuteca\/paralisis-cerebral\/\" title=\"Par\u00e1lisis cerebral\" target=\"_blank\" rel=\"noopener\">par\u00e1lisis cerebral <\/a>este proceso presenta retos adicionales que, como sociedad, no podemos ignorar. Y en<b> Confederaci\u00f3n ASPACE<\/b>, conocemos de primera mano estos retos. No solo porque representamos a 120.000 personas con par\u00e1lisis cerebral, sino porque<\/p>\n<p>muchas de nuestras familias viven diariamente los efectos de una pluriscapacidad que no desaparece con la edad, sino que se vuelve m\u00e1s compleja.<\/p>\n<p>Las personas con par\u00e1lisis cerebral comienzan a mostrar signos de envejecimiento mucho antes que el resto de la poblaci\u00f3n. El 80% de ellas tiene grandes necesidades de apoyo y, adem\u00e1s, a partir de los 35 a\u00f1os el dolor f\u00edsico aumenta, la <b>movilidad disminuye<\/b>, y otros problemas, como la fatiga o el deterioro cognitivo, se hacen cada vez m\u00e1s presentes. Estos cambios tienen un impacto en su calidad de vida, requiriendo apoyos adicionales en esta etapa vital.<\/p>\n<p>Pero es que el envejecimiento de las personas con par\u00e1lisis cerebral no solo debe entenderse desde la \u00f3ptica de los cuidados.<b> Es una cuesti\u00f3n de derechos<\/b>. En el Movimiento ASPACE defendemos que cada persona debe poder tomar decisiones sobre su vida. Este derecho se extiende a la etapa de envejecimiento: decidir d\u00f3nde y c\u00f3mo vivir, qu\u00e9 apoyos recibir y qu\u00e9 experiencias quieren seguir disfrutando.<\/p>\n<h1>Necesitamos que se desarrollen pol\u00edticas que no solo garanticen el bienestar de nuestras hijas e hijos, sino tambi\u00e9n el nuestro<\/h1>\n<p>Me gustar\u00eda recalcar aqu\u00ed que el <b>67,7% de las personas con par\u00e1lisis cerebral mayores de 65 a\u00f1os utiliza recursos residenciales<\/b>, y que este porcentaje ir\u00e1 en aumento en la pr\u00f3xima d\u00e9cada. De hecho, se espera que en los pr\u00f3ximos 10 a\u00f1os el n\u00famero de personas con par\u00e1lisis cerebral mayores de 65 atendidas en las entidades ASPACE se multiplique por tres. Por ello, este crecimiento<b> tiene que ir de la mano con recursos suficientes<\/b> que garanticen los apoyos necesarios para que cada persona, en base a sus necesidades, pueda tener una vida independiente.<\/p>\n<p>No debemos olvidarnos de la<b>s familias cuidadoras<\/b>, y principalmente de la madre, que <b>tambi\u00e9n envejecen<\/b>, dejando a un lado en muchas ocasiones de su carrera profesional, renunciando a su vida social y a su salud para dedicarse al cuidado de sus seres queridos. Lamentablemente, esta realidad no est\u00e1 suficientemente reconocida ni apoyada por el sistema. La conciliaci\u00f3n es un derecho que a\u00fan se niega, y con el tiempo, el desaf\u00edo de cuidar se hace cada vez m\u00e1s dif\u00edcil. Necesitamos que se desarrollen pol\u00edticas que no solo garanticen el bienestar de nuestras hijas e hijos, sino tambi\u00e9n el nuestro.<\/p>\n<p>Por ello, es necesario <b>ampliar y flexibilizar las opciones y recursos residenciales<\/b>, para que cada persona sea quien elija la mejor soluci\u00f3n habitacional, eligiendo la que mejor se adapte a sus necesidades y a su momento vital. Necesitamos que se desarrollen <span>estrategias para prevenir l<b>a soledad no deseada<\/b>, promoviendo la figura del asistente personal para impulsar la vida independiente. Y para eso, necesitamos contar con la administraci\u00f3n, para dotar de recursos y financiaci\u00f3n suficiente a nuestras entidades ASPACE, para apoyarlas en la creaci\u00f3n de este tipo de opciones residenciales.<\/span><\/p>\n<p>Porque hoy, m\u00e1s que nunca, debemos estar a la altura de este desaf\u00edo. Porque<b> envejecer con dignidad <\/b>no es solo una cuesti\u00f3n de justicia; es un derecho fundamental que todas las personas merecemos, sin importar nuestras circunstancias.<\/p>\n<\/div>\n<p>Fuente: Discapacidad https:\/\/www.20minutos.es\/noticia\/5638698\/0\/envejecer-decidir-vivir-un-desafio-compartido-una-responsabilidad-comun\/<\/p>\n","protected":false},"excerpt":{"rendered":"<p>Se espera que en los pr\u00f3ximos 10 a\u00f1os el n\u00famero de personas con par\u00e1lisis cerebral mayores de 65 a\u00f1os atendidas en las entidades ASPACE se multiplique por tres.<\/p>\n","protected":false},"author":1,"featured_media":0,"comment_status":"closed","ping_status":"closed","sticky":false,"template":"","format":"standard","meta":{"footnotes":""},"categories":[8],"tags":[],"class_list":["post-10413","post","type-post","status-publish","format-standard","hentry","category-noticias"],"yoast_head":"<!-- This site is optimized with the Yoast SEO plugin v27.5 - https:\/\/yoast.com\/product\/yoast-seo-wordpress\/ -->\n<title>Envejecer, decidir, vivir: un desaf\u00edo compartido, una responsabilidad com\u00fan - Asociaci\u00f3n Espa\u00f1ola S\u00edndrome de Charge<\/title>\n<meta name=\"robots\" content=\"index, follow, max-snippet:-1, max-image-preview:large, max-video-preview:-1\" \/>\n<link rel=\"canonical\" href=\"https:\/\/sindromecharge.es\/index.php\/2024\/10\/06\/envejecer-decidir-vivir-un-desafio-compartido-una-responsabilidad-comun\/\" \/>\n<meta property=\"og:locale\" content=\"es_ES\" \/>\n<meta property=\"og:type\" content=\"article\" \/>\n<meta property=\"og:title\" content=\"Envejecer, decidir, vivir: un desaf\u00edo compartido, una responsabilidad com\u00fan - Asociaci\u00f3n Espa\u00f1ola S\u00edndrome de Charge\" \/>\n<meta property=\"og:description\" content=\"Se espera que en los pr\u00f3ximos 10 a\u00f1os el n\u00famero de personas con par\u00e1lisis cerebral mayores de 65 a\u00f1os atendidas en las entidades ASPACE se multiplique por tres.\" \/>\n<meta property=\"og:url\" content=\"https:\/\/sindromecharge.es\/index.php\/2024\/10\/06\/envejecer-decidir-vivir-un-desafio-compartido-una-responsabilidad-comun\/\" \/>\n<meta property=\"og:site_name\" content=\"Asociaci\u00f3n Espa\u00f1ola S\u00edndrome de Charge\" \/>\n<meta property=\"article:publisher\" content=\"https:\/\/www.facebook.com\/asociacionsindromecharge\" \/>\n<meta property=\"article:published_time\" content=\"2024-10-06T06:39:08+00:00\" \/>\n<meta property=\"og:image\" content=\"https:\/\/sindromecharge.es\/wp-content\/uploads\/2013\/09\/logodecharge300x98.png\" \/>\n\t<meta property=\"og:image:width\" content=\"300\" \/>\n\t<meta property=\"og:image:height\" content=\"98\" \/>\n\t<meta property=\"og:image:type\" content=\"image\/png\" \/>\n<meta name=\"author\" content=\"Charge\" \/>\n<meta name=\"twitter:card\" content=\"summary_large_image\" \/>\n<meta name=\"twitter:creator\" content=\"@sindromecharge\" \/>\n<meta name=\"twitter:site\" content=\"@sindromecharge\" \/>\n<meta name=\"twitter:label1\" content=\"Escrito por\" \/>\n\t<meta name=\"twitter:data1\" content=\"Charge\" \/>\n\t<meta name=\"twitter:label2\" content=\"Tiempo de lectura\" \/>\n\t<meta name=\"twitter:data2\" content=\"3 minutos\" \/>\n<script type=\"application\/ld+json\" class=\"yoast-schema-graph\">{\"@context\":\"https:\\\/\\\/schema.org\",\"@graph\":[{\"@type\":\"Article\",\"@id\":\"https:\\\/\\\/sindromecharge.es\\\/index.php\\\/2024\\\/10\\\/06\\\/envejecer-decidir-vivir-un-desafio-compartido-una-responsabilidad-comun\\\/#article\",\"isPartOf\":{\"@id\":\"https:\\\/\\\/sindromecharge.es\\\/index.php\\\/2024\\\/10\\\/06\\\/envejecer-decidir-vivir-un-desafio-compartido-una-responsabilidad-comun\\\/\"},\"author\":{\"name\":\"Charge\",\"@id\":\"https:\\\/\\\/sindromecharge.es\\\/#\\\/schema\\\/person\\\/39a60ebe0a2b4d5a11179701e336b039\"},\"headline\":\"Envejecer, decidir, vivir: un desaf\u00edo compartido, una responsabilidad com\u00fan\",\"datePublished\":\"2024-10-06T06:39:08+00:00\",\"mainEntityOfPage\":{\"@id\":\"https:\\\/\\\/sindromecharge.es\\\/index.php\\\/2024\\\/10\\\/06\\\/envejecer-decidir-vivir-un-desafio-compartido-una-responsabilidad-comun\\\/\"},\"wordCount\":672,\"articleSection\":[\"noticias\"],\"inLanguage\":\"es\"},{\"@type\":\"WebPage\",\"@id\":\"https:\\\/\\\/sindromecharge.es\\\/index.php\\\/2024\\\/10\\\/06\\\/envejecer-decidir-vivir-un-desafio-compartido-una-responsabilidad-comun\\\/\",\"url\":\"https:\\\/\\\/sindromecharge.es\\\/index.php\\\/2024\\\/10\\\/06\\\/envejecer-decidir-vivir-un-desafio-compartido-una-responsabilidad-comun\\\/\",\"name\":\"Envejecer, decidir, vivir: un desaf\u00edo compartido, una responsabilidad com\u00fan - Asociaci\u00f3n Espa\u00f1ola S\u00edndrome de Charge\",\"isPartOf\":{\"@id\":\"https:\\\/\\\/sindromecharge.es\\\/#website\"},\"datePublished\":\"2024-10-06T06:39:08+00:00\",\"author\":{\"@id\":\"https:\\\/\\\/sindromecharge.es\\\/#\\\/schema\\\/person\\\/39a60ebe0a2b4d5a11179701e336b039\"},\"breadcrumb\":{\"@id\":\"https:\\\/\\\/sindromecharge.es\\\/index.php\\\/2024\\\/10\\\/06\\\/envejecer-decidir-vivir-un-desafio-compartido-una-responsabilidad-comun\\\/#breadcrumb\"},\"inLanguage\":\"es\",\"potentialAction\":[{\"@type\":\"ReadAction\",\"target\":[\"https:\\\/\\\/sindromecharge.es\\\/index.php\\\/2024\\\/10\\\/06\\\/envejecer-decidir-vivir-un-desafio-compartido-una-responsabilidad-comun\\\/\"]}]},{\"@type\":\"BreadcrumbList\",\"@id\":\"https:\\\/\\\/sindromecharge.es\\\/index.php\\\/2024\\\/10\\\/06\\\/envejecer-decidir-vivir-un-desafio-compartido-una-responsabilidad-comun\\\/#breadcrumb\",\"itemListElement\":[{\"@type\":\"ListItem\",\"position\":1,\"name\":\"Portada\",\"item\":\"https:\\\/\\\/sindromecharge.es\\\/\"},{\"@type\":\"ListItem\",\"position\":2,\"name\":\"Envejecer, decidir, vivir: un desaf\u00edo compartido, una responsabilidad com\u00fan\"}]},{\"@type\":\"WebSite\",\"@id\":\"https:\\\/\\\/sindromecharge.es\\\/#website\",\"url\":\"https:\\\/\\\/sindromecharge.es\\\/\",\"name\":\"Asociaci\u00f3n Espa\u00f1ola S\u00edndrome de Charge\",\"description\":\"\",\"potentialAction\":[{\"@type\":\"SearchAction\",\"target\":{\"@type\":\"EntryPoint\",\"urlTemplate\":\"https:\\\/\\\/sindromecharge.es\\\/?s={search_term_string}\"},\"query-input\":{\"@type\":\"PropertyValueSpecification\",\"valueRequired\":true,\"valueName\":\"search_term_string\"}}],\"inLanguage\":\"es\"},{\"@type\":\"Person\",\"@id\":\"https:\\\/\\\/sindromecharge.es\\\/#\\\/schema\\\/person\\\/39a60ebe0a2b4d5a11179701e336b039\",\"name\":\"Charge\",\"image\":{\"@type\":\"ImageObject\",\"inLanguage\":\"es\",\"@id\":\"https:\\\/\\\/secure.gravatar.com\\\/avatar\\\/c3b46e32a0fc3b093a0873fb767bf3293de856293065e84ef06b7ec7a8acfb98?s=96&d=identicon&r=x\",\"url\":\"https:\\\/\\\/secure.gravatar.com\\\/avatar\\\/c3b46e32a0fc3b093a0873fb767bf3293de856293065e84ef06b7ec7a8acfb98?s=96&d=identicon&r=x\",\"contentUrl\":\"https:\\\/\\\/secure.gravatar.com\\\/avatar\\\/c3b46e32a0fc3b093a0873fb767bf3293de856293065e84ef06b7ec7a8acfb98?s=96&d=identicon&r=x\",\"caption\":\"Charge\"},\"url\":\"https:\\\/\\\/sindromecharge.es\\\/index.php\\\/author\\\/admin\\\/\"}]}<\/script>\n<!-- \/ Yoast SEO plugin. -->","yoast_head_json":{"title":"Envejecer, decidir, vivir: un desaf\u00edo compartido, una responsabilidad com\u00fan - Asociaci\u00f3n Espa\u00f1ola S\u00edndrome de Charge","robots":{"index":"index","follow":"follow","max-snippet":"max-snippet:-1","max-image-preview":"max-image-preview:large","max-video-preview":"max-video-preview:-1"},"canonical":"https:\/\/sindromecharge.es\/index.php\/2024\/10\/06\/envejecer-decidir-vivir-un-desafio-compartido-una-responsabilidad-comun\/","og_locale":"es_ES","og_type":"article","og_title":"Envejecer, decidir, vivir: un desaf\u00edo compartido, una responsabilidad com\u00fan - Asociaci\u00f3n Espa\u00f1ola S\u00edndrome de Charge","og_description":"Se espera que en los pr\u00f3ximos 10 a\u00f1os el n\u00famero de personas con par\u00e1lisis cerebral mayores de 65 a\u00f1os atendidas en las entidades ASPACE se multiplique por tres.","og_url":"https:\/\/sindromecharge.es\/index.php\/2024\/10\/06\/envejecer-decidir-vivir-un-desafio-compartido-una-responsabilidad-comun\/","og_site_name":"Asociaci\u00f3n Espa\u00f1ola S\u00edndrome de Charge","article_publisher":"https:\/\/www.facebook.com\/asociacionsindromecharge","article_published_time":"2024-10-06T06:39:08+00:00","og_image":[{"width":300,"height":98,"url":"https:\/\/sindromecharge.es\/wp-content\/uploads\/2013\/09\/logodecharge300x98.png","type":"image\/png"}],"author":"Charge","twitter_card":"summary_large_image","twitter_creator":"@sindromecharge","twitter_site":"@sindromecharge","twitter_misc":{"Escrito por":"Charge","Tiempo de lectura":"3 minutos"},"schema":{"@context":"https:\/\/schema.org","@graph":[{"@type":"Article","@id":"https:\/\/sindromecharge.es\/index.php\/2024\/10\/06\/envejecer-decidir-vivir-un-desafio-compartido-una-responsabilidad-comun\/#article","isPartOf":{"@id":"https:\/\/sindromecharge.es\/index.php\/2024\/10\/06\/envejecer-decidir-vivir-un-desafio-compartido-una-responsabilidad-comun\/"},"author":{"name":"Charge","@id":"https:\/\/sindromecharge.es\/#\/schema\/person\/39a60ebe0a2b4d5a11179701e336b039"},"headline":"Envejecer, decidir, vivir: un desaf\u00edo compartido, una responsabilidad com\u00fan","datePublished":"2024-10-06T06:39:08+00:00","mainEntityOfPage":{"@id":"https:\/\/sindromecharge.es\/index.php\/2024\/10\/06\/envejecer-decidir-vivir-un-desafio-compartido-una-responsabilidad-comun\/"},"wordCount":672,"articleSection":["noticias"],"inLanguage":"es"},{"@type":"WebPage","@id":"https:\/\/sindromecharge.es\/index.php\/2024\/10\/06\/envejecer-decidir-vivir-un-desafio-compartido-una-responsabilidad-comun\/","url":"https:\/\/sindromecharge.es\/index.php\/2024\/10\/06\/envejecer-decidir-vivir-un-desafio-compartido-una-responsabilidad-comun\/","name":"Envejecer, decidir, vivir: un desaf\u00edo compartido, una responsabilidad com\u00fan - Asociaci\u00f3n Espa\u00f1ola S\u00edndrome de Charge","isPartOf":{"@id":"https:\/\/sindromecharge.es\/#website"},"datePublished":"2024-10-06T06:39:08+00:00","author":{"@id":"https:\/\/sindromecharge.es\/#\/schema\/person\/39a60ebe0a2b4d5a11179701e336b039"},"breadcrumb":{"@id":"https:\/\/sindromecharge.es\/index.php\/2024\/10\/06\/envejecer-decidir-vivir-un-desafio-compartido-una-responsabilidad-comun\/#breadcrumb"},"inLanguage":"es","potentialAction":[{"@type":"ReadAction","target":["https:\/\/sindromecharge.es\/index.php\/2024\/10\/06\/envejecer-decidir-vivir-un-desafio-compartido-una-responsabilidad-comun\/"]}]},{"@type":"BreadcrumbList","@id":"https:\/\/sindromecharge.es\/index.php\/2024\/10\/06\/envejecer-decidir-vivir-un-desafio-compartido-una-responsabilidad-comun\/#breadcrumb","itemListElement":[{"@type":"ListItem","position":1,"name":"Portada","item":"https:\/\/sindromecharge.es\/"},{"@type":"ListItem","position":2,"name":"Envejecer, decidir, vivir: un desaf\u00edo compartido, una responsabilidad com\u00fan"}]},{"@type":"WebSite","@id":"https:\/\/sindromecharge.es\/#website","url":"https:\/\/sindromecharge.es\/","name":"Asociaci\u00f3n Espa\u00f1ola S\u00edndrome de Charge","description":"","potentialAction":[{"@type":"SearchAction","target":{"@type":"EntryPoint","urlTemplate":"https:\/\/sindromecharge.es\/?s={search_term_string}"},"query-input":{"@type":"PropertyValueSpecification","valueRequired":true,"valueName":"search_term_string"}}],"inLanguage":"es"},{"@type":"Person","@id":"https:\/\/sindromecharge.es\/#\/schema\/person\/39a60ebe0a2b4d5a11179701e336b039","name":"Charge","image":{"@type":"ImageObject","inLanguage":"es","@id":"https:\/\/secure.gravatar.com\/avatar\/c3b46e32a0fc3b093a0873fb767bf3293de856293065e84ef06b7ec7a8acfb98?s=96&d=identicon&r=x","url":"https:\/\/secure.gravatar.com\/avatar\/c3b46e32a0fc3b093a0873fb767bf3293de856293065e84ef06b7ec7a8acfb98?s=96&d=identicon&r=x","contentUrl":"https:\/\/secure.gravatar.com\/avatar\/c3b46e32a0fc3b093a0873fb767bf3293de856293065e84ef06b7ec7a8acfb98?s=96&d=identicon&r=x","caption":"Charge"},"url":"https:\/\/sindromecharge.es\/index.php\/author\/admin\/"}]}},"_links":{"self":[{"href":"https:\/\/sindromecharge.es\/index.php\/wp-json\/wp\/v2\/posts\/10413","targetHints":{"allow":["GET"]}}],"collection":[{"href":"https:\/\/sindromecharge.es\/index.php\/wp-json\/wp\/v2\/posts"}],"about":[{"href":"https:\/\/sindromecharge.es\/index.php\/wp-json\/wp\/v2\/types\/post"}],"author":[{"embeddable":true,"href":"https:\/\/sindromecharge.es\/index.php\/wp-json\/wp\/v2\/users\/1"}],"replies":[{"embeddable":true,"href":"https:\/\/sindromecharge.es\/index.php\/wp-json\/wp\/v2\/comments?post=10413"}],"version-history":[{"count":0,"href":"https:\/\/sindromecharge.es\/index.php\/wp-json\/wp\/v2\/posts\/10413\/revisions"}],"wp:attachment":[{"href":"https:\/\/sindromecharge.es\/index.php\/wp-json\/wp\/v2\/media?parent=10413"}],"wp:term":[{"taxonomy":"category","embeddable":true,"href":"https:\/\/sindromecharge.es\/index.php\/wp-json\/wp\/v2\/categories?post=10413"},{"taxonomy":"post_tag","embeddable":true,"href":"https:\/\/sindromecharge.es\/index.php\/wp-json\/wp\/v2\/tags?post=10413"}],"curies":[{"name":"wp","href":"https:\/\/api.w.org\/{rel}","templated":true}]}}