{"id":10388,"date":"2024-10-04T05:59:19","date_gmt":"2024-10-04T05:59:19","guid":{"rendered":"https:\/\/sindromecharge.es\/index.php\/2024\/10\/04\/futbol-recursos-asistencia-michel-unzue-apadrinan-un-wallapop-productos-sanitarios-sin-animo-lucro\/"},"modified":"2024-10-04T05:59:19","modified_gmt":"2024-10-04T05:59:19","slug":"futbol-recursos-asistencia-michel-unzue-apadrinan-un-wallapop-productos-sanitarios-sin-animo-lucro","status":"publish","type":"post","link":"https:\/\/sindromecharge.es\/index.php\/2024\/10\/04\/futbol-recursos-asistencia-michel-unzue-apadrinan-un-wallapop-productos-sanitarios-sin-animo-lucro\/","title":{"rendered":"Michel y Unzu\u00e9 apadrinan Isiwey, un &#8216;wallapop&#8217; de productos sanitarios sin \u00e1nimo de lucro: \u00abSon donaciones entre gente\u00bb"},"content":{"rendered":"<p>Leemos en Discapacidad la siguiente noticia que os reproducimos de forma \u00edntegra: <\/p>\n<div>\n<p>El entrenador del Girona, Michel S\u00e1nchez, y el exfutbolista <a href=\"https:\/\/www.20minutos.es\/deportes\/minuteca\/unzue\/\" title=\"Unzu\u00e9\" target=\"_blank\" rel=\"noopener\">Juan Carlos Unzu\u00e9<\/a>, dedicado actualmente a visibilizar la <a href=\"https:\/\/www.20minutos.es\/minuteca\/ela-esclerosis-lateral-amiotrofica\/\" title=\"ELA - Esclerosis lateral amiotr\u00f3fica\" target=\"_blank\" rel=\"noopener\">esclerosis lateral amiotr\u00f3fica (ELA)<\/a>, han apadrinado este jueves una plataforma pionera que fomenta el intercambio de recursos de asistencia m\u00e9dica como muletas, sillas de ruedas o aud\u00edfonos<b>, una suerte de &#8216;wallapop&#8217; sanitaria sin animo de lucro<\/b>.<\/p>\n<p>La iniciativa recibe el nombre de Isiwey y pretende que<b> objetos sanitarios que todav\u00eda tienen una vida \u00fatil<\/b> lleguen a quienes las precisan a trav\u00e9s de un mercado virtual que evite su abandono.<\/p>\n<p>La plataforma tiene cobertura en toda Espa\u00f1a, una previsi\u00f3n de <b>15.000 intercambios en el primer a\u00f1o de funcionamiento<\/b> y el objetivo de llegar a otros pa\u00edses pr\u00f3ximamente.<\/p>\n<p>Unzu\u00e9 ha dado detalles del proyecto y ha puesto como ejemplo de su utilidad que los enfermos de ELA disponen de asociaciones y fundaciones de ayuda pero en muchos casos necesitan diferentes <a href=\"https:\/\/www.20minutos.es\/minuteca\/silla-de-ruedas\/\" title=\"Silla de ruedas\" target=\"_blank\" rel=\"noopener\">sillas de ruedas<\/a> en un espacio de tiempo peque\u00f1o y <b>se acumula ese material<\/b>.<\/p>\n<p>\u00abSon donaciones entre gente necesitada\u00bb, ha puntualizado el exfutbolista, mientras que Michel se ha declarado orgulloso de apadrinar la iniciativa y convencido de que tendr\u00e1 \u00e9xito.<\/p>\n<p>Isiwey, confeccionada sin \u00e1nimo de lucro, promueve la circulaci\u00f3n de estas herramientas t\u00e9cnicas que todav\u00eda tienen una vida \u00fatil y que se encuentran en desuso.<\/p>\n<p>Adem\u00e1s, sus responsables esperan que contribuya a un importante <b>ahorro de dinero p\u00fablico <\/b>como otra virtud destacada.<\/p>\n<p>La \u00fanica aportaci\u00f3n que realizan los usuarios es<b> de dos euros por intercambio para ayudar al coste<\/b>, mantenimiento y gesti\u00f3n de la plataforma.<\/p>\n<p>La idea se inspira en foros de internet que basan su funcionamiento en cubrir necesidades a partir de la compraventa de productos de segunda mano.<\/p>\n<p><b>La asociaci\u00f3n gerundense Multicapacitats <\/b>est\u00e1 detr\u00e1s de la iniciativa tras un trabajo de cuatro a\u00f1os y su presidente, David Montoro, ha explicado en la presentaci\u00f3n de este jueves que se cumple \u00abun sue\u00f1o\u00bb.<\/p>\n<p><b>\u00abDeseamos que Isiwey ayude a muchas personas<\/b> y que la plataforma se globalice hasta convertirse en una herramienta esencial, capaz de transformar vidas y que pueda hacer que el mundo sea un poco m\u00e1s justo e igualitario\u00bb, ha concluido.<\/p>\n<p>Multicapacitats est\u00e1 formada por estudiantes y exalumnos de la Universidad de Girona con alg\u00fan tipo de <a href=\"https:\/\/www.20minutos.es\/minuteca\/discapacidad\/\" title=\"Discapacidad\" target=\"_blank\" rel=\"noopener\">discapacidad<\/a> y tambi\u00e9n por personas concienciadas en este \u00e1mbito.<\/p>\n<p>Para esta ocasi\u00f3n, la asociaci\u00f3n ha contado con el <b>impulso de la Fundaci\u00f3n &#8216;la Caixa&#8217;<\/b> y de la Diputaci\u00f3n de Girona. <\/p>\n<\/div>\n<p>Fuente: Discapacidad https:\/\/www.20minutos.es\/noticia\/5640312\/0\/futbol-recursos-asistencia-michel-unzue-apadrinan-un-wallapop-productos-sanitarios-sin-animo-lucro\/<\/p>\n","protected":false},"excerpt":{"rendered":"<p>Isiwey pretende que objetos sanitarios que todav\u00eda tienen una vida \u00fatil lleguen a quienes los necesitan sin coste.<\/p>\n","protected":false},"author":1,"featured_media":0,"comment_status":"closed","ping_status":"closed","sticky":false,"template":"","format":"standard","meta":{"footnotes":""},"categories":[8],"tags":[],"class_list":["post-10388","post","type-post","status-publish","format-standard","hentry","category-noticias"],"yoast_head":"<!-- This site is optimized with the Yoast SEO plugin v27.5 - https:\/\/yoast.com\/product\/yoast-seo-wordpress\/ -->\n<title>Michel y Unzu\u00e9 apadrinan Isiwey, un &#039;wallapop&#039; de productos sanitarios sin \u00e1nimo de lucro: &quot;Son donaciones entre gente&quot; - Asociaci\u00f3n Espa\u00f1ola S\u00edndrome de Charge<\/title>\n<meta name=\"robots\" content=\"index, follow, max-snippet:-1, max-image-preview:large, max-video-preview:-1\" \/>\n<link rel=\"canonical\" href=\"https:\/\/sindromecharge.es\/index.php\/2024\/10\/04\/futbol-recursos-asistencia-michel-unzue-apadrinan-un-wallapop-productos-sanitarios-sin-animo-lucro\/\" \/>\n<meta property=\"og:locale\" content=\"es_ES\" \/>\n<meta property=\"og:type\" content=\"article\" \/>\n<meta property=\"og:title\" content=\"Michel y Unzu\u00e9 apadrinan Isiwey, un &#039;wallapop&#039; de productos sanitarios sin \u00e1nimo de lucro: &quot;Son donaciones entre gente&quot; - Asociaci\u00f3n Espa\u00f1ola S\u00edndrome de Charge\" \/>\n<meta property=\"og:description\" content=\"Isiwey pretende que objetos sanitarios que todav\u00eda tienen una vida \u00fatil lleguen a quienes los necesitan sin coste.\" \/>\n<meta property=\"og:url\" content=\"https:\/\/sindromecharge.es\/index.php\/2024\/10\/04\/futbol-recursos-asistencia-michel-unzue-apadrinan-un-wallapop-productos-sanitarios-sin-animo-lucro\/\" \/>\n<meta property=\"og:site_name\" content=\"Asociaci\u00f3n Espa\u00f1ola S\u00edndrome de Charge\" \/>\n<meta property=\"article:publisher\" content=\"https:\/\/www.facebook.com\/asociacionsindromecharge\" \/>\n<meta property=\"article:published_time\" content=\"2024-10-04T05:59:19+00:00\" \/>\n<meta property=\"og:image\" content=\"https:\/\/sindromecharge.es\/wp-content\/uploads\/2013\/09\/logodecharge300x98.png\" \/>\n\t<meta property=\"og:image:width\" content=\"300\" \/>\n\t<meta property=\"og:image:height\" content=\"98\" \/>\n\t<meta property=\"og:image:type\" content=\"image\/png\" \/>\n<meta name=\"author\" content=\"Charge\" \/>\n<meta name=\"twitter:card\" content=\"summary_large_image\" \/>\n<meta name=\"twitter:creator\" content=\"@sindromecharge\" \/>\n<meta name=\"twitter:site\" content=\"@sindromecharge\" \/>\n<meta name=\"twitter:label1\" content=\"Escrito por\" \/>\n\t<meta name=\"twitter:data1\" content=\"Charge\" \/>\n\t<meta name=\"twitter:label2\" content=\"Tiempo de lectura\" \/>\n\t<meta name=\"twitter:data2\" content=\"2 minutos\" \/>\n<script type=\"application\/ld+json\" class=\"yoast-schema-graph\">{\"@context\":\"https:\\\/\\\/schema.org\",\"@graph\":[{\"@type\":\"Article\",\"@id\":\"https:\\\/\\\/sindromecharge.es\\\/index.php\\\/2024\\\/10\\\/04\\\/futbol-recursos-asistencia-michel-unzue-apadrinan-un-wallapop-productos-sanitarios-sin-animo-lucro\\\/#article\",\"isPartOf\":{\"@id\":\"https:\\\/\\\/sindromecharge.es\\\/index.php\\\/2024\\\/10\\\/04\\\/futbol-recursos-asistencia-michel-unzue-apadrinan-un-wallapop-productos-sanitarios-sin-animo-lucro\\\/\"},\"author\":{\"name\":\"Charge\",\"@id\":\"https:\\\/\\\/sindromecharge.es\\\/#\\\/schema\\\/person\\\/39a60ebe0a2b4d5a11179701e336b039\"},\"headline\":\"Michel y Unzu\u00e9 apadrinan Isiwey, un &#8216;wallapop&#8217; de productos sanitarios sin \u00e1nimo de lucro: \u00abSon donaciones entre gente\u00bb\",\"datePublished\":\"2024-10-04T05:59:19+00:00\",\"mainEntityOfPage\":{\"@id\":\"https:\\\/\\\/sindromecharge.es\\\/index.php\\\/2024\\\/10\\\/04\\\/futbol-recursos-asistencia-michel-unzue-apadrinan-un-wallapop-productos-sanitarios-sin-animo-lucro\\\/\"},\"wordCount\":461,\"articleSection\":[\"noticias\"],\"inLanguage\":\"es\"},{\"@type\":\"WebPage\",\"@id\":\"https:\\\/\\\/sindromecharge.es\\\/index.php\\\/2024\\\/10\\\/04\\\/futbol-recursos-asistencia-michel-unzue-apadrinan-un-wallapop-productos-sanitarios-sin-animo-lucro\\\/\",\"url\":\"https:\\\/\\\/sindromecharge.es\\\/index.php\\\/2024\\\/10\\\/04\\\/futbol-recursos-asistencia-michel-unzue-apadrinan-un-wallapop-productos-sanitarios-sin-animo-lucro\\\/\",\"name\":\"Michel y Unzu\u00e9 apadrinan Isiwey, un 'wallapop' de productos sanitarios sin \u00e1nimo de lucro: \\\"Son donaciones entre gente\\\" - Asociaci\u00f3n Espa\u00f1ola S\u00edndrome de Charge\",\"isPartOf\":{\"@id\":\"https:\\\/\\\/sindromecharge.es\\\/#website\"},\"datePublished\":\"2024-10-04T05:59:19+00:00\",\"author\":{\"@id\":\"https:\\\/\\\/sindromecharge.es\\\/#\\\/schema\\\/person\\\/39a60ebe0a2b4d5a11179701e336b039\"},\"breadcrumb\":{\"@id\":\"https:\\\/\\\/sindromecharge.es\\\/index.php\\\/2024\\\/10\\\/04\\\/futbol-recursos-asistencia-michel-unzue-apadrinan-un-wallapop-productos-sanitarios-sin-animo-lucro\\\/#breadcrumb\"},\"inLanguage\":\"es\",\"potentialAction\":[{\"@type\":\"ReadAction\",\"target\":[\"https:\\\/\\\/sindromecharge.es\\\/index.php\\\/2024\\\/10\\\/04\\\/futbol-recursos-asistencia-michel-unzue-apadrinan-un-wallapop-productos-sanitarios-sin-animo-lucro\\\/\"]}]},{\"@type\":\"BreadcrumbList\",\"@id\":\"https:\\\/\\\/sindromecharge.es\\\/index.php\\\/2024\\\/10\\\/04\\\/futbol-recursos-asistencia-michel-unzue-apadrinan-un-wallapop-productos-sanitarios-sin-animo-lucro\\\/#breadcrumb\",\"itemListElement\":[{\"@type\":\"ListItem\",\"position\":1,\"name\":\"Portada\",\"item\":\"https:\\\/\\\/sindromecharge.es\\\/\"},{\"@type\":\"ListItem\",\"position\":2,\"name\":\"Michel y Unzu\u00e9 apadrinan Isiwey, un &#8216;wallapop&#8217; de productos sanitarios sin \u00e1nimo de lucro: &#8220;Son donaciones entre gente&#8221;\"}]},{\"@type\":\"WebSite\",\"@id\":\"https:\\\/\\\/sindromecharge.es\\\/#website\",\"url\":\"https:\\\/\\\/sindromecharge.es\\\/\",\"name\":\"Asociaci\u00f3n Espa\u00f1ola S\u00edndrome de Charge\",\"description\":\"\",\"potentialAction\":[{\"@type\":\"SearchAction\",\"target\":{\"@type\":\"EntryPoint\",\"urlTemplate\":\"https:\\\/\\\/sindromecharge.es\\\/?s={search_term_string}\"},\"query-input\":{\"@type\":\"PropertyValueSpecification\",\"valueRequired\":true,\"valueName\":\"search_term_string\"}}],\"inLanguage\":\"es\"},{\"@type\":\"Person\",\"@id\":\"https:\\\/\\\/sindromecharge.es\\\/#\\\/schema\\\/person\\\/39a60ebe0a2b4d5a11179701e336b039\",\"name\":\"Charge\",\"image\":{\"@type\":\"ImageObject\",\"inLanguage\":\"es\",\"@id\":\"https:\\\/\\\/secure.gravatar.com\\\/avatar\\\/c3b46e32a0fc3b093a0873fb767bf3293de856293065e84ef06b7ec7a8acfb98?s=96&d=identicon&r=x\",\"url\":\"https:\\\/\\\/secure.gravatar.com\\\/avatar\\\/c3b46e32a0fc3b093a0873fb767bf3293de856293065e84ef06b7ec7a8acfb98?s=96&d=identicon&r=x\",\"contentUrl\":\"https:\\\/\\\/secure.gravatar.com\\\/avatar\\\/c3b46e32a0fc3b093a0873fb767bf3293de856293065e84ef06b7ec7a8acfb98?s=96&d=identicon&r=x\",\"caption\":\"Charge\"},\"url\":\"https:\\\/\\\/sindromecharge.es\\\/index.php\\\/author\\\/admin\\\/\"}]}<\/script>\n<!-- \/ Yoast SEO plugin. -->","yoast_head_json":{"title":"Michel y Unzu\u00e9 apadrinan Isiwey, un 'wallapop' de productos sanitarios sin \u00e1nimo de lucro: \"Son donaciones entre gente\" - Asociaci\u00f3n Espa\u00f1ola S\u00edndrome de Charge","robots":{"index":"index","follow":"follow","max-snippet":"max-snippet:-1","max-image-preview":"max-image-preview:large","max-video-preview":"max-video-preview:-1"},"canonical":"https:\/\/sindromecharge.es\/index.php\/2024\/10\/04\/futbol-recursos-asistencia-michel-unzue-apadrinan-un-wallapop-productos-sanitarios-sin-animo-lucro\/","og_locale":"es_ES","og_type":"article","og_title":"Michel y Unzu\u00e9 apadrinan Isiwey, un 'wallapop' de productos sanitarios sin \u00e1nimo de lucro: \"Son donaciones entre gente\" - Asociaci\u00f3n Espa\u00f1ola S\u00edndrome de Charge","og_description":"Isiwey pretende que objetos sanitarios que todav\u00eda tienen una vida \u00fatil lleguen a quienes los necesitan sin coste.","og_url":"https:\/\/sindromecharge.es\/index.php\/2024\/10\/04\/futbol-recursos-asistencia-michel-unzue-apadrinan-un-wallapop-productos-sanitarios-sin-animo-lucro\/","og_site_name":"Asociaci\u00f3n Espa\u00f1ola S\u00edndrome de Charge","article_publisher":"https:\/\/www.facebook.com\/asociacionsindromecharge","article_published_time":"2024-10-04T05:59:19+00:00","og_image":[{"width":300,"height":98,"url":"https:\/\/sindromecharge.es\/wp-content\/uploads\/2013\/09\/logodecharge300x98.png","type":"image\/png"}],"author":"Charge","twitter_card":"summary_large_image","twitter_creator":"@sindromecharge","twitter_site":"@sindromecharge","twitter_misc":{"Escrito por":"Charge","Tiempo de lectura":"2 minutos"},"schema":{"@context":"https:\/\/schema.org","@graph":[{"@type":"Article","@id":"https:\/\/sindromecharge.es\/index.php\/2024\/10\/04\/futbol-recursos-asistencia-michel-unzue-apadrinan-un-wallapop-productos-sanitarios-sin-animo-lucro\/#article","isPartOf":{"@id":"https:\/\/sindromecharge.es\/index.php\/2024\/10\/04\/futbol-recursos-asistencia-michel-unzue-apadrinan-un-wallapop-productos-sanitarios-sin-animo-lucro\/"},"author":{"name":"Charge","@id":"https:\/\/sindromecharge.es\/#\/schema\/person\/39a60ebe0a2b4d5a11179701e336b039"},"headline":"Michel y Unzu\u00e9 apadrinan Isiwey, un &#8216;wallapop&#8217; de productos sanitarios sin \u00e1nimo de lucro: \u00abSon donaciones entre gente\u00bb","datePublished":"2024-10-04T05:59:19+00:00","mainEntityOfPage":{"@id":"https:\/\/sindromecharge.es\/index.php\/2024\/10\/04\/futbol-recursos-asistencia-michel-unzue-apadrinan-un-wallapop-productos-sanitarios-sin-animo-lucro\/"},"wordCount":461,"articleSection":["noticias"],"inLanguage":"es"},{"@type":"WebPage","@id":"https:\/\/sindromecharge.es\/index.php\/2024\/10\/04\/futbol-recursos-asistencia-michel-unzue-apadrinan-un-wallapop-productos-sanitarios-sin-animo-lucro\/","url":"https:\/\/sindromecharge.es\/index.php\/2024\/10\/04\/futbol-recursos-asistencia-michel-unzue-apadrinan-un-wallapop-productos-sanitarios-sin-animo-lucro\/","name":"Michel y Unzu\u00e9 apadrinan Isiwey, un 'wallapop' de productos sanitarios sin \u00e1nimo de lucro: \"Son donaciones entre gente\" - Asociaci\u00f3n Espa\u00f1ola S\u00edndrome de Charge","isPartOf":{"@id":"https:\/\/sindromecharge.es\/#website"},"datePublished":"2024-10-04T05:59:19+00:00","author":{"@id":"https:\/\/sindromecharge.es\/#\/schema\/person\/39a60ebe0a2b4d5a11179701e336b039"},"breadcrumb":{"@id":"https:\/\/sindromecharge.es\/index.php\/2024\/10\/04\/futbol-recursos-asistencia-michel-unzue-apadrinan-un-wallapop-productos-sanitarios-sin-animo-lucro\/#breadcrumb"},"inLanguage":"es","potentialAction":[{"@type":"ReadAction","target":["https:\/\/sindromecharge.es\/index.php\/2024\/10\/04\/futbol-recursos-asistencia-michel-unzue-apadrinan-un-wallapop-productos-sanitarios-sin-animo-lucro\/"]}]},{"@type":"BreadcrumbList","@id":"https:\/\/sindromecharge.es\/index.php\/2024\/10\/04\/futbol-recursos-asistencia-michel-unzue-apadrinan-un-wallapop-productos-sanitarios-sin-animo-lucro\/#breadcrumb","itemListElement":[{"@type":"ListItem","position":1,"name":"Portada","item":"https:\/\/sindromecharge.es\/"},{"@type":"ListItem","position":2,"name":"Michel y Unzu\u00e9 apadrinan Isiwey, un &#8216;wallapop&#8217; de productos sanitarios sin \u00e1nimo de lucro: &#8220;Son donaciones entre gente&#8221;"}]},{"@type":"WebSite","@id":"https:\/\/sindromecharge.es\/#website","url":"https:\/\/sindromecharge.es\/","name":"Asociaci\u00f3n Espa\u00f1ola S\u00edndrome de Charge","description":"","potentialAction":[{"@type":"SearchAction","target":{"@type":"EntryPoint","urlTemplate":"https:\/\/sindromecharge.es\/?s={search_term_string}"},"query-input":{"@type":"PropertyValueSpecification","valueRequired":true,"valueName":"search_term_string"}}],"inLanguage":"es"},{"@type":"Person","@id":"https:\/\/sindromecharge.es\/#\/schema\/person\/39a60ebe0a2b4d5a11179701e336b039","name":"Charge","image":{"@type":"ImageObject","inLanguage":"es","@id":"https:\/\/secure.gravatar.com\/avatar\/c3b46e32a0fc3b093a0873fb767bf3293de856293065e84ef06b7ec7a8acfb98?s=96&d=identicon&r=x","url":"https:\/\/secure.gravatar.com\/avatar\/c3b46e32a0fc3b093a0873fb767bf3293de856293065e84ef06b7ec7a8acfb98?s=96&d=identicon&r=x","contentUrl":"https:\/\/secure.gravatar.com\/avatar\/c3b46e32a0fc3b093a0873fb767bf3293de856293065e84ef06b7ec7a8acfb98?s=96&d=identicon&r=x","caption":"Charge"},"url":"https:\/\/sindromecharge.es\/index.php\/author\/admin\/"}]}},"_links":{"self":[{"href":"https:\/\/sindromecharge.es\/index.php\/wp-json\/wp\/v2\/posts\/10388","targetHints":{"allow":["GET"]}}],"collection":[{"href":"https:\/\/sindromecharge.es\/index.php\/wp-json\/wp\/v2\/posts"}],"about":[{"href":"https:\/\/sindromecharge.es\/index.php\/wp-json\/wp\/v2\/types\/post"}],"author":[{"embeddable":true,"href":"https:\/\/sindromecharge.es\/index.php\/wp-json\/wp\/v2\/users\/1"}],"replies":[{"embeddable":true,"href":"https:\/\/sindromecharge.es\/index.php\/wp-json\/wp\/v2\/comments?post=10388"}],"version-history":[{"count":0,"href":"https:\/\/sindromecharge.es\/index.php\/wp-json\/wp\/v2\/posts\/10388\/revisions"}],"wp:attachment":[{"href":"https:\/\/sindromecharge.es\/index.php\/wp-json\/wp\/v2\/media?parent=10388"}],"wp:term":[{"taxonomy":"category","embeddable":true,"href":"https:\/\/sindromecharge.es\/index.php\/wp-json\/wp\/v2\/categories?post=10388"},{"taxonomy":"post_tag","embeddable":true,"href":"https:\/\/sindromecharge.es\/index.php\/wp-json\/wp\/v2\/tags?post=10388"}],"curies":[{"name":"wp","href":"https:\/\/api.w.org\/{rel}","templated":true}]}}