{"id":10386,"date":"2024-10-04T05:20:42","date_gmt":"2024-10-04T05:20:42","guid":{"rendered":"https:\/\/sindromecharge.es\/index.php\/2024\/10\/04\/que-es-que-da-derecho-incapacidad-permanente-parcial-limita-pero-no-incapacita-para-realizar-un-trabajo\/"},"modified":"2024-10-04T05:20:42","modified_gmt":"2024-10-04T05:20:42","slug":"que-es-que-da-derecho-incapacidad-permanente-parcial-limita-pero-no-incapacita-para-realizar-un-trabajo","status":"publish","type":"post","link":"https:\/\/sindromecharge.es\/index.php\/2024\/10\/04\/que-es-que-da-derecho-incapacidad-permanente-parcial-limita-pero-no-incapacita-para-realizar-un-trabajo\/","title":{"rendered":"\u00bfQu\u00e9 es y a qu\u00e9 da derecho la incapacidad permanente parcial? \u00abLimita, pero no incapacita para realizar un trabajo\u00bb"},"content":{"rendered":"<p>Leemos en Discapacidad la siguiente noticia que os reproducimos de forma \u00edntegra: <\/p>\n<div>\n<p>Dentro de los <b>cuatro distintos tipos de incapacidad<\/b> -parcial, total, absoluta y gran invalidez- la<b> incapacidad permanente parcial <\/b>es la m\u00e1s desconocida, pues poca gente sabe cu\u00e1ndo se reconoce y a qu\u00e9 da derecho el reconocimiento de este tipo de incapacidad.<\/p>\n<p>Como aclara el abogado experto en <a href=\"https:\/\/www.20minutos.es\/minuteca\/discapacidad\/\" title=\"Discapacidad\" target=\"_blank\" rel=\"noopener\">discapacidad<\/a> <b><a href=\"https:\/\/grupogarantia.es\/video\/incapacidad-permanente-parcial\" target=\"_blank\" rel=\"nofollow noopener\">Pedro L\u00f3pez del Cerro<\/a><\/b>, \u00abla incapacidad permanente parcial es la incapacidad que te limita, pero no te imposibilita a realizar las funciones de tu puesto habitual\u00bb. Es decir, que puedes seguir llevando a cabo el trabajo que estabas realizando y <b>no da derecho a pensi\u00f3n<\/b>.<\/p>\n<p>\u00bfCu\u00e1ndo de concede entonces este tipo de incapacidad? Cuando, ya sea por un accidente, lesi\u00f3n, enfermedad, etc. puedes llevar a cabo tu puesto con alguna limitaci\u00f3n, \u00abpor ejemplo, un electricista, que, por una lesi\u00f3n en la mu\u00f1eca, una tarea -como meter cables- que antes hac\u00eda en una hora, ahora la hace en hora y media porque se <b>disminuye la capacidad de hacer sus funciones en al menos un 33%<\/b>\u00ab.<\/p>\n<p>Si no da derecho a pensi\u00f3n y permite seguir trabajando en su puesto, \u00bf<b>para qu\u00e9 sirve<\/b> entonces que te concedan la incapacidad permanente parcial? Como aclara L\u00f3pez, \u00abla <a href=\"https:\/\/www.20minutos.es\/minuteca\/seguridad-social\/\" title=\"Seguridad Social\" target=\"_blank\" rel=\"noopener\">Seguridad Social <\/a>te va a dar una <b>indemnizaci\u00f3n de 24 meses <\/b>sobre tu base de cotizaci\u00f3n y,<b> <\/b>si es necesario, el empresario deber\u00eda<b> adaptar el puesto <\/b>o determinadas funciones que costar\u00edan m\u00e1s trabajo al empleado realizar\u00bb.<\/p>\n<p><b>En ning\u00fan caso<\/b>, insiste Pedro L\u00f3pez, \u00abexiste una<b> imposibilidad de realizar este trabajo<\/b> y, por tanto, esta incapacidad<b> no supone la extinci\u00f3n del contrato<\/b> por esta causa\u00bb.<\/p>\n<p>Para resolver dudas como esta, relacionadas con el mundo de la discapacidad y el derecho, es posible mandar preguntas a trav\u00e9s &#8216;<a href=\"https:\/\/www.instagram.com\/tododiscapacidad\/\" rel=\"nofollow noopener\" target=\"_blank\">Tododiscapacidad<\/a>&#8216;, el perfil que Pedro L\u00f3pez de Cerro ha creado en Instagram. <\/p>\n<\/div>\n<p>Fuente: Discapacidad https:\/\/www.20minutos.es\/noticia\/5639498\/0\/que-es-que-da-derecho-incapacidad-permanente-parcial-limita-pero-no-incapacita-para-realizar-un-trabajo\/<\/p>\n","protected":false},"excerpt":{"rendered":"<p>El abogado Pedro L\u00f3pez explica en &#8216;Tododiscapacidad&#8217; a qu\u00e9 da derecho la m\u00e1s desconocida de la incapacidades<\/p>\n","protected":false},"author":1,"featured_media":0,"comment_status":"closed","ping_status":"closed","sticky":false,"template":"","format":"standard","meta":{"footnotes":""},"categories":[8],"tags":[],"class_list":["post-10386","post","type-post","status-publish","format-standard","hentry","category-noticias"],"yoast_head":"<!-- This site is optimized with the Yoast SEO plugin v27.5 - https:\/\/yoast.com\/product\/yoast-seo-wordpress\/ -->\n<title>\u00bfQu\u00e9 es y a qu\u00e9 da derecho la incapacidad permanente parcial? &quot;Limita, pero no incapacita para realizar un trabajo&quot; - Asociaci\u00f3n Espa\u00f1ola S\u00edndrome de Charge<\/title>\n<meta name=\"robots\" content=\"index, follow, max-snippet:-1, max-image-preview:large, max-video-preview:-1\" \/>\n<link rel=\"canonical\" href=\"https:\/\/sindromecharge.es\/index.php\/2024\/10\/04\/que-es-que-da-derecho-incapacidad-permanente-parcial-limita-pero-no-incapacita-para-realizar-un-trabajo\/\" \/>\n<meta property=\"og:locale\" content=\"es_ES\" \/>\n<meta property=\"og:type\" content=\"article\" \/>\n<meta property=\"og:title\" content=\"\u00bfQu\u00e9 es y a qu\u00e9 da derecho la incapacidad permanente parcial? &quot;Limita, pero no incapacita para realizar un trabajo&quot; - Asociaci\u00f3n Espa\u00f1ola S\u00edndrome de Charge\" \/>\n<meta property=\"og:description\" content=\"El abogado Pedro L\u00f3pez explica en &#8216;Tododiscapacidad&#8217; a qu\u00e9 da derecho la m\u00e1s desconocida de la incapacidades\" \/>\n<meta property=\"og:url\" content=\"https:\/\/sindromecharge.es\/index.php\/2024\/10\/04\/que-es-que-da-derecho-incapacidad-permanente-parcial-limita-pero-no-incapacita-para-realizar-un-trabajo\/\" \/>\n<meta property=\"og:site_name\" content=\"Asociaci\u00f3n Espa\u00f1ola S\u00edndrome de Charge\" \/>\n<meta property=\"article:publisher\" content=\"https:\/\/www.facebook.com\/asociacionsindromecharge\" \/>\n<meta property=\"article:published_time\" content=\"2024-10-04T05:20:42+00:00\" \/>\n<meta property=\"og:image\" content=\"https:\/\/sindromecharge.es\/wp-content\/uploads\/2013\/09\/logodecharge300x98.png\" \/>\n\t<meta property=\"og:image:width\" content=\"300\" \/>\n\t<meta property=\"og:image:height\" content=\"98\" \/>\n\t<meta property=\"og:image:type\" content=\"image\/png\" \/>\n<meta name=\"author\" content=\"Charge\" \/>\n<meta name=\"twitter:card\" content=\"summary_large_image\" \/>\n<meta name=\"twitter:creator\" content=\"@sindromecharge\" \/>\n<meta name=\"twitter:site\" content=\"@sindromecharge\" \/>\n<meta name=\"twitter:label1\" content=\"Escrito por\" \/>\n\t<meta name=\"twitter:data1\" content=\"Charge\" \/>\n\t<meta name=\"twitter:label2\" content=\"Tiempo de lectura\" \/>\n\t<meta name=\"twitter:data2\" content=\"2 minutos\" \/>\n<script type=\"application\/ld+json\" class=\"yoast-schema-graph\">{\"@context\":\"https:\\\/\\\/schema.org\",\"@graph\":[{\"@type\":\"Article\",\"@id\":\"https:\\\/\\\/sindromecharge.es\\\/index.php\\\/2024\\\/10\\\/04\\\/que-es-que-da-derecho-incapacidad-permanente-parcial-limita-pero-no-incapacita-para-realizar-un-trabajo\\\/#article\",\"isPartOf\":{\"@id\":\"https:\\\/\\\/sindromecharge.es\\\/index.php\\\/2024\\\/10\\\/04\\\/que-es-que-da-derecho-incapacidad-permanente-parcial-limita-pero-no-incapacita-para-realizar-un-trabajo\\\/\"},\"author\":{\"name\":\"Charge\",\"@id\":\"https:\\\/\\\/sindromecharge.es\\\/#\\\/schema\\\/person\\\/39a60ebe0a2b4d5a11179701e336b039\"},\"headline\":\"\u00bfQu\u00e9 es y a qu\u00e9 da derecho la incapacidad permanente parcial? \u00abLimita, pero no incapacita para realizar un trabajo\u00bb\",\"datePublished\":\"2024-10-04T05:20:42+00:00\",\"mainEntityOfPage\":{\"@id\":\"https:\\\/\\\/sindromecharge.es\\\/index.php\\\/2024\\\/10\\\/04\\\/que-es-que-da-derecho-incapacidad-permanente-parcial-limita-pero-no-incapacita-para-realizar-un-trabajo\\\/\"},\"wordCount\":345,\"articleSection\":[\"noticias\"],\"inLanguage\":\"es\"},{\"@type\":\"WebPage\",\"@id\":\"https:\\\/\\\/sindromecharge.es\\\/index.php\\\/2024\\\/10\\\/04\\\/que-es-que-da-derecho-incapacidad-permanente-parcial-limita-pero-no-incapacita-para-realizar-un-trabajo\\\/\",\"url\":\"https:\\\/\\\/sindromecharge.es\\\/index.php\\\/2024\\\/10\\\/04\\\/que-es-que-da-derecho-incapacidad-permanente-parcial-limita-pero-no-incapacita-para-realizar-un-trabajo\\\/\",\"name\":\"\u00bfQu\u00e9 es y a qu\u00e9 da derecho la incapacidad permanente parcial? \\\"Limita, pero no incapacita para realizar un trabajo\\\" - Asociaci\u00f3n Espa\u00f1ola S\u00edndrome de Charge\",\"isPartOf\":{\"@id\":\"https:\\\/\\\/sindromecharge.es\\\/#website\"},\"datePublished\":\"2024-10-04T05:20:42+00:00\",\"author\":{\"@id\":\"https:\\\/\\\/sindromecharge.es\\\/#\\\/schema\\\/person\\\/39a60ebe0a2b4d5a11179701e336b039\"},\"breadcrumb\":{\"@id\":\"https:\\\/\\\/sindromecharge.es\\\/index.php\\\/2024\\\/10\\\/04\\\/que-es-que-da-derecho-incapacidad-permanente-parcial-limita-pero-no-incapacita-para-realizar-un-trabajo\\\/#breadcrumb\"},\"inLanguage\":\"es\",\"potentialAction\":[{\"@type\":\"ReadAction\",\"target\":[\"https:\\\/\\\/sindromecharge.es\\\/index.php\\\/2024\\\/10\\\/04\\\/que-es-que-da-derecho-incapacidad-permanente-parcial-limita-pero-no-incapacita-para-realizar-un-trabajo\\\/\"]}]},{\"@type\":\"BreadcrumbList\",\"@id\":\"https:\\\/\\\/sindromecharge.es\\\/index.php\\\/2024\\\/10\\\/04\\\/que-es-que-da-derecho-incapacidad-permanente-parcial-limita-pero-no-incapacita-para-realizar-un-trabajo\\\/#breadcrumb\",\"itemListElement\":[{\"@type\":\"ListItem\",\"position\":1,\"name\":\"Portada\",\"item\":\"https:\\\/\\\/sindromecharge.es\\\/\"},{\"@type\":\"ListItem\",\"position\":2,\"name\":\"\u00bfQu\u00e9 es y a qu\u00e9 da derecho la incapacidad permanente parcial? &#8220;Limita, pero no incapacita para realizar un trabajo&#8221;\"}]},{\"@type\":\"WebSite\",\"@id\":\"https:\\\/\\\/sindromecharge.es\\\/#website\",\"url\":\"https:\\\/\\\/sindromecharge.es\\\/\",\"name\":\"Asociaci\u00f3n Espa\u00f1ola S\u00edndrome de Charge\",\"description\":\"\",\"potentialAction\":[{\"@type\":\"SearchAction\",\"target\":{\"@type\":\"EntryPoint\",\"urlTemplate\":\"https:\\\/\\\/sindromecharge.es\\\/?s={search_term_string}\"},\"query-input\":{\"@type\":\"PropertyValueSpecification\",\"valueRequired\":true,\"valueName\":\"search_term_string\"}}],\"inLanguage\":\"es\"},{\"@type\":\"Person\",\"@id\":\"https:\\\/\\\/sindromecharge.es\\\/#\\\/schema\\\/person\\\/39a60ebe0a2b4d5a11179701e336b039\",\"name\":\"Charge\",\"image\":{\"@type\":\"ImageObject\",\"inLanguage\":\"es\",\"@id\":\"https:\\\/\\\/secure.gravatar.com\\\/avatar\\\/c3b46e32a0fc3b093a0873fb767bf3293de856293065e84ef06b7ec7a8acfb98?s=96&d=identicon&r=x\",\"url\":\"https:\\\/\\\/secure.gravatar.com\\\/avatar\\\/c3b46e32a0fc3b093a0873fb767bf3293de856293065e84ef06b7ec7a8acfb98?s=96&d=identicon&r=x\",\"contentUrl\":\"https:\\\/\\\/secure.gravatar.com\\\/avatar\\\/c3b46e32a0fc3b093a0873fb767bf3293de856293065e84ef06b7ec7a8acfb98?s=96&d=identicon&r=x\",\"caption\":\"Charge\"},\"url\":\"https:\\\/\\\/sindromecharge.es\\\/index.php\\\/author\\\/admin\\\/\"}]}<\/script>\n<!-- \/ Yoast SEO plugin. -->","yoast_head_json":{"title":"\u00bfQu\u00e9 es y a qu\u00e9 da derecho la incapacidad permanente parcial? \"Limita, pero no incapacita para realizar un trabajo\" - Asociaci\u00f3n Espa\u00f1ola S\u00edndrome de Charge","robots":{"index":"index","follow":"follow","max-snippet":"max-snippet:-1","max-image-preview":"max-image-preview:large","max-video-preview":"max-video-preview:-1"},"canonical":"https:\/\/sindromecharge.es\/index.php\/2024\/10\/04\/que-es-que-da-derecho-incapacidad-permanente-parcial-limita-pero-no-incapacita-para-realizar-un-trabajo\/","og_locale":"es_ES","og_type":"article","og_title":"\u00bfQu\u00e9 es y a qu\u00e9 da derecho la incapacidad permanente parcial? \"Limita, pero no incapacita para realizar un trabajo\" - Asociaci\u00f3n Espa\u00f1ola S\u00edndrome de Charge","og_description":"El abogado Pedro L\u00f3pez explica en &#8216;Tododiscapacidad&#8217; a qu\u00e9 da derecho la m\u00e1s desconocida de la incapacidades","og_url":"https:\/\/sindromecharge.es\/index.php\/2024\/10\/04\/que-es-que-da-derecho-incapacidad-permanente-parcial-limita-pero-no-incapacita-para-realizar-un-trabajo\/","og_site_name":"Asociaci\u00f3n Espa\u00f1ola S\u00edndrome de Charge","article_publisher":"https:\/\/www.facebook.com\/asociacionsindromecharge","article_published_time":"2024-10-04T05:20:42+00:00","og_image":[{"width":300,"height":98,"url":"https:\/\/sindromecharge.es\/wp-content\/uploads\/2013\/09\/logodecharge300x98.png","type":"image\/png"}],"author":"Charge","twitter_card":"summary_large_image","twitter_creator":"@sindromecharge","twitter_site":"@sindromecharge","twitter_misc":{"Escrito por":"Charge","Tiempo de lectura":"2 minutos"},"schema":{"@context":"https:\/\/schema.org","@graph":[{"@type":"Article","@id":"https:\/\/sindromecharge.es\/index.php\/2024\/10\/04\/que-es-que-da-derecho-incapacidad-permanente-parcial-limita-pero-no-incapacita-para-realizar-un-trabajo\/#article","isPartOf":{"@id":"https:\/\/sindromecharge.es\/index.php\/2024\/10\/04\/que-es-que-da-derecho-incapacidad-permanente-parcial-limita-pero-no-incapacita-para-realizar-un-trabajo\/"},"author":{"name":"Charge","@id":"https:\/\/sindromecharge.es\/#\/schema\/person\/39a60ebe0a2b4d5a11179701e336b039"},"headline":"\u00bfQu\u00e9 es y a qu\u00e9 da derecho la incapacidad permanente parcial? \u00abLimita, pero no incapacita para realizar un trabajo\u00bb","datePublished":"2024-10-04T05:20:42+00:00","mainEntityOfPage":{"@id":"https:\/\/sindromecharge.es\/index.php\/2024\/10\/04\/que-es-que-da-derecho-incapacidad-permanente-parcial-limita-pero-no-incapacita-para-realizar-un-trabajo\/"},"wordCount":345,"articleSection":["noticias"],"inLanguage":"es"},{"@type":"WebPage","@id":"https:\/\/sindromecharge.es\/index.php\/2024\/10\/04\/que-es-que-da-derecho-incapacidad-permanente-parcial-limita-pero-no-incapacita-para-realizar-un-trabajo\/","url":"https:\/\/sindromecharge.es\/index.php\/2024\/10\/04\/que-es-que-da-derecho-incapacidad-permanente-parcial-limita-pero-no-incapacita-para-realizar-un-trabajo\/","name":"\u00bfQu\u00e9 es y a qu\u00e9 da derecho la incapacidad permanente parcial? \"Limita, pero no incapacita para realizar un trabajo\" - Asociaci\u00f3n Espa\u00f1ola S\u00edndrome de Charge","isPartOf":{"@id":"https:\/\/sindromecharge.es\/#website"},"datePublished":"2024-10-04T05:20:42+00:00","author":{"@id":"https:\/\/sindromecharge.es\/#\/schema\/person\/39a60ebe0a2b4d5a11179701e336b039"},"breadcrumb":{"@id":"https:\/\/sindromecharge.es\/index.php\/2024\/10\/04\/que-es-que-da-derecho-incapacidad-permanente-parcial-limita-pero-no-incapacita-para-realizar-un-trabajo\/#breadcrumb"},"inLanguage":"es","potentialAction":[{"@type":"ReadAction","target":["https:\/\/sindromecharge.es\/index.php\/2024\/10\/04\/que-es-que-da-derecho-incapacidad-permanente-parcial-limita-pero-no-incapacita-para-realizar-un-trabajo\/"]}]},{"@type":"BreadcrumbList","@id":"https:\/\/sindromecharge.es\/index.php\/2024\/10\/04\/que-es-que-da-derecho-incapacidad-permanente-parcial-limita-pero-no-incapacita-para-realizar-un-trabajo\/#breadcrumb","itemListElement":[{"@type":"ListItem","position":1,"name":"Portada","item":"https:\/\/sindromecharge.es\/"},{"@type":"ListItem","position":2,"name":"\u00bfQu\u00e9 es y a qu\u00e9 da derecho la incapacidad permanente parcial? &#8220;Limita, pero no incapacita para realizar un trabajo&#8221;"}]},{"@type":"WebSite","@id":"https:\/\/sindromecharge.es\/#website","url":"https:\/\/sindromecharge.es\/","name":"Asociaci\u00f3n Espa\u00f1ola S\u00edndrome de Charge","description":"","potentialAction":[{"@type":"SearchAction","target":{"@type":"EntryPoint","urlTemplate":"https:\/\/sindromecharge.es\/?s={search_term_string}"},"query-input":{"@type":"PropertyValueSpecification","valueRequired":true,"valueName":"search_term_string"}}],"inLanguage":"es"},{"@type":"Person","@id":"https:\/\/sindromecharge.es\/#\/schema\/person\/39a60ebe0a2b4d5a11179701e336b039","name":"Charge","image":{"@type":"ImageObject","inLanguage":"es","@id":"https:\/\/secure.gravatar.com\/avatar\/c3b46e32a0fc3b093a0873fb767bf3293de856293065e84ef06b7ec7a8acfb98?s=96&d=identicon&r=x","url":"https:\/\/secure.gravatar.com\/avatar\/c3b46e32a0fc3b093a0873fb767bf3293de856293065e84ef06b7ec7a8acfb98?s=96&d=identicon&r=x","contentUrl":"https:\/\/secure.gravatar.com\/avatar\/c3b46e32a0fc3b093a0873fb767bf3293de856293065e84ef06b7ec7a8acfb98?s=96&d=identicon&r=x","caption":"Charge"},"url":"https:\/\/sindromecharge.es\/index.php\/author\/admin\/"}]}},"_links":{"self":[{"href":"https:\/\/sindromecharge.es\/index.php\/wp-json\/wp\/v2\/posts\/10386","targetHints":{"allow":["GET"]}}],"collection":[{"href":"https:\/\/sindromecharge.es\/index.php\/wp-json\/wp\/v2\/posts"}],"about":[{"href":"https:\/\/sindromecharge.es\/index.php\/wp-json\/wp\/v2\/types\/post"}],"author":[{"embeddable":true,"href":"https:\/\/sindromecharge.es\/index.php\/wp-json\/wp\/v2\/users\/1"}],"replies":[{"embeddable":true,"href":"https:\/\/sindromecharge.es\/index.php\/wp-json\/wp\/v2\/comments?post=10386"}],"version-history":[{"count":0,"href":"https:\/\/sindromecharge.es\/index.php\/wp-json\/wp\/v2\/posts\/10386\/revisions"}],"wp:attachment":[{"href":"https:\/\/sindromecharge.es\/index.php\/wp-json\/wp\/v2\/media?parent=10386"}],"wp:term":[{"taxonomy":"category","embeddable":true,"href":"https:\/\/sindromecharge.es\/index.php\/wp-json\/wp\/v2\/categories?post=10386"},{"taxonomy":"post_tag","embeddable":true,"href":"https:\/\/sindromecharge.es\/index.php\/wp-json\/wp\/v2\/tags?post=10386"}],"curies":[{"name":"wp","href":"https:\/\/api.w.org\/{rel}","templated":true}]}}