{"id":10371,"date":"2024-10-04T09:14:11","date_gmt":"2024-10-04T09:14:11","guid":{"rendered":"https:\/\/sindromecharge.es\/index.php\/2024\/10\/04\/una-campana-solidaria-de-premio\/"},"modified":"2024-10-04T09:14:11","modified_gmt":"2024-10-04T09:14:11","slug":"una-campana-solidaria-de-premio","status":"publish","type":"post","link":"https:\/\/sindromecharge.es\/index.php\/2024\/10\/04\/una-campana-solidaria-de-premio\/","title":{"rendered":"Una campa\u00f1a solidaria de premio"},"content":{"rendered":"<p>Leemos en Menudos Corazones la siguiente noticia que os reproducimos de forma \u00edntegra: <\/p>\n<div>\n<figure id=\"attachment_40341\" aria-describedby=\"caption-attachment-40341\" style=\"width: 702px\" class=\"wp-caption aligncenter\"><img fetchpriority=\"high\" decoding=\"async\" class=\"wp-image-40341 size-large\" src=\"https:\/\/www.menudoscorazones.org\/wp-content\/uploads\/2024\/10\/WhatsApp-Image-2024-09-25-at-09.56.55-e1728033061163-1024x746.jpeg\" alt=\"\" width=\"702\" height=\"511\" srcset=\"https:\/\/www.menudoscorazones.org\/wp-content\/uploads\/2024\/10\/WhatsApp-Image-2024-09-25-at-09.56.55-e1728033061163-1024x746.jpeg 1024w, https:\/\/www.menudoscorazones.org\/wp-content\/uploads\/2024\/10\/WhatsApp-Image-2024-09-25-at-09.56.55-e1728033061163-300x218.jpeg 300w, https:\/\/www.menudoscorazones.org\/wp-content\/uploads\/2024\/10\/WhatsApp-Image-2024-09-25-at-09.56.55-e1728033061163-768x559.jpeg 768w, https:\/\/www.menudoscorazones.org\/wp-content\/uploads\/2024\/10\/WhatsApp-Image-2024-09-25-at-09.56.55-e1728033061163-655x477.jpeg 655w, https:\/\/www.menudoscorazones.org\/wp-content\/uploads\/2024\/10\/WhatsApp-Image-2024-09-25-at-09.56.55-e1728033061163.jpeg 1119w\" sizes=\"(max-width: 702px) 100vw, 702px\"><figcaption id=\"caption-attachment-40341\" class=\"wp-caption-text\">De izq. a dcha.: Jos\u00e9 Luis Salazar, Juan Carlos Cruz, Manuel Olano, Jaime Hortelano, Julia, Ana Mart\u00ednez, Mar Fuertes, Felipe Ramos y Alejandro Mu\u00f1oz.<\/figcaption><\/figure>\n<p>La <a href=\"https:\/\/www.menudoscorazones.org\/2024\/elpozo-ternura-y-compromiso-a-favor-de-menudos-corazones\/\">campa\u00f1a \u2018El agradecimiento m\u00e1s tierno del mundo\u2019<\/a> de <strong>ElPozo Extratiernos a favor de Menudos Corazones,<\/strong> desarrollada en 2023, nos ha tra\u00eddo muchas alegr\u00edas.<\/p>\n<p>El <strong>premio<\/strong> que le ha otorgado la <a href=\"https:\/\/thefamilywatch.org\/2024\/09\/26\/la-campana-el-agradecimiento-mas-tierno-de-elpozo-extratiernos-premiada-por-su-apoyo-a-la-familia-por-la-fundacion-the-family-watch\/\">Fundaci\u00f3n The Family Watch<\/a> por su apoyo a la familia es una de ellas.<\/p>\n<p>Gracias, The Family Watch, por el reconocimiento a esta <strong>campa\u00f1a solidaria <\/strong>que no solo report\u00f3 a la Fundaci\u00f3n un importante donativo de 37.215 euros para nuestros programas de ayuda, sino que obtuvo una impresionante repercusi\u00f3n con m\u00e1s de 300.000 interacciones online.<\/p>\n<p>El galard\u00f3n fue recibido el pasado 23 de septiembre, en el <strong>Congreso de los Diputados,<\/strong> por <strong>Mar Fuertes,<\/strong>\u00a0directora de Relaciones Institucionales del Grupo Fuertes; y por los responsables de la campa\u00f1a, <strong>Manuel Olano,<\/strong> marketing manager de ElPozo Alimentaci\u00f3n, y <strong>Juan Carlos Cruz,<\/strong> brand manager de Extratiernos.<\/p>\n<p>Al acto acudieron <strong>la \u2018menuda\u2019 Julia,<\/strong> protagonista de la campa\u00f1a junto a su familia, y sus padres, <strong>Ana Mart\u00ednez y Jaime Hortelano,<\/strong> socios de Menudos Corazones, acompa\u00f1ados por <strong>Alejandro Mu\u00f1oz,<\/strong> nuestro responsable de Captaci\u00f3n de Fondos. La emoci\u00f3n fue m\u00e1xima cuando la Sala Constitucional <a href=\"https:\/\/www.linkedin.com\/posts\/fundacion-menudos-corazones_la-campa%C3%B1a-el-agradecimiento-m%C3%A1s-tierno-activity-7247888540930363392-zpTr?utm_source=share&amp;utm_medium=member_desktop\">regal\u00f3 un aplauso cerrado a Julia,<\/a> que en el spot, en el que tambi\u00e9n participan nuestra presidenta de honor, <strong>Bel\u00e9n Rueda,<\/strong> y la chef <strong>Pepa Mu\u00f1oz<\/strong>, es realmente entra\u00f1able.<\/p>\n<p>La agencia <strong>RK People, <\/strong>representada en el evento por <strong>Jos\u00e9 Luis Salazar<\/strong> y <strong>Felipe Ramos,<\/strong> fue la responsable de <a href=\"https:\/\/youtu.be\/H9kumGro3DU?si=ERruyzcVSF5KGxkT\">esta preciosa campa\u00f1a<\/a>, que cuenta la historia real de Julia y su familia, quienes compartieron su vida, llena de ternura, lucha y esperanza, para esta acci\u00f3n solidaria.<\/p>\n<p>Gracias a todos por hacerlo posible y a la Fundaci\u00f3n The Family Watch por este galard\u00f3n.<\/p>\n<p>La entrada <a href=\"https:\/\/www.menudoscorazones.org\/2024\/una-campana-solidaria-de-premio\/\">Una campa\u00f1a solidaria de premio<\/a> aparece primero en <a href=\"https:\/\/www.menudoscorazones.org\/\">Menudos Corazones<\/a>.<\/p>\n<\/div>\n<p>Fuente: Menudos Corazones https:\/\/www.menudoscorazones.org\/2024\/una-campana-solidaria-de-premio\/<\/p>\n","protected":false},"excerpt":{"rendered":"<p>La Fundaci\u00f3n The Family Watch galardona la campa\u00f1a &#8216;El agradecimiento m\u00e1s tierno del mundo&#8217; de ElPozo Extratiernos a favor de Menudos Corazones. La entrada Una campa\u00f1a solidaria de premio aparece primero en Menudos Corazones.<\/p>\n","protected":false},"author":1,"featured_media":0,"comment_status":"closed","ping_status":"closed","sticky":false,"template":"","format":"standard","meta":{"footnotes":""},"categories":[8],"tags":[],"class_list":["post-10371","post","type-post","status-publish","format-standard","hentry","category-noticias"],"yoast_head":"<!-- This site is optimized with the Yoast SEO plugin v27.5 - https:\/\/yoast.com\/product\/yoast-seo-wordpress\/ -->\n<title>Una campa\u00f1a solidaria de premio - Asociaci\u00f3n Espa\u00f1ola S\u00edndrome de Charge<\/title>\n<meta name=\"robots\" content=\"index, follow, max-snippet:-1, max-image-preview:large, max-video-preview:-1\" \/>\n<link rel=\"canonical\" href=\"https:\/\/sindromecharge.es\/index.php\/2024\/10\/04\/una-campana-solidaria-de-premio\/\" \/>\n<meta property=\"og:locale\" content=\"es_ES\" \/>\n<meta property=\"og:type\" content=\"article\" \/>\n<meta property=\"og:title\" content=\"Una campa\u00f1a solidaria de premio - Asociaci\u00f3n Espa\u00f1ola S\u00edndrome de Charge\" \/>\n<meta property=\"og:description\" content=\"La Fundaci\u00f3n The Family Watch galardona la campa\u00f1a &#8216;El agradecimiento m\u00e1s tierno del mundo&#8217; de ElPozo Extratiernos a favor de Menudos Corazones. La entrada Una campa\u00f1a solidaria de premio aparece primero en Menudos Corazones.\" \/>\n<meta property=\"og:url\" content=\"https:\/\/sindromecharge.es\/index.php\/2024\/10\/04\/una-campana-solidaria-de-premio\/\" \/>\n<meta property=\"og:site_name\" content=\"Asociaci\u00f3n Espa\u00f1ola S\u00edndrome de Charge\" \/>\n<meta property=\"article:publisher\" content=\"https:\/\/www.facebook.com\/asociacionsindromecharge\" \/>\n<meta property=\"article:published_time\" content=\"2024-10-04T09:14:11+00:00\" \/>\n<meta property=\"og:image\" content=\"https:\/\/www.menudoscorazones.org\/wp-content\/uploads\/2024\/10\/WhatsApp-Image-2024-09-25-at-09.56.55-e1728033061163-1024x746.jpeg\" \/>\n<meta name=\"author\" content=\"Charge\" \/>\n<meta name=\"twitter:card\" content=\"summary_large_image\" \/>\n<meta name=\"twitter:creator\" content=\"@sindromecharge\" \/>\n<meta name=\"twitter:site\" content=\"@sindromecharge\" \/>\n<meta name=\"twitter:label1\" content=\"Escrito por\" \/>\n\t<meta name=\"twitter:data1\" content=\"Charge\" \/>\n\t<meta name=\"twitter:label2\" content=\"Tiempo de lectura\" \/>\n\t<meta name=\"twitter:data2\" content=\"2 minutos\" \/>\n<script type=\"application\/ld+json\" class=\"yoast-schema-graph\">{\"@context\":\"https:\\\/\\\/schema.org\",\"@graph\":[{\"@type\":\"Article\",\"@id\":\"https:\\\/\\\/sindromecharge.es\\\/index.php\\\/2024\\\/10\\\/04\\\/una-campana-solidaria-de-premio\\\/#article\",\"isPartOf\":{\"@id\":\"https:\\\/\\\/sindromecharge.es\\\/index.php\\\/2024\\\/10\\\/04\\\/una-campana-solidaria-de-premio\\\/\"},\"author\":{\"name\":\"Charge\",\"@id\":\"https:\\\/\\\/sindromecharge.es\\\/#\\\/schema\\\/person\\\/39a60ebe0a2b4d5a11179701e336b039\"},\"headline\":\"Una campa\u00f1a solidaria de premio\",\"datePublished\":\"2024-10-04T09:14:11+00:00\",\"mainEntityOfPage\":{\"@id\":\"https:\\\/\\\/sindromecharge.es\\\/index.php\\\/2024\\\/10\\\/04\\\/una-campana-solidaria-de-premio\\\/\"},\"wordCount\":357,\"image\":{\"@id\":\"https:\\\/\\\/sindromecharge.es\\\/index.php\\\/2024\\\/10\\\/04\\\/una-campana-solidaria-de-premio\\\/#primaryimage\"},\"thumbnailUrl\":\"https:\\\/\\\/www.menudoscorazones.org\\\/wp-content\\\/uploads\\\/2024\\\/10\\\/WhatsApp-Image-2024-09-25-at-09.56.55-e1728033061163-1024x746.jpeg\",\"articleSection\":[\"noticias\"],\"inLanguage\":\"es\"},{\"@type\":\"WebPage\",\"@id\":\"https:\\\/\\\/sindromecharge.es\\\/index.php\\\/2024\\\/10\\\/04\\\/una-campana-solidaria-de-premio\\\/\",\"url\":\"https:\\\/\\\/sindromecharge.es\\\/index.php\\\/2024\\\/10\\\/04\\\/una-campana-solidaria-de-premio\\\/\",\"name\":\"Una campa\u00f1a solidaria de premio - Asociaci\u00f3n Espa\u00f1ola S\u00edndrome de Charge\",\"isPartOf\":{\"@id\":\"https:\\\/\\\/sindromecharge.es\\\/#website\"},\"primaryImageOfPage\":{\"@id\":\"https:\\\/\\\/sindromecharge.es\\\/index.php\\\/2024\\\/10\\\/04\\\/una-campana-solidaria-de-premio\\\/#primaryimage\"},\"image\":{\"@id\":\"https:\\\/\\\/sindromecharge.es\\\/index.php\\\/2024\\\/10\\\/04\\\/una-campana-solidaria-de-premio\\\/#primaryimage\"},\"thumbnailUrl\":\"https:\\\/\\\/www.menudoscorazones.org\\\/wp-content\\\/uploads\\\/2024\\\/10\\\/WhatsApp-Image-2024-09-25-at-09.56.55-e1728033061163-1024x746.jpeg\",\"datePublished\":\"2024-10-04T09:14:11+00:00\",\"author\":{\"@id\":\"https:\\\/\\\/sindromecharge.es\\\/#\\\/schema\\\/person\\\/39a60ebe0a2b4d5a11179701e336b039\"},\"breadcrumb\":{\"@id\":\"https:\\\/\\\/sindromecharge.es\\\/index.php\\\/2024\\\/10\\\/04\\\/una-campana-solidaria-de-premio\\\/#breadcrumb\"},\"inLanguage\":\"es\",\"potentialAction\":[{\"@type\":\"ReadAction\",\"target\":[\"https:\\\/\\\/sindromecharge.es\\\/index.php\\\/2024\\\/10\\\/04\\\/una-campana-solidaria-de-premio\\\/\"]}]},{\"@type\":\"ImageObject\",\"inLanguage\":\"es\",\"@id\":\"https:\\\/\\\/sindromecharge.es\\\/index.php\\\/2024\\\/10\\\/04\\\/una-campana-solidaria-de-premio\\\/#primaryimage\",\"url\":\"https:\\\/\\\/www.menudoscorazones.org\\\/wp-content\\\/uploads\\\/2024\\\/10\\\/WhatsApp-Image-2024-09-25-at-09.56.55-e1728033061163-1024x746.jpeg\",\"contentUrl\":\"https:\\\/\\\/www.menudoscorazones.org\\\/wp-content\\\/uploads\\\/2024\\\/10\\\/WhatsApp-Image-2024-09-25-at-09.56.55-e1728033061163-1024x746.jpeg\"},{\"@type\":\"BreadcrumbList\",\"@id\":\"https:\\\/\\\/sindromecharge.es\\\/index.php\\\/2024\\\/10\\\/04\\\/una-campana-solidaria-de-premio\\\/#breadcrumb\",\"itemListElement\":[{\"@type\":\"ListItem\",\"position\":1,\"name\":\"Portada\",\"item\":\"https:\\\/\\\/sindromecharge.es\\\/\"},{\"@type\":\"ListItem\",\"position\":2,\"name\":\"Una campa\u00f1a solidaria de premio\"}]},{\"@type\":\"WebSite\",\"@id\":\"https:\\\/\\\/sindromecharge.es\\\/#website\",\"url\":\"https:\\\/\\\/sindromecharge.es\\\/\",\"name\":\"Asociaci\u00f3n Espa\u00f1ola S\u00edndrome de Charge\",\"description\":\"\",\"potentialAction\":[{\"@type\":\"SearchAction\",\"target\":{\"@type\":\"EntryPoint\",\"urlTemplate\":\"https:\\\/\\\/sindromecharge.es\\\/?s={search_term_string}\"},\"query-input\":{\"@type\":\"PropertyValueSpecification\",\"valueRequired\":true,\"valueName\":\"search_term_string\"}}],\"inLanguage\":\"es\"},{\"@type\":\"Person\",\"@id\":\"https:\\\/\\\/sindromecharge.es\\\/#\\\/schema\\\/person\\\/39a60ebe0a2b4d5a11179701e336b039\",\"name\":\"Charge\",\"image\":{\"@type\":\"ImageObject\",\"inLanguage\":\"es\",\"@id\":\"https:\\\/\\\/secure.gravatar.com\\\/avatar\\\/c3b46e32a0fc3b093a0873fb767bf3293de856293065e84ef06b7ec7a8acfb98?s=96&d=identicon&r=x\",\"url\":\"https:\\\/\\\/secure.gravatar.com\\\/avatar\\\/c3b46e32a0fc3b093a0873fb767bf3293de856293065e84ef06b7ec7a8acfb98?s=96&d=identicon&r=x\",\"contentUrl\":\"https:\\\/\\\/secure.gravatar.com\\\/avatar\\\/c3b46e32a0fc3b093a0873fb767bf3293de856293065e84ef06b7ec7a8acfb98?s=96&d=identicon&r=x\",\"caption\":\"Charge\"},\"url\":\"https:\\\/\\\/sindromecharge.es\\\/index.php\\\/author\\\/admin\\\/\"}]}<\/script>\n<!-- \/ Yoast SEO plugin. -->","yoast_head_json":{"title":"Una campa\u00f1a solidaria de premio - Asociaci\u00f3n Espa\u00f1ola S\u00edndrome de Charge","robots":{"index":"index","follow":"follow","max-snippet":"max-snippet:-1","max-image-preview":"max-image-preview:large","max-video-preview":"max-video-preview:-1"},"canonical":"https:\/\/sindromecharge.es\/index.php\/2024\/10\/04\/una-campana-solidaria-de-premio\/","og_locale":"es_ES","og_type":"article","og_title":"Una campa\u00f1a solidaria de premio - Asociaci\u00f3n Espa\u00f1ola S\u00edndrome de Charge","og_description":"La Fundaci\u00f3n The Family Watch galardona la campa\u00f1a &#8216;El agradecimiento m\u00e1s tierno del mundo&#8217; de ElPozo Extratiernos a favor de Menudos Corazones. La entrada Una campa\u00f1a solidaria de premio aparece primero en Menudos Corazones.","og_url":"https:\/\/sindromecharge.es\/index.php\/2024\/10\/04\/una-campana-solidaria-de-premio\/","og_site_name":"Asociaci\u00f3n Espa\u00f1ola S\u00edndrome de Charge","article_publisher":"https:\/\/www.facebook.com\/asociacionsindromecharge","article_published_time":"2024-10-04T09:14:11+00:00","og_image":[{"url":"https:\/\/www.menudoscorazones.org\/wp-content\/uploads\/2024\/10\/WhatsApp-Image-2024-09-25-at-09.56.55-e1728033061163-1024x746.jpeg","type":"","width":"","height":""}],"author":"Charge","twitter_card":"summary_large_image","twitter_creator":"@sindromecharge","twitter_site":"@sindromecharge","twitter_misc":{"Escrito por":"Charge","Tiempo de lectura":"2 minutos"},"schema":{"@context":"https:\/\/schema.org","@graph":[{"@type":"Article","@id":"https:\/\/sindromecharge.es\/index.php\/2024\/10\/04\/una-campana-solidaria-de-premio\/#article","isPartOf":{"@id":"https:\/\/sindromecharge.es\/index.php\/2024\/10\/04\/una-campana-solidaria-de-premio\/"},"author":{"name":"Charge","@id":"https:\/\/sindromecharge.es\/#\/schema\/person\/39a60ebe0a2b4d5a11179701e336b039"},"headline":"Una campa\u00f1a solidaria de premio","datePublished":"2024-10-04T09:14:11+00:00","mainEntityOfPage":{"@id":"https:\/\/sindromecharge.es\/index.php\/2024\/10\/04\/una-campana-solidaria-de-premio\/"},"wordCount":357,"image":{"@id":"https:\/\/sindromecharge.es\/index.php\/2024\/10\/04\/una-campana-solidaria-de-premio\/#primaryimage"},"thumbnailUrl":"https:\/\/www.menudoscorazones.org\/wp-content\/uploads\/2024\/10\/WhatsApp-Image-2024-09-25-at-09.56.55-e1728033061163-1024x746.jpeg","articleSection":["noticias"],"inLanguage":"es"},{"@type":"WebPage","@id":"https:\/\/sindromecharge.es\/index.php\/2024\/10\/04\/una-campana-solidaria-de-premio\/","url":"https:\/\/sindromecharge.es\/index.php\/2024\/10\/04\/una-campana-solidaria-de-premio\/","name":"Una campa\u00f1a solidaria de premio - Asociaci\u00f3n Espa\u00f1ola S\u00edndrome de Charge","isPartOf":{"@id":"https:\/\/sindromecharge.es\/#website"},"primaryImageOfPage":{"@id":"https:\/\/sindromecharge.es\/index.php\/2024\/10\/04\/una-campana-solidaria-de-premio\/#primaryimage"},"image":{"@id":"https:\/\/sindromecharge.es\/index.php\/2024\/10\/04\/una-campana-solidaria-de-premio\/#primaryimage"},"thumbnailUrl":"https:\/\/www.menudoscorazones.org\/wp-content\/uploads\/2024\/10\/WhatsApp-Image-2024-09-25-at-09.56.55-e1728033061163-1024x746.jpeg","datePublished":"2024-10-04T09:14:11+00:00","author":{"@id":"https:\/\/sindromecharge.es\/#\/schema\/person\/39a60ebe0a2b4d5a11179701e336b039"},"breadcrumb":{"@id":"https:\/\/sindromecharge.es\/index.php\/2024\/10\/04\/una-campana-solidaria-de-premio\/#breadcrumb"},"inLanguage":"es","potentialAction":[{"@type":"ReadAction","target":["https:\/\/sindromecharge.es\/index.php\/2024\/10\/04\/una-campana-solidaria-de-premio\/"]}]},{"@type":"ImageObject","inLanguage":"es","@id":"https:\/\/sindromecharge.es\/index.php\/2024\/10\/04\/una-campana-solidaria-de-premio\/#primaryimage","url":"https:\/\/www.menudoscorazones.org\/wp-content\/uploads\/2024\/10\/WhatsApp-Image-2024-09-25-at-09.56.55-e1728033061163-1024x746.jpeg","contentUrl":"https:\/\/www.menudoscorazones.org\/wp-content\/uploads\/2024\/10\/WhatsApp-Image-2024-09-25-at-09.56.55-e1728033061163-1024x746.jpeg"},{"@type":"BreadcrumbList","@id":"https:\/\/sindromecharge.es\/index.php\/2024\/10\/04\/una-campana-solidaria-de-premio\/#breadcrumb","itemListElement":[{"@type":"ListItem","position":1,"name":"Portada","item":"https:\/\/sindromecharge.es\/"},{"@type":"ListItem","position":2,"name":"Una campa\u00f1a solidaria de premio"}]},{"@type":"WebSite","@id":"https:\/\/sindromecharge.es\/#website","url":"https:\/\/sindromecharge.es\/","name":"Asociaci\u00f3n Espa\u00f1ola S\u00edndrome de Charge","description":"","potentialAction":[{"@type":"SearchAction","target":{"@type":"EntryPoint","urlTemplate":"https:\/\/sindromecharge.es\/?s={search_term_string}"},"query-input":{"@type":"PropertyValueSpecification","valueRequired":true,"valueName":"search_term_string"}}],"inLanguage":"es"},{"@type":"Person","@id":"https:\/\/sindromecharge.es\/#\/schema\/person\/39a60ebe0a2b4d5a11179701e336b039","name":"Charge","image":{"@type":"ImageObject","inLanguage":"es","@id":"https:\/\/secure.gravatar.com\/avatar\/c3b46e32a0fc3b093a0873fb767bf3293de856293065e84ef06b7ec7a8acfb98?s=96&d=identicon&r=x","url":"https:\/\/secure.gravatar.com\/avatar\/c3b46e32a0fc3b093a0873fb767bf3293de856293065e84ef06b7ec7a8acfb98?s=96&d=identicon&r=x","contentUrl":"https:\/\/secure.gravatar.com\/avatar\/c3b46e32a0fc3b093a0873fb767bf3293de856293065e84ef06b7ec7a8acfb98?s=96&d=identicon&r=x","caption":"Charge"},"url":"https:\/\/sindromecharge.es\/index.php\/author\/admin\/"}]}},"_links":{"self":[{"href":"https:\/\/sindromecharge.es\/index.php\/wp-json\/wp\/v2\/posts\/10371","targetHints":{"allow":["GET"]}}],"collection":[{"href":"https:\/\/sindromecharge.es\/index.php\/wp-json\/wp\/v2\/posts"}],"about":[{"href":"https:\/\/sindromecharge.es\/index.php\/wp-json\/wp\/v2\/types\/post"}],"author":[{"embeddable":true,"href":"https:\/\/sindromecharge.es\/index.php\/wp-json\/wp\/v2\/users\/1"}],"replies":[{"embeddable":true,"href":"https:\/\/sindromecharge.es\/index.php\/wp-json\/wp\/v2\/comments?post=10371"}],"version-history":[{"count":0,"href":"https:\/\/sindromecharge.es\/index.php\/wp-json\/wp\/v2\/posts\/10371\/revisions"}],"wp:attachment":[{"href":"https:\/\/sindromecharge.es\/index.php\/wp-json\/wp\/v2\/media?parent=10371"}],"wp:term":[{"taxonomy":"category","embeddable":true,"href":"https:\/\/sindromecharge.es\/index.php\/wp-json\/wp\/v2\/categories?post=10371"},{"taxonomy":"post_tag","embeddable":true,"href":"https:\/\/sindromecharge.es\/index.php\/wp-json\/wp\/v2\/tags?post=10371"}],"curies":[{"name":"wp","href":"https:\/\/api.w.org\/{rel}","templated":true}]}}