{"id":10370,"date":"2024-10-03T16:51:49","date_gmt":"2024-10-03T16:51:49","guid":{"rendered":"https:\/\/sindromecharge.es\/index.php\/2024\/10\/03\/crece-un-20-los-alumnos-centros-especiales-los-ultimos-cinco-anos-pesar-plan-para-reorientarlos-los-ordinarios\/"},"modified":"2024-10-03T16:51:49","modified_gmt":"2024-10-03T16:51:49","slug":"crece-un-20-los-alumnos-centros-especiales-los-ultimos-cinco-anos-pesar-plan-para-reorientarlos-los-ordinarios","status":"publish","type":"post","link":"https:\/\/sindromecharge.es\/index.php\/2024\/10\/03\/crece-un-20-los-alumnos-centros-especiales-los-ultimos-cinco-anos-pesar-plan-para-reorientarlos-los-ordinarios\/","title":{"rendered":"Crece un 20% los alumnos en centros especiales en los \u00faltimos cinco a\u00f1os a pesar del plan para reorientarlos a los ordinarios"},"content":{"rendered":"<p>Leemos en Discapacidad la siguiente noticia que os reproducimos de forma \u00edntegra: <\/p>\n<div>\n<p>El alumnado en centros de educaci\u00f3n especial ha crecido <b>un 20% en cinco a\u00f1os<\/b>, a pesar del plan para <b>reorientarlos a centros ordinarios<\/b>. Esto es lo que denuncia el segundo informe sobre la situaci\u00f3n de las personas con discapacidad intelectual en Catalu\u00f1a elaborado por <b>Dincat y Granara Fundaci\u00f3n<\/b>. El estudio apunta que el alumnado con discapacidad intelectual solo representa un 0,8% del total de alumnos inscritos en <b>educaci\u00f3n infantil, primaria y secundaria<\/b> y que el curso 2022-2023 el alumnado en centros de educaci\u00f3n especial se elev\u00f3 a 8.207, un aumento del 1,7% respecto al 2021-2022 y de un 20% respecto a los \u00faltimos cinco a\u00f1os. Por otro lado, el informe apunta que<b> solo un 16% de personas con discapacidad intelectual<\/b> entiende la informaci\u00f3n de la administraci\u00f3n p\u00fablica.<\/p>\n<p>El informe, que aborda la situaci\u00f3n de las personas con discapacidad intelectual en diferentes \u00e1mbitos, apunta que <b>la mayor\u00eda del alumnado con discapacidad intelectual<\/b> que se encuentra en centros ordinarios est\u00e1 en centros p\u00fablicos y que los centros privados concertados y los no concertados est\u00e1n \u00abpor debajo del que los corresponder\u00eda\u00bb. Por otro lado, el documento indica que el alumnado con<b> discapacidad intelectual solo representa un 0,04% del total<\/b>, una cifra que disminuye respecto al curso anterior.<\/p>\n<p>Sobre el aumento del alumnado en centros de educaci\u00f3n especial, el director de Dincat, <b>V\u00edctor Galm\u00e9s<\/b>, ha dicho que hacen falta m\u00e1s recursos en la escuela ordinaria para que la experiencia de las personas con discapacidad sea \u00absatisfactoria\u00bb. Tambi\u00e9n ha dicho que hace falta que los centros trabajen<b> \u00abm\u00e1s conjuntamente\u00bb para evitar que las personas con discapacidad <\/b>se sientan con menos apoyo en los centros ordinarios.<\/p>\n<p>Maria S\u00e1nchez, coautora del informe, ha a\u00f1adido que algunos de los encuestados dec\u00edan que se sienten m\u00e1s discriminados en los centros ordinarios que en los de educaci\u00f3n especial. \u00abEs una cuesti\u00f3n de recursos\u00bb, ha afirmado S\u00e1nchez, que<b> tambi\u00e9n ha lamentado la carencia de datos sobre personas con discapacidad en algunos \u00e1mbitos<\/b>, como la participaci\u00f3n en la vida p\u00fablica, la cultura o el deporte. \u00abFalta mucha informaci\u00f3n\u00bb, ha remarcado, haciendo un llamamiento a las administraciones para recoger y compartir m\u00e1s datos.<\/p>\n<p>En el \u00e1mbito de la ocupaci\u00f3n, el estudio tambi\u00e9n se\u00f1ala que una de cada 10 personas con discapacidad intelectual no tiene trabajo, a pesar de que el 78% de los que est\u00e1n desocupados querr\u00eda trabajar. El informe remarca as\u00ed <b>la necesidad \u00aburgente\u00bb de incluir las personas con discapacidad intelectual al mercado laboral<\/b>. Aun as\u00ed, los sueldos que reciben son la mitad que los del resto de la poblaci\u00f3n y un tercio menos que los del resto de personas con otra discapacidad.<\/p>\n<p>Por este motivo, el estudio pone el foco en la necesidad que las pol\u00edticas p\u00fablicas apoyen a que las personas con discapacidad intelectual puedan tener un nivel de vida adecuado. Sobre las ayudas, el informe <b>remarca que el 63% de las personas que recib\u00edan la prestaci\u00f3n no contributiva<\/b> de invalidez el 2023 ten\u00edan una discapacidad intelectual. El c\u00e1lculo de esta pensi\u00f3n media no contributiva se encontraba por debajo de los 440 euros mensuales el 2022, cosa que <b>representa el 44% del salario bruto m\u00ednimo<\/b> interprofesional, subraya el estudio.<\/p>\n<p>El informe tambi\u00e9n se\u00f1ala que hay una lista de espera de m\u00e1s de 3.800 personas para acceder a centros residenciales u hogares de residencia, que el n\u00famero de usuarios de los servicios de atenci\u00f3n temprana <b>se ha multiplicado por 10 y que una de cada tres mujeres con discapacidad intelectual no ha ido nunca a una consulta ginecol\u00f3gica<\/b>. Tambi\u00e9n indica que un 78% de las mujeres con discapacidad intelectual preguntadas tiene que suspender sus actividades habituales durante la menstruaci\u00f3n y que el 72% no decide<b> qu\u00e9 productos menstruales usa<\/b>. En vivienda, el 52% de los preguntados dice que no ha podido elegir el lugar donde vivo.<\/p>\n<p>En cuanto a la accesibilidad, el estudio indica que la informaci\u00f3n proporcionada por la administraci\u00f3n p\u00fablica, <b>tanto en papel como de manera digital<\/b>, es la que menos entienden las personas con discapacidad. Por el contrario, la informaci\u00f3n y se\u00f1alizaci\u00f3n del transporte p\u00fablico es la que m\u00e1s comprensible los resulta, a pesar de que solo un 38,1% de las personas preguntadas considera que el nivel de comprensi\u00f3n es f\u00e1cil.<\/p>\n<\/div>\n<p>Fuente: Discapacidad https:\/\/www.20minutos.es\/noticia\/5640235\/0\/crece-un-20-los-alumnos-centros-especiales-los-ultimos-cinco-anos-pesar-plan-para-reorientarlos-los-ordinarios\/<\/p>\n","protected":false},"excerpt":{"rendered":"<p>Un informe apunta que un 16% con discapacidad intelectual entiende la informaci\u00f3n de la administraci\u00f3n.<\/p>\n","protected":false},"author":1,"featured_media":0,"comment_status":"closed","ping_status":"closed","sticky":false,"template":"","format":"standard","meta":{"footnotes":""},"categories":[8],"tags":[],"class_list":["post-10370","post","type-post","status-publish","format-standard","hentry","category-noticias"],"yoast_head":"<!-- This site is optimized with the Yoast SEO plugin v27.5 - https:\/\/yoast.com\/product\/yoast-seo-wordpress\/ -->\n<title>Crece un 20% los alumnos en centros especiales en los \u00faltimos cinco a\u00f1os a pesar del plan para reorientarlos a los ordinarios - Asociaci\u00f3n Espa\u00f1ola S\u00edndrome de Charge<\/title>\n<meta name=\"robots\" content=\"index, follow, max-snippet:-1, max-image-preview:large, max-video-preview:-1\" \/>\n<link rel=\"canonical\" href=\"https:\/\/sindromecharge.es\/index.php\/2024\/10\/03\/crece-un-20-los-alumnos-centros-especiales-los-ultimos-cinco-anos-pesar-plan-para-reorientarlos-los-ordinarios\/\" \/>\n<meta property=\"og:locale\" content=\"es_ES\" \/>\n<meta property=\"og:type\" content=\"article\" \/>\n<meta property=\"og:title\" content=\"Crece un 20% los alumnos en centros especiales en los \u00faltimos cinco a\u00f1os a pesar del plan para reorientarlos a los ordinarios - Asociaci\u00f3n Espa\u00f1ola S\u00edndrome de Charge\" \/>\n<meta property=\"og:description\" content=\"Un informe apunta que un 16% con discapacidad intelectual entiende la informaci\u00f3n de la administraci\u00f3n.\" \/>\n<meta property=\"og:url\" content=\"https:\/\/sindromecharge.es\/index.php\/2024\/10\/03\/crece-un-20-los-alumnos-centros-especiales-los-ultimos-cinco-anos-pesar-plan-para-reorientarlos-los-ordinarios\/\" \/>\n<meta property=\"og:site_name\" content=\"Asociaci\u00f3n Espa\u00f1ola S\u00edndrome de Charge\" \/>\n<meta property=\"article:publisher\" content=\"https:\/\/www.facebook.com\/asociacionsindromecharge\" \/>\n<meta property=\"article:published_time\" content=\"2024-10-03T16:51:49+00:00\" \/>\n<meta property=\"og:image\" content=\"https:\/\/sindromecharge.es\/wp-content\/uploads\/2013\/09\/logodecharge300x98.png\" \/>\n\t<meta property=\"og:image:width\" content=\"300\" \/>\n\t<meta property=\"og:image:height\" content=\"98\" \/>\n\t<meta property=\"og:image:type\" content=\"image\/png\" \/>\n<meta name=\"author\" content=\"Charge\" \/>\n<meta name=\"twitter:card\" content=\"summary_large_image\" \/>\n<meta name=\"twitter:creator\" content=\"@sindromecharge\" \/>\n<meta name=\"twitter:site\" content=\"@sindromecharge\" \/>\n<meta name=\"twitter:label1\" content=\"Escrito por\" \/>\n\t<meta name=\"twitter:data1\" content=\"Charge\" \/>\n\t<meta name=\"twitter:label2\" content=\"Tiempo de lectura\" \/>\n\t<meta name=\"twitter:data2\" content=\"4 minutos\" \/>\n<script type=\"application\/ld+json\" class=\"yoast-schema-graph\">{\"@context\":\"https:\\\/\\\/schema.org\",\"@graph\":[{\"@type\":\"Article\",\"@id\":\"https:\\\/\\\/sindromecharge.es\\\/index.php\\\/2024\\\/10\\\/03\\\/crece-un-20-los-alumnos-centros-especiales-los-ultimos-cinco-anos-pesar-plan-para-reorientarlos-los-ordinarios\\\/#article\",\"isPartOf\":{\"@id\":\"https:\\\/\\\/sindromecharge.es\\\/index.php\\\/2024\\\/10\\\/03\\\/crece-un-20-los-alumnos-centros-especiales-los-ultimos-cinco-anos-pesar-plan-para-reorientarlos-los-ordinarios\\\/\"},\"author\":{\"name\":\"Charge\",\"@id\":\"https:\\\/\\\/sindromecharge.es\\\/#\\\/schema\\\/person\\\/39a60ebe0a2b4d5a11179701e336b039\"},\"headline\":\"Crece un 20% los alumnos en centros especiales en los \u00faltimos cinco a\u00f1os a pesar del plan para reorientarlos a los ordinarios\",\"datePublished\":\"2024-10-03T16:51:49+00:00\",\"mainEntityOfPage\":{\"@id\":\"https:\\\/\\\/sindromecharge.es\\\/index.php\\\/2024\\\/10\\\/03\\\/crece-un-20-los-alumnos-centros-especiales-los-ultimos-cinco-anos-pesar-plan-para-reorientarlos-los-ordinarios\\\/\"},\"wordCount\":782,\"articleSection\":[\"noticias\"],\"inLanguage\":\"es\"},{\"@type\":\"WebPage\",\"@id\":\"https:\\\/\\\/sindromecharge.es\\\/index.php\\\/2024\\\/10\\\/03\\\/crece-un-20-los-alumnos-centros-especiales-los-ultimos-cinco-anos-pesar-plan-para-reorientarlos-los-ordinarios\\\/\",\"url\":\"https:\\\/\\\/sindromecharge.es\\\/index.php\\\/2024\\\/10\\\/03\\\/crece-un-20-los-alumnos-centros-especiales-los-ultimos-cinco-anos-pesar-plan-para-reorientarlos-los-ordinarios\\\/\",\"name\":\"Crece un 20% los alumnos en centros especiales en los \u00faltimos cinco a\u00f1os a pesar del plan para reorientarlos a los ordinarios - Asociaci\u00f3n Espa\u00f1ola S\u00edndrome de Charge\",\"isPartOf\":{\"@id\":\"https:\\\/\\\/sindromecharge.es\\\/#website\"},\"datePublished\":\"2024-10-03T16:51:49+00:00\",\"author\":{\"@id\":\"https:\\\/\\\/sindromecharge.es\\\/#\\\/schema\\\/person\\\/39a60ebe0a2b4d5a11179701e336b039\"},\"breadcrumb\":{\"@id\":\"https:\\\/\\\/sindromecharge.es\\\/index.php\\\/2024\\\/10\\\/03\\\/crece-un-20-los-alumnos-centros-especiales-los-ultimos-cinco-anos-pesar-plan-para-reorientarlos-los-ordinarios\\\/#breadcrumb\"},\"inLanguage\":\"es\",\"potentialAction\":[{\"@type\":\"ReadAction\",\"target\":[\"https:\\\/\\\/sindromecharge.es\\\/index.php\\\/2024\\\/10\\\/03\\\/crece-un-20-los-alumnos-centros-especiales-los-ultimos-cinco-anos-pesar-plan-para-reorientarlos-los-ordinarios\\\/\"]}]},{\"@type\":\"BreadcrumbList\",\"@id\":\"https:\\\/\\\/sindromecharge.es\\\/index.php\\\/2024\\\/10\\\/03\\\/crece-un-20-los-alumnos-centros-especiales-los-ultimos-cinco-anos-pesar-plan-para-reorientarlos-los-ordinarios\\\/#breadcrumb\",\"itemListElement\":[{\"@type\":\"ListItem\",\"position\":1,\"name\":\"Portada\",\"item\":\"https:\\\/\\\/sindromecharge.es\\\/\"},{\"@type\":\"ListItem\",\"position\":2,\"name\":\"Crece un 20% los alumnos en centros especiales en los \u00faltimos cinco a\u00f1os a pesar del plan para reorientarlos a los ordinarios\"}]},{\"@type\":\"WebSite\",\"@id\":\"https:\\\/\\\/sindromecharge.es\\\/#website\",\"url\":\"https:\\\/\\\/sindromecharge.es\\\/\",\"name\":\"Asociaci\u00f3n Espa\u00f1ola S\u00edndrome de Charge\",\"description\":\"\",\"potentialAction\":[{\"@type\":\"SearchAction\",\"target\":{\"@type\":\"EntryPoint\",\"urlTemplate\":\"https:\\\/\\\/sindromecharge.es\\\/?s={search_term_string}\"},\"query-input\":{\"@type\":\"PropertyValueSpecification\",\"valueRequired\":true,\"valueName\":\"search_term_string\"}}],\"inLanguage\":\"es\"},{\"@type\":\"Person\",\"@id\":\"https:\\\/\\\/sindromecharge.es\\\/#\\\/schema\\\/person\\\/39a60ebe0a2b4d5a11179701e336b039\",\"name\":\"Charge\",\"image\":{\"@type\":\"ImageObject\",\"inLanguage\":\"es\",\"@id\":\"https:\\\/\\\/secure.gravatar.com\\\/avatar\\\/c3b46e32a0fc3b093a0873fb767bf3293de856293065e84ef06b7ec7a8acfb98?s=96&d=identicon&r=x\",\"url\":\"https:\\\/\\\/secure.gravatar.com\\\/avatar\\\/c3b46e32a0fc3b093a0873fb767bf3293de856293065e84ef06b7ec7a8acfb98?s=96&d=identicon&r=x\",\"contentUrl\":\"https:\\\/\\\/secure.gravatar.com\\\/avatar\\\/c3b46e32a0fc3b093a0873fb767bf3293de856293065e84ef06b7ec7a8acfb98?s=96&d=identicon&r=x\",\"caption\":\"Charge\"},\"url\":\"https:\\\/\\\/sindromecharge.es\\\/index.php\\\/author\\\/admin\\\/\"}]}<\/script>\n<!-- \/ Yoast SEO plugin. -->","yoast_head_json":{"title":"Crece un 20% los alumnos en centros especiales en los \u00faltimos cinco a\u00f1os a pesar del plan para reorientarlos a los ordinarios - Asociaci\u00f3n Espa\u00f1ola S\u00edndrome de Charge","robots":{"index":"index","follow":"follow","max-snippet":"max-snippet:-1","max-image-preview":"max-image-preview:large","max-video-preview":"max-video-preview:-1"},"canonical":"https:\/\/sindromecharge.es\/index.php\/2024\/10\/03\/crece-un-20-los-alumnos-centros-especiales-los-ultimos-cinco-anos-pesar-plan-para-reorientarlos-los-ordinarios\/","og_locale":"es_ES","og_type":"article","og_title":"Crece un 20% los alumnos en centros especiales en los \u00faltimos cinco a\u00f1os a pesar del plan para reorientarlos a los ordinarios - Asociaci\u00f3n Espa\u00f1ola S\u00edndrome de Charge","og_description":"Un informe apunta que un 16% con discapacidad intelectual entiende la informaci\u00f3n de la administraci\u00f3n.","og_url":"https:\/\/sindromecharge.es\/index.php\/2024\/10\/03\/crece-un-20-los-alumnos-centros-especiales-los-ultimos-cinco-anos-pesar-plan-para-reorientarlos-los-ordinarios\/","og_site_name":"Asociaci\u00f3n Espa\u00f1ola S\u00edndrome de Charge","article_publisher":"https:\/\/www.facebook.com\/asociacionsindromecharge","article_published_time":"2024-10-03T16:51:49+00:00","og_image":[{"width":300,"height":98,"url":"https:\/\/sindromecharge.es\/wp-content\/uploads\/2013\/09\/logodecharge300x98.png","type":"image\/png"}],"author":"Charge","twitter_card":"summary_large_image","twitter_creator":"@sindromecharge","twitter_site":"@sindromecharge","twitter_misc":{"Escrito por":"Charge","Tiempo de lectura":"4 minutos"},"schema":{"@context":"https:\/\/schema.org","@graph":[{"@type":"Article","@id":"https:\/\/sindromecharge.es\/index.php\/2024\/10\/03\/crece-un-20-los-alumnos-centros-especiales-los-ultimos-cinco-anos-pesar-plan-para-reorientarlos-los-ordinarios\/#article","isPartOf":{"@id":"https:\/\/sindromecharge.es\/index.php\/2024\/10\/03\/crece-un-20-los-alumnos-centros-especiales-los-ultimos-cinco-anos-pesar-plan-para-reorientarlos-los-ordinarios\/"},"author":{"name":"Charge","@id":"https:\/\/sindromecharge.es\/#\/schema\/person\/39a60ebe0a2b4d5a11179701e336b039"},"headline":"Crece un 20% los alumnos en centros especiales en los \u00faltimos cinco a\u00f1os a pesar del plan para reorientarlos a los ordinarios","datePublished":"2024-10-03T16:51:49+00:00","mainEntityOfPage":{"@id":"https:\/\/sindromecharge.es\/index.php\/2024\/10\/03\/crece-un-20-los-alumnos-centros-especiales-los-ultimos-cinco-anos-pesar-plan-para-reorientarlos-los-ordinarios\/"},"wordCount":782,"articleSection":["noticias"],"inLanguage":"es"},{"@type":"WebPage","@id":"https:\/\/sindromecharge.es\/index.php\/2024\/10\/03\/crece-un-20-los-alumnos-centros-especiales-los-ultimos-cinco-anos-pesar-plan-para-reorientarlos-los-ordinarios\/","url":"https:\/\/sindromecharge.es\/index.php\/2024\/10\/03\/crece-un-20-los-alumnos-centros-especiales-los-ultimos-cinco-anos-pesar-plan-para-reorientarlos-los-ordinarios\/","name":"Crece un 20% los alumnos en centros especiales en los \u00faltimos cinco a\u00f1os a pesar del plan para reorientarlos a los ordinarios - Asociaci\u00f3n Espa\u00f1ola S\u00edndrome de Charge","isPartOf":{"@id":"https:\/\/sindromecharge.es\/#website"},"datePublished":"2024-10-03T16:51:49+00:00","author":{"@id":"https:\/\/sindromecharge.es\/#\/schema\/person\/39a60ebe0a2b4d5a11179701e336b039"},"breadcrumb":{"@id":"https:\/\/sindromecharge.es\/index.php\/2024\/10\/03\/crece-un-20-los-alumnos-centros-especiales-los-ultimos-cinco-anos-pesar-plan-para-reorientarlos-los-ordinarios\/#breadcrumb"},"inLanguage":"es","potentialAction":[{"@type":"ReadAction","target":["https:\/\/sindromecharge.es\/index.php\/2024\/10\/03\/crece-un-20-los-alumnos-centros-especiales-los-ultimos-cinco-anos-pesar-plan-para-reorientarlos-los-ordinarios\/"]}]},{"@type":"BreadcrumbList","@id":"https:\/\/sindromecharge.es\/index.php\/2024\/10\/03\/crece-un-20-los-alumnos-centros-especiales-los-ultimos-cinco-anos-pesar-plan-para-reorientarlos-los-ordinarios\/#breadcrumb","itemListElement":[{"@type":"ListItem","position":1,"name":"Portada","item":"https:\/\/sindromecharge.es\/"},{"@type":"ListItem","position":2,"name":"Crece un 20% los alumnos en centros especiales en los \u00faltimos cinco a\u00f1os a pesar del plan para reorientarlos a los ordinarios"}]},{"@type":"WebSite","@id":"https:\/\/sindromecharge.es\/#website","url":"https:\/\/sindromecharge.es\/","name":"Asociaci\u00f3n Espa\u00f1ola S\u00edndrome de Charge","description":"","potentialAction":[{"@type":"SearchAction","target":{"@type":"EntryPoint","urlTemplate":"https:\/\/sindromecharge.es\/?s={search_term_string}"},"query-input":{"@type":"PropertyValueSpecification","valueRequired":true,"valueName":"search_term_string"}}],"inLanguage":"es"},{"@type":"Person","@id":"https:\/\/sindromecharge.es\/#\/schema\/person\/39a60ebe0a2b4d5a11179701e336b039","name":"Charge","image":{"@type":"ImageObject","inLanguage":"es","@id":"https:\/\/secure.gravatar.com\/avatar\/c3b46e32a0fc3b093a0873fb767bf3293de856293065e84ef06b7ec7a8acfb98?s=96&d=identicon&r=x","url":"https:\/\/secure.gravatar.com\/avatar\/c3b46e32a0fc3b093a0873fb767bf3293de856293065e84ef06b7ec7a8acfb98?s=96&d=identicon&r=x","contentUrl":"https:\/\/secure.gravatar.com\/avatar\/c3b46e32a0fc3b093a0873fb767bf3293de856293065e84ef06b7ec7a8acfb98?s=96&d=identicon&r=x","caption":"Charge"},"url":"https:\/\/sindromecharge.es\/index.php\/author\/admin\/"}]}},"_links":{"self":[{"href":"https:\/\/sindromecharge.es\/index.php\/wp-json\/wp\/v2\/posts\/10370","targetHints":{"allow":["GET"]}}],"collection":[{"href":"https:\/\/sindromecharge.es\/index.php\/wp-json\/wp\/v2\/posts"}],"about":[{"href":"https:\/\/sindromecharge.es\/index.php\/wp-json\/wp\/v2\/types\/post"}],"author":[{"embeddable":true,"href":"https:\/\/sindromecharge.es\/index.php\/wp-json\/wp\/v2\/users\/1"}],"replies":[{"embeddable":true,"href":"https:\/\/sindromecharge.es\/index.php\/wp-json\/wp\/v2\/comments?post=10370"}],"version-history":[{"count":0,"href":"https:\/\/sindromecharge.es\/index.php\/wp-json\/wp\/v2\/posts\/10370\/revisions"}],"wp:attachment":[{"href":"https:\/\/sindromecharge.es\/index.php\/wp-json\/wp\/v2\/media?parent=10370"}],"wp:term":[{"taxonomy":"category","embeddable":true,"href":"https:\/\/sindromecharge.es\/index.php\/wp-json\/wp\/v2\/categories?post=10370"},{"taxonomy":"post_tag","embeddable":true,"href":"https:\/\/sindromecharge.es\/index.php\/wp-json\/wp\/v2\/tags?post=10370"}],"curies":[{"name":"wp","href":"https:\/\/api.w.org\/{rel}","templated":true}]}}