{"id":10369,"date":"2024-10-03T12:05:44","date_gmt":"2024-10-03T12:05:44","guid":{"rendered":"https:\/\/sindromecharge.es\/index.php\/2024\/10\/03\/gobierno-inicia-los-tramites-para-mejorar-acceso-empleo-publico-personas-con-discapacidad\/"},"modified":"2024-10-03T12:05:44","modified_gmt":"2024-10-03T12:05:44","slug":"gobierno-inicia-los-tramites-para-mejorar-acceso-empleo-publico-personas-con-discapacidad","status":"publish","type":"post","link":"https:\/\/sindromecharge.es\/index.php\/2024\/10\/03\/gobierno-inicia-los-tramites-para-mejorar-acceso-empleo-publico-personas-con-discapacidad\/","title":{"rendered":"El Gobierno inicia los tr\u00e1mites para mejorar el acceso al empleo p\u00fablico de personas con discapacidad"},"content":{"rendered":"<p>Leemos en Discapacidad la siguiente noticia que os reproducimos de forma \u00edntegra: <\/p>\n<div>\n<p>El Gobierno ha iniciado los tr\u00e1mites de una nueva orden por la que se establecen criterios generales para <b>mejorar la adaptaci\u00f3n de medios y tiempos en las pruebas selectivas<\/b> para incorporarse a la Administraci\u00f3n que tienen que realizar las personas con discapacidad.<\/p>\n<p>Seg\u00fan han se\u00f1alado desde el <a href=\"https:\/\/www.20minutos.es\/minuteca\/ministerio-de-derechos-sociales-y-agenda-2030\/\" title=\"Ministerio de Derechos Sociales y Agenda 2030\">Ministerio de Derechos Sociales<\/a>, la realizaci\u00f3n de estos ajustes es \u00abnecesaria\u00bb para adaptar la norma vigente a los avances ocurridos en este \u00e1mbito en los \u00faltimos a\u00f1os. As\u00ed, <b>se abre un periodo de consulta p\u00fablica previa <\/b>sobre el posible contenido de la orden ministerial, <b>desde este jueves 3 de octubre, hasta el 31 de octubre.<\/b><\/p>\n<p>El Gobierno destaca que trabaja en mejorar los procedimientos \u00abpara lograr un empleo inclusivo que sea el reflejo de una sociedad diversa\u00bb. Precisamente, en julio, el Ministerio para la Transformaci\u00f3n Digital y de la Funci\u00f3n P\u00fablica anunci\u00f3 que <b>uno de los rasgos destacados de la Oferta de Empleo P\u00fablico 2024 <\/b>que presentaba era lograr la plena inclusi\u00f3n de las personas con discapacidad.  Por ello hab\u00eda reservado en esta oferta de empleo, <b>por primera vez, un cupo del 10%<\/b> (3.147 plazas, 629 de ellas para personas con discapacidad intelectual), que anteriormente era del 7%.<\/p>\n<p>El Ministerio de Derechos Sociales, Consumo y Agenda 2030 ha indicado que esta orden ministerial \u00abrefuerza el compromiso del Gobierno de Espa\u00f1a con la activaci\u00f3n laboral de las personas con <a href=\"https:\/\/www.20minutos.es\/minuteca\/discapacidad\/\" title=\"Discapacidad\">discapacidad<\/a>, no solo desde el acceso al empleo sino para su permanencia como <a href=\"https:\/\/www.20minutos.es\/minuteca\/li-funcionarios\/\" title=\"Funcionarios\">funcionarias y funcionarios<\/a>, al tiempo que garantiza su bienestar e <a href=\"https:\/\/www.20minutos.es\/minuteca\/inclusion\/\" title=\"Inclusi\u00f3n\">inclusi\u00f3n<\/a> en el entorno laboral y un buen desempe\u00f1o profesional\u00bb.<\/p>\n<p>Por esta raz\u00f3n, han apuntado que en esta legislatura <b>se han creado unidades de inclusi\u00f3n laboral que se incorporar\u00e1n a cada ministerio.<\/b> Adem\u00e1s, ha destacado se desplegar\u00e1n las medidas que contempla el Libro Blanco &#8216;Empleo y Discapacidad&#8217; \u00abpara que el nuevo mercado laboral, digitalizado, globalizado y altamente competitivo, no expulse a las personas con discapacidad y les ofrezca estabilidad y derechos laborales\u00bb.<\/p>\n<\/div>\n<p>Fuente: Discapacidad https:\/\/www.20minutos.es\/noticia\/5640099\/0\/gobierno-inicia-los-tramites-para-mejorar-acceso-empleo-publico-personas-con-discapacidad\/<\/p>\n","protected":false},"excerpt":{"rendered":"<p>Ha abierto un periodo de consulta p\u00fablica previa desde este jueves 3 de octubre, hasta el 31 de octubre.<\/p>\n","protected":false},"author":1,"featured_media":0,"comment_status":"closed","ping_status":"closed","sticky":false,"template":"","format":"standard","meta":{"footnotes":""},"categories":[8],"tags":[],"class_list":["post-10369","post","type-post","status-publish","format-standard","hentry","category-noticias"],"yoast_head":"<!-- This site is optimized with the Yoast SEO plugin v27.5 - https:\/\/yoast.com\/product\/yoast-seo-wordpress\/ -->\n<title>El Gobierno inicia los tr\u00e1mites para mejorar el acceso al empleo p\u00fablico de personas con discapacidad - Asociaci\u00f3n Espa\u00f1ola S\u00edndrome de Charge<\/title>\n<meta name=\"robots\" content=\"index, follow, max-snippet:-1, max-image-preview:large, max-video-preview:-1\" \/>\n<link rel=\"canonical\" href=\"https:\/\/sindromecharge.es\/index.php\/2024\/10\/03\/gobierno-inicia-los-tramites-para-mejorar-acceso-empleo-publico-personas-con-discapacidad\/\" \/>\n<meta property=\"og:locale\" content=\"es_ES\" \/>\n<meta property=\"og:type\" content=\"article\" \/>\n<meta property=\"og:title\" content=\"El Gobierno inicia los tr\u00e1mites para mejorar el acceso al empleo p\u00fablico de personas con discapacidad - Asociaci\u00f3n Espa\u00f1ola S\u00edndrome de Charge\" \/>\n<meta property=\"og:description\" content=\"Ha abierto un periodo de consulta p\u00fablica previa desde este jueves 3 de octubre, hasta el 31 de octubre.\" \/>\n<meta property=\"og:url\" content=\"https:\/\/sindromecharge.es\/index.php\/2024\/10\/03\/gobierno-inicia-los-tramites-para-mejorar-acceso-empleo-publico-personas-con-discapacidad\/\" \/>\n<meta property=\"og:site_name\" content=\"Asociaci\u00f3n Espa\u00f1ola S\u00edndrome de Charge\" \/>\n<meta property=\"article:publisher\" content=\"https:\/\/www.facebook.com\/asociacionsindromecharge\" \/>\n<meta property=\"article:published_time\" content=\"2024-10-03T12:05:44+00:00\" \/>\n<meta property=\"og:image\" content=\"https:\/\/sindromecharge.es\/wp-content\/uploads\/2013\/09\/logodecharge300x98.png\" \/>\n\t<meta property=\"og:image:width\" content=\"300\" \/>\n\t<meta property=\"og:image:height\" content=\"98\" \/>\n\t<meta property=\"og:image:type\" content=\"image\/png\" \/>\n<meta name=\"author\" content=\"Charge\" \/>\n<meta name=\"twitter:card\" content=\"summary_large_image\" \/>\n<meta name=\"twitter:creator\" content=\"@sindromecharge\" \/>\n<meta name=\"twitter:site\" content=\"@sindromecharge\" \/>\n<meta name=\"twitter:label1\" content=\"Escrito por\" \/>\n\t<meta name=\"twitter:data1\" content=\"Charge\" \/>\n\t<meta name=\"twitter:label2\" content=\"Tiempo de lectura\" \/>\n\t<meta name=\"twitter:data2\" content=\"2 minutos\" \/>\n<script type=\"application\/ld+json\" class=\"yoast-schema-graph\">{\"@context\":\"https:\\\/\\\/schema.org\",\"@graph\":[{\"@type\":\"Article\",\"@id\":\"https:\\\/\\\/sindromecharge.es\\\/index.php\\\/2024\\\/10\\\/03\\\/gobierno-inicia-los-tramites-para-mejorar-acceso-empleo-publico-personas-con-discapacidad\\\/#article\",\"isPartOf\":{\"@id\":\"https:\\\/\\\/sindromecharge.es\\\/index.php\\\/2024\\\/10\\\/03\\\/gobierno-inicia-los-tramites-para-mejorar-acceso-empleo-publico-personas-con-discapacidad\\\/\"},\"author\":{\"name\":\"Charge\",\"@id\":\"https:\\\/\\\/sindromecharge.es\\\/#\\\/schema\\\/person\\\/39a60ebe0a2b4d5a11179701e336b039\"},\"headline\":\"El Gobierno inicia los tr\u00e1mites para mejorar el acceso al empleo p\u00fablico de personas con discapacidad\",\"datePublished\":\"2024-10-03T12:05:44+00:00\",\"mainEntityOfPage\":{\"@id\":\"https:\\\/\\\/sindromecharge.es\\\/index.php\\\/2024\\\/10\\\/03\\\/gobierno-inicia-los-tramites-para-mejorar-acceso-empleo-publico-personas-con-discapacidad\\\/\"},\"wordCount\":373,\"articleSection\":[\"noticias\"],\"inLanguage\":\"es\"},{\"@type\":\"WebPage\",\"@id\":\"https:\\\/\\\/sindromecharge.es\\\/index.php\\\/2024\\\/10\\\/03\\\/gobierno-inicia-los-tramites-para-mejorar-acceso-empleo-publico-personas-con-discapacidad\\\/\",\"url\":\"https:\\\/\\\/sindromecharge.es\\\/index.php\\\/2024\\\/10\\\/03\\\/gobierno-inicia-los-tramites-para-mejorar-acceso-empleo-publico-personas-con-discapacidad\\\/\",\"name\":\"El Gobierno inicia los tr\u00e1mites para mejorar el acceso al empleo p\u00fablico de personas con discapacidad - Asociaci\u00f3n Espa\u00f1ola S\u00edndrome de Charge\",\"isPartOf\":{\"@id\":\"https:\\\/\\\/sindromecharge.es\\\/#website\"},\"datePublished\":\"2024-10-03T12:05:44+00:00\",\"author\":{\"@id\":\"https:\\\/\\\/sindromecharge.es\\\/#\\\/schema\\\/person\\\/39a60ebe0a2b4d5a11179701e336b039\"},\"breadcrumb\":{\"@id\":\"https:\\\/\\\/sindromecharge.es\\\/index.php\\\/2024\\\/10\\\/03\\\/gobierno-inicia-los-tramites-para-mejorar-acceso-empleo-publico-personas-con-discapacidad\\\/#breadcrumb\"},\"inLanguage\":\"es\",\"potentialAction\":[{\"@type\":\"ReadAction\",\"target\":[\"https:\\\/\\\/sindromecharge.es\\\/index.php\\\/2024\\\/10\\\/03\\\/gobierno-inicia-los-tramites-para-mejorar-acceso-empleo-publico-personas-con-discapacidad\\\/\"]}]},{\"@type\":\"BreadcrumbList\",\"@id\":\"https:\\\/\\\/sindromecharge.es\\\/index.php\\\/2024\\\/10\\\/03\\\/gobierno-inicia-los-tramites-para-mejorar-acceso-empleo-publico-personas-con-discapacidad\\\/#breadcrumb\",\"itemListElement\":[{\"@type\":\"ListItem\",\"position\":1,\"name\":\"Portada\",\"item\":\"https:\\\/\\\/sindromecharge.es\\\/\"},{\"@type\":\"ListItem\",\"position\":2,\"name\":\"El Gobierno inicia los tr\u00e1mites para mejorar el acceso al empleo p\u00fablico de personas con discapacidad\"}]},{\"@type\":\"WebSite\",\"@id\":\"https:\\\/\\\/sindromecharge.es\\\/#website\",\"url\":\"https:\\\/\\\/sindromecharge.es\\\/\",\"name\":\"Asociaci\u00f3n Espa\u00f1ola S\u00edndrome de Charge\",\"description\":\"\",\"potentialAction\":[{\"@type\":\"SearchAction\",\"target\":{\"@type\":\"EntryPoint\",\"urlTemplate\":\"https:\\\/\\\/sindromecharge.es\\\/?s={search_term_string}\"},\"query-input\":{\"@type\":\"PropertyValueSpecification\",\"valueRequired\":true,\"valueName\":\"search_term_string\"}}],\"inLanguage\":\"es\"},{\"@type\":\"Person\",\"@id\":\"https:\\\/\\\/sindromecharge.es\\\/#\\\/schema\\\/person\\\/39a60ebe0a2b4d5a11179701e336b039\",\"name\":\"Charge\",\"image\":{\"@type\":\"ImageObject\",\"inLanguage\":\"es\",\"@id\":\"https:\\\/\\\/secure.gravatar.com\\\/avatar\\\/c3b46e32a0fc3b093a0873fb767bf3293de856293065e84ef06b7ec7a8acfb98?s=96&d=identicon&r=x\",\"url\":\"https:\\\/\\\/secure.gravatar.com\\\/avatar\\\/c3b46e32a0fc3b093a0873fb767bf3293de856293065e84ef06b7ec7a8acfb98?s=96&d=identicon&r=x\",\"contentUrl\":\"https:\\\/\\\/secure.gravatar.com\\\/avatar\\\/c3b46e32a0fc3b093a0873fb767bf3293de856293065e84ef06b7ec7a8acfb98?s=96&d=identicon&r=x\",\"caption\":\"Charge\"},\"url\":\"https:\\\/\\\/sindromecharge.es\\\/index.php\\\/author\\\/admin\\\/\"}]}<\/script>\n<!-- \/ Yoast SEO plugin. -->","yoast_head_json":{"title":"El Gobierno inicia los tr\u00e1mites para mejorar el acceso al empleo p\u00fablico de personas con discapacidad - Asociaci\u00f3n Espa\u00f1ola S\u00edndrome de Charge","robots":{"index":"index","follow":"follow","max-snippet":"max-snippet:-1","max-image-preview":"max-image-preview:large","max-video-preview":"max-video-preview:-1"},"canonical":"https:\/\/sindromecharge.es\/index.php\/2024\/10\/03\/gobierno-inicia-los-tramites-para-mejorar-acceso-empleo-publico-personas-con-discapacidad\/","og_locale":"es_ES","og_type":"article","og_title":"El Gobierno inicia los tr\u00e1mites para mejorar el acceso al empleo p\u00fablico de personas con discapacidad - Asociaci\u00f3n Espa\u00f1ola S\u00edndrome de Charge","og_description":"Ha abierto un periodo de consulta p\u00fablica previa desde este jueves 3 de octubre, hasta el 31 de octubre.","og_url":"https:\/\/sindromecharge.es\/index.php\/2024\/10\/03\/gobierno-inicia-los-tramites-para-mejorar-acceso-empleo-publico-personas-con-discapacidad\/","og_site_name":"Asociaci\u00f3n Espa\u00f1ola S\u00edndrome de Charge","article_publisher":"https:\/\/www.facebook.com\/asociacionsindromecharge","article_published_time":"2024-10-03T12:05:44+00:00","og_image":[{"width":300,"height":98,"url":"https:\/\/sindromecharge.es\/wp-content\/uploads\/2013\/09\/logodecharge300x98.png","type":"image\/png"}],"author":"Charge","twitter_card":"summary_large_image","twitter_creator":"@sindromecharge","twitter_site":"@sindromecharge","twitter_misc":{"Escrito por":"Charge","Tiempo de lectura":"2 minutos"},"schema":{"@context":"https:\/\/schema.org","@graph":[{"@type":"Article","@id":"https:\/\/sindromecharge.es\/index.php\/2024\/10\/03\/gobierno-inicia-los-tramites-para-mejorar-acceso-empleo-publico-personas-con-discapacidad\/#article","isPartOf":{"@id":"https:\/\/sindromecharge.es\/index.php\/2024\/10\/03\/gobierno-inicia-los-tramites-para-mejorar-acceso-empleo-publico-personas-con-discapacidad\/"},"author":{"name":"Charge","@id":"https:\/\/sindromecharge.es\/#\/schema\/person\/39a60ebe0a2b4d5a11179701e336b039"},"headline":"El Gobierno inicia los tr\u00e1mites para mejorar el acceso al empleo p\u00fablico de personas con discapacidad","datePublished":"2024-10-03T12:05:44+00:00","mainEntityOfPage":{"@id":"https:\/\/sindromecharge.es\/index.php\/2024\/10\/03\/gobierno-inicia-los-tramites-para-mejorar-acceso-empleo-publico-personas-con-discapacidad\/"},"wordCount":373,"articleSection":["noticias"],"inLanguage":"es"},{"@type":"WebPage","@id":"https:\/\/sindromecharge.es\/index.php\/2024\/10\/03\/gobierno-inicia-los-tramites-para-mejorar-acceso-empleo-publico-personas-con-discapacidad\/","url":"https:\/\/sindromecharge.es\/index.php\/2024\/10\/03\/gobierno-inicia-los-tramites-para-mejorar-acceso-empleo-publico-personas-con-discapacidad\/","name":"El Gobierno inicia los tr\u00e1mites para mejorar el acceso al empleo p\u00fablico de personas con discapacidad - Asociaci\u00f3n Espa\u00f1ola S\u00edndrome de Charge","isPartOf":{"@id":"https:\/\/sindromecharge.es\/#website"},"datePublished":"2024-10-03T12:05:44+00:00","author":{"@id":"https:\/\/sindromecharge.es\/#\/schema\/person\/39a60ebe0a2b4d5a11179701e336b039"},"breadcrumb":{"@id":"https:\/\/sindromecharge.es\/index.php\/2024\/10\/03\/gobierno-inicia-los-tramites-para-mejorar-acceso-empleo-publico-personas-con-discapacidad\/#breadcrumb"},"inLanguage":"es","potentialAction":[{"@type":"ReadAction","target":["https:\/\/sindromecharge.es\/index.php\/2024\/10\/03\/gobierno-inicia-los-tramites-para-mejorar-acceso-empleo-publico-personas-con-discapacidad\/"]}]},{"@type":"BreadcrumbList","@id":"https:\/\/sindromecharge.es\/index.php\/2024\/10\/03\/gobierno-inicia-los-tramites-para-mejorar-acceso-empleo-publico-personas-con-discapacidad\/#breadcrumb","itemListElement":[{"@type":"ListItem","position":1,"name":"Portada","item":"https:\/\/sindromecharge.es\/"},{"@type":"ListItem","position":2,"name":"El Gobierno inicia los tr\u00e1mites para mejorar el acceso al empleo p\u00fablico de personas con discapacidad"}]},{"@type":"WebSite","@id":"https:\/\/sindromecharge.es\/#website","url":"https:\/\/sindromecharge.es\/","name":"Asociaci\u00f3n Espa\u00f1ola S\u00edndrome de Charge","description":"","potentialAction":[{"@type":"SearchAction","target":{"@type":"EntryPoint","urlTemplate":"https:\/\/sindromecharge.es\/?s={search_term_string}"},"query-input":{"@type":"PropertyValueSpecification","valueRequired":true,"valueName":"search_term_string"}}],"inLanguage":"es"},{"@type":"Person","@id":"https:\/\/sindromecharge.es\/#\/schema\/person\/39a60ebe0a2b4d5a11179701e336b039","name":"Charge","image":{"@type":"ImageObject","inLanguage":"es","@id":"https:\/\/secure.gravatar.com\/avatar\/c3b46e32a0fc3b093a0873fb767bf3293de856293065e84ef06b7ec7a8acfb98?s=96&d=identicon&r=x","url":"https:\/\/secure.gravatar.com\/avatar\/c3b46e32a0fc3b093a0873fb767bf3293de856293065e84ef06b7ec7a8acfb98?s=96&d=identicon&r=x","contentUrl":"https:\/\/secure.gravatar.com\/avatar\/c3b46e32a0fc3b093a0873fb767bf3293de856293065e84ef06b7ec7a8acfb98?s=96&d=identicon&r=x","caption":"Charge"},"url":"https:\/\/sindromecharge.es\/index.php\/author\/admin\/"}]}},"_links":{"self":[{"href":"https:\/\/sindromecharge.es\/index.php\/wp-json\/wp\/v2\/posts\/10369","targetHints":{"allow":["GET"]}}],"collection":[{"href":"https:\/\/sindromecharge.es\/index.php\/wp-json\/wp\/v2\/posts"}],"about":[{"href":"https:\/\/sindromecharge.es\/index.php\/wp-json\/wp\/v2\/types\/post"}],"author":[{"embeddable":true,"href":"https:\/\/sindromecharge.es\/index.php\/wp-json\/wp\/v2\/users\/1"}],"replies":[{"embeddable":true,"href":"https:\/\/sindromecharge.es\/index.php\/wp-json\/wp\/v2\/comments?post=10369"}],"version-history":[{"count":0,"href":"https:\/\/sindromecharge.es\/index.php\/wp-json\/wp\/v2\/posts\/10369\/revisions"}],"wp:attachment":[{"href":"https:\/\/sindromecharge.es\/index.php\/wp-json\/wp\/v2\/media?parent=10369"}],"wp:term":[{"taxonomy":"category","embeddable":true,"href":"https:\/\/sindromecharge.es\/index.php\/wp-json\/wp\/v2\/categories?post=10369"},{"taxonomy":"post_tag","embeddable":true,"href":"https:\/\/sindromecharge.es\/index.php\/wp-json\/wp\/v2\/tags?post=10369"}],"curies":[{"name":"wp","href":"https:\/\/api.w.org\/{rel}","templated":true}]}}