{"id":10368,"date":"2024-10-03T05:23:11","date_gmt":"2024-10-03T05:23:11","guid":{"rendered":"https:\/\/sindromecharge.es\/index.php\/2024\/10\/03\/jacinto-castillo-visual-teaf-consumo-alcohol-embarazo-es-primera-causa-discapacidad-intelectual-occidente\/"},"modified":"2024-10-03T05:23:11","modified_gmt":"2024-10-03T05:23:11","slug":"jacinto-castillo-visual-teaf-consumo-alcohol-embarazo-es-primera-causa-discapacidad-intelectual-occidente","status":"publish","type":"post","link":"https:\/\/sindromecharge.es\/index.php\/2024\/10\/03\/jacinto-castillo-visual-teaf-consumo-alcohol-embarazo-es-primera-causa-discapacidad-intelectual-occidente\/","title":{"rendered":"Jacinto Castillo, Visual TEAF: \u00abConsumir alcohol en el embarazo es la primera causa de discapacidad intelectual en Occidente\u00bb"},"content":{"rendered":"<p>Leemos en Discapacidad la siguiente noticia que os reproducimos de forma \u00edntegra: <\/p>\n<div>\n<p>Todas las embarazadas han escuchado que el<b> consumo de alcohol est\u00e1 completamente contraindicado durante la gestaci\u00f3n<\/b>. Sin embargo, poco se habla de lo que su consumo puede provocar en el feto, un feto que se convertir\u00e1 en beb\u00e9, luego en un ni\u00f1o y que llegar\u00e1 a la edad adulta con graves problemas cognitivos debido al desconocido<b> trastorno del espectro alcoh\u00f3lico fetal o TEAF<\/b>. <\/p>\n<p>Este trastorno, mucho m\u00e1s frecuente de lo que pensamos, a menudo pasa desapercibo en forma de<b> TDAH<\/b> o<a href=\"https:\/\/www.20minutos.es\/minuteca\/discapacidad-intelectual\/\" title=\"Discapacidad intelectual\" target=\"_blank\" rel=\"noopener\"> discapacidad intelectual<\/a>, pero puede tener graves consecuencias para quienes lo padecen y sus familias si no se detecta y trata a tiempo. Jacinto Castillo, confundador y secretario de la <a href=\"https:\/\/visualteaf.com\/\" target=\"_blank\" rel=\"nofollow noopener\">Fundaci\u00f3n Visual TEAF <\/a>y padre de una chica con este trastorno nos habla de la prevalencia, las consecuencias y el abordaje de este trastorno 100% evitable.<\/p>\n<h1>En Espa\u00f1a no hay un estudio, pero podemos tomar como referencia pa\u00edses como Inglaterra o Italia, donde s\u00ed hay datos de prevalencia, y es de entre el 4 y el 7%<\/h1>\n<h1>Las familias necesitan logopedas, psic\u00f3logos, terapeutas ocupacionales&#8230; pero la mayor\u00eda no pueden coste\u00e1rselos<\/h1>\n<\/div>\n<p>Fuente: Discapacidad https:\/\/www.20minutos.es\/noticia\/5638935\/0\/jacinto-castillo-visual-teaf-consumo-alcohol-embarazo-es-primera-causa-discapacidad-intelectual-occidente\/<\/p>\n","protected":false},"excerpt":{"rendered":"<p>Jacinto Castillo es confundador de la Fundaci\u00f3n Visual TEAF, que ofrece apoyo a afectados y familiares de personas con Trastorno del Espectro Alcoh\u00f3lico Fetal.<\/p>\n","protected":false},"author":1,"featured_media":0,"comment_status":"closed","ping_status":"closed","sticky":false,"template":"","format":"standard","meta":{"footnotes":""},"categories":[8],"tags":[],"class_list":["post-10368","post","type-post","status-publish","format-standard","hentry","category-noticias"],"yoast_head":"<!-- This site is optimized with the Yoast SEO plugin v27.5 - https:\/\/yoast.com\/product\/yoast-seo-wordpress\/ -->\n<title>Jacinto Castillo, Visual TEAF: &quot;Consumir alcohol en el embarazo es la primera causa de discapacidad intelectual en Occidente&quot; - Asociaci\u00f3n Espa\u00f1ola S\u00edndrome de Charge<\/title>\n<meta name=\"robots\" content=\"index, follow, max-snippet:-1, max-image-preview:large, max-video-preview:-1\" \/>\n<link rel=\"canonical\" href=\"https:\/\/sindromecharge.es\/index.php\/2024\/10\/03\/jacinto-castillo-visual-teaf-consumo-alcohol-embarazo-es-primera-causa-discapacidad-intelectual-occidente\/\" \/>\n<meta property=\"og:locale\" content=\"es_ES\" \/>\n<meta property=\"og:type\" content=\"article\" \/>\n<meta property=\"og:title\" content=\"Jacinto Castillo, Visual TEAF: &quot;Consumir alcohol en el embarazo es la primera causa de discapacidad intelectual en Occidente&quot; - Asociaci\u00f3n Espa\u00f1ola S\u00edndrome de Charge\" \/>\n<meta property=\"og:description\" content=\"Jacinto Castillo es confundador de la Fundaci\u00f3n Visual TEAF, que ofrece apoyo a afectados y familiares de personas con Trastorno del Espectro Alcoh\u00f3lico Fetal.\" \/>\n<meta property=\"og:url\" content=\"https:\/\/sindromecharge.es\/index.php\/2024\/10\/03\/jacinto-castillo-visual-teaf-consumo-alcohol-embarazo-es-primera-causa-discapacidad-intelectual-occidente\/\" \/>\n<meta property=\"og:site_name\" content=\"Asociaci\u00f3n Espa\u00f1ola S\u00edndrome de Charge\" \/>\n<meta property=\"article:publisher\" content=\"https:\/\/www.facebook.com\/asociacionsindromecharge\" \/>\n<meta property=\"article:published_time\" content=\"2024-10-03T05:23:11+00:00\" \/>\n<meta property=\"og:image\" content=\"https:\/\/sindromecharge.es\/wp-content\/uploads\/2013\/09\/logodecharge300x98.png\" \/>\n\t<meta property=\"og:image:width\" content=\"300\" \/>\n\t<meta property=\"og:image:height\" content=\"98\" \/>\n\t<meta property=\"og:image:type\" content=\"image\/png\" \/>\n<meta name=\"author\" content=\"Charge\" \/>\n<meta name=\"twitter:card\" content=\"summary_large_image\" \/>\n<meta name=\"twitter:creator\" content=\"@sindromecharge\" \/>\n<meta name=\"twitter:site\" content=\"@sindromecharge\" \/>\n<meta name=\"twitter:label1\" content=\"Escrito por\" \/>\n\t<meta name=\"twitter:data1\" content=\"Charge\" \/>\n\t<meta name=\"twitter:label2\" content=\"Tiempo de lectura\" \/>\n\t<meta name=\"twitter:data2\" content=\"1 minuto\" \/>\n<script type=\"application\/ld+json\" class=\"yoast-schema-graph\">{\"@context\":\"https:\\\/\\\/schema.org\",\"@graph\":[{\"@type\":\"Article\",\"@id\":\"https:\\\/\\\/sindromecharge.es\\\/index.php\\\/2024\\\/10\\\/03\\\/jacinto-castillo-visual-teaf-consumo-alcohol-embarazo-es-primera-causa-discapacidad-intelectual-occidente\\\/#article\",\"isPartOf\":{\"@id\":\"https:\\\/\\\/sindromecharge.es\\\/index.php\\\/2024\\\/10\\\/03\\\/jacinto-castillo-visual-teaf-consumo-alcohol-embarazo-es-primera-causa-discapacidad-intelectual-occidente\\\/\"},\"author\":{\"name\":\"Charge\",\"@id\":\"https:\\\/\\\/sindromecharge.es\\\/#\\\/schema\\\/person\\\/39a60ebe0a2b4d5a11179701e336b039\"},\"headline\":\"Jacinto Castillo, Visual TEAF: \u00abConsumir alcohol en el embarazo es la primera causa de discapacidad intelectual en Occidente\u00bb\",\"datePublished\":\"2024-10-03T05:23:11+00:00\",\"mainEntityOfPage\":{\"@id\":\"https:\\\/\\\/sindromecharge.es\\\/index.php\\\/2024\\\/10\\\/03\\\/jacinto-castillo-visual-teaf-consumo-alcohol-embarazo-es-primera-causa-discapacidad-intelectual-occidente\\\/\"},\"wordCount\":225,\"articleSection\":[\"noticias\"],\"inLanguage\":\"es\"},{\"@type\":\"WebPage\",\"@id\":\"https:\\\/\\\/sindromecharge.es\\\/index.php\\\/2024\\\/10\\\/03\\\/jacinto-castillo-visual-teaf-consumo-alcohol-embarazo-es-primera-causa-discapacidad-intelectual-occidente\\\/\",\"url\":\"https:\\\/\\\/sindromecharge.es\\\/index.php\\\/2024\\\/10\\\/03\\\/jacinto-castillo-visual-teaf-consumo-alcohol-embarazo-es-primera-causa-discapacidad-intelectual-occidente\\\/\",\"name\":\"Jacinto Castillo, Visual TEAF: \\\"Consumir alcohol en el embarazo es la primera causa de discapacidad intelectual en Occidente\\\" - Asociaci\u00f3n Espa\u00f1ola S\u00edndrome de Charge\",\"isPartOf\":{\"@id\":\"https:\\\/\\\/sindromecharge.es\\\/#website\"},\"datePublished\":\"2024-10-03T05:23:11+00:00\",\"author\":{\"@id\":\"https:\\\/\\\/sindromecharge.es\\\/#\\\/schema\\\/person\\\/39a60ebe0a2b4d5a11179701e336b039\"},\"breadcrumb\":{\"@id\":\"https:\\\/\\\/sindromecharge.es\\\/index.php\\\/2024\\\/10\\\/03\\\/jacinto-castillo-visual-teaf-consumo-alcohol-embarazo-es-primera-causa-discapacidad-intelectual-occidente\\\/#breadcrumb\"},\"inLanguage\":\"es\",\"potentialAction\":[{\"@type\":\"ReadAction\",\"target\":[\"https:\\\/\\\/sindromecharge.es\\\/index.php\\\/2024\\\/10\\\/03\\\/jacinto-castillo-visual-teaf-consumo-alcohol-embarazo-es-primera-causa-discapacidad-intelectual-occidente\\\/\"]}]},{\"@type\":\"BreadcrumbList\",\"@id\":\"https:\\\/\\\/sindromecharge.es\\\/index.php\\\/2024\\\/10\\\/03\\\/jacinto-castillo-visual-teaf-consumo-alcohol-embarazo-es-primera-causa-discapacidad-intelectual-occidente\\\/#breadcrumb\",\"itemListElement\":[{\"@type\":\"ListItem\",\"position\":1,\"name\":\"Portada\",\"item\":\"https:\\\/\\\/sindromecharge.es\\\/\"},{\"@type\":\"ListItem\",\"position\":2,\"name\":\"Jacinto Castillo, Visual TEAF: &#8220;Consumir alcohol en el embarazo es la primera causa de discapacidad intelectual en Occidente&#8221;\"}]},{\"@type\":\"WebSite\",\"@id\":\"https:\\\/\\\/sindromecharge.es\\\/#website\",\"url\":\"https:\\\/\\\/sindromecharge.es\\\/\",\"name\":\"Asociaci\u00f3n Espa\u00f1ola S\u00edndrome de Charge\",\"description\":\"\",\"potentialAction\":[{\"@type\":\"SearchAction\",\"target\":{\"@type\":\"EntryPoint\",\"urlTemplate\":\"https:\\\/\\\/sindromecharge.es\\\/?s={search_term_string}\"},\"query-input\":{\"@type\":\"PropertyValueSpecification\",\"valueRequired\":true,\"valueName\":\"search_term_string\"}}],\"inLanguage\":\"es\"},{\"@type\":\"Person\",\"@id\":\"https:\\\/\\\/sindromecharge.es\\\/#\\\/schema\\\/person\\\/39a60ebe0a2b4d5a11179701e336b039\",\"name\":\"Charge\",\"image\":{\"@type\":\"ImageObject\",\"inLanguage\":\"es\",\"@id\":\"https:\\\/\\\/secure.gravatar.com\\\/avatar\\\/c3b46e32a0fc3b093a0873fb767bf3293de856293065e84ef06b7ec7a8acfb98?s=96&d=identicon&r=x\",\"url\":\"https:\\\/\\\/secure.gravatar.com\\\/avatar\\\/c3b46e32a0fc3b093a0873fb767bf3293de856293065e84ef06b7ec7a8acfb98?s=96&d=identicon&r=x\",\"contentUrl\":\"https:\\\/\\\/secure.gravatar.com\\\/avatar\\\/c3b46e32a0fc3b093a0873fb767bf3293de856293065e84ef06b7ec7a8acfb98?s=96&d=identicon&r=x\",\"caption\":\"Charge\"},\"url\":\"https:\\\/\\\/sindromecharge.es\\\/index.php\\\/author\\\/admin\\\/\"}]}<\/script>\n<!-- \/ Yoast SEO plugin. -->","yoast_head_json":{"title":"Jacinto Castillo, Visual TEAF: \"Consumir alcohol en el embarazo es la primera causa de discapacidad intelectual en Occidente\" - Asociaci\u00f3n Espa\u00f1ola S\u00edndrome de Charge","robots":{"index":"index","follow":"follow","max-snippet":"max-snippet:-1","max-image-preview":"max-image-preview:large","max-video-preview":"max-video-preview:-1"},"canonical":"https:\/\/sindromecharge.es\/index.php\/2024\/10\/03\/jacinto-castillo-visual-teaf-consumo-alcohol-embarazo-es-primera-causa-discapacidad-intelectual-occidente\/","og_locale":"es_ES","og_type":"article","og_title":"Jacinto Castillo, Visual TEAF: \"Consumir alcohol en el embarazo es la primera causa de discapacidad intelectual en Occidente\" - Asociaci\u00f3n Espa\u00f1ola S\u00edndrome de Charge","og_description":"Jacinto Castillo es confundador de la Fundaci\u00f3n Visual TEAF, que ofrece apoyo a afectados y familiares de personas con Trastorno del Espectro Alcoh\u00f3lico Fetal.","og_url":"https:\/\/sindromecharge.es\/index.php\/2024\/10\/03\/jacinto-castillo-visual-teaf-consumo-alcohol-embarazo-es-primera-causa-discapacidad-intelectual-occidente\/","og_site_name":"Asociaci\u00f3n Espa\u00f1ola S\u00edndrome de Charge","article_publisher":"https:\/\/www.facebook.com\/asociacionsindromecharge","article_published_time":"2024-10-03T05:23:11+00:00","og_image":[{"width":300,"height":98,"url":"https:\/\/sindromecharge.es\/wp-content\/uploads\/2013\/09\/logodecharge300x98.png","type":"image\/png"}],"author":"Charge","twitter_card":"summary_large_image","twitter_creator":"@sindromecharge","twitter_site":"@sindromecharge","twitter_misc":{"Escrito por":"Charge","Tiempo de lectura":"1 minuto"},"schema":{"@context":"https:\/\/schema.org","@graph":[{"@type":"Article","@id":"https:\/\/sindromecharge.es\/index.php\/2024\/10\/03\/jacinto-castillo-visual-teaf-consumo-alcohol-embarazo-es-primera-causa-discapacidad-intelectual-occidente\/#article","isPartOf":{"@id":"https:\/\/sindromecharge.es\/index.php\/2024\/10\/03\/jacinto-castillo-visual-teaf-consumo-alcohol-embarazo-es-primera-causa-discapacidad-intelectual-occidente\/"},"author":{"name":"Charge","@id":"https:\/\/sindromecharge.es\/#\/schema\/person\/39a60ebe0a2b4d5a11179701e336b039"},"headline":"Jacinto Castillo, Visual TEAF: \u00abConsumir alcohol en el embarazo es la primera causa de discapacidad intelectual en Occidente\u00bb","datePublished":"2024-10-03T05:23:11+00:00","mainEntityOfPage":{"@id":"https:\/\/sindromecharge.es\/index.php\/2024\/10\/03\/jacinto-castillo-visual-teaf-consumo-alcohol-embarazo-es-primera-causa-discapacidad-intelectual-occidente\/"},"wordCount":225,"articleSection":["noticias"],"inLanguage":"es"},{"@type":"WebPage","@id":"https:\/\/sindromecharge.es\/index.php\/2024\/10\/03\/jacinto-castillo-visual-teaf-consumo-alcohol-embarazo-es-primera-causa-discapacidad-intelectual-occidente\/","url":"https:\/\/sindromecharge.es\/index.php\/2024\/10\/03\/jacinto-castillo-visual-teaf-consumo-alcohol-embarazo-es-primera-causa-discapacidad-intelectual-occidente\/","name":"Jacinto Castillo, Visual TEAF: \"Consumir alcohol en el embarazo es la primera causa de discapacidad intelectual en Occidente\" - Asociaci\u00f3n Espa\u00f1ola S\u00edndrome de Charge","isPartOf":{"@id":"https:\/\/sindromecharge.es\/#website"},"datePublished":"2024-10-03T05:23:11+00:00","author":{"@id":"https:\/\/sindromecharge.es\/#\/schema\/person\/39a60ebe0a2b4d5a11179701e336b039"},"breadcrumb":{"@id":"https:\/\/sindromecharge.es\/index.php\/2024\/10\/03\/jacinto-castillo-visual-teaf-consumo-alcohol-embarazo-es-primera-causa-discapacidad-intelectual-occidente\/#breadcrumb"},"inLanguage":"es","potentialAction":[{"@type":"ReadAction","target":["https:\/\/sindromecharge.es\/index.php\/2024\/10\/03\/jacinto-castillo-visual-teaf-consumo-alcohol-embarazo-es-primera-causa-discapacidad-intelectual-occidente\/"]}]},{"@type":"BreadcrumbList","@id":"https:\/\/sindromecharge.es\/index.php\/2024\/10\/03\/jacinto-castillo-visual-teaf-consumo-alcohol-embarazo-es-primera-causa-discapacidad-intelectual-occidente\/#breadcrumb","itemListElement":[{"@type":"ListItem","position":1,"name":"Portada","item":"https:\/\/sindromecharge.es\/"},{"@type":"ListItem","position":2,"name":"Jacinto Castillo, Visual TEAF: &#8220;Consumir alcohol en el embarazo es la primera causa de discapacidad intelectual en Occidente&#8221;"}]},{"@type":"WebSite","@id":"https:\/\/sindromecharge.es\/#website","url":"https:\/\/sindromecharge.es\/","name":"Asociaci\u00f3n Espa\u00f1ola S\u00edndrome de Charge","description":"","potentialAction":[{"@type":"SearchAction","target":{"@type":"EntryPoint","urlTemplate":"https:\/\/sindromecharge.es\/?s={search_term_string}"},"query-input":{"@type":"PropertyValueSpecification","valueRequired":true,"valueName":"search_term_string"}}],"inLanguage":"es"},{"@type":"Person","@id":"https:\/\/sindromecharge.es\/#\/schema\/person\/39a60ebe0a2b4d5a11179701e336b039","name":"Charge","image":{"@type":"ImageObject","inLanguage":"es","@id":"https:\/\/secure.gravatar.com\/avatar\/c3b46e32a0fc3b093a0873fb767bf3293de856293065e84ef06b7ec7a8acfb98?s=96&d=identicon&r=x","url":"https:\/\/secure.gravatar.com\/avatar\/c3b46e32a0fc3b093a0873fb767bf3293de856293065e84ef06b7ec7a8acfb98?s=96&d=identicon&r=x","contentUrl":"https:\/\/secure.gravatar.com\/avatar\/c3b46e32a0fc3b093a0873fb767bf3293de856293065e84ef06b7ec7a8acfb98?s=96&d=identicon&r=x","caption":"Charge"},"url":"https:\/\/sindromecharge.es\/index.php\/author\/admin\/"}]}},"_links":{"self":[{"href":"https:\/\/sindromecharge.es\/index.php\/wp-json\/wp\/v2\/posts\/10368","targetHints":{"allow":["GET"]}}],"collection":[{"href":"https:\/\/sindromecharge.es\/index.php\/wp-json\/wp\/v2\/posts"}],"about":[{"href":"https:\/\/sindromecharge.es\/index.php\/wp-json\/wp\/v2\/types\/post"}],"author":[{"embeddable":true,"href":"https:\/\/sindromecharge.es\/index.php\/wp-json\/wp\/v2\/users\/1"}],"replies":[{"embeddable":true,"href":"https:\/\/sindromecharge.es\/index.php\/wp-json\/wp\/v2\/comments?post=10368"}],"version-history":[{"count":0,"href":"https:\/\/sindromecharge.es\/index.php\/wp-json\/wp\/v2\/posts\/10368\/revisions"}],"wp:attachment":[{"href":"https:\/\/sindromecharge.es\/index.php\/wp-json\/wp\/v2\/media?parent=10368"}],"wp:term":[{"taxonomy":"category","embeddable":true,"href":"https:\/\/sindromecharge.es\/index.php\/wp-json\/wp\/v2\/categories?post=10368"},{"taxonomy":"post_tag","embeddable":true,"href":"https:\/\/sindromecharge.es\/index.php\/wp-json\/wp\/v2\/tags?post=10368"}],"curies":[{"name":"wp","href":"https:\/\/api.w.org\/{rel}","templated":true}]}}