{"id":10367,"date":"2024-10-02T10:09:35","date_gmt":"2024-10-02T10:09:35","guid":{"rendered":"https:\/\/sindromecharge.es\/index.php\/2024\/10\/02\/abierto-plazo-para-acceder-plan-familia-iniciativa-para-impulsar-empleo-las-personas-con-discapacidad\/"},"modified":"2024-10-02T10:09:35","modified_gmt":"2024-10-02T10:09:35","slug":"abierto-plazo-para-acceder-plan-familia-iniciativa-para-impulsar-empleo-las-personas-con-discapacidad","status":"publish","type":"post","link":"https:\/\/sindromecharge.es\/index.php\/2024\/10\/02\/abierto-plazo-para-acceder-plan-familia-iniciativa-para-impulsar-empleo-las-personas-con-discapacidad\/","title":{"rendered":"Abierto el plazo para acceder al Plan Familia: 150.000 euros para apoyar a 100 personas con discapacidad en su camino al empleo"},"content":{"rendered":"<p>Leemos en Discapacidad la siguiente noticia que os reproducimos de forma \u00edntegra: <\/p>\n<div>\n<p>La <b>Fundaci\u00f3n Adecco<\/b> ha abierto el plazo de inscripci\u00f3n para solicitar el <b>Plan Familia 2025<\/b>, un programa de intervenci\u00f3n psicosocial cuya misi\u00f3n es incrementar la<b> empleabilidad de las personas con<a href=\"https:\/\/www.20minutos.es\/minuteca\/discapacidad\/\" title=\"Discapacidad\" target=\"_blank\" rel=\"noopener\"> discapacidad<\/a><\/b>. La atenci\u00f3n, que se llevar\u00e1 a cabo del 1 de enero al 31 de diciembre de 2025, consistir\u00e1 en un <b>acompa\u00f1amiento personalizado<\/b> por parte de un equipo experto en inclusi\u00f3n sociolaboral de la Fundaci\u00f3n Adecco, as\u00ed como de profesionales multidisciplinares de distintos \u00e1mbitos.<\/p>\n<p>Desde el a\u00f1o 2001, se han beneficiado del Plan Familia <b>miles de personas con discapacidad,<\/b> recibiendo orientaci\u00f3n personalizada sobre las mejores opciones para su desarrollo competencial, personal y profesional. Actualmente, esta iniciativa cuenta con<b> 2616 personas con discapacidad beneficiarias<\/b> en toda Espa\u00f1a.<\/p>\n<h2>Una escasa penetraci\u00f3n en el mercado laboral <\/h2>\n<p>El programa Plan Familia 2025 arranca en un contexto que contin\u00faa marcado por la desigualdad y la<b> falta de oportunidades de las personas con discapacidad en el \u00e1mbito laboral<\/b>. Las cifras son elocuentes: solo el 35% de las que tienen edad laboral, tiene empleo o lo busca, mientras que el 65% restante permanece inactiva.<\/p>\n<p>\u00abAunque las personas con discapacidad integran cada vez m\u00e1s el empleo en su prop\u00f3sito vital, en muchas ocasiones siguen influenciadas por narrativas obsoletas, muy arraigadas en la sociedad, que conducen a la sobreprotecci\u00f3n y a la tendencia a poner foco en sus limitaciones. Todo ello perpet\u00faa la<b> creencia de que son menos capaces en el \u00e1mbito laboral <\/b>y que, por tanto, su \u00fanica o mejor opci\u00f3n es ser asistidas y amparadas por las pol\u00edticas sociales. De este modo, se impone una cultura de protecci\u00f3n social que<b> relega a las personas con discapacidad a la inactividad<\/b> o a la dependencia, y de ah\u00ed su baja participaci\u00f3n laboral. Para vencer estas barreras es fundamental trabajar con las personas con discapacidad desde edades tempranas y hacerlo con criterio, a trav\u00e9s de formaciones, iniciativas, terapias y tratamientos que impacten verdaderamente en su autonom\u00eda y multipliquen sus posibilidades de empleo. Este es precisamente el prop\u00f3sito del <b>Plan Familia<\/b>, un programa muy necesario que da una respuesta integral a las necesidades espec\u00edficas de cada persona y de cada unidad familiar\u00bb, recalca Francisco Mesonero, director general de la Fundaci\u00f3n Adecco.<\/p>\n<p>Tambi\u00e9n es significativo que, actualmente, la mayor\u00eda de los contratos que suscriben las personas con discapacidad (71%) se celebran en el <b>\u00e1mbito protegido (Centros Especiales de Empleo)<\/b> siendo todav\u00eda deficitaria su presencia en la empresa ordinaria, donde apenas se firman el 29% de los contratos.<\/p>\n<p>\u00abA trav\u00e9s del Plan Familia queremos dar la vuelta a estas cifras, apostando por un enfoque integral y una atenci\u00f3n personalizada desde las primeras etapas de la vida. Nuestro equipo experto y multidisciplinar se esfuerza por contemplar a la persona con discapacidad en todas sus dimensiones, conociendo a fondo su entorno. Una vez recabada esta informaci\u00f3n, dise\u00f1amos un <b>plan de intervenci\u00f3n<\/b> 100% personalizado que les permita alcanzar su m\u00e1ximo nivel de desarrollo y autonom\u00eda personal, siempre enfocado a su inclusi\u00f3n laboral en el medio o largo plazo\u00bb, asegura Ana M\u00fagica, responsable del Plan Familia.<\/p>\n<p>Por \u00faltimo, otro factor de desigualdad es el econ\u00f3mico. Actualmente, el <b>32% de las personas con discapacidad se encuentra en riesgo de pobreza<\/b> y\/o exclusi\u00f3n (frente al 23% del resto de la poblaci\u00f3n) y el 76% de las familias con personas con discapacidad encuentra dificultades para llegar a fin de mes, sufragando gastos adicionales que pueden llegar a los 30.000 euros anuales, seg\u00fan el \u00faltimo<b> informe Discapacidad y Familia de la Fundaci\u00f3n Adecco<\/b>.<\/p>\n<p>En concreto, el 33% de las familias encuestadas admite, directamente, no llegar a fin de mes y un 43,7% encuentra alg\u00fan grado de dificultad para hacerlo (un 9,3% termina la mensualidad con mucha dificultad y un 34,4% con dificultad). \u00ab<span>Con el Plan Familia conseguimos que el presupuesto familiar (a menudo limitado) se oriente hacia opciones verdaderamente efectivas que permitan a la persona con discapacidad alcanzar su m\u00e1ximo potencial\u00bb, recalca M\u00fagica.<\/span><\/p>\n<p>Gracias al apoyo de empresas colaboradoras de la Fundaci\u00f3n Adecco, el Plan Familia<b> destinar\u00e1 150.000 euros para apoyar a 100 personas con discapacidad en su camino al empleo<\/b>, a trav\u00e9s de un itinerario laboral personalizado.<\/p>\n<p>El trabajo con cada familia se realizar\u00e1 con la vista puesta en el medio y largo plazo, a trav\u00e9s de <b>orientaci\u00f3n profesional para incrementar su autonom\u00eda <\/b>y construir un futuro laboral sostenible en el tiempo. A ello se suman<b> apoyos de tipo terap\u00e9utico, formativo y de respiro familiar<\/b> que incidan en el desarrollo y evoluci\u00f3n positiva de la persona con discapacidad, incrementando su empleabilidad.<\/p>\n<h2>Inscripci\u00f3n y plazos<\/h2>\n<p>La convocatoria 2025 est\u00e1 dirigida a personas nacidas entre 1961 y 2006 que cuenten con <b>certificado de discapacidad igual o superior al 33%<\/b>, o con incapacidad permanente total reconocida. El plazo de presentaci\u00f3n de las solicitudes permanecer\u00e1 abierto hasta el 6 de octubre en<a href=\"https:\/\/fundacionadecco.org\/plan-familia\/\" target=\"_blank\" rel=\"nofollow noopener\"> la web de la Fundaci\u00f3n Adecco<\/a>.<\/p>\n<p>Posteriormente habr\u00e1 un plazo de subsanaci\u00f3n de documentaci\u00f3n o informaci\u00f3n pendiente: hasta el 18 de octubre. A partir del 5 de noviembre se podr\u00e1<b> consultar, a trav\u00e9s de la misma p\u00e1gina web<\/b>, si la candidatura ha resultado aceptada o no de manera provisional. Desde entonces, y hasta el 10 de noviembre se podr\u00e1n presentar alegaciones, y <b>el 26 de noviembre se har\u00e1 p\u00fablica la resoluci\u00f3n definitiva<\/b> tras la contestaci\u00f3n a las alegaciones recibidas<\/p>\n<\/div>\n<p>Fuente: Discapacidad https:\/\/www.20minutos.es\/noticia\/5639599\/0\/abierto-plazo-para-acceder-plan-familia-iniciativa-para-impulsar-empleo-las-personas-con-discapacidad\/<\/p>\n","protected":false},"excerpt":{"rendered":"<p>El plazo de presentaci\u00f3n de las solicitudes permanecer\u00e1 abierto hasta el 6 de octubre.<\/p>\n","protected":false},"author":1,"featured_media":0,"comment_status":"closed","ping_status":"closed","sticky":false,"template":"","format":"standard","meta":{"footnotes":""},"categories":[8],"tags":[],"class_list":["post-10367","post","type-post","status-publish","format-standard","hentry","category-noticias"],"yoast_head":"<!-- This site is optimized with the Yoast SEO plugin v27.5 - https:\/\/yoast.com\/product\/yoast-seo-wordpress\/ -->\n<title>Abierto el plazo para acceder al Plan Familia: 150.000 euros para apoyar a 100 personas con discapacidad en su camino al empleo - Asociaci\u00f3n Espa\u00f1ola S\u00edndrome de Charge<\/title>\n<meta name=\"robots\" content=\"index, follow, max-snippet:-1, max-image-preview:large, max-video-preview:-1\" \/>\n<link rel=\"canonical\" href=\"https:\/\/sindromecharge.es\/index.php\/2024\/10\/02\/abierto-plazo-para-acceder-plan-familia-iniciativa-para-impulsar-empleo-las-personas-con-discapacidad\/\" \/>\n<meta property=\"og:locale\" content=\"es_ES\" \/>\n<meta property=\"og:type\" content=\"article\" \/>\n<meta property=\"og:title\" content=\"Abierto el plazo para acceder al Plan Familia: 150.000 euros para apoyar a 100 personas con discapacidad en su camino al empleo - Asociaci\u00f3n Espa\u00f1ola S\u00edndrome de Charge\" \/>\n<meta property=\"og:description\" content=\"El plazo de presentaci\u00f3n de las solicitudes permanecer\u00e1 abierto hasta el 6 de octubre.\" \/>\n<meta property=\"og:url\" content=\"https:\/\/sindromecharge.es\/index.php\/2024\/10\/02\/abierto-plazo-para-acceder-plan-familia-iniciativa-para-impulsar-empleo-las-personas-con-discapacidad\/\" \/>\n<meta property=\"og:site_name\" content=\"Asociaci\u00f3n Espa\u00f1ola S\u00edndrome de Charge\" \/>\n<meta property=\"article:publisher\" content=\"https:\/\/www.facebook.com\/asociacionsindromecharge\" \/>\n<meta property=\"article:published_time\" content=\"2024-10-02T10:09:35+00:00\" \/>\n<meta property=\"og:image\" content=\"https:\/\/sindromecharge.es\/wp-content\/uploads\/2013\/09\/logodecharge300x98.png\" \/>\n\t<meta property=\"og:image:width\" content=\"300\" \/>\n\t<meta property=\"og:image:height\" content=\"98\" \/>\n\t<meta property=\"og:image:type\" content=\"image\/png\" \/>\n<meta name=\"author\" content=\"Charge\" \/>\n<meta name=\"twitter:card\" content=\"summary_large_image\" \/>\n<meta name=\"twitter:creator\" content=\"@sindromecharge\" \/>\n<meta name=\"twitter:site\" content=\"@sindromecharge\" \/>\n<meta name=\"twitter:label1\" content=\"Escrito por\" \/>\n\t<meta name=\"twitter:data1\" content=\"Charge\" \/>\n\t<meta name=\"twitter:label2\" content=\"Tiempo de lectura\" \/>\n\t<meta name=\"twitter:data2\" content=\"5 minutos\" \/>\n<script type=\"application\/ld+json\" class=\"yoast-schema-graph\">{\"@context\":\"https:\\\/\\\/schema.org\",\"@graph\":[{\"@type\":\"Article\",\"@id\":\"https:\\\/\\\/sindromecharge.es\\\/index.php\\\/2024\\\/10\\\/02\\\/abierto-plazo-para-acceder-plan-familia-iniciativa-para-impulsar-empleo-las-personas-con-discapacidad\\\/#article\",\"isPartOf\":{\"@id\":\"https:\\\/\\\/sindromecharge.es\\\/index.php\\\/2024\\\/10\\\/02\\\/abierto-plazo-para-acceder-plan-familia-iniciativa-para-impulsar-empleo-las-personas-con-discapacidad\\\/\"},\"author\":{\"name\":\"Charge\",\"@id\":\"https:\\\/\\\/sindromecharge.es\\\/#\\\/schema\\\/person\\\/39a60ebe0a2b4d5a11179701e336b039\"},\"headline\":\"Abierto el plazo para acceder al Plan Familia: 150.000 euros para apoyar a 100 personas con discapacidad en su camino al empleo\",\"datePublished\":\"2024-10-02T10:09:35+00:00\",\"mainEntityOfPage\":{\"@id\":\"https:\\\/\\\/sindromecharge.es\\\/index.php\\\/2024\\\/10\\\/02\\\/abierto-plazo-para-acceder-plan-familia-iniciativa-para-impulsar-empleo-las-personas-con-discapacidad\\\/\"},\"wordCount\":942,\"articleSection\":[\"noticias\"],\"inLanguage\":\"es\"},{\"@type\":\"WebPage\",\"@id\":\"https:\\\/\\\/sindromecharge.es\\\/index.php\\\/2024\\\/10\\\/02\\\/abierto-plazo-para-acceder-plan-familia-iniciativa-para-impulsar-empleo-las-personas-con-discapacidad\\\/\",\"url\":\"https:\\\/\\\/sindromecharge.es\\\/index.php\\\/2024\\\/10\\\/02\\\/abierto-plazo-para-acceder-plan-familia-iniciativa-para-impulsar-empleo-las-personas-con-discapacidad\\\/\",\"name\":\"Abierto el plazo para acceder al Plan Familia: 150.000 euros para apoyar a 100 personas con discapacidad en su camino al empleo - Asociaci\u00f3n Espa\u00f1ola S\u00edndrome de Charge\",\"isPartOf\":{\"@id\":\"https:\\\/\\\/sindromecharge.es\\\/#website\"},\"datePublished\":\"2024-10-02T10:09:35+00:00\",\"author\":{\"@id\":\"https:\\\/\\\/sindromecharge.es\\\/#\\\/schema\\\/person\\\/39a60ebe0a2b4d5a11179701e336b039\"},\"breadcrumb\":{\"@id\":\"https:\\\/\\\/sindromecharge.es\\\/index.php\\\/2024\\\/10\\\/02\\\/abierto-plazo-para-acceder-plan-familia-iniciativa-para-impulsar-empleo-las-personas-con-discapacidad\\\/#breadcrumb\"},\"inLanguage\":\"es\",\"potentialAction\":[{\"@type\":\"ReadAction\",\"target\":[\"https:\\\/\\\/sindromecharge.es\\\/index.php\\\/2024\\\/10\\\/02\\\/abierto-plazo-para-acceder-plan-familia-iniciativa-para-impulsar-empleo-las-personas-con-discapacidad\\\/\"]}]},{\"@type\":\"BreadcrumbList\",\"@id\":\"https:\\\/\\\/sindromecharge.es\\\/index.php\\\/2024\\\/10\\\/02\\\/abierto-plazo-para-acceder-plan-familia-iniciativa-para-impulsar-empleo-las-personas-con-discapacidad\\\/#breadcrumb\",\"itemListElement\":[{\"@type\":\"ListItem\",\"position\":1,\"name\":\"Portada\",\"item\":\"https:\\\/\\\/sindromecharge.es\\\/\"},{\"@type\":\"ListItem\",\"position\":2,\"name\":\"Abierto el plazo para acceder al Plan Familia: 150.000 euros para apoyar a 100 personas con discapacidad en su camino al empleo\"}]},{\"@type\":\"WebSite\",\"@id\":\"https:\\\/\\\/sindromecharge.es\\\/#website\",\"url\":\"https:\\\/\\\/sindromecharge.es\\\/\",\"name\":\"Asociaci\u00f3n Espa\u00f1ola S\u00edndrome de Charge\",\"description\":\"\",\"potentialAction\":[{\"@type\":\"SearchAction\",\"target\":{\"@type\":\"EntryPoint\",\"urlTemplate\":\"https:\\\/\\\/sindromecharge.es\\\/?s={search_term_string}\"},\"query-input\":{\"@type\":\"PropertyValueSpecification\",\"valueRequired\":true,\"valueName\":\"search_term_string\"}}],\"inLanguage\":\"es\"},{\"@type\":\"Person\",\"@id\":\"https:\\\/\\\/sindromecharge.es\\\/#\\\/schema\\\/person\\\/39a60ebe0a2b4d5a11179701e336b039\",\"name\":\"Charge\",\"image\":{\"@type\":\"ImageObject\",\"inLanguage\":\"es\",\"@id\":\"https:\\\/\\\/secure.gravatar.com\\\/avatar\\\/c3b46e32a0fc3b093a0873fb767bf3293de856293065e84ef06b7ec7a8acfb98?s=96&d=identicon&r=x\",\"url\":\"https:\\\/\\\/secure.gravatar.com\\\/avatar\\\/c3b46e32a0fc3b093a0873fb767bf3293de856293065e84ef06b7ec7a8acfb98?s=96&d=identicon&r=x\",\"contentUrl\":\"https:\\\/\\\/secure.gravatar.com\\\/avatar\\\/c3b46e32a0fc3b093a0873fb767bf3293de856293065e84ef06b7ec7a8acfb98?s=96&d=identicon&r=x\",\"caption\":\"Charge\"},\"url\":\"https:\\\/\\\/sindromecharge.es\\\/index.php\\\/author\\\/admin\\\/\"}]}<\/script>\n<!-- \/ Yoast SEO plugin. -->","yoast_head_json":{"title":"Abierto el plazo para acceder al Plan Familia: 150.000 euros para apoyar a 100 personas con discapacidad en su camino al empleo - Asociaci\u00f3n Espa\u00f1ola S\u00edndrome de Charge","robots":{"index":"index","follow":"follow","max-snippet":"max-snippet:-1","max-image-preview":"max-image-preview:large","max-video-preview":"max-video-preview:-1"},"canonical":"https:\/\/sindromecharge.es\/index.php\/2024\/10\/02\/abierto-plazo-para-acceder-plan-familia-iniciativa-para-impulsar-empleo-las-personas-con-discapacidad\/","og_locale":"es_ES","og_type":"article","og_title":"Abierto el plazo para acceder al Plan Familia: 150.000 euros para apoyar a 100 personas con discapacidad en su camino al empleo - Asociaci\u00f3n Espa\u00f1ola S\u00edndrome de Charge","og_description":"El plazo de presentaci\u00f3n de las solicitudes permanecer\u00e1 abierto hasta el 6 de octubre.","og_url":"https:\/\/sindromecharge.es\/index.php\/2024\/10\/02\/abierto-plazo-para-acceder-plan-familia-iniciativa-para-impulsar-empleo-las-personas-con-discapacidad\/","og_site_name":"Asociaci\u00f3n Espa\u00f1ola S\u00edndrome de Charge","article_publisher":"https:\/\/www.facebook.com\/asociacionsindromecharge","article_published_time":"2024-10-02T10:09:35+00:00","og_image":[{"width":300,"height":98,"url":"https:\/\/sindromecharge.es\/wp-content\/uploads\/2013\/09\/logodecharge300x98.png","type":"image\/png"}],"author":"Charge","twitter_card":"summary_large_image","twitter_creator":"@sindromecharge","twitter_site":"@sindromecharge","twitter_misc":{"Escrito por":"Charge","Tiempo de lectura":"5 minutos"},"schema":{"@context":"https:\/\/schema.org","@graph":[{"@type":"Article","@id":"https:\/\/sindromecharge.es\/index.php\/2024\/10\/02\/abierto-plazo-para-acceder-plan-familia-iniciativa-para-impulsar-empleo-las-personas-con-discapacidad\/#article","isPartOf":{"@id":"https:\/\/sindromecharge.es\/index.php\/2024\/10\/02\/abierto-plazo-para-acceder-plan-familia-iniciativa-para-impulsar-empleo-las-personas-con-discapacidad\/"},"author":{"name":"Charge","@id":"https:\/\/sindromecharge.es\/#\/schema\/person\/39a60ebe0a2b4d5a11179701e336b039"},"headline":"Abierto el plazo para acceder al Plan Familia: 150.000 euros para apoyar a 100 personas con discapacidad en su camino al empleo","datePublished":"2024-10-02T10:09:35+00:00","mainEntityOfPage":{"@id":"https:\/\/sindromecharge.es\/index.php\/2024\/10\/02\/abierto-plazo-para-acceder-plan-familia-iniciativa-para-impulsar-empleo-las-personas-con-discapacidad\/"},"wordCount":942,"articleSection":["noticias"],"inLanguage":"es"},{"@type":"WebPage","@id":"https:\/\/sindromecharge.es\/index.php\/2024\/10\/02\/abierto-plazo-para-acceder-plan-familia-iniciativa-para-impulsar-empleo-las-personas-con-discapacidad\/","url":"https:\/\/sindromecharge.es\/index.php\/2024\/10\/02\/abierto-plazo-para-acceder-plan-familia-iniciativa-para-impulsar-empleo-las-personas-con-discapacidad\/","name":"Abierto el plazo para acceder al Plan Familia: 150.000 euros para apoyar a 100 personas con discapacidad en su camino al empleo - Asociaci\u00f3n Espa\u00f1ola S\u00edndrome de Charge","isPartOf":{"@id":"https:\/\/sindromecharge.es\/#website"},"datePublished":"2024-10-02T10:09:35+00:00","author":{"@id":"https:\/\/sindromecharge.es\/#\/schema\/person\/39a60ebe0a2b4d5a11179701e336b039"},"breadcrumb":{"@id":"https:\/\/sindromecharge.es\/index.php\/2024\/10\/02\/abierto-plazo-para-acceder-plan-familia-iniciativa-para-impulsar-empleo-las-personas-con-discapacidad\/#breadcrumb"},"inLanguage":"es","potentialAction":[{"@type":"ReadAction","target":["https:\/\/sindromecharge.es\/index.php\/2024\/10\/02\/abierto-plazo-para-acceder-plan-familia-iniciativa-para-impulsar-empleo-las-personas-con-discapacidad\/"]}]},{"@type":"BreadcrumbList","@id":"https:\/\/sindromecharge.es\/index.php\/2024\/10\/02\/abierto-plazo-para-acceder-plan-familia-iniciativa-para-impulsar-empleo-las-personas-con-discapacidad\/#breadcrumb","itemListElement":[{"@type":"ListItem","position":1,"name":"Portada","item":"https:\/\/sindromecharge.es\/"},{"@type":"ListItem","position":2,"name":"Abierto el plazo para acceder al Plan Familia: 150.000 euros para apoyar a 100 personas con discapacidad en su camino al empleo"}]},{"@type":"WebSite","@id":"https:\/\/sindromecharge.es\/#website","url":"https:\/\/sindromecharge.es\/","name":"Asociaci\u00f3n Espa\u00f1ola S\u00edndrome de Charge","description":"","potentialAction":[{"@type":"SearchAction","target":{"@type":"EntryPoint","urlTemplate":"https:\/\/sindromecharge.es\/?s={search_term_string}"},"query-input":{"@type":"PropertyValueSpecification","valueRequired":true,"valueName":"search_term_string"}}],"inLanguage":"es"},{"@type":"Person","@id":"https:\/\/sindromecharge.es\/#\/schema\/person\/39a60ebe0a2b4d5a11179701e336b039","name":"Charge","image":{"@type":"ImageObject","inLanguage":"es","@id":"https:\/\/secure.gravatar.com\/avatar\/c3b46e32a0fc3b093a0873fb767bf3293de856293065e84ef06b7ec7a8acfb98?s=96&d=identicon&r=x","url":"https:\/\/secure.gravatar.com\/avatar\/c3b46e32a0fc3b093a0873fb767bf3293de856293065e84ef06b7ec7a8acfb98?s=96&d=identicon&r=x","contentUrl":"https:\/\/secure.gravatar.com\/avatar\/c3b46e32a0fc3b093a0873fb767bf3293de856293065e84ef06b7ec7a8acfb98?s=96&d=identicon&r=x","caption":"Charge"},"url":"https:\/\/sindromecharge.es\/index.php\/author\/admin\/"}]}},"_links":{"self":[{"href":"https:\/\/sindromecharge.es\/index.php\/wp-json\/wp\/v2\/posts\/10367","targetHints":{"allow":["GET"]}}],"collection":[{"href":"https:\/\/sindromecharge.es\/index.php\/wp-json\/wp\/v2\/posts"}],"about":[{"href":"https:\/\/sindromecharge.es\/index.php\/wp-json\/wp\/v2\/types\/post"}],"author":[{"embeddable":true,"href":"https:\/\/sindromecharge.es\/index.php\/wp-json\/wp\/v2\/users\/1"}],"replies":[{"embeddable":true,"href":"https:\/\/sindromecharge.es\/index.php\/wp-json\/wp\/v2\/comments?post=10367"}],"version-history":[{"count":0,"href":"https:\/\/sindromecharge.es\/index.php\/wp-json\/wp\/v2\/posts\/10367\/revisions"}],"wp:attachment":[{"href":"https:\/\/sindromecharge.es\/index.php\/wp-json\/wp\/v2\/media?parent=10367"}],"wp:term":[{"taxonomy":"category","embeddable":true,"href":"https:\/\/sindromecharge.es\/index.php\/wp-json\/wp\/v2\/categories?post=10367"},{"taxonomy":"post_tag","embeddable":true,"href":"https:\/\/sindromecharge.es\/index.php\/wp-json\/wp\/v2\/tags?post=10367"}],"curies":[{"name":"wp","href":"https:\/\/api.w.org\/{rel}","templated":true}]}}