{"id":10366,"date":"2024-10-02T05:27:18","date_gmt":"2024-10-02T05:27:18","guid":{"rendered":"https:\/\/sindromecharge.es\/index.php\/2024\/10\/02\/ralf-neidenthal-todos-hacemos-musica-musica-es-un-catalizador-que-los-lleva-lugares-impensados\/"},"modified":"2024-10-02T05:27:18","modified_gmt":"2024-10-02T05:27:18","slug":"ralf-neidenthal-todos-hacemos-musica-musica-es-un-catalizador-que-los-lleva-lugares-impensados","status":"publish","type":"post","link":"https:\/\/sindromecharge.es\/index.php\/2024\/10\/02\/ralf-neidenthal-todos-hacemos-musica-musica-es-un-catalizador-que-los-lleva-lugares-impensados\/","title":{"rendered":"Ralf Neidenthal, Todos Hacemos M\u00fasica: \u00abLa m\u00fasica es un sost\u00e9n para las personas con discapacidad, tambi\u00e9n en su salud mental\u00bb"},"content":{"rendered":"<p>Leemos en Discapacidad la siguiente noticia que os reproducimos de forma \u00edntegra: <\/p>\n<div>\n<p>Le dijo al psic\u00f3logo del colegio que \u00e9l quer\u00eda ayudar a la gente con la m\u00fasica. Poco despu\u00e9s descubri\u00f3 que exist\u00eda la musicoterapia. Cuando termin\u00f3 el cole tuvo claro lo que estudiar\u00eda. <b>La m\u00fasica es la pasi\u00f3n del argentino Ralf Neidenthal. \u00ab<\/b>El nombre y mi pinta tan poco <a href=\"https:\/\/www.20minutos.es\/minuteca\/argentina\/\" title=\"Argentina\">argentina<\/a> es porque mis pap\u00e1s son alemanes\u00bb, dice ri\u00e9ndose.<\/p>\n<p>En <a href=\"https:\/\/www.20minutos.es\/minuteca\/terapia\/\" title=\"Terapia\">terapia<\/a> ha utilizado mucho la m\u00fasica con personas con y sin <a href=\"https:\/\/www.20minutos.es\/minuteca\/discapacidad\/\" title=\"Discapacidad\">discapacidad<\/a>. \u00ab<b>Ve\u00eda mucho potencial, sal\u00edan cosas muy lindas\u00bb<\/b>, cuenta.<\/p>\n<p>Tan lindo result\u00f3 que empez\u00f3 a organizar <b><a href=\"https:\/\/www.20minutos.es\/minuteca\/conciertos\/\" title=\"conciertos\">conciertos<\/a> de fin de a\u00f1o<\/b> donde cada persona hac\u00eda algo: cantar, bailar, tocar un instrumento, etc. \u00abA las personas con discapacidad las mezclaba con personas que no ten\u00edan discapacidad, que esto es la <a href=\"https:\/\/www.20minutos.es\/minuteca\/inclusion\/\" title=\"Inclusi\u00f3n\">inclusi\u00f3n<\/a> de verdad\u00bb, explica<\/p>\n<h1>La m\u00fasica es un catalizador que los lleva a lugares impensados<\/h1>\n<p>Corr\u00eda el a\u00f1o 2007, era <b>la primera instancia previa a la creaci\u00f3n de la ONG Todos Hacemos M\u00fasica<\/b>. La segunda instancia lleg\u00f3 de la mano de <i>Playing for Change<\/i>. Ralf vio los v\u00eddeos de esta iniciativa donde participan m\u00fasicos de todo el mundo con artistas famosos y le vol\u00f3 la cabeza. \u00abQuiero hacer lo mismo pero con las personas con discapacidad, que es una poblaci\u00f3n muy olvidada, y artistas conocidos de la Argentina\u00bb, se dijo. \u00abDe pronto \u00e9ramos treinta personas, la gente me dec\u00eda <b>qu\u00e9 bueno lo que hac\u00e9s, quiero ayudarte\u00bb<\/b>.<\/p>\n<p>Esto pas\u00f3 porque algunos de los v\u00eddeos que grabaron se viralizaron. Sin soluci\u00f3n de continuidad hab\u00eda llegado la tercera y \u00faltima instancia de la todav\u00eda inexistente Todos Somos M\u00fasica. Fue en 2017 cuando Ralf se plante\u00f3 dar forma y orden a lo que ya estaba haciendo. As\u00ed naci\u00f3 la ONG para ofrecer gratuitamente <b>experiencias musicales y la posibilidad de disfrutar de la m\u00fasica.<\/b><\/p>\n<p>La organizaci\u00f3n cuenta con voluntarios y beneficiarios. Los beneficiarios son siempre <b>personas con discapacidad de cualquier tipo<\/b>: ciegos, autistas, con par\u00e1lisis cerebral, con <a href=\"https:\/\/www.20minutos.es\/minuteca\/sindrome-de-down\/\" title=\"S\u00edndrome de Down\">s\u00edndrome de Down<\/a>, etc. Tambi\u00e9n hay variedad de edades.<\/p>\n<p>En Todos Hacemos M\u00fasica las personas con discapacidad participan en distintas experiencias musicales. \u00abNo ponemos l\u00edmites y si vemos que hay una complicaci\u00f3n buscamos la forma. Trabajamos con adaptaciones. Por ejemplo, <b>moviendo un solo dedo pod\u00e9s hacer m\u00fasica\u00bb<\/b>, defiende Ralf.<\/p>\n<p>Organizan encuentros en plazas y parques para hacer m\u00fasica y socializar con todo aquel que quiera acercarse porque todo el mundo es bienvenido. Tambi\u00e9n tienen dos bandas inclusivas de pop rock con quienes dan conciertos. Tienen un proyecto infantil, THM Kids, para ni\u00f1os y ni\u00f1as con discapacidad. \u00abTenemos <b>una piba con par\u00e1lisis cerebral que compuso cuatro canciones infantiles<\/b>, ella la letra y nosotros la m\u00fasica, y son canciones relindas\u00bb, cuenta Ralf. \u00abY es una piba que por su par\u00e1lisis no la entend\u00e9s cuando habla, pero sus letras est\u00e1n buen\u00edsimas\u00bb.<\/p>\n<p>Hace poco la ONG sali\u00f3 de Buenos Aires e hizo una gira musical por toda Argentina. Pasaron por las veintitr\u00e9s provincias y en cada una de ellas organizaron en sitios emblem\u00e1ticos actuaciones musicales de personas con discapacidad de cada lugar. <b>De esta experiencia se est\u00e1 preparando un documental.<\/b> \u00abEste viaje ha sido nuestro proyecto m\u00e1s ambicioso\u00bb, explica. \u00abFue un viaje de seis a\u00f1os y de m\u00e1s de 29.000 kil\u00f3metros. Adem\u00e1s de las actuaciones mostramos qu\u00e9 es lo que hacemos para que en cada lugar pudieran tambi\u00e9n hacerlo, pero no es f\u00e1cil porque <b>necesitas pasi\u00f3n, constancia y compromiso.<\/b> Y la constancia y el compromiso no siempre se dan\u00bb.<\/p>\n<p>Ralf sue\u00f1a con que la inclusi\u00f3n de personas con discapacidad a trav\u00e9s de las distintas actividades musicales que propone la organizaci\u00f3n se contagie a todo su pa\u00eds y a todo el mundo. \u00abAhora tenemos un amigo saxofonista que est\u00e1 en Granada y le estamos diciendo para <b>que se anime y empiece a hacer experiencias musicales all\u00e1 en Espa\u00f1a\u00bb<\/b>, cuenta Ralf.<\/p>\n<p>Tambi\u00e9n<b> est\u00e1n preparando un libro<\/b>. Ser\u00e1 el segundo, pues ya hay publicado uno titulado <i>Todos hacemos m\u00fasica<\/i>. \u00abLo escribimos entre todos, tambi\u00e9n las personas con discapacidad. Ya les dije, yo tampoco soy escritor pero lo vamos a escribir igual\u00bb, cuenta. \u00abEl libro resume lo que hacemos\u00bb. A Ralf le encanta su portada. Sale Paloma cantando, una chica con <a href=\"https:\/\/www.20minutos.es\/minuteca\/paralisis-cerebral\/\" title=\"Par\u00e1lisis cerebral\">par\u00e1lisis cerebral<\/a>. Ella est\u00e1 sujeta al micr\u00f3fono mientras canta. Atr\u00e1s queda su silla de ruedas. \u00abMe gusta porque es una met\u00e1fora buen\u00edsima. La discapacidad sigue estando pero en un segundo lugar y la m\u00fasica la sostiene\u00bb, explica entusiasmado.<\/p>\n<p>Gracias a que ya son conocidos, las bandas tienen contratos para actuar en distintos lugares. \u00abFestivales y empresas nos llaman, vamos a tener una gira que nos va a llevar a cinco lugares distintos y esto es buen\u00edsimo porque las personas con discapacidad salen de su casa, viajan, pero tambi\u00e9n porque tienen un trabajo. <b>Les pagan por actuar y les pagan bien<\/b>, como a cualquier otra persona. Se est\u00e1n profesionalizando\u00bb, cuenta Ralf.<\/p>\n<p>Para \u00e9l es importante dejar atr\u00e1s el pensamiento que liga discapacidad a mediocridad. Ellos quieren sonar bien y ensayan para lograrlo. Dice que hasta recibi\u00f3 bien unas malas cr\u00edticas que les hicieron en redes sociales sobre uno de sus \u00faltimos conciertos. Ralf no comparte el odio con que la gente te hace saber en redes que no le gusta lo que haces, pero agradece que ya se haya superado la fase de &#8216;ay, qu\u00e9 liiiiindooooooos, son como angelitos&#8217;. \u00ab<b>Ahora por lo menos nos dicen que lo hacemos mal\u00bb<\/b>, cuenta.<\/p>\n<p>Uno de los mayores orgullos de Ralf no es solo lo relacionado con la parte musical, sino tambi\u00e9n con lo que se refiere a la log\u00edstica de la organizaci\u00f3n. Hay varios beneficiarios del proyecto que se han convertido tambi\u00e9n en voluntarios. As\u00ed, no solo viven las experiencias musicales, sino que tambi\u00e9n colaboran en el funcionamiento de la organizaci\u00f3n. \u00ab<b>Emocionalmente es un sost\u00e9n para las personas con discapacidad, tambi\u00e9n en su salud mental.<\/b> Aumenta su autoestima, confianza, compromiso, responsabilidad, sentido de pertenencia, sociabilidad. Es tener una vida digna. Discapacidad no quiere decir discapacitante\u00bb, defiende Ralf. \u00abTe vienen padres que te dicen che, nunca me imagin\u00e9 a mi hijo en un escenario. Y eso es resano. Hay esperanza, hay potencial, la m\u00fasica es un catalizador que los lleva a lugares impensados. Hay cosas para hacer. Discapacidad no significa no poder hacer nada. Yo siento que es una herramienta muy poderosa la m\u00fasica\u00bb, concluye. <\/p>\n<\/div>\n<p>Fuente: Discapacidad https:\/\/www.20minutos.es\/noticia\/5633339\/0\/ralf-neidenthal-todos-hacemos-musica-musica-es-un-catalizador-que-los-lleva-lugares-impensados\/<\/p>\n","protected":false},"excerpt":{"rendered":"<p>Le dijo al psic\u00f3logo del colegio que \u00e9l quer\u00eda era ayudar a la gente con la m\u00fasica. Poco despu\u00e9s descubri\u00f3 que exist\u00eda la musicoterapia. Cuando termin\u00f3&#8230;<\/p>\n","protected":false},"author":1,"featured_media":0,"comment_status":"closed","ping_status":"closed","sticky":false,"template":"","format":"standard","meta":{"footnotes":""},"categories":[8],"tags":[],"class_list":["post-10366","post","type-post","status-publish","format-standard","hentry","category-noticias"],"yoast_head":"<!-- This site is optimized with the Yoast SEO plugin v27.5 - https:\/\/yoast.com\/product\/yoast-seo-wordpress\/ -->\n<title>Ralf Neidenthal, Todos Hacemos M\u00fasica: &quot;La m\u00fasica es un sost\u00e9n para las personas con discapacidad, tambi\u00e9n en su salud mental&quot; - Asociaci\u00f3n Espa\u00f1ola S\u00edndrome de Charge<\/title>\n<meta name=\"robots\" content=\"index, follow, max-snippet:-1, max-image-preview:large, max-video-preview:-1\" \/>\n<link rel=\"canonical\" href=\"https:\/\/sindromecharge.es\/index.php\/2024\/10\/02\/ralf-neidenthal-todos-hacemos-musica-musica-es-un-catalizador-que-los-lleva-lugares-impensados\/\" \/>\n<meta property=\"og:locale\" content=\"es_ES\" \/>\n<meta property=\"og:type\" content=\"article\" \/>\n<meta property=\"og:title\" content=\"Ralf Neidenthal, Todos Hacemos M\u00fasica: &quot;La m\u00fasica es un sost\u00e9n para las personas con discapacidad, tambi\u00e9n en su salud mental&quot; - Asociaci\u00f3n Espa\u00f1ola S\u00edndrome de Charge\" \/>\n<meta property=\"og:description\" content=\"Le dijo al psic\u00f3logo del colegio que \u00e9l quer\u00eda era ayudar a la gente con la m\u00fasica. Poco despu\u00e9s descubri\u00f3 que exist\u00eda la musicoterapia. Cuando termin\u00f3&#8230;\" \/>\n<meta property=\"og:url\" content=\"https:\/\/sindromecharge.es\/index.php\/2024\/10\/02\/ralf-neidenthal-todos-hacemos-musica-musica-es-un-catalizador-que-los-lleva-lugares-impensados\/\" \/>\n<meta property=\"og:site_name\" content=\"Asociaci\u00f3n Espa\u00f1ola S\u00edndrome de Charge\" \/>\n<meta property=\"article:publisher\" content=\"https:\/\/www.facebook.com\/asociacionsindromecharge\" \/>\n<meta property=\"article:published_time\" content=\"2024-10-02T05:27:18+00:00\" \/>\n<meta property=\"og:image\" content=\"https:\/\/sindromecharge.es\/wp-content\/uploads\/2013\/09\/logodecharge300x98.png\" \/>\n\t<meta property=\"og:image:width\" content=\"300\" \/>\n\t<meta property=\"og:image:height\" content=\"98\" \/>\n\t<meta property=\"og:image:type\" content=\"image\/png\" \/>\n<meta name=\"author\" content=\"Charge\" \/>\n<meta name=\"twitter:card\" content=\"summary_large_image\" \/>\n<meta name=\"twitter:creator\" content=\"@sindromecharge\" \/>\n<meta name=\"twitter:site\" content=\"@sindromecharge\" \/>\n<meta name=\"twitter:label1\" content=\"Escrito por\" \/>\n\t<meta name=\"twitter:data1\" content=\"Charge\" \/>\n\t<meta name=\"twitter:label2\" content=\"Tiempo de lectura\" \/>\n\t<meta name=\"twitter:data2\" content=\"6 minutos\" \/>\n<script type=\"application\/ld+json\" class=\"yoast-schema-graph\">{\"@context\":\"https:\\\/\\\/schema.org\",\"@graph\":[{\"@type\":\"Article\",\"@id\":\"https:\\\/\\\/sindromecharge.es\\\/index.php\\\/2024\\\/10\\\/02\\\/ralf-neidenthal-todos-hacemos-musica-musica-es-un-catalizador-que-los-lleva-lugares-impensados\\\/#article\",\"isPartOf\":{\"@id\":\"https:\\\/\\\/sindromecharge.es\\\/index.php\\\/2024\\\/10\\\/02\\\/ralf-neidenthal-todos-hacemos-musica-musica-es-un-catalizador-que-los-lleva-lugares-impensados\\\/\"},\"author\":{\"name\":\"Charge\",\"@id\":\"https:\\\/\\\/sindromecharge.es\\\/#\\\/schema\\\/person\\\/39a60ebe0a2b4d5a11179701e336b039\"},\"headline\":\"Ralf Neidenthal, Todos Hacemos M\u00fasica: \u00abLa m\u00fasica es un sost\u00e9n para las personas con discapacidad, tambi\u00e9n en su salud mental\u00bb\",\"datePublished\":\"2024-10-02T05:27:18+00:00\",\"mainEntityOfPage\":{\"@id\":\"https:\\\/\\\/sindromecharge.es\\\/index.php\\\/2024\\\/10\\\/02\\\/ralf-neidenthal-todos-hacemos-musica-musica-es-un-catalizador-que-los-lleva-lugares-impensados\\\/\"},\"wordCount\":1157,\"articleSection\":[\"noticias\"],\"inLanguage\":\"es\"},{\"@type\":\"WebPage\",\"@id\":\"https:\\\/\\\/sindromecharge.es\\\/index.php\\\/2024\\\/10\\\/02\\\/ralf-neidenthal-todos-hacemos-musica-musica-es-un-catalizador-que-los-lleva-lugares-impensados\\\/\",\"url\":\"https:\\\/\\\/sindromecharge.es\\\/index.php\\\/2024\\\/10\\\/02\\\/ralf-neidenthal-todos-hacemos-musica-musica-es-un-catalizador-que-los-lleva-lugares-impensados\\\/\",\"name\":\"Ralf Neidenthal, Todos Hacemos M\u00fasica: \\\"La m\u00fasica es un sost\u00e9n para las personas con discapacidad, tambi\u00e9n en su salud mental\\\" - Asociaci\u00f3n Espa\u00f1ola S\u00edndrome de Charge\",\"isPartOf\":{\"@id\":\"https:\\\/\\\/sindromecharge.es\\\/#website\"},\"datePublished\":\"2024-10-02T05:27:18+00:00\",\"author\":{\"@id\":\"https:\\\/\\\/sindromecharge.es\\\/#\\\/schema\\\/person\\\/39a60ebe0a2b4d5a11179701e336b039\"},\"breadcrumb\":{\"@id\":\"https:\\\/\\\/sindromecharge.es\\\/index.php\\\/2024\\\/10\\\/02\\\/ralf-neidenthal-todos-hacemos-musica-musica-es-un-catalizador-que-los-lleva-lugares-impensados\\\/#breadcrumb\"},\"inLanguage\":\"es\",\"potentialAction\":[{\"@type\":\"ReadAction\",\"target\":[\"https:\\\/\\\/sindromecharge.es\\\/index.php\\\/2024\\\/10\\\/02\\\/ralf-neidenthal-todos-hacemos-musica-musica-es-un-catalizador-que-los-lleva-lugares-impensados\\\/\"]}]},{\"@type\":\"BreadcrumbList\",\"@id\":\"https:\\\/\\\/sindromecharge.es\\\/index.php\\\/2024\\\/10\\\/02\\\/ralf-neidenthal-todos-hacemos-musica-musica-es-un-catalizador-que-los-lleva-lugares-impensados\\\/#breadcrumb\",\"itemListElement\":[{\"@type\":\"ListItem\",\"position\":1,\"name\":\"Portada\",\"item\":\"https:\\\/\\\/sindromecharge.es\\\/\"},{\"@type\":\"ListItem\",\"position\":2,\"name\":\"Ralf Neidenthal, Todos Hacemos M\u00fasica: &#8220;La m\u00fasica es un sost\u00e9n para las personas con discapacidad, tambi\u00e9n en su salud mental&#8221;\"}]},{\"@type\":\"WebSite\",\"@id\":\"https:\\\/\\\/sindromecharge.es\\\/#website\",\"url\":\"https:\\\/\\\/sindromecharge.es\\\/\",\"name\":\"Asociaci\u00f3n Espa\u00f1ola S\u00edndrome de Charge\",\"description\":\"\",\"potentialAction\":[{\"@type\":\"SearchAction\",\"target\":{\"@type\":\"EntryPoint\",\"urlTemplate\":\"https:\\\/\\\/sindromecharge.es\\\/?s={search_term_string}\"},\"query-input\":{\"@type\":\"PropertyValueSpecification\",\"valueRequired\":true,\"valueName\":\"search_term_string\"}}],\"inLanguage\":\"es\"},{\"@type\":\"Person\",\"@id\":\"https:\\\/\\\/sindromecharge.es\\\/#\\\/schema\\\/person\\\/39a60ebe0a2b4d5a11179701e336b039\",\"name\":\"Charge\",\"image\":{\"@type\":\"ImageObject\",\"inLanguage\":\"es\",\"@id\":\"https:\\\/\\\/secure.gravatar.com\\\/avatar\\\/c3b46e32a0fc3b093a0873fb767bf3293de856293065e84ef06b7ec7a8acfb98?s=96&d=identicon&r=x\",\"url\":\"https:\\\/\\\/secure.gravatar.com\\\/avatar\\\/c3b46e32a0fc3b093a0873fb767bf3293de856293065e84ef06b7ec7a8acfb98?s=96&d=identicon&r=x\",\"contentUrl\":\"https:\\\/\\\/secure.gravatar.com\\\/avatar\\\/c3b46e32a0fc3b093a0873fb767bf3293de856293065e84ef06b7ec7a8acfb98?s=96&d=identicon&r=x\",\"caption\":\"Charge\"},\"url\":\"https:\\\/\\\/sindromecharge.es\\\/index.php\\\/author\\\/admin\\\/\"}]}<\/script>\n<!-- \/ Yoast SEO plugin. -->","yoast_head_json":{"title":"Ralf Neidenthal, Todos Hacemos M\u00fasica: \"La m\u00fasica es un sost\u00e9n para las personas con discapacidad, tambi\u00e9n en su salud mental\" - Asociaci\u00f3n Espa\u00f1ola S\u00edndrome de Charge","robots":{"index":"index","follow":"follow","max-snippet":"max-snippet:-1","max-image-preview":"max-image-preview:large","max-video-preview":"max-video-preview:-1"},"canonical":"https:\/\/sindromecharge.es\/index.php\/2024\/10\/02\/ralf-neidenthal-todos-hacemos-musica-musica-es-un-catalizador-que-los-lleva-lugares-impensados\/","og_locale":"es_ES","og_type":"article","og_title":"Ralf Neidenthal, Todos Hacemos M\u00fasica: \"La m\u00fasica es un sost\u00e9n para las personas con discapacidad, tambi\u00e9n en su salud mental\" - Asociaci\u00f3n Espa\u00f1ola S\u00edndrome de Charge","og_description":"Le dijo al psic\u00f3logo del colegio que \u00e9l quer\u00eda era ayudar a la gente con la m\u00fasica. Poco despu\u00e9s descubri\u00f3 que exist\u00eda la musicoterapia. Cuando termin\u00f3&#8230;","og_url":"https:\/\/sindromecharge.es\/index.php\/2024\/10\/02\/ralf-neidenthal-todos-hacemos-musica-musica-es-un-catalizador-que-los-lleva-lugares-impensados\/","og_site_name":"Asociaci\u00f3n Espa\u00f1ola S\u00edndrome de Charge","article_publisher":"https:\/\/www.facebook.com\/asociacionsindromecharge","article_published_time":"2024-10-02T05:27:18+00:00","og_image":[{"width":300,"height":98,"url":"https:\/\/sindromecharge.es\/wp-content\/uploads\/2013\/09\/logodecharge300x98.png","type":"image\/png"}],"author":"Charge","twitter_card":"summary_large_image","twitter_creator":"@sindromecharge","twitter_site":"@sindromecharge","twitter_misc":{"Escrito por":"Charge","Tiempo de lectura":"6 minutos"},"schema":{"@context":"https:\/\/schema.org","@graph":[{"@type":"Article","@id":"https:\/\/sindromecharge.es\/index.php\/2024\/10\/02\/ralf-neidenthal-todos-hacemos-musica-musica-es-un-catalizador-que-los-lleva-lugares-impensados\/#article","isPartOf":{"@id":"https:\/\/sindromecharge.es\/index.php\/2024\/10\/02\/ralf-neidenthal-todos-hacemos-musica-musica-es-un-catalizador-que-los-lleva-lugares-impensados\/"},"author":{"name":"Charge","@id":"https:\/\/sindromecharge.es\/#\/schema\/person\/39a60ebe0a2b4d5a11179701e336b039"},"headline":"Ralf Neidenthal, Todos Hacemos M\u00fasica: \u00abLa m\u00fasica es un sost\u00e9n para las personas con discapacidad, tambi\u00e9n en su salud mental\u00bb","datePublished":"2024-10-02T05:27:18+00:00","mainEntityOfPage":{"@id":"https:\/\/sindromecharge.es\/index.php\/2024\/10\/02\/ralf-neidenthal-todos-hacemos-musica-musica-es-un-catalizador-que-los-lleva-lugares-impensados\/"},"wordCount":1157,"articleSection":["noticias"],"inLanguage":"es"},{"@type":"WebPage","@id":"https:\/\/sindromecharge.es\/index.php\/2024\/10\/02\/ralf-neidenthal-todos-hacemos-musica-musica-es-un-catalizador-que-los-lleva-lugares-impensados\/","url":"https:\/\/sindromecharge.es\/index.php\/2024\/10\/02\/ralf-neidenthal-todos-hacemos-musica-musica-es-un-catalizador-que-los-lleva-lugares-impensados\/","name":"Ralf Neidenthal, Todos Hacemos M\u00fasica: \"La m\u00fasica es un sost\u00e9n para las personas con discapacidad, tambi\u00e9n en su salud mental\" - Asociaci\u00f3n Espa\u00f1ola S\u00edndrome de Charge","isPartOf":{"@id":"https:\/\/sindromecharge.es\/#website"},"datePublished":"2024-10-02T05:27:18+00:00","author":{"@id":"https:\/\/sindromecharge.es\/#\/schema\/person\/39a60ebe0a2b4d5a11179701e336b039"},"breadcrumb":{"@id":"https:\/\/sindromecharge.es\/index.php\/2024\/10\/02\/ralf-neidenthal-todos-hacemos-musica-musica-es-un-catalizador-que-los-lleva-lugares-impensados\/#breadcrumb"},"inLanguage":"es","potentialAction":[{"@type":"ReadAction","target":["https:\/\/sindromecharge.es\/index.php\/2024\/10\/02\/ralf-neidenthal-todos-hacemos-musica-musica-es-un-catalizador-que-los-lleva-lugares-impensados\/"]}]},{"@type":"BreadcrumbList","@id":"https:\/\/sindromecharge.es\/index.php\/2024\/10\/02\/ralf-neidenthal-todos-hacemos-musica-musica-es-un-catalizador-que-los-lleva-lugares-impensados\/#breadcrumb","itemListElement":[{"@type":"ListItem","position":1,"name":"Portada","item":"https:\/\/sindromecharge.es\/"},{"@type":"ListItem","position":2,"name":"Ralf Neidenthal, Todos Hacemos M\u00fasica: &#8220;La m\u00fasica es un sost\u00e9n para las personas con discapacidad, tambi\u00e9n en su salud mental&#8221;"}]},{"@type":"WebSite","@id":"https:\/\/sindromecharge.es\/#website","url":"https:\/\/sindromecharge.es\/","name":"Asociaci\u00f3n Espa\u00f1ola S\u00edndrome de Charge","description":"","potentialAction":[{"@type":"SearchAction","target":{"@type":"EntryPoint","urlTemplate":"https:\/\/sindromecharge.es\/?s={search_term_string}"},"query-input":{"@type":"PropertyValueSpecification","valueRequired":true,"valueName":"search_term_string"}}],"inLanguage":"es"},{"@type":"Person","@id":"https:\/\/sindromecharge.es\/#\/schema\/person\/39a60ebe0a2b4d5a11179701e336b039","name":"Charge","image":{"@type":"ImageObject","inLanguage":"es","@id":"https:\/\/secure.gravatar.com\/avatar\/c3b46e32a0fc3b093a0873fb767bf3293de856293065e84ef06b7ec7a8acfb98?s=96&d=identicon&r=x","url":"https:\/\/secure.gravatar.com\/avatar\/c3b46e32a0fc3b093a0873fb767bf3293de856293065e84ef06b7ec7a8acfb98?s=96&d=identicon&r=x","contentUrl":"https:\/\/secure.gravatar.com\/avatar\/c3b46e32a0fc3b093a0873fb767bf3293de856293065e84ef06b7ec7a8acfb98?s=96&d=identicon&r=x","caption":"Charge"},"url":"https:\/\/sindromecharge.es\/index.php\/author\/admin\/"}]}},"_links":{"self":[{"href":"https:\/\/sindromecharge.es\/index.php\/wp-json\/wp\/v2\/posts\/10366","targetHints":{"allow":["GET"]}}],"collection":[{"href":"https:\/\/sindromecharge.es\/index.php\/wp-json\/wp\/v2\/posts"}],"about":[{"href":"https:\/\/sindromecharge.es\/index.php\/wp-json\/wp\/v2\/types\/post"}],"author":[{"embeddable":true,"href":"https:\/\/sindromecharge.es\/index.php\/wp-json\/wp\/v2\/users\/1"}],"replies":[{"embeddable":true,"href":"https:\/\/sindromecharge.es\/index.php\/wp-json\/wp\/v2\/comments?post=10366"}],"version-history":[{"count":0,"href":"https:\/\/sindromecharge.es\/index.php\/wp-json\/wp\/v2\/posts\/10366\/revisions"}],"wp:attachment":[{"href":"https:\/\/sindromecharge.es\/index.php\/wp-json\/wp\/v2\/media?parent=10366"}],"wp:term":[{"taxonomy":"category","embeddable":true,"href":"https:\/\/sindromecharge.es\/index.php\/wp-json\/wp\/v2\/categories?post=10366"},{"taxonomy":"post_tag","embeddable":true,"href":"https:\/\/sindromecharge.es\/index.php\/wp-json\/wp\/v2\/tags?post=10366"}],"curies":[{"name":"wp","href":"https:\/\/api.w.org\/{rel}","templated":true}]}}