{"id":10365,"date":"2024-10-02T03:09:45","date_gmt":"2024-10-02T03:09:45","guid":{"rendered":"https:\/\/sindromecharge.es\/index.php\/2024\/10\/02\/pp-pone-foco-los-cuidadores-las-personas-con-discapacidad-plantea-ayudas-transporte-jornadas-trabajo-ad-hoc\/"},"modified":"2024-10-02T03:09:45","modified_gmt":"2024-10-02T03:09:45","slug":"pp-pone-foco-los-cuidadores-las-personas-con-discapacidad-plantea-ayudas-transporte-jornadas-trabajo-ad-hoc","status":"publish","type":"post","link":"https:\/\/sindromecharge.es\/index.php\/2024\/10\/02\/pp-pone-foco-los-cuidadores-las-personas-con-discapacidad-plantea-ayudas-transporte-jornadas-trabajo-ad-hoc\/","title":{"rendered":"El PP pone el foco en los cuidadores de las personas con discapacidad: plantea ayudas en el transporte y jornadas de trabajo &#8216;ad hoc&#8217;"},"content":{"rendered":"<p>Leemos en Discapacidad la siguiente noticia que os reproducimos de forma \u00edntegra: <\/p>\n<div>\n<p>La ley de conciliaci\u00f3n que registr\u00f3 este martes el PP pone especial \u00e9nfasis en las familias con necesidades especiales. Porque si esta ley nace con el esp\u00edritu de ayudar a la corresponsabilidad entre hombres y mujeres en el cuidado del hijo y la conciliaci\u00f3n de la vida laboral con la personal, cabe poner tambi\u00e9n el foco en los cuidadores de personas con discapacidad que asumen un doble carga durante las jornadas laborales. As\u00ed, la propuesta de <a href=\"https:\/\/www.20minutos.es\/minuteca\/alberto-nunez-feijoo\/\" title=\"Alberto N\u00fa\u00f1ez Feij\u00f3o\">Alberto N\u00fa\u00f1ez Feij\u00f3o<\/a> plantea una decena de medidas dedicadas a estas familias: <b>desde ayudas en el transporte p\u00fablico a las jornadas de trabajo &#8216;ad hoc&#8217; y el derecho a ausentarse del puesto.<\/b><\/p>\n<p>Por un lado, los populares crean para los cuidadores una definici\u00f3n de permisos como el que puede tener unos padres por el nacimiento de su hijo o los permisos parentales. As\u00ed, en su documento de 31 p\u00e1ginas definen el permiso de los cuidadores como el <b>\u00abderecho a ausentarse del trabajo, <\/b>por el tiempo que determinen las normas laborales o estatutarias, al que pueden acogerse los trabajadores que tengan a su cargo una persona dependiente o con discapacidad que viva en el hogar familiar, o de las personas que convivan con aquellos en caso hospitalizaci\u00f3n o enfermedad grave\u00bb. <\/p>\n<p>Dentro de las medidas de sensibilizaci\u00f3n y concienciaci\u00f3n en las empresas, los populares proponen premiar a las entidades del tercer sector de acci\u00f3n social que promuevan los valores de la conciliaci\u00f3n y la corresponsabilidad en los cuidados de menores, personas dependientes, con discapacidad y personas enfermas. Adem\u00e1s, exige a los poderes p\u00fablicos que adopten medidas de conciliaci\u00f3n y corresponsabilidad adaptadas a las necesidades especificas de las familias con personas con discapacidad, incluidos los progenitores, y familias con menores con enfermedades cr\u00f3nicas a cargo, que contemplen entre otras, <b>\u00abjornadas y horarios flexibles personalizados adaptados a su situaci\u00f3n y a las condiciones de los puestos de trabajo,<\/b> y los apoyos necesarios para los menores con necesidades educativas especiales desde las primeras etapas educativas\u00bb. <\/p>\n<p>Tambi\u00e9n, que las administraciones competentes puedan establecer exenciones y bonificaciones en los t\u00edtulos de transporte p\u00fablico para los acompa\u00f1antes de las personas con discapacidad, as\u00ed como medidas de <b>\u00abrespiro familiar\u00bb<\/b> y otras medidas en el \u00e1mbito educativo como la preferencia en la concesi\u00f3n de becas, ayudas de comedor o material escolar.<\/p>\n<p>La ley de Conciliaci\u00f3n facilita a las personas con discapacidad que mantengan su t\u00edtulo de familia numerosa y que cada hijo con discapacidad o con incapacidad para trabajar, de acuerdo a unos t\u00e9rminos, compute coma dos para determinar la categor\u00eda en que se clasifica la unidad familiar de la que forma parte. Por otro lado, los populares concretan una serie de <b>deducciones de hasta 1.440 euros anuales<\/b> en funci\u00f3n del caso.<\/p>\n<p>Asimismo, Feij\u00f3o propone medidas para otros modelos de familia con necesidades espec\u00edficas de conciliaci\u00f3n, como pueden ser las que se encuentran en situaci\u00f3n de vulnerabilidad, son <b>de acogida o viven en el medio rural. <\/b>Por ejemplo, proponen que las Administraciones Publicas garanticen el acceso prioritario de las familias en situaci\u00f3n de vulnerabilidad a todas aquellas pol\u00edticas publicas y recursos espec\u00edficos en materia de conciliaci\u00f3n y corresponsabilidad familiar; ayudas para la movilidad en el media rural para el traslado a los diferentes recursos destinados a la conciliaci\u00f3n y ayudas directas para la contrataci\u00f3n de personas cuidadoras, para aquellas familias que vivan en entornos rurales y no dispongan de manera accesible de una escuela infantil en su entorno; o que se tenga en cuenta la condici\u00f3n de familia de acogida para el acceso preferente a los recursos y servicios de conciliaci\u00f3n de car\u00e1cter p\u00fablico.<\/p>\n<p>Tal y como adelant\u00f3 la vicesecretaria de Igualdad y Conciliaci\u00f3n y Pol\u00edtica Social, Ana Al\u00f3s, en su entrevista con <a href=\"https:\/\/www.20minutos.es\/minuteca\/20minutos\/\" title=\"20minutos\"><b><i>20minutos<\/i><\/b><\/a>, el PP tambi\u00e9n recuperar la bonificaci\u00f3n del 45% que elimin\u00f3 Pedro S\u00e1nchez por el contrato de cuidadores para familias numerosas y extender esta ayuda a las monoparentales. Adem\u00e1s, la ley incluye <b>mejoras en el reconocimiento de las familias numerosas y el reconocimiento de las familias monoparentales<\/b> y la ampliaci\u00f3n de su permiso de paternidad o maternidad por nacimiento o adopci\u00f3n regulado hasta las 26 semanas para los padres o madres de familias monoparentales.<\/p>\n<\/div>\n<p>Fuente: Discapacidad https:\/\/www.20minutos.es\/noticia\/5639337\/0\/pp-pone-foco-los-cuidadores-las-personas-con-discapacidad-plantea-ayudas-transporte-jornadas-trabajo-ad-hoc\/<\/p>\n","protected":false},"excerpt":{"rendered":"<p>Alberto N\u00fa\u00f1ez Feij\u00f3o incluye a las familias con necesidades especiales en su ley de Conciliaci\u00f3n.<\/p>\n","protected":false},"author":1,"featured_media":0,"comment_status":"closed","ping_status":"closed","sticky":false,"template":"","format":"standard","meta":{"footnotes":""},"categories":[8],"tags":[],"class_list":["post-10365","post","type-post","status-publish","format-standard","hentry","category-noticias"],"yoast_head":"<!-- This site is optimized with the Yoast SEO plugin v27.5 - https:\/\/yoast.com\/product\/yoast-seo-wordpress\/ -->\n<title>El PP pone el foco en los cuidadores de las personas con discapacidad: plantea ayudas en el transporte y jornadas de trabajo &#039;ad hoc&#039; - Asociaci\u00f3n Espa\u00f1ola S\u00edndrome de Charge<\/title>\n<meta name=\"robots\" content=\"index, follow, max-snippet:-1, max-image-preview:large, max-video-preview:-1\" \/>\n<link rel=\"canonical\" href=\"https:\/\/sindromecharge.es\/index.php\/2024\/10\/02\/pp-pone-foco-los-cuidadores-las-personas-con-discapacidad-plantea-ayudas-transporte-jornadas-trabajo-ad-hoc\/\" \/>\n<meta property=\"og:locale\" content=\"es_ES\" \/>\n<meta property=\"og:type\" content=\"article\" \/>\n<meta property=\"og:title\" content=\"El PP pone el foco en los cuidadores de las personas con discapacidad: plantea ayudas en el transporte y jornadas de trabajo &#039;ad hoc&#039; - Asociaci\u00f3n Espa\u00f1ola S\u00edndrome de Charge\" \/>\n<meta property=\"og:description\" content=\"Alberto N\u00fa\u00f1ez Feij\u00f3o incluye a las familias con necesidades especiales en su ley de Conciliaci\u00f3n.\" \/>\n<meta property=\"og:url\" content=\"https:\/\/sindromecharge.es\/index.php\/2024\/10\/02\/pp-pone-foco-los-cuidadores-las-personas-con-discapacidad-plantea-ayudas-transporte-jornadas-trabajo-ad-hoc\/\" \/>\n<meta property=\"og:site_name\" content=\"Asociaci\u00f3n Espa\u00f1ola S\u00edndrome de Charge\" \/>\n<meta property=\"article:publisher\" content=\"https:\/\/www.facebook.com\/asociacionsindromecharge\" \/>\n<meta property=\"article:published_time\" content=\"2024-10-02T03:09:45+00:00\" \/>\n<meta property=\"og:image\" content=\"https:\/\/sindromecharge.es\/wp-content\/uploads\/2013\/09\/logodecharge300x98.png\" \/>\n\t<meta property=\"og:image:width\" content=\"300\" \/>\n\t<meta property=\"og:image:height\" content=\"98\" \/>\n\t<meta property=\"og:image:type\" content=\"image\/png\" \/>\n<meta name=\"author\" content=\"Charge\" \/>\n<meta name=\"twitter:card\" content=\"summary_large_image\" \/>\n<meta name=\"twitter:creator\" content=\"@sindromecharge\" \/>\n<meta name=\"twitter:site\" content=\"@sindromecharge\" \/>\n<meta name=\"twitter:label1\" content=\"Escrito por\" \/>\n\t<meta name=\"twitter:data1\" content=\"Charge\" \/>\n\t<meta name=\"twitter:label2\" content=\"Tiempo de lectura\" \/>\n\t<meta name=\"twitter:data2\" content=\"4 minutos\" \/>\n<script type=\"application\/ld+json\" class=\"yoast-schema-graph\">{\"@context\":\"https:\\\/\\\/schema.org\",\"@graph\":[{\"@type\":\"Article\",\"@id\":\"https:\\\/\\\/sindromecharge.es\\\/index.php\\\/2024\\\/10\\\/02\\\/pp-pone-foco-los-cuidadores-las-personas-con-discapacidad-plantea-ayudas-transporte-jornadas-trabajo-ad-hoc\\\/#article\",\"isPartOf\":{\"@id\":\"https:\\\/\\\/sindromecharge.es\\\/index.php\\\/2024\\\/10\\\/02\\\/pp-pone-foco-los-cuidadores-las-personas-con-discapacidad-plantea-ayudas-transporte-jornadas-trabajo-ad-hoc\\\/\"},\"author\":{\"name\":\"Charge\",\"@id\":\"https:\\\/\\\/sindromecharge.es\\\/#\\\/schema\\\/person\\\/39a60ebe0a2b4d5a11179701e336b039\"},\"headline\":\"El PP pone el foco en los cuidadores de las personas con discapacidad: plantea ayudas en el transporte y jornadas de trabajo &#8216;ad hoc&#8217;\",\"datePublished\":\"2024-10-02T03:09:45+00:00\",\"mainEntityOfPage\":{\"@id\":\"https:\\\/\\\/sindromecharge.es\\\/index.php\\\/2024\\\/10\\\/02\\\/pp-pone-foco-los-cuidadores-las-personas-con-discapacidad-plantea-ayudas-transporte-jornadas-trabajo-ad-hoc\\\/\"},\"wordCount\":775,\"articleSection\":[\"noticias\"],\"inLanguage\":\"es\"},{\"@type\":\"WebPage\",\"@id\":\"https:\\\/\\\/sindromecharge.es\\\/index.php\\\/2024\\\/10\\\/02\\\/pp-pone-foco-los-cuidadores-las-personas-con-discapacidad-plantea-ayudas-transporte-jornadas-trabajo-ad-hoc\\\/\",\"url\":\"https:\\\/\\\/sindromecharge.es\\\/index.php\\\/2024\\\/10\\\/02\\\/pp-pone-foco-los-cuidadores-las-personas-con-discapacidad-plantea-ayudas-transporte-jornadas-trabajo-ad-hoc\\\/\",\"name\":\"El PP pone el foco en los cuidadores de las personas con discapacidad: plantea ayudas en el transporte y jornadas de trabajo 'ad hoc' - Asociaci\u00f3n Espa\u00f1ola S\u00edndrome de Charge\",\"isPartOf\":{\"@id\":\"https:\\\/\\\/sindromecharge.es\\\/#website\"},\"datePublished\":\"2024-10-02T03:09:45+00:00\",\"author\":{\"@id\":\"https:\\\/\\\/sindromecharge.es\\\/#\\\/schema\\\/person\\\/39a60ebe0a2b4d5a11179701e336b039\"},\"breadcrumb\":{\"@id\":\"https:\\\/\\\/sindromecharge.es\\\/index.php\\\/2024\\\/10\\\/02\\\/pp-pone-foco-los-cuidadores-las-personas-con-discapacidad-plantea-ayudas-transporte-jornadas-trabajo-ad-hoc\\\/#breadcrumb\"},\"inLanguage\":\"es\",\"potentialAction\":[{\"@type\":\"ReadAction\",\"target\":[\"https:\\\/\\\/sindromecharge.es\\\/index.php\\\/2024\\\/10\\\/02\\\/pp-pone-foco-los-cuidadores-las-personas-con-discapacidad-plantea-ayudas-transporte-jornadas-trabajo-ad-hoc\\\/\"]}]},{\"@type\":\"BreadcrumbList\",\"@id\":\"https:\\\/\\\/sindromecharge.es\\\/index.php\\\/2024\\\/10\\\/02\\\/pp-pone-foco-los-cuidadores-las-personas-con-discapacidad-plantea-ayudas-transporte-jornadas-trabajo-ad-hoc\\\/#breadcrumb\",\"itemListElement\":[{\"@type\":\"ListItem\",\"position\":1,\"name\":\"Portada\",\"item\":\"https:\\\/\\\/sindromecharge.es\\\/\"},{\"@type\":\"ListItem\",\"position\":2,\"name\":\"El PP pone el foco en los cuidadores de las personas con discapacidad: plantea ayudas en el transporte y jornadas de trabajo &#8216;ad hoc&#8217;\"}]},{\"@type\":\"WebSite\",\"@id\":\"https:\\\/\\\/sindromecharge.es\\\/#website\",\"url\":\"https:\\\/\\\/sindromecharge.es\\\/\",\"name\":\"Asociaci\u00f3n Espa\u00f1ola S\u00edndrome de Charge\",\"description\":\"\",\"potentialAction\":[{\"@type\":\"SearchAction\",\"target\":{\"@type\":\"EntryPoint\",\"urlTemplate\":\"https:\\\/\\\/sindromecharge.es\\\/?s={search_term_string}\"},\"query-input\":{\"@type\":\"PropertyValueSpecification\",\"valueRequired\":true,\"valueName\":\"search_term_string\"}}],\"inLanguage\":\"es\"},{\"@type\":\"Person\",\"@id\":\"https:\\\/\\\/sindromecharge.es\\\/#\\\/schema\\\/person\\\/39a60ebe0a2b4d5a11179701e336b039\",\"name\":\"Charge\",\"image\":{\"@type\":\"ImageObject\",\"inLanguage\":\"es\",\"@id\":\"https:\\\/\\\/secure.gravatar.com\\\/avatar\\\/c3b46e32a0fc3b093a0873fb767bf3293de856293065e84ef06b7ec7a8acfb98?s=96&d=identicon&r=x\",\"url\":\"https:\\\/\\\/secure.gravatar.com\\\/avatar\\\/c3b46e32a0fc3b093a0873fb767bf3293de856293065e84ef06b7ec7a8acfb98?s=96&d=identicon&r=x\",\"contentUrl\":\"https:\\\/\\\/secure.gravatar.com\\\/avatar\\\/c3b46e32a0fc3b093a0873fb767bf3293de856293065e84ef06b7ec7a8acfb98?s=96&d=identicon&r=x\",\"caption\":\"Charge\"},\"url\":\"https:\\\/\\\/sindromecharge.es\\\/index.php\\\/author\\\/admin\\\/\"}]}<\/script>\n<!-- \/ Yoast SEO plugin. -->","yoast_head_json":{"title":"El PP pone el foco en los cuidadores de las personas con discapacidad: plantea ayudas en el transporte y jornadas de trabajo 'ad hoc' - Asociaci\u00f3n Espa\u00f1ola S\u00edndrome de Charge","robots":{"index":"index","follow":"follow","max-snippet":"max-snippet:-1","max-image-preview":"max-image-preview:large","max-video-preview":"max-video-preview:-1"},"canonical":"https:\/\/sindromecharge.es\/index.php\/2024\/10\/02\/pp-pone-foco-los-cuidadores-las-personas-con-discapacidad-plantea-ayudas-transporte-jornadas-trabajo-ad-hoc\/","og_locale":"es_ES","og_type":"article","og_title":"El PP pone el foco en los cuidadores de las personas con discapacidad: plantea ayudas en el transporte y jornadas de trabajo 'ad hoc' - Asociaci\u00f3n Espa\u00f1ola S\u00edndrome de Charge","og_description":"Alberto N\u00fa\u00f1ez Feij\u00f3o incluye a las familias con necesidades especiales en su ley de Conciliaci\u00f3n.","og_url":"https:\/\/sindromecharge.es\/index.php\/2024\/10\/02\/pp-pone-foco-los-cuidadores-las-personas-con-discapacidad-plantea-ayudas-transporte-jornadas-trabajo-ad-hoc\/","og_site_name":"Asociaci\u00f3n Espa\u00f1ola S\u00edndrome de Charge","article_publisher":"https:\/\/www.facebook.com\/asociacionsindromecharge","article_published_time":"2024-10-02T03:09:45+00:00","og_image":[{"width":300,"height":98,"url":"https:\/\/sindromecharge.es\/wp-content\/uploads\/2013\/09\/logodecharge300x98.png","type":"image\/png"}],"author":"Charge","twitter_card":"summary_large_image","twitter_creator":"@sindromecharge","twitter_site":"@sindromecharge","twitter_misc":{"Escrito por":"Charge","Tiempo de lectura":"4 minutos"},"schema":{"@context":"https:\/\/schema.org","@graph":[{"@type":"Article","@id":"https:\/\/sindromecharge.es\/index.php\/2024\/10\/02\/pp-pone-foco-los-cuidadores-las-personas-con-discapacidad-plantea-ayudas-transporte-jornadas-trabajo-ad-hoc\/#article","isPartOf":{"@id":"https:\/\/sindromecharge.es\/index.php\/2024\/10\/02\/pp-pone-foco-los-cuidadores-las-personas-con-discapacidad-plantea-ayudas-transporte-jornadas-trabajo-ad-hoc\/"},"author":{"name":"Charge","@id":"https:\/\/sindromecharge.es\/#\/schema\/person\/39a60ebe0a2b4d5a11179701e336b039"},"headline":"El PP pone el foco en los cuidadores de las personas con discapacidad: plantea ayudas en el transporte y jornadas de trabajo &#8216;ad hoc&#8217;","datePublished":"2024-10-02T03:09:45+00:00","mainEntityOfPage":{"@id":"https:\/\/sindromecharge.es\/index.php\/2024\/10\/02\/pp-pone-foco-los-cuidadores-las-personas-con-discapacidad-plantea-ayudas-transporte-jornadas-trabajo-ad-hoc\/"},"wordCount":775,"articleSection":["noticias"],"inLanguage":"es"},{"@type":"WebPage","@id":"https:\/\/sindromecharge.es\/index.php\/2024\/10\/02\/pp-pone-foco-los-cuidadores-las-personas-con-discapacidad-plantea-ayudas-transporte-jornadas-trabajo-ad-hoc\/","url":"https:\/\/sindromecharge.es\/index.php\/2024\/10\/02\/pp-pone-foco-los-cuidadores-las-personas-con-discapacidad-plantea-ayudas-transporte-jornadas-trabajo-ad-hoc\/","name":"El PP pone el foco en los cuidadores de las personas con discapacidad: plantea ayudas en el transporte y jornadas de trabajo 'ad hoc' - Asociaci\u00f3n Espa\u00f1ola S\u00edndrome de Charge","isPartOf":{"@id":"https:\/\/sindromecharge.es\/#website"},"datePublished":"2024-10-02T03:09:45+00:00","author":{"@id":"https:\/\/sindromecharge.es\/#\/schema\/person\/39a60ebe0a2b4d5a11179701e336b039"},"breadcrumb":{"@id":"https:\/\/sindromecharge.es\/index.php\/2024\/10\/02\/pp-pone-foco-los-cuidadores-las-personas-con-discapacidad-plantea-ayudas-transporte-jornadas-trabajo-ad-hoc\/#breadcrumb"},"inLanguage":"es","potentialAction":[{"@type":"ReadAction","target":["https:\/\/sindromecharge.es\/index.php\/2024\/10\/02\/pp-pone-foco-los-cuidadores-las-personas-con-discapacidad-plantea-ayudas-transporte-jornadas-trabajo-ad-hoc\/"]}]},{"@type":"BreadcrumbList","@id":"https:\/\/sindromecharge.es\/index.php\/2024\/10\/02\/pp-pone-foco-los-cuidadores-las-personas-con-discapacidad-plantea-ayudas-transporte-jornadas-trabajo-ad-hoc\/#breadcrumb","itemListElement":[{"@type":"ListItem","position":1,"name":"Portada","item":"https:\/\/sindromecharge.es\/"},{"@type":"ListItem","position":2,"name":"El PP pone el foco en los cuidadores de las personas con discapacidad: plantea ayudas en el transporte y jornadas de trabajo &#8216;ad hoc&#8217;"}]},{"@type":"WebSite","@id":"https:\/\/sindromecharge.es\/#website","url":"https:\/\/sindromecharge.es\/","name":"Asociaci\u00f3n Espa\u00f1ola S\u00edndrome de Charge","description":"","potentialAction":[{"@type":"SearchAction","target":{"@type":"EntryPoint","urlTemplate":"https:\/\/sindromecharge.es\/?s={search_term_string}"},"query-input":{"@type":"PropertyValueSpecification","valueRequired":true,"valueName":"search_term_string"}}],"inLanguage":"es"},{"@type":"Person","@id":"https:\/\/sindromecharge.es\/#\/schema\/person\/39a60ebe0a2b4d5a11179701e336b039","name":"Charge","image":{"@type":"ImageObject","inLanguage":"es","@id":"https:\/\/secure.gravatar.com\/avatar\/c3b46e32a0fc3b093a0873fb767bf3293de856293065e84ef06b7ec7a8acfb98?s=96&d=identicon&r=x","url":"https:\/\/secure.gravatar.com\/avatar\/c3b46e32a0fc3b093a0873fb767bf3293de856293065e84ef06b7ec7a8acfb98?s=96&d=identicon&r=x","contentUrl":"https:\/\/secure.gravatar.com\/avatar\/c3b46e32a0fc3b093a0873fb767bf3293de856293065e84ef06b7ec7a8acfb98?s=96&d=identicon&r=x","caption":"Charge"},"url":"https:\/\/sindromecharge.es\/index.php\/author\/admin\/"}]}},"_links":{"self":[{"href":"https:\/\/sindromecharge.es\/index.php\/wp-json\/wp\/v2\/posts\/10365","targetHints":{"allow":["GET"]}}],"collection":[{"href":"https:\/\/sindromecharge.es\/index.php\/wp-json\/wp\/v2\/posts"}],"about":[{"href":"https:\/\/sindromecharge.es\/index.php\/wp-json\/wp\/v2\/types\/post"}],"author":[{"embeddable":true,"href":"https:\/\/sindromecharge.es\/index.php\/wp-json\/wp\/v2\/users\/1"}],"replies":[{"embeddable":true,"href":"https:\/\/sindromecharge.es\/index.php\/wp-json\/wp\/v2\/comments?post=10365"}],"version-history":[{"count":0,"href":"https:\/\/sindromecharge.es\/index.php\/wp-json\/wp\/v2\/posts\/10365\/revisions"}],"wp:attachment":[{"href":"https:\/\/sindromecharge.es\/index.php\/wp-json\/wp\/v2\/media?parent=10365"}],"wp:term":[{"taxonomy":"category","embeddable":true,"href":"https:\/\/sindromecharge.es\/index.php\/wp-json\/wp\/v2\/categories?post=10365"},{"taxonomy":"post_tag","embeddable":true,"href":"https:\/\/sindromecharge.es\/index.php\/wp-json\/wp\/v2\/tags?post=10365"}],"curies":[{"name":"wp","href":"https:\/\/api.w.org\/{rel}","templated":true}]}}