{"id":10358,"date":"2024-10-01T12:44:49","date_gmt":"2024-10-01T12:44:49","guid":{"rendered":"https:\/\/sindromecharge.es\/index.php\/2024\/10\/01\/xiv-carrera-solidaria-menudos-corazones-esperanza-gratitud\/"},"modified":"2024-10-01T12:44:49","modified_gmt":"2024-10-01T12:44:49","slug":"xiv-carrera-solidaria-menudos-corazones-esperanza-gratitud","status":"publish","type":"post","link":"https:\/\/sindromecharge.es\/index.php\/2024\/10\/01\/xiv-carrera-solidaria-menudos-corazones-esperanza-gratitud\/","title":{"rendered":"XIV Carrera Solidaria Menudos Corazones: esperanza y gratitud"},"content":{"rendered":"<p>Leemos en Menudos Corazones la siguiente noticia que os reproducimos de forma \u00edntegra: <\/p>\n<div>\n<p><strong>El 29 de septiembre tuvo lugar la XIV Carrera Solidaria Menudos Corazones, en el Parque Juan Carlos I de Madrid. Una cita que, cada a\u00f1o, sirve para apoyar a quienes nacen con una cardiopat\u00eda cong\u00e9nita y a sus familias, uniendo a corredores expertos, aficionados y, sobre todo, gente de buen coraz\u00f3n.<\/strong><\/p>\n<figure id=\"attachment_40250\" aria-describedby=\"caption-attachment-40250\" style=\"width: 702px\" class=\"wp-caption aligncenter\"><img fetchpriority=\"high\" decoding=\"async\" class=\"wp-image-40250 size-large\" src=\"https:\/\/www.menudoscorazones.org\/wp-content\/uploads\/2024\/10\/Entrega-cheque-1024x683.jpg\" alt=\"Entrega simb\u00f3lica del donativo de Eventsthinker a los programas de apoyo de la Fundaci\u00f3n. \" width=\"702\" height=\"468\" srcset=\"https:\/\/www.menudoscorazones.org\/wp-content\/uploads\/2024\/10\/Entrega-cheque-1024x683.jpg 1024w, https:\/\/www.menudoscorazones.org\/wp-content\/uploads\/2024\/10\/Entrega-cheque-300x200.jpg 300w, https:\/\/www.menudoscorazones.org\/wp-content\/uploads\/2024\/10\/Entrega-cheque-768x512.jpg 768w, https:\/\/www.menudoscorazones.org\/wp-content\/uploads\/2024\/10\/Entrega-cheque-1536x1024.jpg 1536w, https:\/\/www.menudoscorazones.org\/wp-content\/uploads\/2024\/10\/Entrega-cheque-2048x1365.jpg 2048w, https:\/\/www.menudoscorazones.org\/wp-content\/uploads\/2024\/10\/Entrega-cheque-655x437.jpg 655w\" sizes=\"(max-width: 702px) 100vw, 702px\"><figcaption id=\"caption-attachment-40250\" class=\"wp-caption-text\">Cheque simb\u00f3lico del donativo de Eventsthinker a los programas de apoyo de la Fundaci\u00f3n.<\/figcaption><\/figure>\n<p>La d\u00e9cimo cuarta edici\u00f3n de la <strong>Carrera Solidaria Menudos Corazones<\/strong> se celebr\u00f3 el pasado domingo, 29 de septiembre, haci\u00e9ndonos vibrar <a href=\"https:\/\/www.menudoscorazones.org\/2023\/la-xiii-carrera-menudos-corazones-deporte-y-solidaridad-de-la-mano\/\">una vez m\u00e1s<\/a> con intensidad y gratitud. Sobre el Parque Juan Carlos I de Madrid, que acogi\u00f3 el evento, el sol fue ganando terreno a medida que los participantes en las <strong>diferentes modalidades<\/strong> ocupaban sus posiciones en la l\u00ednea de salida.<\/p>\n<p>Los primeros fueron los de las <strong>pruebas de 10 y 5 kil\u00f3metros<\/strong> y, a media ma\u00f1ana, lleg\u00f3 el turno de la <strong>marcha familiar de 3 kil\u00f3metros<\/strong>, que nos regalaron <strong>escenas de superaci\u00f3n y esperanza, emotivos encuentros y homenajes.<\/strong> Por \u00faltimo, las carreras infantiles no competitivas pusieron el m\u00e1s alegre punto y final a la jornada de la que, en la siguiente galer\u00eda, recopilamos algunos momentos.<\/p>\n<p><a href=\"https:\/\/www.menudoscorazones.org\/2024\/xiv-carrera-solidaria-menudos-corazones-esperanza-gratitud\/5-14\/\"><img loading=\"lazy\" decoding=\"async\" width=\"702\" height=\"702\" src=\"https:\/\/www.menudoscorazones.org\/wp-content\/uploads\/2024\/10\/5-1024x1024.png\" class=\"attachment-large size-large\" alt=\"\" srcset=\"https:\/\/www.menudoscorazones.org\/wp-content\/uploads\/2024\/10\/5-1024x1024.png 1024w, https:\/\/www.menudoscorazones.org\/wp-content\/uploads\/2024\/10\/5-300x300.png 300w, https:\/\/www.menudoscorazones.org\/wp-content\/uploads\/2024\/10\/5-150x150.png 150w, https:\/\/www.menudoscorazones.org\/wp-content\/uploads\/2024\/10\/5-768x768.png 768w, https:\/\/www.menudoscorazones.org\/wp-content\/uploads\/2024\/10\/5-500x500.png 500w, https:\/\/www.menudoscorazones.org\/wp-content\/uploads\/2024\/10\/5-655x655.png 655w, https:\/\/www.menudoscorazones.org\/wp-content\/uploads\/2024\/10\/5-180x180.png 180w, https:\/\/www.menudoscorazones.org\/wp-content\/uploads\/2024\/10\/5-50x50.png 50w, https:\/\/www.menudoscorazones.org\/wp-content\/uploads\/2024\/10\/5-100x100.png 100w, https:\/\/www.menudoscorazones.org\/wp-content\/uploads\/2024\/10\/5.png 1080w\" sizes=\"auto, (max-width: 702px) 100vw, 702px\"><\/a><br \/>\n<a href=\"https:\/\/www.menudoscorazones.org\/2024\/xiv-carrera-solidaria-menudos-corazones-esperanza-gratitud\/6-14\/\"><img loading=\"lazy\" decoding=\"async\" width=\"702\" height=\"702\" src=\"https:\/\/www.menudoscorazones.org\/wp-content\/uploads\/2024\/10\/6-1024x1024.png\" class=\"attachment-large size-large\" alt=\"\" srcset=\"https:\/\/www.menudoscorazones.org\/wp-content\/uploads\/2024\/10\/6-1024x1024.png 1024w, https:\/\/www.menudoscorazones.org\/wp-content\/uploads\/2024\/10\/6-300x300.png 300w, https:\/\/www.menudoscorazones.org\/wp-content\/uploads\/2024\/10\/6-150x150.png 150w, https:\/\/www.menudoscorazones.org\/wp-content\/uploads\/2024\/10\/6-768x768.png 768w, https:\/\/www.menudoscorazones.org\/wp-content\/uploads\/2024\/10\/6-500x500.png 500w, https:\/\/www.menudoscorazones.org\/wp-content\/uploads\/2024\/10\/6-655x655.png 655w, https:\/\/www.menudoscorazones.org\/wp-content\/uploads\/2024\/10\/6-180x180.png 180w, https:\/\/www.menudoscorazones.org\/wp-content\/uploads\/2024\/10\/6-50x50.png 50w, https:\/\/www.menudoscorazones.org\/wp-content\/uploads\/2024\/10\/6-100x100.png 100w, https:\/\/www.menudoscorazones.org\/wp-content\/uploads\/2024\/10\/6.png 1080w\" sizes=\"auto, (max-width: 702px) 100vw, 702px\"><\/a><br \/>\n<a href=\"https:\/\/www.menudoscorazones.org\/2024\/xiv-carrera-solidaria-menudos-corazones-esperanza-gratitud\/7-8\/\"><img loading=\"lazy\" decoding=\"async\" width=\"702\" height=\"702\" src=\"https:\/\/www.menudoscorazones.org\/wp-content\/uploads\/2024\/10\/7-1024x1024.png\" class=\"attachment-large size-large\" alt=\"\" srcset=\"https:\/\/www.menudoscorazones.org\/wp-content\/uploads\/2024\/10\/7-1024x1024.png 1024w, https:\/\/www.menudoscorazones.org\/wp-content\/uploads\/2024\/10\/7-300x300.png 300w, https:\/\/www.menudoscorazones.org\/wp-content\/uploads\/2024\/10\/7-150x150.png 150w, https:\/\/www.menudoscorazones.org\/wp-content\/uploads\/2024\/10\/7-768x768.png 768w, https:\/\/www.menudoscorazones.org\/wp-content\/uploads\/2024\/10\/7-500x500.png 500w, https:\/\/www.menudoscorazones.org\/wp-content\/uploads\/2024\/10\/7-655x655.png 655w, https:\/\/www.menudoscorazones.org\/wp-content\/uploads\/2024\/10\/7-180x180.png 180w, https:\/\/www.menudoscorazones.org\/wp-content\/uploads\/2024\/10\/7-50x50.png 50w, https:\/\/www.menudoscorazones.org\/wp-content\/uploads\/2024\/10\/7-100x100.png 100w, https:\/\/www.menudoscorazones.org\/wp-content\/uploads\/2024\/10\/7.png 1080w\" sizes=\"auto, (max-width: 702px) 100vw, 702px\"><\/a><br \/>\n<a href=\"https:\/\/www.menudoscorazones.org\/2024\/xiv-carrera-solidaria-menudos-corazones-esperanza-gratitud\/8-9\/\"><img loading=\"lazy\" decoding=\"async\" width=\"702\" height=\"702\" src=\"https:\/\/www.menudoscorazones.org\/wp-content\/uploads\/2024\/10\/8-1024x1024.png\" class=\"attachment-large size-large\" alt=\"\" srcset=\"https:\/\/www.menudoscorazones.org\/wp-content\/uploads\/2024\/10\/8-1024x1024.png 1024w, https:\/\/www.menudoscorazones.org\/wp-content\/uploads\/2024\/10\/8-300x300.png 300w, https:\/\/www.menudoscorazones.org\/wp-content\/uploads\/2024\/10\/8-150x150.png 150w, https:\/\/www.menudoscorazones.org\/wp-content\/uploads\/2024\/10\/8-768x768.png 768w, https:\/\/www.menudoscorazones.org\/wp-content\/uploads\/2024\/10\/8-500x500.png 500w, https:\/\/www.menudoscorazones.org\/wp-content\/uploads\/2024\/10\/8-655x655.png 655w, https:\/\/www.menudoscorazones.org\/wp-content\/uploads\/2024\/10\/8-180x180.png 180w, https:\/\/www.menudoscorazones.org\/wp-content\/uploads\/2024\/10\/8-50x50.png 50w, https:\/\/www.menudoscorazones.org\/wp-content\/uploads\/2024\/10\/8-100x100.png 100w, https:\/\/www.menudoscorazones.org\/wp-content\/uploads\/2024\/10\/8.png 1080w\" sizes=\"auto, (max-width: 702px) 100vw, 702px\"><\/a><br \/>\n<a href=\"https:\/\/www.menudoscorazones.org\/2024\/xiv-carrera-solidaria-menudos-corazones-esperanza-gratitud\/9-6\/\"><img loading=\"lazy\" decoding=\"async\" width=\"702\" height=\"702\" src=\"https:\/\/www.menudoscorazones.org\/wp-content\/uploads\/2024\/10\/9-1024x1024.png\" class=\"attachment-large size-large\" alt=\"\" srcset=\"https:\/\/www.menudoscorazones.org\/wp-content\/uploads\/2024\/10\/9-1024x1024.png 1024w, https:\/\/www.menudoscorazones.org\/wp-content\/uploads\/2024\/10\/9-300x300.png 300w, https:\/\/www.menudoscorazones.org\/wp-content\/uploads\/2024\/10\/9-150x150.png 150w, https:\/\/www.menudoscorazones.org\/wp-content\/uploads\/2024\/10\/9-768x768.png 768w, https:\/\/www.menudoscorazones.org\/wp-content\/uploads\/2024\/10\/9-500x500.png 500w, https:\/\/www.menudoscorazones.org\/wp-content\/uploads\/2024\/10\/9-655x655.png 655w, https:\/\/www.menudoscorazones.org\/wp-content\/uploads\/2024\/10\/9-180x180.png 180w, https:\/\/www.menudoscorazones.org\/wp-content\/uploads\/2024\/10\/9-50x50.png 50w, https:\/\/www.menudoscorazones.org\/wp-content\/uploads\/2024\/10\/9-100x100.png 100w, https:\/\/www.menudoscorazones.org\/wp-content\/uploads\/2024\/10\/9.png 1080w\" sizes=\"auto, (max-width: 702px) 100vw, 702px\"><\/a><br \/>\n<a href=\"https:\/\/www.menudoscorazones.org\/2024\/xiv-carrera-solidaria-menudos-corazones-esperanza-gratitud\/10-7\/\"><img loading=\"lazy\" decoding=\"async\" width=\"702\" height=\"702\" src=\"https:\/\/www.menudoscorazones.org\/wp-content\/uploads\/2024\/10\/10-1024x1024.png\" class=\"attachment-large size-large\" alt=\"\" srcset=\"https:\/\/www.menudoscorazones.org\/wp-content\/uploads\/2024\/10\/10-1024x1024.png 1024w, https:\/\/www.menudoscorazones.org\/wp-content\/uploads\/2024\/10\/10-300x300.png 300w, https:\/\/www.menudoscorazones.org\/wp-content\/uploads\/2024\/10\/10-150x150.png 150w, https:\/\/www.menudoscorazones.org\/wp-content\/uploads\/2024\/10\/10-768x768.png 768w, https:\/\/www.menudoscorazones.org\/wp-content\/uploads\/2024\/10\/10-500x500.png 500w, https:\/\/www.menudoscorazones.org\/wp-content\/uploads\/2024\/10\/10-655x655.png 655w, https:\/\/www.menudoscorazones.org\/wp-content\/uploads\/2024\/10\/10-180x180.png 180w, https:\/\/www.menudoscorazones.org\/wp-content\/uploads\/2024\/10\/10-50x50.png 50w, https:\/\/www.menudoscorazones.org\/wp-content\/uploads\/2024\/10\/10-100x100.png 100w, https:\/\/www.menudoscorazones.org\/wp-content\/uploads\/2024\/10\/10.png 1080w\" sizes=\"auto, (max-width: 702px) 100vw, 702px\"><\/a><br \/>\n<a href=\"https:\/\/www.menudoscorazones.org\/2024\/xiv-carrera-solidaria-menudos-corazones-esperanza-gratitud\/11-3\/\"><img loading=\"lazy\" decoding=\"async\" width=\"702\" height=\"702\" src=\"https:\/\/www.menudoscorazones.org\/wp-content\/uploads\/2024\/10\/11-1024x1024.png\" class=\"attachment-large size-large\" alt=\"\" srcset=\"https:\/\/www.menudoscorazones.org\/wp-content\/uploads\/2024\/10\/11-1024x1024.png 1024w, https:\/\/www.menudoscorazones.org\/wp-content\/uploads\/2024\/10\/11-300x300.png 300w, https:\/\/www.menudoscorazones.org\/wp-content\/uploads\/2024\/10\/11-150x150.png 150w, https:\/\/www.menudoscorazones.org\/wp-content\/uploads\/2024\/10\/11-768x768.png 768w, https:\/\/www.menudoscorazones.org\/wp-content\/uploads\/2024\/10\/11-500x500.png 500w, https:\/\/www.menudoscorazones.org\/wp-content\/uploads\/2024\/10\/11-655x655.png 655w, https:\/\/www.menudoscorazones.org\/wp-content\/uploads\/2024\/10\/11-180x180.png 180w, https:\/\/www.menudoscorazones.org\/wp-content\/uploads\/2024\/10\/11-50x50.png 50w, https:\/\/www.menudoscorazones.org\/wp-content\/uploads\/2024\/10\/11-100x100.png 100w, https:\/\/www.menudoscorazones.org\/wp-content\/uploads\/2024\/10\/11.png 1080w\" sizes=\"auto, (max-width: 702px) 100vw, 702px\"><\/a><br \/>\n<a href=\"https:\/\/www.menudoscorazones.org\/2024\/xiv-carrera-solidaria-menudos-corazones-esperanza-gratitud\/12-3\/\"><img loading=\"lazy\" decoding=\"async\" width=\"702\" height=\"702\" src=\"https:\/\/www.menudoscorazones.org\/wp-content\/uploads\/2024\/10\/12-1024x1024.png\" class=\"attachment-large size-large\" alt=\"\" srcset=\"https:\/\/www.menudoscorazones.org\/wp-content\/uploads\/2024\/10\/12-1024x1024.png 1024w, https:\/\/www.menudoscorazones.org\/wp-content\/uploads\/2024\/10\/12-300x300.png 300w, https:\/\/www.menudoscorazones.org\/wp-content\/uploads\/2024\/10\/12-150x150.png 150w, https:\/\/www.menudoscorazones.org\/wp-content\/uploads\/2024\/10\/12-768x768.png 768w, https:\/\/www.menudoscorazones.org\/wp-content\/uploads\/2024\/10\/12-500x500.png 500w, https:\/\/www.menudoscorazones.org\/wp-content\/uploads\/2024\/10\/12-655x655.png 655w, https:\/\/www.menudoscorazones.org\/wp-content\/uploads\/2024\/10\/12-180x180.png 180w, https:\/\/www.menudoscorazones.org\/wp-content\/uploads\/2024\/10\/12-50x50.png 50w, https:\/\/www.menudoscorazones.org\/wp-content\/uploads\/2024\/10\/12-100x100.png 100w, https:\/\/www.menudoscorazones.org\/wp-content\/uploads\/2024\/10\/12.png 1080w\" sizes=\"auto, (max-width: 702px) 100vw, 702px\"><\/a><br \/>\n<a href=\"https:\/\/www.menudoscorazones.org\/2024\/xiv-carrera-solidaria-menudos-corazones-esperanza-gratitud\/13-2\/\"><img loading=\"lazy\" decoding=\"async\" width=\"702\" height=\"702\" src=\"https:\/\/www.menudoscorazones.org\/wp-content\/uploads\/2024\/10\/13-1024x1024.png\" class=\"attachment-large size-large\" alt=\"\" srcset=\"https:\/\/www.menudoscorazones.org\/wp-content\/uploads\/2024\/10\/13-1024x1024.png 1024w, https:\/\/www.menudoscorazones.org\/wp-content\/uploads\/2024\/10\/13-300x300.png 300w, https:\/\/www.menudoscorazones.org\/wp-content\/uploads\/2024\/10\/13-150x150.png 150w, https:\/\/www.menudoscorazones.org\/wp-content\/uploads\/2024\/10\/13-768x768.png 768w, https:\/\/www.menudoscorazones.org\/wp-content\/uploads\/2024\/10\/13-500x500.png 500w, https:\/\/www.menudoscorazones.org\/wp-content\/uploads\/2024\/10\/13-655x655.png 655w, https:\/\/www.menudoscorazones.org\/wp-content\/uploads\/2024\/10\/13-180x180.png 180w, https:\/\/www.menudoscorazones.org\/wp-content\/uploads\/2024\/10\/13-50x50.png 50w, https:\/\/www.menudoscorazones.org\/wp-content\/uploads\/2024\/10\/13-100x100.png 100w, https:\/\/www.menudoscorazones.org\/wp-content\/uploads\/2024\/10\/13.png 1080w\" sizes=\"auto, (max-width: 702px) 100vw, 702px\"><\/a><br \/>\n<a href=\"https:\/\/www.menudoscorazones.org\/2024\/xiv-carrera-solidaria-menudos-corazones-esperanza-gratitud\/14-2\/\"><img loading=\"lazy\" decoding=\"async\" width=\"702\" height=\"702\" src=\"https:\/\/www.menudoscorazones.org\/wp-content\/uploads\/2024\/10\/14-1024x1024.png\" class=\"attachment-large size-large\" alt=\"\" srcset=\"https:\/\/www.menudoscorazones.org\/wp-content\/uploads\/2024\/10\/14-1024x1024.png 1024w, https:\/\/www.menudoscorazones.org\/wp-content\/uploads\/2024\/10\/14-300x300.png 300w, https:\/\/www.menudoscorazones.org\/wp-content\/uploads\/2024\/10\/14-150x150.png 150w, https:\/\/www.menudoscorazones.org\/wp-content\/uploads\/2024\/10\/14-768x768.png 768w, https:\/\/www.menudoscorazones.org\/wp-content\/uploads\/2024\/10\/14-500x500.png 500w, https:\/\/www.menudoscorazones.org\/wp-content\/uploads\/2024\/10\/14-655x655.png 655w, https:\/\/www.menudoscorazones.org\/wp-content\/uploads\/2024\/10\/14-180x180.png 180w, https:\/\/www.menudoscorazones.org\/wp-content\/uploads\/2024\/10\/14-50x50.png 50w, https:\/\/www.menudoscorazones.org\/wp-content\/uploads\/2024\/10\/14-100x100.png 100w, https:\/\/www.menudoscorazones.org\/wp-content\/uploads\/2024\/10\/14.png 1080w\" sizes=\"auto, (max-width: 702px) 100vw, 702px\"><\/a><br \/>\n<a href=\"https:\/\/www.menudoscorazones.org\/2024\/xiv-carrera-solidaria-menudos-corazones-esperanza-gratitud\/15-2\/\"><img loading=\"lazy\" decoding=\"async\" width=\"702\" height=\"702\" src=\"https:\/\/www.menudoscorazones.org\/wp-content\/uploads\/2024\/10\/15-1024x1024.png\" class=\"attachment-large size-large\" alt=\"\" srcset=\"https:\/\/www.menudoscorazones.org\/wp-content\/uploads\/2024\/10\/15-1024x1024.png 1024w, https:\/\/www.menudoscorazones.org\/wp-content\/uploads\/2024\/10\/15-300x300.png 300w, https:\/\/www.menudoscorazones.org\/wp-content\/uploads\/2024\/10\/15-150x150.png 150w, https:\/\/www.menudoscorazones.org\/wp-content\/uploads\/2024\/10\/15-768x768.png 768w, https:\/\/www.menudoscorazones.org\/wp-content\/uploads\/2024\/10\/15-500x500.png 500w, https:\/\/www.menudoscorazones.org\/wp-content\/uploads\/2024\/10\/15-655x655.png 655w, https:\/\/www.menudoscorazones.org\/wp-content\/uploads\/2024\/10\/15-180x180.png 180w, https:\/\/www.menudoscorazones.org\/wp-content\/uploads\/2024\/10\/15-50x50.png 50w, https:\/\/www.menudoscorazones.org\/wp-content\/uploads\/2024\/10\/15-100x100.png 100w, https:\/\/www.menudoscorazones.org\/wp-content\/uploads\/2024\/10\/15.png 1080w\" sizes=\"auto, (max-width: 702px) 100vw, 702px\"><\/a><br \/>\n<a href=\"https:\/\/www.menudoscorazones.org\/2024\/xiv-carrera-solidaria-menudos-corazones-esperanza-gratitud\/16-3\/\"><img loading=\"lazy\" decoding=\"async\" width=\"702\" height=\"702\" src=\"https:\/\/www.menudoscorazones.org\/wp-content\/uploads\/2024\/10\/16-1024x1024.png\" class=\"attachment-large size-large\" alt=\"\" srcset=\"https:\/\/www.menudoscorazones.org\/wp-content\/uploads\/2024\/10\/16-1024x1024.png 1024w, https:\/\/www.menudoscorazones.org\/wp-content\/uploads\/2024\/10\/16-300x300.png 300w, https:\/\/www.menudoscorazones.org\/wp-content\/uploads\/2024\/10\/16-150x150.png 150w, https:\/\/www.menudoscorazones.org\/wp-content\/uploads\/2024\/10\/16-768x768.png 768w, https:\/\/www.menudoscorazones.org\/wp-content\/uploads\/2024\/10\/16-500x500.png 500w, https:\/\/www.menudoscorazones.org\/wp-content\/uploads\/2024\/10\/16-655x655.png 655w, https:\/\/www.menudoscorazones.org\/wp-content\/uploads\/2024\/10\/16-180x180.png 180w, https:\/\/www.menudoscorazones.org\/wp-content\/uploads\/2024\/10\/16-50x50.png 50w, https:\/\/www.menudoscorazones.org\/wp-content\/uploads\/2024\/10\/16-100x100.png 100w, https:\/\/www.menudoscorazones.org\/wp-content\/uploads\/2024\/10\/16.png 1080w\" sizes=\"auto, (max-width: 702px) 100vw, 702px\"><\/a><br \/>\n<a href=\"https:\/\/www.menudoscorazones.org\/2024\/xiv-carrera-solidaria-menudos-corazones-esperanza-gratitud\/17-2\/\"><img loading=\"lazy\" decoding=\"async\" width=\"702\" height=\"702\" src=\"https:\/\/www.menudoscorazones.org\/wp-content\/uploads\/2024\/10\/17-1024x1024.png\" class=\"attachment-large size-large\" alt=\"\" srcset=\"https:\/\/www.menudoscorazones.org\/wp-content\/uploads\/2024\/10\/17-1024x1024.png 1024w, https:\/\/www.menudoscorazones.org\/wp-content\/uploads\/2024\/10\/17-300x300.png 300w, https:\/\/www.menudoscorazones.org\/wp-content\/uploads\/2024\/10\/17-150x150.png 150w, https:\/\/www.menudoscorazones.org\/wp-content\/uploads\/2024\/10\/17-768x768.png 768w, https:\/\/www.menudoscorazones.org\/wp-content\/uploads\/2024\/10\/17-500x500.png 500w, https:\/\/www.menudoscorazones.org\/wp-content\/uploads\/2024\/10\/17-655x655.png 655w, https:\/\/www.menudoscorazones.org\/wp-content\/uploads\/2024\/10\/17-180x180.png 180w, https:\/\/www.menudoscorazones.org\/wp-content\/uploads\/2024\/10\/17-50x50.png 50w, https:\/\/www.menudoscorazones.org\/wp-content\/uploads\/2024\/10\/17-100x100.png 100w, https:\/\/www.menudoscorazones.org\/wp-content\/uploads\/2024\/10\/17.png 1080w\" sizes=\"auto, (max-width: 702px) 100vw, 702px\"><\/a><br \/>\n<a href=\"https:\/\/www.menudoscorazones.org\/2024\/xiv-carrera-solidaria-menudos-corazones-esperanza-gratitud\/attachment\/18\/\"><img loading=\"lazy\" decoding=\"async\" width=\"702\" height=\"702\" src=\"https:\/\/www.menudoscorazones.org\/wp-content\/uploads\/2024\/10\/18-1024x1024.png\" class=\"attachment-large size-large\" alt=\"\" srcset=\"https:\/\/www.menudoscorazones.org\/wp-content\/uploads\/2024\/10\/18-1024x1024.png 1024w, https:\/\/www.menudoscorazones.org\/wp-content\/uploads\/2024\/10\/18-300x300.png 300w, https:\/\/www.menudoscorazones.org\/wp-content\/uploads\/2024\/10\/18-150x150.png 150w, https:\/\/www.menudoscorazones.org\/wp-content\/uploads\/2024\/10\/18-768x768.png 768w, https:\/\/www.menudoscorazones.org\/wp-content\/uploads\/2024\/10\/18-500x500.png 500w, https:\/\/www.menudoscorazones.org\/wp-content\/uploads\/2024\/10\/18-655x655.png 655w, https:\/\/www.menudoscorazones.org\/wp-content\/uploads\/2024\/10\/18-180x180.png 180w, https:\/\/www.menudoscorazones.org\/wp-content\/uploads\/2024\/10\/18-50x50.png 50w, https:\/\/www.menudoscorazones.org\/wp-content\/uploads\/2024\/10\/18-100x100.png 100w, https:\/\/www.menudoscorazones.org\/wp-content\/uploads\/2024\/10\/18.png 1080w\" sizes=\"auto, (max-width: 702px) 100vw, 702px\"><\/a><br \/>\n<a href=\"https:\/\/www.menudoscorazones.org\/2024\/xiv-carrera-solidaria-menudos-corazones-esperanza-gratitud\/attachment\/19\/\"><img loading=\"lazy\" decoding=\"async\" width=\"702\" height=\"702\" src=\"https:\/\/www.menudoscorazones.org\/wp-content\/uploads\/2024\/10\/19-1024x1024.png\" class=\"attachment-large size-large\" alt=\"\" srcset=\"https:\/\/www.menudoscorazones.org\/wp-content\/uploads\/2024\/10\/19-1024x1024.png 1024w, https:\/\/www.menudoscorazones.org\/wp-content\/uploads\/2024\/10\/19-300x300.png 300w, https:\/\/www.menudoscorazones.org\/wp-content\/uploads\/2024\/10\/19-150x150.png 150w, https:\/\/www.menudoscorazones.org\/wp-content\/uploads\/2024\/10\/19-768x768.png 768w, https:\/\/www.menudoscorazones.org\/wp-content\/uploads\/2024\/10\/19-500x500.png 500w, https:\/\/www.menudoscorazones.org\/wp-content\/uploads\/2024\/10\/19-655x655.png 655w, https:\/\/www.menudoscorazones.org\/wp-content\/uploads\/2024\/10\/19-180x180.png 180w, https:\/\/www.menudoscorazones.org\/wp-content\/uploads\/2024\/10\/19-50x50.png 50w, https:\/\/www.menudoscorazones.org\/wp-content\/uploads\/2024\/10\/19-100x100.png 100w, https:\/\/www.menudoscorazones.org\/wp-content\/uploads\/2024\/10\/19.png 1080w\" sizes=\"auto, (max-width: 702px) 100vw, 702px\"><\/a><br \/>\n<a href=\"https:\/\/www.menudoscorazones.org\/2024\/xiv-carrera-solidaria-menudos-corazones-esperanza-gratitud\/attachment\/20\/\"><img loading=\"lazy\" decoding=\"async\" width=\"702\" height=\"702\" src=\"https:\/\/www.menudoscorazones.org\/wp-content\/uploads\/2024\/10\/20-1024x1024.png\" class=\"attachment-large size-large\" alt=\"\" srcset=\"https:\/\/www.menudoscorazones.org\/wp-content\/uploads\/2024\/10\/20-1024x1024.png 1024w, https:\/\/www.menudoscorazones.org\/wp-content\/uploads\/2024\/10\/20-300x300.png 300w, https:\/\/www.menudoscorazones.org\/wp-content\/uploads\/2024\/10\/20-150x150.png 150w, https:\/\/www.menudoscorazones.org\/wp-content\/uploads\/2024\/10\/20-768x768.png 768w, https:\/\/www.menudoscorazones.org\/wp-content\/uploads\/2024\/10\/20-500x500.png 500w, https:\/\/www.menudoscorazones.org\/wp-content\/uploads\/2024\/10\/20-655x655.png 655w, https:\/\/www.menudoscorazones.org\/wp-content\/uploads\/2024\/10\/20-180x180.png 180w, https:\/\/www.menudoscorazones.org\/wp-content\/uploads\/2024\/10\/20-50x50.png 50w, https:\/\/www.menudoscorazones.org\/wp-content\/uploads\/2024\/10\/20-100x100.png 100w, https:\/\/www.menudoscorazones.org\/wp-content\/uploads\/2024\/10\/20.png 1080w\" sizes=\"auto, (max-width: 702px) 100vw, 702px\"><\/a><br \/>\n<a href=\"https:\/\/www.menudoscorazones.org\/2024\/xiv-carrera-solidaria-menudos-corazones-esperanza-gratitud\/2-15\/\"><img loading=\"lazy\" decoding=\"async\" width=\"702\" height=\"702\" src=\"https:\/\/www.menudoscorazones.org\/wp-content\/uploads\/2024\/10\/2-1024x1024.png\" class=\"attachment-large size-large\" alt=\"\" srcset=\"https:\/\/www.menudoscorazones.org\/wp-content\/uploads\/2024\/10\/2-1024x1024.png 1024w, https:\/\/www.menudoscorazones.org\/wp-content\/uploads\/2024\/10\/2-300x300.png 300w, https:\/\/www.menudoscorazones.org\/wp-content\/uploads\/2024\/10\/2-150x150.png 150w, https:\/\/www.menudoscorazones.org\/wp-content\/uploads\/2024\/10\/2-768x768.png 768w, https:\/\/www.menudoscorazones.org\/wp-content\/uploads\/2024\/10\/2-500x500.png 500w, https:\/\/www.menudoscorazones.org\/wp-content\/uploads\/2024\/10\/2-655x655.png 655w, https:\/\/www.menudoscorazones.org\/wp-content\/uploads\/2024\/10\/2-180x180.png 180w, https:\/\/www.menudoscorazones.org\/wp-content\/uploads\/2024\/10\/2-50x50.png 50w, https:\/\/www.menudoscorazones.org\/wp-content\/uploads\/2024\/10\/2-100x100.png 100w, https:\/\/www.menudoscorazones.org\/wp-content\/uploads\/2024\/10\/2.png 1080w\" sizes=\"auto, (max-width: 702px) 100vw, 702px\"><\/a><br \/>\n<a href=\"https:\/\/www.menudoscorazones.org\/2024\/xiv-carrera-solidaria-menudos-corazones-esperanza-gratitud\/4-18\/\"><img loading=\"lazy\" decoding=\"async\" width=\"702\" height=\"702\" src=\"https:\/\/www.menudoscorazones.org\/wp-content\/uploads\/2024\/10\/4-1024x1024.png\" class=\"attachment-large size-large\" alt=\"\" srcset=\"https:\/\/www.menudoscorazones.org\/wp-content\/uploads\/2024\/10\/4-1024x1024.png 1024w, https:\/\/www.menudoscorazones.org\/wp-content\/uploads\/2024\/10\/4-300x300.png 300w, https:\/\/www.menudoscorazones.org\/wp-content\/uploads\/2024\/10\/4-150x150.png 150w, https:\/\/www.menudoscorazones.org\/wp-content\/uploads\/2024\/10\/4-768x768.png 768w, https:\/\/www.menudoscorazones.org\/wp-content\/uploads\/2024\/10\/4-500x500.png 500w, https:\/\/www.menudoscorazones.org\/wp-content\/uploads\/2024\/10\/4-655x655.png 655w, https:\/\/www.menudoscorazones.org\/wp-content\/uploads\/2024\/10\/4-180x180.png 180w, https:\/\/www.menudoscorazones.org\/wp-content\/uploads\/2024\/10\/4-50x50.png 50w, https:\/\/www.menudoscorazones.org\/wp-content\/uploads\/2024\/10\/4-100x100.png 100w, https:\/\/www.menudoscorazones.org\/wp-content\/uploads\/2024\/10\/4.png 1080w\" sizes=\"auto, (max-width: 702px) 100vw, 702px\"><\/a><\/p>\n<p>\u00a1Gracias <strong>a cada una de las personas que nos hab\u00e9is acompa\u00f1ado<\/strong> de una u otra manera, agotando las inscripciones y haciendo posible el donativo de 6.384 \u20ac de <strong>Eventsthinker<\/strong>, la empresa organizadora,\u00a0para <a href=\"https:\/\/www.menudoscorazones.org\/quienes\/que-hacemos\/\">continuar ayudando<\/a> a quienes nacen con una cardiopat\u00eda cong\u00e9nita y a sus familias!<\/p>\n<p>Adem\u00e1s, este a\u00f1o, nuestro ya tradicional evento deportivo ha contado con el apoyo de <strong>Bimbo<\/strong>, uniendo su Bimbo Global Race a nuestra carrera, y de Be One y Aga. \u00a1Todo nuestro agradecimiento!<\/p>\n<p>\u00a0<\/p>\n<p>La entrada <a href=\"https:\/\/www.menudoscorazones.org\/2024\/xiv-carrera-solidaria-menudos-corazones-esperanza-gratitud\/\">XIV Carrera Solidaria Menudos Corazones: esperanza y gratitud<\/a> aparece primero en <a href=\"https:\/\/www.menudoscorazones.org\/\">Menudos Corazones<\/a>.<\/p>\n<\/div>\n<p>Fuente: Menudos Corazones https:\/\/www.menudoscorazones.org\/2024\/xiv-carrera-solidaria-menudos-corazones-esperanza-gratitud\/<\/p>\n","protected":false},"excerpt":{"rendered":"<p>El 29 de septiembre tuvo lugar la XIV Carrera Solidaria Menudos Corazones, en el Parque Juan Carlos I de Madrid. Una cita que, cada a\u00f1o, sirve para apoyar a quienes nacen con una cardiopat\u00eda cong\u00e9nita y a sus familias, uniendo a corredores expertos, aficionados y, sobre todo, gente de buen coraz\u00f3n. La d\u00e9cimo cuarta edici\u00f3n [&hellip;]<\/p>\n","protected":false},"author":1,"featured_media":0,"comment_status":"closed","ping_status":"closed","sticky":false,"template":"","format":"standard","meta":{"footnotes":""},"categories":[8],"tags":[],"class_list":["post-10358","post","type-post","status-publish","format-standard","hentry","category-noticias"],"yoast_head":"<!-- This site is optimized with the Yoast SEO plugin v27.5 - https:\/\/yoast.com\/product\/yoast-seo-wordpress\/ -->\n<title>XIV Carrera Solidaria Menudos Corazones: esperanza y gratitud - Asociaci\u00f3n Espa\u00f1ola S\u00edndrome de Charge<\/title>\n<meta name=\"robots\" content=\"index, follow, max-snippet:-1, max-image-preview:large, max-video-preview:-1\" \/>\n<link rel=\"canonical\" href=\"https:\/\/sindromecharge.es\/index.php\/2024\/10\/01\/xiv-carrera-solidaria-menudos-corazones-esperanza-gratitud\/\" \/>\n<meta property=\"og:locale\" content=\"es_ES\" \/>\n<meta property=\"og:type\" content=\"article\" \/>\n<meta property=\"og:title\" content=\"XIV Carrera Solidaria Menudos Corazones: esperanza y gratitud - Asociaci\u00f3n Espa\u00f1ola S\u00edndrome de Charge\" \/>\n<meta property=\"og:description\" content=\"El 29 de septiembre tuvo lugar la XIV Carrera Solidaria Menudos Corazones, en el Parque Juan Carlos I de Madrid. Una cita que, cada a\u00f1o, sirve para apoyar a quienes nacen con una cardiopat\u00eda cong\u00e9nita y a sus familias, uniendo a corredores expertos, aficionados y, sobre todo, gente de buen coraz\u00f3n. La d\u00e9cimo cuarta edici\u00f3n [&hellip;]\" \/>\n<meta property=\"og:url\" content=\"https:\/\/sindromecharge.es\/index.php\/2024\/10\/01\/xiv-carrera-solidaria-menudos-corazones-esperanza-gratitud\/\" \/>\n<meta property=\"og:site_name\" content=\"Asociaci\u00f3n Espa\u00f1ola S\u00edndrome de Charge\" \/>\n<meta property=\"article:publisher\" content=\"https:\/\/www.facebook.com\/asociacionsindromecharge\" \/>\n<meta property=\"article:published_time\" content=\"2024-10-01T12:44:49+00:00\" \/>\n<meta property=\"og:image\" content=\"https:\/\/www.menudoscorazones.org\/wp-content\/uploads\/2024\/10\/Entrega-cheque-1024x683.jpg\" \/>\n<meta name=\"author\" content=\"Charge\" \/>\n<meta name=\"twitter:card\" content=\"summary_large_image\" \/>\n<meta name=\"twitter:creator\" content=\"@sindromecharge\" \/>\n<meta name=\"twitter:site\" content=\"@sindromecharge\" \/>\n<meta name=\"twitter:label1\" content=\"Escrito por\" \/>\n\t<meta name=\"twitter:data1\" content=\"Charge\" \/>\n\t<meta name=\"twitter:label2\" content=\"Tiempo de lectura\" \/>\n\t<meta name=\"twitter:data2\" content=\"2 minutos\" \/>\n<script type=\"application\/ld+json\" class=\"yoast-schema-graph\">{\"@context\":\"https:\\\/\\\/schema.org\",\"@graph\":[{\"@type\":\"Article\",\"@id\":\"https:\\\/\\\/sindromecharge.es\\\/index.php\\\/2024\\\/10\\\/01\\\/xiv-carrera-solidaria-menudos-corazones-esperanza-gratitud\\\/#article\",\"isPartOf\":{\"@id\":\"https:\\\/\\\/sindromecharge.es\\\/index.php\\\/2024\\\/10\\\/01\\\/xiv-carrera-solidaria-menudos-corazones-esperanza-gratitud\\\/\"},\"author\":{\"name\":\"Charge\",\"@id\":\"https:\\\/\\\/sindromecharge.es\\\/#\\\/schema\\\/person\\\/39a60ebe0a2b4d5a11179701e336b039\"},\"headline\":\"XIV Carrera Solidaria Menudos Corazones: esperanza y gratitud\",\"datePublished\":\"2024-10-01T12:44:49+00:00\",\"mainEntityOfPage\":{\"@id\":\"https:\\\/\\\/sindromecharge.es\\\/index.php\\\/2024\\\/10\\\/01\\\/xiv-carrera-solidaria-menudos-corazones-esperanza-gratitud\\\/\"},\"wordCount\":329,\"image\":{\"@id\":\"https:\\\/\\\/sindromecharge.es\\\/index.php\\\/2024\\\/10\\\/01\\\/xiv-carrera-solidaria-menudos-corazones-esperanza-gratitud\\\/#primaryimage\"},\"thumbnailUrl\":\"https:\\\/\\\/www.menudoscorazones.org\\\/wp-content\\\/uploads\\\/2024\\\/10\\\/Entrega-cheque-1024x683.jpg\",\"articleSection\":[\"noticias\"],\"inLanguage\":\"es\"},{\"@type\":\"WebPage\",\"@id\":\"https:\\\/\\\/sindromecharge.es\\\/index.php\\\/2024\\\/10\\\/01\\\/xiv-carrera-solidaria-menudos-corazones-esperanza-gratitud\\\/\",\"url\":\"https:\\\/\\\/sindromecharge.es\\\/index.php\\\/2024\\\/10\\\/01\\\/xiv-carrera-solidaria-menudos-corazones-esperanza-gratitud\\\/\",\"name\":\"XIV Carrera Solidaria Menudos Corazones: esperanza y gratitud - Asociaci\u00f3n Espa\u00f1ola S\u00edndrome de Charge\",\"isPartOf\":{\"@id\":\"https:\\\/\\\/sindromecharge.es\\\/#website\"},\"primaryImageOfPage\":{\"@id\":\"https:\\\/\\\/sindromecharge.es\\\/index.php\\\/2024\\\/10\\\/01\\\/xiv-carrera-solidaria-menudos-corazones-esperanza-gratitud\\\/#primaryimage\"},\"image\":{\"@id\":\"https:\\\/\\\/sindromecharge.es\\\/index.php\\\/2024\\\/10\\\/01\\\/xiv-carrera-solidaria-menudos-corazones-esperanza-gratitud\\\/#primaryimage\"},\"thumbnailUrl\":\"https:\\\/\\\/www.menudoscorazones.org\\\/wp-content\\\/uploads\\\/2024\\\/10\\\/Entrega-cheque-1024x683.jpg\",\"datePublished\":\"2024-10-01T12:44:49+00:00\",\"author\":{\"@id\":\"https:\\\/\\\/sindromecharge.es\\\/#\\\/schema\\\/person\\\/39a60ebe0a2b4d5a11179701e336b039\"},\"breadcrumb\":{\"@id\":\"https:\\\/\\\/sindromecharge.es\\\/index.php\\\/2024\\\/10\\\/01\\\/xiv-carrera-solidaria-menudos-corazones-esperanza-gratitud\\\/#breadcrumb\"},\"inLanguage\":\"es\",\"potentialAction\":[{\"@type\":\"ReadAction\",\"target\":[\"https:\\\/\\\/sindromecharge.es\\\/index.php\\\/2024\\\/10\\\/01\\\/xiv-carrera-solidaria-menudos-corazones-esperanza-gratitud\\\/\"]}]},{\"@type\":\"ImageObject\",\"inLanguage\":\"es\",\"@id\":\"https:\\\/\\\/sindromecharge.es\\\/index.php\\\/2024\\\/10\\\/01\\\/xiv-carrera-solidaria-menudos-corazones-esperanza-gratitud\\\/#primaryimage\",\"url\":\"https:\\\/\\\/www.menudoscorazones.org\\\/wp-content\\\/uploads\\\/2024\\\/10\\\/Entrega-cheque-1024x683.jpg\",\"contentUrl\":\"https:\\\/\\\/www.menudoscorazones.org\\\/wp-content\\\/uploads\\\/2024\\\/10\\\/Entrega-cheque-1024x683.jpg\"},{\"@type\":\"BreadcrumbList\",\"@id\":\"https:\\\/\\\/sindromecharge.es\\\/index.php\\\/2024\\\/10\\\/01\\\/xiv-carrera-solidaria-menudos-corazones-esperanza-gratitud\\\/#breadcrumb\",\"itemListElement\":[{\"@type\":\"ListItem\",\"position\":1,\"name\":\"Portada\",\"item\":\"https:\\\/\\\/sindromecharge.es\\\/\"},{\"@type\":\"ListItem\",\"position\":2,\"name\":\"XIV Carrera Solidaria Menudos Corazones: esperanza y gratitud\"}]},{\"@type\":\"WebSite\",\"@id\":\"https:\\\/\\\/sindromecharge.es\\\/#website\",\"url\":\"https:\\\/\\\/sindromecharge.es\\\/\",\"name\":\"Asociaci\u00f3n Espa\u00f1ola S\u00edndrome de Charge\",\"description\":\"\",\"potentialAction\":[{\"@type\":\"SearchAction\",\"target\":{\"@type\":\"EntryPoint\",\"urlTemplate\":\"https:\\\/\\\/sindromecharge.es\\\/?s={search_term_string}\"},\"query-input\":{\"@type\":\"PropertyValueSpecification\",\"valueRequired\":true,\"valueName\":\"search_term_string\"}}],\"inLanguage\":\"es\"},{\"@type\":\"Person\",\"@id\":\"https:\\\/\\\/sindromecharge.es\\\/#\\\/schema\\\/person\\\/39a60ebe0a2b4d5a11179701e336b039\",\"name\":\"Charge\",\"image\":{\"@type\":\"ImageObject\",\"inLanguage\":\"es\",\"@id\":\"https:\\\/\\\/secure.gravatar.com\\\/avatar\\\/c3b46e32a0fc3b093a0873fb767bf3293de856293065e84ef06b7ec7a8acfb98?s=96&d=identicon&r=x\",\"url\":\"https:\\\/\\\/secure.gravatar.com\\\/avatar\\\/c3b46e32a0fc3b093a0873fb767bf3293de856293065e84ef06b7ec7a8acfb98?s=96&d=identicon&r=x\",\"contentUrl\":\"https:\\\/\\\/secure.gravatar.com\\\/avatar\\\/c3b46e32a0fc3b093a0873fb767bf3293de856293065e84ef06b7ec7a8acfb98?s=96&d=identicon&r=x\",\"caption\":\"Charge\"},\"url\":\"https:\\\/\\\/sindromecharge.es\\\/index.php\\\/author\\\/admin\\\/\"}]}<\/script>\n<!-- \/ Yoast SEO plugin. -->","yoast_head_json":{"title":"XIV Carrera Solidaria Menudos Corazones: esperanza y gratitud - Asociaci\u00f3n Espa\u00f1ola S\u00edndrome de Charge","robots":{"index":"index","follow":"follow","max-snippet":"max-snippet:-1","max-image-preview":"max-image-preview:large","max-video-preview":"max-video-preview:-1"},"canonical":"https:\/\/sindromecharge.es\/index.php\/2024\/10\/01\/xiv-carrera-solidaria-menudos-corazones-esperanza-gratitud\/","og_locale":"es_ES","og_type":"article","og_title":"XIV Carrera Solidaria Menudos Corazones: esperanza y gratitud - Asociaci\u00f3n Espa\u00f1ola S\u00edndrome de Charge","og_description":"El 29 de septiembre tuvo lugar la XIV Carrera Solidaria Menudos Corazones, en el Parque Juan Carlos I de Madrid. Una cita que, cada a\u00f1o, sirve para apoyar a quienes nacen con una cardiopat\u00eda cong\u00e9nita y a sus familias, uniendo a corredores expertos, aficionados y, sobre todo, gente de buen coraz\u00f3n. La d\u00e9cimo cuarta edici\u00f3n [&hellip;]","og_url":"https:\/\/sindromecharge.es\/index.php\/2024\/10\/01\/xiv-carrera-solidaria-menudos-corazones-esperanza-gratitud\/","og_site_name":"Asociaci\u00f3n Espa\u00f1ola S\u00edndrome de Charge","article_publisher":"https:\/\/www.facebook.com\/asociacionsindromecharge","article_published_time":"2024-10-01T12:44:49+00:00","og_image":[{"url":"https:\/\/www.menudoscorazones.org\/wp-content\/uploads\/2024\/10\/Entrega-cheque-1024x683.jpg","type":"","width":"","height":""}],"author":"Charge","twitter_card":"summary_large_image","twitter_creator":"@sindromecharge","twitter_site":"@sindromecharge","twitter_misc":{"Escrito por":"Charge","Tiempo de lectura":"2 minutos"},"schema":{"@context":"https:\/\/schema.org","@graph":[{"@type":"Article","@id":"https:\/\/sindromecharge.es\/index.php\/2024\/10\/01\/xiv-carrera-solidaria-menudos-corazones-esperanza-gratitud\/#article","isPartOf":{"@id":"https:\/\/sindromecharge.es\/index.php\/2024\/10\/01\/xiv-carrera-solidaria-menudos-corazones-esperanza-gratitud\/"},"author":{"name":"Charge","@id":"https:\/\/sindromecharge.es\/#\/schema\/person\/39a60ebe0a2b4d5a11179701e336b039"},"headline":"XIV Carrera Solidaria Menudos Corazones: esperanza y gratitud","datePublished":"2024-10-01T12:44:49+00:00","mainEntityOfPage":{"@id":"https:\/\/sindromecharge.es\/index.php\/2024\/10\/01\/xiv-carrera-solidaria-menudos-corazones-esperanza-gratitud\/"},"wordCount":329,"image":{"@id":"https:\/\/sindromecharge.es\/index.php\/2024\/10\/01\/xiv-carrera-solidaria-menudos-corazones-esperanza-gratitud\/#primaryimage"},"thumbnailUrl":"https:\/\/www.menudoscorazones.org\/wp-content\/uploads\/2024\/10\/Entrega-cheque-1024x683.jpg","articleSection":["noticias"],"inLanguage":"es"},{"@type":"WebPage","@id":"https:\/\/sindromecharge.es\/index.php\/2024\/10\/01\/xiv-carrera-solidaria-menudos-corazones-esperanza-gratitud\/","url":"https:\/\/sindromecharge.es\/index.php\/2024\/10\/01\/xiv-carrera-solidaria-menudos-corazones-esperanza-gratitud\/","name":"XIV Carrera Solidaria Menudos Corazones: esperanza y gratitud - Asociaci\u00f3n Espa\u00f1ola S\u00edndrome de Charge","isPartOf":{"@id":"https:\/\/sindromecharge.es\/#website"},"primaryImageOfPage":{"@id":"https:\/\/sindromecharge.es\/index.php\/2024\/10\/01\/xiv-carrera-solidaria-menudos-corazones-esperanza-gratitud\/#primaryimage"},"image":{"@id":"https:\/\/sindromecharge.es\/index.php\/2024\/10\/01\/xiv-carrera-solidaria-menudos-corazones-esperanza-gratitud\/#primaryimage"},"thumbnailUrl":"https:\/\/www.menudoscorazones.org\/wp-content\/uploads\/2024\/10\/Entrega-cheque-1024x683.jpg","datePublished":"2024-10-01T12:44:49+00:00","author":{"@id":"https:\/\/sindromecharge.es\/#\/schema\/person\/39a60ebe0a2b4d5a11179701e336b039"},"breadcrumb":{"@id":"https:\/\/sindromecharge.es\/index.php\/2024\/10\/01\/xiv-carrera-solidaria-menudos-corazones-esperanza-gratitud\/#breadcrumb"},"inLanguage":"es","potentialAction":[{"@type":"ReadAction","target":["https:\/\/sindromecharge.es\/index.php\/2024\/10\/01\/xiv-carrera-solidaria-menudos-corazones-esperanza-gratitud\/"]}]},{"@type":"ImageObject","inLanguage":"es","@id":"https:\/\/sindromecharge.es\/index.php\/2024\/10\/01\/xiv-carrera-solidaria-menudos-corazones-esperanza-gratitud\/#primaryimage","url":"https:\/\/www.menudoscorazones.org\/wp-content\/uploads\/2024\/10\/Entrega-cheque-1024x683.jpg","contentUrl":"https:\/\/www.menudoscorazones.org\/wp-content\/uploads\/2024\/10\/Entrega-cheque-1024x683.jpg"},{"@type":"BreadcrumbList","@id":"https:\/\/sindromecharge.es\/index.php\/2024\/10\/01\/xiv-carrera-solidaria-menudos-corazones-esperanza-gratitud\/#breadcrumb","itemListElement":[{"@type":"ListItem","position":1,"name":"Portada","item":"https:\/\/sindromecharge.es\/"},{"@type":"ListItem","position":2,"name":"XIV Carrera Solidaria Menudos Corazones: esperanza y gratitud"}]},{"@type":"WebSite","@id":"https:\/\/sindromecharge.es\/#website","url":"https:\/\/sindromecharge.es\/","name":"Asociaci\u00f3n Espa\u00f1ola S\u00edndrome de Charge","description":"","potentialAction":[{"@type":"SearchAction","target":{"@type":"EntryPoint","urlTemplate":"https:\/\/sindromecharge.es\/?s={search_term_string}"},"query-input":{"@type":"PropertyValueSpecification","valueRequired":true,"valueName":"search_term_string"}}],"inLanguage":"es"},{"@type":"Person","@id":"https:\/\/sindromecharge.es\/#\/schema\/person\/39a60ebe0a2b4d5a11179701e336b039","name":"Charge","image":{"@type":"ImageObject","inLanguage":"es","@id":"https:\/\/secure.gravatar.com\/avatar\/c3b46e32a0fc3b093a0873fb767bf3293de856293065e84ef06b7ec7a8acfb98?s=96&d=identicon&r=x","url":"https:\/\/secure.gravatar.com\/avatar\/c3b46e32a0fc3b093a0873fb767bf3293de856293065e84ef06b7ec7a8acfb98?s=96&d=identicon&r=x","contentUrl":"https:\/\/secure.gravatar.com\/avatar\/c3b46e32a0fc3b093a0873fb767bf3293de856293065e84ef06b7ec7a8acfb98?s=96&d=identicon&r=x","caption":"Charge"},"url":"https:\/\/sindromecharge.es\/index.php\/author\/admin\/"}]}},"_links":{"self":[{"href":"https:\/\/sindromecharge.es\/index.php\/wp-json\/wp\/v2\/posts\/10358","targetHints":{"allow":["GET"]}}],"collection":[{"href":"https:\/\/sindromecharge.es\/index.php\/wp-json\/wp\/v2\/posts"}],"about":[{"href":"https:\/\/sindromecharge.es\/index.php\/wp-json\/wp\/v2\/types\/post"}],"author":[{"embeddable":true,"href":"https:\/\/sindromecharge.es\/index.php\/wp-json\/wp\/v2\/users\/1"}],"replies":[{"embeddable":true,"href":"https:\/\/sindromecharge.es\/index.php\/wp-json\/wp\/v2\/comments?post=10358"}],"version-history":[{"count":0,"href":"https:\/\/sindromecharge.es\/index.php\/wp-json\/wp\/v2\/posts\/10358\/revisions"}],"wp:attachment":[{"href":"https:\/\/sindromecharge.es\/index.php\/wp-json\/wp\/v2\/media?parent=10358"}],"wp:term":[{"taxonomy":"category","embeddable":true,"href":"https:\/\/sindromecharge.es\/index.php\/wp-json\/wp\/v2\/categories?post=10358"},{"taxonomy":"post_tag","embeddable":true,"href":"https:\/\/sindromecharge.es\/index.php\/wp-json\/wp\/v2\/tags?post=10358"}],"curies":[{"name":"wp","href":"https:\/\/api.w.org\/{rel}","templated":true}]}}