{"id":10357,"date":"2024-10-01T06:29:09","date_gmt":"2024-10-01T06:29:09","guid":{"rendered":"https:\/\/sindromecharge.es\/index.php\/2024\/10\/01\/teresa-torre-madre-adrian-con-una-enfermedad-mitocondrial-segun-ha-avanzado-su-vida-ha-ido-perdiendo-capacidades\/"},"modified":"2024-10-01T06:29:09","modified_gmt":"2024-10-01T06:29:09","slug":"teresa-torre-madre-adrian-con-una-enfermedad-mitocondrial-segun-ha-avanzado-su-vida-ha-ido-perdiendo-capacidades","status":"publish","type":"post","link":"https:\/\/sindromecharge.es\/index.php\/2024\/10\/01\/teresa-torre-madre-adrian-con-una-enfermedad-mitocondrial-segun-ha-avanzado-su-vida-ha-ido-perdiendo-capacidades\/","title":{"rendered":"Teresa, madre de Adri\u00e1n, con una enfermedad mitocondrial: \u00abLos padres no vamos a estar siempre\u00bb"},"content":{"rendered":"<p>Leemos en Discapacidad la siguiente noticia que os reproducimos de forma \u00edntegra: <\/p>\n<div>\n<p>Las <b>enfermedades mitocondriales <\/b>son un conjunto de <a href=\"https:\/\/www.20minutos.es\/salud\/minuteca\/enfermedades-raras\/\" title=\"Enfermedades raras\" target=\"_blank\" rel=\"noopener\">enfermedades poco frecuentes<\/a>, gen\u00e9ticas, cr\u00f3nicas, degenerativas y altamente discapacitantes que tienen una causa com\u00fan: un defecto en la producci\u00f3n de energ\u00eda dentro de las c\u00e9lulas del organismo, \u00abson provocadas por el mal funcionamiento dentro de la mitocondria. La mitocondria es un org\u00e1nulo que tenemos dentro de las c\u00e9lulas y son las encargadas de crear la ATP, que es una mol\u00e9cula que produce la energ\u00eda que necesitan todos nuestros sistemas y \u00f3rganos para su buen funcionamiento. Si las mitocondrias no funcionan correctamente, <b>esto puede afectar a funciones tan b\u00e1sicas como respirar<\/b>, mover un m\u00fasculo o que funcionen los \u00f3rganos. Los sistemas que m\u00e1s energ\u00eda demandan son el cerebro y el sistema musculoesquel\u00e9tico\u00bb, explica <b>Teresa Torre, presidenta de AEPMI (Asociaci\u00f3n de Enfermos de Patolog\u00eda Mitocondrial<\/b>).<\/p>\n<p>Al afectar a la \u2018central energ\u00e9tica\u2019 de nuestro cuerpo, <b>cualquier \u00f3rgano puede verse afectado<\/b>, por eso son muy variables en cuanto a sintomatolog\u00eda o grado de aceptaci\u00f3n, \u00abhay familias que tienen varios miembros con la misma mutaci\u00f3n y con distintos grados de afectaci\u00f3n\u00bb, asegura Teresa. <\/p>\n<p>Tambi\u00e9n, cada una de estas enfermedades -hay catalogadas m\u00e1s de 20- puede transmitirse de una manera. Tienen en com\u00fan que <b>todas son gen\u00e9ticas<\/b>, pero \u00abalgunas son provocadas por mutaciones espont\u00e1neas, mientras que otras, la mayor\u00eda, son heredadas. Aunque se consideran enfermedades <b>muy poco frecuentes<\/b>, se calcula que son unas 3.500 personas afectadas en Espa\u00f1a y que una de cada 200 lleva la mutaci\u00f3n gen\u00e9tica que podr\u00eda ponerlos en riesgo de desarrollar una de estas enfermedades\u00bb, explica Teresa, que tiene dos hijos con la misma mutaci\u00f3n.<\/p>\n<h1>Se calcula que son unas 3.500 personas afectadas en Espa\u00f1a y que una de cada 200 lleva la mutaci\u00f3n gen\u00e9tica<\/h1>\n<p>El mayor apenas se ha visto afectado, \u00abtiene una vida totalmente aut\u00f3noma y plena. En alg\u00fan momento ha tenido ciertas dificultades, pero se ha estabilizado y no est\u00e1 pr\u00e1cticamente afectado\u00bb, cuenta.<\/p>\n<p>El menor, Adri\u00e1n, en cambio, que ahora tiene 26 a\u00f1os, s\u00ed est\u00e1 muy afectado y tiene un <b>elevado grado de <a href=\"https:\/\/www.20minutos.es\/minuteca\/discapacidad\/\" title=\"Discapacidad\" target=\"_blank\" rel=\"noopener\">discapacidad<\/a><\/b>.<\/p>\n<h2>Sin tratamientos eficaces, solo fisioterapia<\/h2>\n<p><b>Adri\u00e1n Mart\u00ednez<\/b>, como la mayor\u00eda de los afectados por alguna de estas enfermedades -que pueden aparecen tambi\u00e9n en cualquier etapa de la vida-, present\u00f3 <b>s\u00edntomas desde muy peque\u00f1o<\/b>. Sin embargo, no supieron qu\u00e9 enfermedad ten\u00eda hasta los 17, tras a\u00f1os de lucha y m\u00e9dicos, \u00abahora, gracias a los avances en gen\u00e9tica, los plazos se est\u00e1n acortando, pero en nuestro caso no fue as\u00ed, a pesar de presentar problemas desde que naci\u00f3\u00bb, recuerda su madre, \u00abseg\u00fan fue avanzando su vida, empezaron a aparecer otros s\u00edntomas, y ha ido perdiendo capacidades. \u00c9l era un ni\u00f1o que, a pesar de que a veces se tropezaba, <b>era capaz de andar y correr y ahora va en <a href=\"https:\/\/www.20minutos.es\/minuteca\/silla-de-ruedas\/\" title=\"Silla de ruedas\" target=\"_blank\" rel=\"noopener\">silla ruedas<\/a><\/b>; com\u00eda plenamente por boca y ahora come a trav\u00e9s de un bot\u00f3n g\u00e1strico que funciona toda la noche de forma continua para poder mantener su estado nutricional\u00bb, dice con resignaci\u00f3n.<\/p>\n<h1>Nuestra principal reivindicaci\u00f3n, como en otras enfermedades minoritarias, es que se investigue<\/h1>\n<p>Adem\u00e1s, la enfermedad ha ido afectando a otros \u00f3rganos y sistemas, \u00aba partir de los 9 a\u00f1os, empezamos a ver que ten\u00eda <b>p\u00e9rdida auditiva<\/b> y tambi\u00e9n tiene afectada la <b>visi\u00f3n<\/b> con estrabismo, visi\u00f3n doble a veces y el nervio \u00f3ptico afectado, y tiene <b>espasticidad<\/b>, dolores, <b><a href=\"https:\/\/www.20minutos.es\/minuteca\/epilepsia\/\" title=\"Epilepsia\" target=\"_blank\" rel=\"noopener\">epilepsia<\/a><\/b>\u2026\u201d<\/p>\n<p>A nivel cognitivo, en cambio, est\u00e1 muy bien, \u00abtiene alguna muy peque\u00f1a alteraci\u00f3n, a veces le puede costar entender alguna palabra\u2026, pero est\u00e1 muy bien, es tan maduro como cualquier persona de su edad y <b>es perfectamente capaz de tomar sus propias decisiones<\/b>\u00ab, quiere destacar Teresa.<\/p>\n<p>Esto le ha permitido tener un <b>buen nivel de estudios<\/b>, pues, como cuenta su madre, \u00abhizo Bachillerato de Ciencias tecnol\u00f3gicas, despu\u00e9s un ciclo superior de sistemas inform\u00e1ticos en red, estuvo dos a\u00f1os en la Universidad e incluso estuvo un tiempo trabajando\u00bb.<\/p>\n<p>Su madre, muy orgullosa de \u00e9l, destaca tambi\u00e9n su faceta como deportista, \u00aba trav\u00e9s del deporte -sobre todo del pirag\u00fcismo y el tiro con arco-, encontr\u00f3 una forma de poder enfrentarse a la enfermedad. <b>Es un luchador<\/b>\u00ab, dice emocionada.<\/p>\n<p>En la actualidad, no hay ning\u00fan tratamiento que sirva para tratar estas enfermedades, solo <b>tratamientos paliativos<\/b> seg\u00fan la sintomatolog\u00eda que van presentando. Aunque hay algo que s\u00ed ayuda a la gran mayor\u00eda, que es la <b>fisioterapia<\/b>, lo \u00fanico que ayuda a \u00abque los m\u00fasculos se mantengan mejor durante m\u00e1s tiempo y los pacientes tengan una mejor calidad de vida\u00bb. <\/p>\n<p>Un tratamiento paliativo que, adem\u00e1s <b>no cubre la sanidad p\u00fablica<\/b> y tienen que costear las familias, \u00abpor eso nuestra principal reivindicaci\u00f3n, como la de otras enfermedades minoritarias, es que se investigue para encontrar tratamientos eficaces\u00bb.<\/p>\n<h2>El anhelo de una vida aut\u00f3noma <\/h2>\n<p>Mientras, la enfermedad sigue avanzando en personas como Adri\u00e1n, que <b>cada vez necesita m\u00e1s cuidados<\/b>, \u00abpor la ma\u00f1ana, lo primero que hacemos es quitarle la m\u00e1quina con la que come toda la noche, apagarle el respirador, le ayudamos a vestir, le damos su medicaci\u00f3n y tenemos que ayudarle tambi\u00e9n a ducharse, asearse\u2026 siempre tiene que estar alguien con \u00e9l por si en alg\u00fan momento se descompensa a nivel metab\u00f3lico o tiene alguna crisis epil\u00e9ptica o cualquiera otra circunstancia que le pueda surgir\u00bb.<\/p>\n<p>Esto supone un esfuerzo creciente en unos padres que, a su vez, van cumpliendo a\u00f1os, y m\u00e1s en el caso de Teresa, que tambi\u00e9n tiene una enfermedad, \u00abtengo la <b>incapacidad<\/b>, y eso me ha permitido estar m\u00e1s con \u00e9l, pero, por otro lado, hay d\u00edas que acabo muy agotada\u00bb, reconoce.<\/p>\n<p>Por eso, entre las reivindicaciones, \u00abinvestigaci\u00f3n para poder desarrollar tratamientos, que la <b>especialidad de Gen\u00e9tica<\/b> la tengan en todos los hospitales p\u00fablicos de Espa\u00f1a, y que la <b>rehabilitaci\u00f3n<\/b>, la fisioterapia est\u00e9 dentro de la cartera para los <b>pacientes cr\u00f3nicos<\/b>\u00ab, les gustar\u00eda que los pacientes, en su mayor\u00eda j\u00f3venes, tuvieran <b>m\u00e1s apoyo social<\/b> para poder tener una vida aut\u00f3noma o independiente, para que, dentro de sus capacidades \u00abpuedan sentir que tienen el control sobre su vida\u00bb.<\/p>\n<p>Teresa lamenta que, casos como el de su hijo, j\u00f3venes muy dependientes, pero con sus capacidades cognitivas intactas y acordes a su edad, no tengan las posibilidad de vivir por su cuenta si quieren y que no sean solo las familias los que cubran sus necesidades, \u00abadem\u00e1s de los padres nos hacemos mayores y no vamos a estar siempre, <b>ellos tienen que tener la posibilidad de elegir<\/b>. Hay algunos que, con una serie de apoyos, podr\u00edan estar viviendo de manera aut\u00f3noma, si tuvieran un asistente, cuidados o ayuda a domicilio, acceso a la vivienda\u2026\u00bb.<\/p>\n<p>Este tipo de recursos no existen, pero tampoco centros especializados, de d\u00eda ni residencias, \u00abeste tipo de centros solo est\u00e1n pensados para personas que tienen mucha afectaci\u00f3n a nivel intelectual o gente mayor, y <b>all\u00ed mi hijo no encontrar\u00eda su lugar<\/b>, as\u00ed que est\u00e1 en casa siempre, vive con nosotros, pero nosotros no vamos a estar siempre\u00bb.<\/p>\n<h1>Los padres no vamos a estar siempre y ellos tienen que tener la posibilidad de elegir. Con apoyos como un asistente o acceso a la vivienda, podr\u00edan vivir de manera aut\u00f3noma<\/h1>\n<p>Tambi\u00e9n se queja Teresa de <b>falta de respiros familiares<\/b>, \u00aben nuestro caso, contamos con ayuda familiar si lo necesitamos, como mi madre, que est\u00e1 muy mayor, la pareja de mi hijo mayor\u2026 y a veces podemos tener un ratito para poder tener un respiro o poder ir a hacer algo, o incluso, si se encuentra bien, dejarlo un rato peque\u00f1o solo, pero es muy dif\u00edcil\u00bb.<\/p>\n<p>Precisamente, para visibilizar estas realidades, la <b>Asociaci\u00f3n de Enfermos de Patolog\u00eda Mitocondrial (AEPMI)<\/b>, aprovechado la Semana Mundial de las estas patolog\u00edas -que fue del 18 al 24 de septiembre- pusieron en marcha la campa\u00f1a #MenosEsM\u00e1s. Con ella no solo se busca concienciar sobre el enorme impacto de estas patolog\u00edas en la vida de los pacientes y sus familias, sino tambi\u00e9n resaltar el papel de las <b>personas cuidadoras<\/b> -principalmente madres, como Teresa- que dejan de lado sus ambiciones personales y profesionales para dedicarse en cuerpo y alma al cuidado de sus hijos.<\/p>\n<\/div>\n<p>Fuente: Discapacidad https:\/\/www.20minutos.es\/noticia\/5637485\/0\/teresa-torre-madre-adrian-con-una-enfermedad-mitocondrial-segun-ha-avanzado-su-vida-ha-ido-perdiendo-capacidades\/<\/p>\n","protected":false},"excerpt":{"rendered":"<p>Las enfermedades mitocondriales son un conjunto de enfermedades poco frecuentes, gen\u00e9ticas, cr\u00f3nicas, degenerativas y altamente discapacitantes que tienen&#8230;<\/p>\n","protected":false},"author":1,"featured_media":0,"comment_status":"closed","ping_status":"closed","sticky":false,"template":"","format":"standard","meta":{"footnotes":""},"categories":[8],"tags":[],"class_list":["post-10357","post","type-post","status-publish","format-standard","hentry","category-noticias"],"yoast_head":"<!-- This site is optimized with the Yoast SEO plugin v27.5 - https:\/\/yoast.com\/product\/yoast-seo-wordpress\/ -->\n<title>Teresa, madre de Adri\u00e1n, con una enfermedad mitocondrial: &quot;Los padres no vamos a estar siempre&quot; - Asociaci\u00f3n Espa\u00f1ola S\u00edndrome de Charge<\/title>\n<meta name=\"robots\" content=\"index, follow, max-snippet:-1, max-image-preview:large, max-video-preview:-1\" \/>\n<link rel=\"canonical\" href=\"https:\/\/sindromecharge.es\/index.php\/2024\/10\/01\/teresa-torre-madre-adrian-con-una-enfermedad-mitocondrial-segun-ha-avanzado-su-vida-ha-ido-perdiendo-capacidades\/\" \/>\n<meta property=\"og:locale\" content=\"es_ES\" \/>\n<meta property=\"og:type\" content=\"article\" \/>\n<meta property=\"og:title\" content=\"Teresa, madre de Adri\u00e1n, con una enfermedad mitocondrial: &quot;Los padres no vamos a estar siempre&quot; - Asociaci\u00f3n Espa\u00f1ola S\u00edndrome de Charge\" \/>\n<meta property=\"og:description\" content=\"Las enfermedades mitocondriales son un conjunto de enfermedades poco frecuentes, gen\u00e9ticas, cr\u00f3nicas, degenerativas y altamente discapacitantes que tienen&#8230;\" \/>\n<meta property=\"og:url\" content=\"https:\/\/sindromecharge.es\/index.php\/2024\/10\/01\/teresa-torre-madre-adrian-con-una-enfermedad-mitocondrial-segun-ha-avanzado-su-vida-ha-ido-perdiendo-capacidades\/\" \/>\n<meta property=\"og:site_name\" content=\"Asociaci\u00f3n Espa\u00f1ola S\u00edndrome de Charge\" \/>\n<meta property=\"article:publisher\" content=\"https:\/\/www.facebook.com\/asociacionsindromecharge\" \/>\n<meta property=\"article:published_time\" content=\"2024-10-01T06:29:09+00:00\" \/>\n<meta property=\"og:image\" content=\"https:\/\/sindromecharge.es\/wp-content\/uploads\/2013\/09\/logodecharge300x98.png\" \/>\n\t<meta property=\"og:image:width\" content=\"300\" \/>\n\t<meta property=\"og:image:height\" content=\"98\" \/>\n\t<meta property=\"og:image:type\" content=\"image\/png\" \/>\n<meta name=\"author\" content=\"Charge\" \/>\n<meta name=\"twitter:card\" content=\"summary_large_image\" \/>\n<meta name=\"twitter:creator\" content=\"@sindromecharge\" \/>\n<meta name=\"twitter:site\" content=\"@sindromecharge\" \/>\n<meta name=\"twitter:label1\" content=\"Escrito por\" \/>\n\t<meta name=\"twitter:data1\" content=\"Charge\" \/>\n\t<meta name=\"twitter:label2\" content=\"Tiempo de lectura\" \/>\n\t<meta name=\"twitter:data2\" content=\"7 minutos\" \/>\n<script type=\"application\/ld+json\" class=\"yoast-schema-graph\">{\"@context\":\"https:\\\/\\\/schema.org\",\"@graph\":[{\"@type\":\"Article\",\"@id\":\"https:\\\/\\\/sindromecharge.es\\\/index.php\\\/2024\\\/10\\\/01\\\/teresa-torre-madre-adrian-con-una-enfermedad-mitocondrial-segun-ha-avanzado-su-vida-ha-ido-perdiendo-capacidades\\\/#article\",\"isPartOf\":{\"@id\":\"https:\\\/\\\/sindromecharge.es\\\/index.php\\\/2024\\\/10\\\/01\\\/teresa-torre-madre-adrian-con-una-enfermedad-mitocondrial-segun-ha-avanzado-su-vida-ha-ido-perdiendo-capacidades\\\/\"},\"author\":{\"name\":\"Charge\",\"@id\":\"https:\\\/\\\/sindromecharge.es\\\/#\\\/schema\\\/person\\\/39a60ebe0a2b4d5a11179701e336b039\"},\"headline\":\"Teresa, madre de Adri\u00e1n, con una enfermedad mitocondrial: \u00abLos padres no vamos a estar siempre\u00bb\",\"datePublished\":\"2024-10-01T06:29:09+00:00\",\"mainEntityOfPage\":{\"@id\":\"https:\\\/\\\/sindromecharge.es\\\/index.php\\\/2024\\\/10\\\/01\\\/teresa-torre-madre-adrian-con-una-enfermedad-mitocondrial-segun-ha-avanzado-su-vida-ha-ido-perdiendo-capacidades\\\/\"},\"wordCount\":1469,\"articleSection\":[\"noticias\"],\"inLanguage\":\"es\"},{\"@type\":\"WebPage\",\"@id\":\"https:\\\/\\\/sindromecharge.es\\\/index.php\\\/2024\\\/10\\\/01\\\/teresa-torre-madre-adrian-con-una-enfermedad-mitocondrial-segun-ha-avanzado-su-vida-ha-ido-perdiendo-capacidades\\\/\",\"url\":\"https:\\\/\\\/sindromecharge.es\\\/index.php\\\/2024\\\/10\\\/01\\\/teresa-torre-madre-adrian-con-una-enfermedad-mitocondrial-segun-ha-avanzado-su-vida-ha-ido-perdiendo-capacidades\\\/\",\"name\":\"Teresa, madre de Adri\u00e1n, con una enfermedad mitocondrial: \\\"Los padres no vamos a estar siempre\\\" - Asociaci\u00f3n Espa\u00f1ola S\u00edndrome de Charge\",\"isPartOf\":{\"@id\":\"https:\\\/\\\/sindromecharge.es\\\/#website\"},\"datePublished\":\"2024-10-01T06:29:09+00:00\",\"author\":{\"@id\":\"https:\\\/\\\/sindromecharge.es\\\/#\\\/schema\\\/person\\\/39a60ebe0a2b4d5a11179701e336b039\"},\"breadcrumb\":{\"@id\":\"https:\\\/\\\/sindromecharge.es\\\/index.php\\\/2024\\\/10\\\/01\\\/teresa-torre-madre-adrian-con-una-enfermedad-mitocondrial-segun-ha-avanzado-su-vida-ha-ido-perdiendo-capacidades\\\/#breadcrumb\"},\"inLanguage\":\"es\",\"potentialAction\":[{\"@type\":\"ReadAction\",\"target\":[\"https:\\\/\\\/sindromecharge.es\\\/index.php\\\/2024\\\/10\\\/01\\\/teresa-torre-madre-adrian-con-una-enfermedad-mitocondrial-segun-ha-avanzado-su-vida-ha-ido-perdiendo-capacidades\\\/\"]}]},{\"@type\":\"BreadcrumbList\",\"@id\":\"https:\\\/\\\/sindromecharge.es\\\/index.php\\\/2024\\\/10\\\/01\\\/teresa-torre-madre-adrian-con-una-enfermedad-mitocondrial-segun-ha-avanzado-su-vida-ha-ido-perdiendo-capacidades\\\/#breadcrumb\",\"itemListElement\":[{\"@type\":\"ListItem\",\"position\":1,\"name\":\"Portada\",\"item\":\"https:\\\/\\\/sindromecharge.es\\\/\"},{\"@type\":\"ListItem\",\"position\":2,\"name\":\"Teresa, madre de Adri\u00e1n, con una enfermedad mitocondrial: &#8220;Los padres no vamos a estar siempre&#8221;\"}]},{\"@type\":\"WebSite\",\"@id\":\"https:\\\/\\\/sindromecharge.es\\\/#website\",\"url\":\"https:\\\/\\\/sindromecharge.es\\\/\",\"name\":\"Asociaci\u00f3n Espa\u00f1ola S\u00edndrome de Charge\",\"description\":\"\",\"potentialAction\":[{\"@type\":\"SearchAction\",\"target\":{\"@type\":\"EntryPoint\",\"urlTemplate\":\"https:\\\/\\\/sindromecharge.es\\\/?s={search_term_string}\"},\"query-input\":{\"@type\":\"PropertyValueSpecification\",\"valueRequired\":true,\"valueName\":\"search_term_string\"}}],\"inLanguage\":\"es\"},{\"@type\":\"Person\",\"@id\":\"https:\\\/\\\/sindromecharge.es\\\/#\\\/schema\\\/person\\\/39a60ebe0a2b4d5a11179701e336b039\",\"name\":\"Charge\",\"image\":{\"@type\":\"ImageObject\",\"inLanguage\":\"es\",\"@id\":\"https:\\\/\\\/secure.gravatar.com\\\/avatar\\\/c3b46e32a0fc3b093a0873fb767bf3293de856293065e84ef06b7ec7a8acfb98?s=96&d=identicon&r=x\",\"url\":\"https:\\\/\\\/secure.gravatar.com\\\/avatar\\\/c3b46e32a0fc3b093a0873fb767bf3293de856293065e84ef06b7ec7a8acfb98?s=96&d=identicon&r=x\",\"contentUrl\":\"https:\\\/\\\/secure.gravatar.com\\\/avatar\\\/c3b46e32a0fc3b093a0873fb767bf3293de856293065e84ef06b7ec7a8acfb98?s=96&d=identicon&r=x\",\"caption\":\"Charge\"},\"url\":\"https:\\\/\\\/sindromecharge.es\\\/index.php\\\/author\\\/admin\\\/\"}]}<\/script>\n<!-- \/ Yoast SEO plugin. -->","yoast_head_json":{"title":"Teresa, madre de Adri\u00e1n, con una enfermedad mitocondrial: \"Los padres no vamos a estar siempre\" - Asociaci\u00f3n Espa\u00f1ola S\u00edndrome de Charge","robots":{"index":"index","follow":"follow","max-snippet":"max-snippet:-1","max-image-preview":"max-image-preview:large","max-video-preview":"max-video-preview:-1"},"canonical":"https:\/\/sindromecharge.es\/index.php\/2024\/10\/01\/teresa-torre-madre-adrian-con-una-enfermedad-mitocondrial-segun-ha-avanzado-su-vida-ha-ido-perdiendo-capacidades\/","og_locale":"es_ES","og_type":"article","og_title":"Teresa, madre de Adri\u00e1n, con una enfermedad mitocondrial: \"Los padres no vamos a estar siempre\" - Asociaci\u00f3n Espa\u00f1ola S\u00edndrome de Charge","og_description":"Las enfermedades mitocondriales son un conjunto de enfermedades poco frecuentes, gen\u00e9ticas, cr\u00f3nicas, degenerativas y altamente discapacitantes que tienen&#8230;","og_url":"https:\/\/sindromecharge.es\/index.php\/2024\/10\/01\/teresa-torre-madre-adrian-con-una-enfermedad-mitocondrial-segun-ha-avanzado-su-vida-ha-ido-perdiendo-capacidades\/","og_site_name":"Asociaci\u00f3n Espa\u00f1ola S\u00edndrome de Charge","article_publisher":"https:\/\/www.facebook.com\/asociacionsindromecharge","article_published_time":"2024-10-01T06:29:09+00:00","og_image":[{"width":300,"height":98,"url":"https:\/\/sindromecharge.es\/wp-content\/uploads\/2013\/09\/logodecharge300x98.png","type":"image\/png"}],"author":"Charge","twitter_card":"summary_large_image","twitter_creator":"@sindromecharge","twitter_site":"@sindromecharge","twitter_misc":{"Escrito por":"Charge","Tiempo de lectura":"7 minutos"},"schema":{"@context":"https:\/\/schema.org","@graph":[{"@type":"Article","@id":"https:\/\/sindromecharge.es\/index.php\/2024\/10\/01\/teresa-torre-madre-adrian-con-una-enfermedad-mitocondrial-segun-ha-avanzado-su-vida-ha-ido-perdiendo-capacidades\/#article","isPartOf":{"@id":"https:\/\/sindromecharge.es\/index.php\/2024\/10\/01\/teresa-torre-madre-adrian-con-una-enfermedad-mitocondrial-segun-ha-avanzado-su-vida-ha-ido-perdiendo-capacidades\/"},"author":{"name":"Charge","@id":"https:\/\/sindromecharge.es\/#\/schema\/person\/39a60ebe0a2b4d5a11179701e336b039"},"headline":"Teresa, madre de Adri\u00e1n, con una enfermedad mitocondrial: \u00abLos padres no vamos a estar siempre\u00bb","datePublished":"2024-10-01T06:29:09+00:00","mainEntityOfPage":{"@id":"https:\/\/sindromecharge.es\/index.php\/2024\/10\/01\/teresa-torre-madre-adrian-con-una-enfermedad-mitocondrial-segun-ha-avanzado-su-vida-ha-ido-perdiendo-capacidades\/"},"wordCount":1469,"articleSection":["noticias"],"inLanguage":"es"},{"@type":"WebPage","@id":"https:\/\/sindromecharge.es\/index.php\/2024\/10\/01\/teresa-torre-madre-adrian-con-una-enfermedad-mitocondrial-segun-ha-avanzado-su-vida-ha-ido-perdiendo-capacidades\/","url":"https:\/\/sindromecharge.es\/index.php\/2024\/10\/01\/teresa-torre-madre-adrian-con-una-enfermedad-mitocondrial-segun-ha-avanzado-su-vida-ha-ido-perdiendo-capacidades\/","name":"Teresa, madre de Adri\u00e1n, con una enfermedad mitocondrial: \"Los padres no vamos a estar siempre\" - Asociaci\u00f3n Espa\u00f1ola S\u00edndrome de Charge","isPartOf":{"@id":"https:\/\/sindromecharge.es\/#website"},"datePublished":"2024-10-01T06:29:09+00:00","author":{"@id":"https:\/\/sindromecharge.es\/#\/schema\/person\/39a60ebe0a2b4d5a11179701e336b039"},"breadcrumb":{"@id":"https:\/\/sindromecharge.es\/index.php\/2024\/10\/01\/teresa-torre-madre-adrian-con-una-enfermedad-mitocondrial-segun-ha-avanzado-su-vida-ha-ido-perdiendo-capacidades\/#breadcrumb"},"inLanguage":"es","potentialAction":[{"@type":"ReadAction","target":["https:\/\/sindromecharge.es\/index.php\/2024\/10\/01\/teresa-torre-madre-adrian-con-una-enfermedad-mitocondrial-segun-ha-avanzado-su-vida-ha-ido-perdiendo-capacidades\/"]}]},{"@type":"BreadcrumbList","@id":"https:\/\/sindromecharge.es\/index.php\/2024\/10\/01\/teresa-torre-madre-adrian-con-una-enfermedad-mitocondrial-segun-ha-avanzado-su-vida-ha-ido-perdiendo-capacidades\/#breadcrumb","itemListElement":[{"@type":"ListItem","position":1,"name":"Portada","item":"https:\/\/sindromecharge.es\/"},{"@type":"ListItem","position":2,"name":"Teresa, madre de Adri\u00e1n, con una enfermedad mitocondrial: &#8220;Los padres no vamos a estar siempre&#8221;"}]},{"@type":"WebSite","@id":"https:\/\/sindromecharge.es\/#website","url":"https:\/\/sindromecharge.es\/","name":"Asociaci\u00f3n Espa\u00f1ola S\u00edndrome de Charge","description":"","potentialAction":[{"@type":"SearchAction","target":{"@type":"EntryPoint","urlTemplate":"https:\/\/sindromecharge.es\/?s={search_term_string}"},"query-input":{"@type":"PropertyValueSpecification","valueRequired":true,"valueName":"search_term_string"}}],"inLanguage":"es"},{"@type":"Person","@id":"https:\/\/sindromecharge.es\/#\/schema\/person\/39a60ebe0a2b4d5a11179701e336b039","name":"Charge","image":{"@type":"ImageObject","inLanguage":"es","@id":"https:\/\/secure.gravatar.com\/avatar\/c3b46e32a0fc3b093a0873fb767bf3293de856293065e84ef06b7ec7a8acfb98?s=96&d=identicon&r=x","url":"https:\/\/secure.gravatar.com\/avatar\/c3b46e32a0fc3b093a0873fb767bf3293de856293065e84ef06b7ec7a8acfb98?s=96&d=identicon&r=x","contentUrl":"https:\/\/secure.gravatar.com\/avatar\/c3b46e32a0fc3b093a0873fb767bf3293de856293065e84ef06b7ec7a8acfb98?s=96&d=identicon&r=x","caption":"Charge"},"url":"https:\/\/sindromecharge.es\/index.php\/author\/admin\/"}]}},"_links":{"self":[{"href":"https:\/\/sindromecharge.es\/index.php\/wp-json\/wp\/v2\/posts\/10357","targetHints":{"allow":["GET"]}}],"collection":[{"href":"https:\/\/sindromecharge.es\/index.php\/wp-json\/wp\/v2\/posts"}],"about":[{"href":"https:\/\/sindromecharge.es\/index.php\/wp-json\/wp\/v2\/types\/post"}],"author":[{"embeddable":true,"href":"https:\/\/sindromecharge.es\/index.php\/wp-json\/wp\/v2\/users\/1"}],"replies":[{"embeddable":true,"href":"https:\/\/sindromecharge.es\/index.php\/wp-json\/wp\/v2\/comments?post=10357"}],"version-history":[{"count":0,"href":"https:\/\/sindromecharge.es\/index.php\/wp-json\/wp\/v2\/posts\/10357\/revisions"}],"wp:attachment":[{"href":"https:\/\/sindromecharge.es\/index.php\/wp-json\/wp\/v2\/media?parent=10357"}],"wp:term":[{"taxonomy":"category","embeddable":true,"href":"https:\/\/sindromecharge.es\/index.php\/wp-json\/wp\/v2\/categories?post=10357"},{"taxonomy":"post_tag","embeddable":true,"href":"https:\/\/sindromecharge.es\/index.php\/wp-json\/wp\/v2\/tags?post=10357"}],"curies":[{"name":"wp","href":"https:\/\/api.w.org\/{rel}","templated":true}]}}