{"id":10356,"date":"2024-10-01T04:30:00","date_gmt":"2024-10-01T04:30:00","guid":{"rendered":"https:\/\/sindromecharge.es\/index.php\/2024\/10\/01\/mas-mitad-los-espanoles-tendrian-problemas-para-moverse-silla-ruedas-dentro-su-propia-casa\/"},"modified":"2024-10-01T04:30:00","modified_gmt":"2024-10-01T04:30:00","slug":"mas-mitad-los-espanoles-tendrian-problemas-para-moverse-silla-ruedas-dentro-su-propia-casa","status":"publish","type":"post","link":"https:\/\/sindromecharge.es\/index.php\/2024\/10\/01\/mas-mitad-los-espanoles-tendrian-problemas-para-moverse-silla-ruedas-dentro-su-propia-casa\/","title":{"rendered":"M\u00e1s de la mitad de los espa\u00f1oles tendr\u00edan problemas para moverse en silla de ruedas dentro de su propia casa"},"content":{"rendered":"<p>Leemos en Discapacidad la siguiente noticia que os reproducimos de forma \u00edntegra: <\/p>\n<div>\n<p>El 52% de los espa\u00f1oles <b>tendr\u00edan dificultades para desplazarse<\/b> en<a href=\"https:\/\/www.20minutos.es\/minuteca\/silla-de-ruedas\/\" title=\"Silla de ruedas\" target=\"_blank\" rel=\"noopener\"> silla de ruedas <\/a>por las \u00e1reas comunes del edificio en el que residen, y un 55% encontrar\u00eda dif\u00edcil moverse dentro de <b>su propio domicilio<\/b>.<\/p>\n<p>As\u00ed lo recoge el informe<b> \u2018La Voz de la Accesibilidad<\/b>\u2019, elaborado por la Fundaci\u00f3n Mutua de Propietarios con el objetivo de mostrar el d\u00eda a d\u00eda de los<b> m\u00e1s de 2,4 millones de espa\u00f1oles con movilidad reducida<\/b>. De estos, 270.000 (un 11%) son mayores de 65 a\u00f1os.<\/p>\n<p>Seg\u00fan este trabajo, el 40% de la poblaci\u00f3n se\u00f1ala que, en su caso, estas barreras de <a href=\"https:\/\/www.20minutos.es\/minuteca\/accesibilidad\/\" title=\"Accesibilidad\" target=\"_blank\" rel=\"noopener\">accesibilidad<\/a> ser\u00edan \u00abdif\u00edciles de solventar por la <b>complicaci\u00f3n que implica poner a todos los vecinos de acuerd<\/b>o\u00bb, especialmente si la inversi\u00f3n en obras de adaptaci\u00f3n supera los 2.000euros por vecino.<\/p>\n<p>\u00abLa movilidad reducida es uno de los principales problemas de la tercera edad y, por ello, resulta esencial que las comunidades de propietarios sean conscientes de la <b>necesidad de hacer accesibles los edificios<\/b> para facilitar la vida de los mayores\u00bb, apunt\u00f3 Cristina Pall\u00e0s, directora de la Fundaci\u00f3n Mutua de Propietarios.<\/p>\n<p>Agreg\u00f3 que<b> las dificultades para transitar libremente<\/b> entre este colectivo no solo aparecen en los espacios comunes de su bloque o vivienda. Acceder a edificios p\u00fablicos, cruzar pasos de peatones, moverse en transporte p\u00fablico o, incluso, caminar por las aceras tambi\u00e9n \u00abentra\u00f1an una gran dificultad\u00bb.<\/p>\n<p>En esta investigaci\u00f3n, la Fundaci\u00f3n Mutua de Propietarios destaca que <b>los accesos a edificios p\u00fablicos son los mejor valorados en materia de accesibilidad<\/b> (obtuvieron 5,65 puntos en la encuesta), ya que muchos cuentan con rampas o ascensores. Les siguen los pasos de peatones (5,61) y el transporte p\u00fablico adaptado, valorado con un 5,25. Con un 4,4 figuran las aceras, por su falta de amplitud y su deficiente estado.<\/p>\n<\/div>\n<p>Fuente: Discapacidad https:\/\/www.20minutos.es\/noticia\/5638927\/0\/mas-mitad-los-espanoles-tendrian-problemas-para-moverse-silla-ruedas-dentro-su-propia-casa\/<\/p>\n","protected":false},"excerpt":{"rendered":"<p>El 52% tendr\u00edan dificultades para moverse en silla de ruedas por la zonas comunes y un 55% para hacerlo dentro de su propio domicilio.<\/p>\n","protected":false},"author":1,"featured_media":0,"comment_status":"closed","ping_status":"closed","sticky":false,"template":"","format":"standard","meta":{"footnotes":""},"categories":[8],"tags":[],"class_list":["post-10356","post","type-post","status-publish","format-standard","hentry","category-noticias"],"yoast_head":"<!-- This site is optimized with the Yoast SEO plugin v27.5 - https:\/\/yoast.com\/product\/yoast-seo-wordpress\/ -->\n<title>M\u00e1s de la mitad de los espa\u00f1oles tendr\u00edan problemas para moverse en silla de ruedas dentro de su propia casa - Asociaci\u00f3n Espa\u00f1ola S\u00edndrome de Charge<\/title>\n<meta name=\"robots\" content=\"index, follow, max-snippet:-1, max-image-preview:large, max-video-preview:-1\" \/>\n<link rel=\"canonical\" href=\"https:\/\/sindromecharge.es\/index.php\/2024\/10\/01\/mas-mitad-los-espanoles-tendrian-problemas-para-moverse-silla-ruedas-dentro-su-propia-casa\/\" \/>\n<meta property=\"og:locale\" content=\"es_ES\" \/>\n<meta property=\"og:type\" content=\"article\" \/>\n<meta property=\"og:title\" content=\"M\u00e1s de la mitad de los espa\u00f1oles tendr\u00edan problemas para moverse en silla de ruedas dentro de su propia casa - Asociaci\u00f3n Espa\u00f1ola S\u00edndrome de Charge\" \/>\n<meta property=\"og:description\" content=\"El 52% tendr\u00edan dificultades para moverse en silla de ruedas por la zonas comunes y un 55% para hacerlo dentro de su propio domicilio.\" \/>\n<meta property=\"og:url\" content=\"https:\/\/sindromecharge.es\/index.php\/2024\/10\/01\/mas-mitad-los-espanoles-tendrian-problemas-para-moverse-silla-ruedas-dentro-su-propia-casa\/\" \/>\n<meta property=\"og:site_name\" content=\"Asociaci\u00f3n Espa\u00f1ola S\u00edndrome de Charge\" \/>\n<meta property=\"article:publisher\" content=\"https:\/\/www.facebook.com\/asociacionsindromecharge\" \/>\n<meta property=\"article:published_time\" content=\"2024-10-01T04:30:00+00:00\" \/>\n<meta property=\"og:image\" content=\"https:\/\/sindromecharge.es\/wp-content\/uploads\/2013\/09\/logodecharge300x98.png\" \/>\n\t<meta property=\"og:image:width\" content=\"300\" \/>\n\t<meta property=\"og:image:height\" content=\"98\" \/>\n\t<meta property=\"og:image:type\" content=\"image\/png\" \/>\n<meta name=\"author\" content=\"Charge\" \/>\n<meta name=\"twitter:card\" content=\"summary_large_image\" \/>\n<meta name=\"twitter:creator\" content=\"@sindromecharge\" \/>\n<meta name=\"twitter:site\" content=\"@sindromecharge\" \/>\n<meta name=\"twitter:label1\" content=\"Escrito por\" \/>\n\t<meta name=\"twitter:data1\" content=\"Charge\" \/>\n\t<meta name=\"twitter:label2\" content=\"Tiempo de lectura\" \/>\n\t<meta name=\"twitter:data2\" content=\"2 minutos\" \/>\n<script type=\"application\/ld+json\" class=\"yoast-schema-graph\">{\"@context\":\"https:\\\/\\\/schema.org\",\"@graph\":[{\"@type\":\"Article\",\"@id\":\"https:\\\/\\\/sindromecharge.es\\\/index.php\\\/2024\\\/10\\\/01\\\/mas-mitad-los-espanoles-tendrian-problemas-para-moverse-silla-ruedas-dentro-su-propia-casa\\\/#article\",\"isPartOf\":{\"@id\":\"https:\\\/\\\/sindromecharge.es\\\/index.php\\\/2024\\\/10\\\/01\\\/mas-mitad-los-espanoles-tendrian-problemas-para-moverse-silla-ruedas-dentro-su-propia-casa\\\/\"},\"author\":{\"name\":\"Charge\",\"@id\":\"https:\\\/\\\/sindromecharge.es\\\/#\\\/schema\\\/person\\\/39a60ebe0a2b4d5a11179701e336b039\"},\"headline\":\"M\u00e1s de la mitad de los espa\u00f1oles tendr\u00edan problemas para moverse en silla de ruedas dentro de su propia casa\",\"datePublished\":\"2024-10-01T04:30:00+00:00\",\"mainEntityOfPage\":{\"@id\":\"https:\\\/\\\/sindromecharge.es\\\/index.php\\\/2024\\\/10\\\/01\\\/mas-mitad-los-espanoles-tendrian-problemas-para-moverse-silla-ruedas-dentro-su-propia-casa\\\/\"},\"wordCount\":350,\"articleSection\":[\"noticias\"],\"inLanguage\":\"es\"},{\"@type\":\"WebPage\",\"@id\":\"https:\\\/\\\/sindromecharge.es\\\/index.php\\\/2024\\\/10\\\/01\\\/mas-mitad-los-espanoles-tendrian-problemas-para-moverse-silla-ruedas-dentro-su-propia-casa\\\/\",\"url\":\"https:\\\/\\\/sindromecharge.es\\\/index.php\\\/2024\\\/10\\\/01\\\/mas-mitad-los-espanoles-tendrian-problemas-para-moverse-silla-ruedas-dentro-su-propia-casa\\\/\",\"name\":\"M\u00e1s de la mitad de los espa\u00f1oles tendr\u00edan problemas para moverse en silla de ruedas dentro de su propia casa - Asociaci\u00f3n Espa\u00f1ola S\u00edndrome de Charge\",\"isPartOf\":{\"@id\":\"https:\\\/\\\/sindromecharge.es\\\/#website\"},\"datePublished\":\"2024-10-01T04:30:00+00:00\",\"author\":{\"@id\":\"https:\\\/\\\/sindromecharge.es\\\/#\\\/schema\\\/person\\\/39a60ebe0a2b4d5a11179701e336b039\"},\"breadcrumb\":{\"@id\":\"https:\\\/\\\/sindromecharge.es\\\/index.php\\\/2024\\\/10\\\/01\\\/mas-mitad-los-espanoles-tendrian-problemas-para-moverse-silla-ruedas-dentro-su-propia-casa\\\/#breadcrumb\"},\"inLanguage\":\"es\",\"potentialAction\":[{\"@type\":\"ReadAction\",\"target\":[\"https:\\\/\\\/sindromecharge.es\\\/index.php\\\/2024\\\/10\\\/01\\\/mas-mitad-los-espanoles-tendrian-problemas-para-moverse-silla-ruedas-dentro-su-propia-casa\\\/\"]}]},{\"@type\":\"BreadcrumbList\",\"@id\":\"https:\\\/\\\/sindromecharge.es\\\/index.php\\\/2024\\\/10\\\/01\\\/mas-mitad-los-espanoles-tendrian-problemas-para-moverse-silla-ruedas-dentro-su-propia-casa\\\/#breadcrumb\",\"itemListElement\":[{\"@type\":\"ListItem\",\"position\":1,\"name\":\"Portada\",\"item\":\"https:\\\/\\\/sindromecharge.es\\\/\"},{\"@type\":\"ListItem\",\"position\":2,\"name\":\"M\u00e1s de la mitad de los espa\u00f1oles tendr\u00edan problemas para moverse en silla de ruedas dentro de su propia casa\"}]},{\"@type\":\"WebSite\",\"@id\":\"https:\\\/\\\/sindromecharge.es\\\/#website\",\"url\":\"https:\\\/\\\/sindromecharge.es\\\/\",\"name\":\"Asociaci\u00f3n Espa\u00f1ola S\u00edndrome de Charge\",\"description\":\"\",\"potentialAction\":[{\"@type\":\"SearchAction\",\"target\":{\"@type\":\"EntryPoint\",\"urlTemplate\":\"https:\\\/\\\/sindromecharge.es\\\/?s={search_term_string}\"},\"query-input\":{\"@type\":\"PropertyValueSpecification\",\"valueRequired\":true,\"valueName\":\"search_term_string\"}}],\"inLanguage\":\"es\"},{\"@type\":\"Person\",\"@id\":\"https:\\\/\\\/sindromecharge.es\\\/#\\\/schema\\\/person\\\/39a60ebe0a2b4d5a11179701e336b039\",\"name\":\"Charge\",\"image\":{\"@type\":\"ImageObject\",\"inLanguage\":\"es\",\"@id\":\"https:\\\/\\\/secure.gravatar.com\\\/avatar\\\/c3b46e32a0fc3b093a0873fb767bf3293de856293065e84ef06b7ec7a8acfb98?s=96&d=identicon&r=x\",\"url\":\"https:\\\/\\\/secure.gravatar.com\\\/avatar\\\/c3b46e32a0fc3b093a0873fb767bf3293de856293065e84ef06b7ec7a8acfb98?s=96&d=identicon&r=x\",\"contentUrl\":\"https:\\\/\\\/secure.gravatar.com\\\/avatar\\\/c3b46e32a0fc3b093a0873fb767bf3293de856293065e84ef06b7ec7a8acfb98?s=96&d=identicon&r=x\",\"caption\":\"Charge\"},\"url\":\"https:\\\/\\\/sindromecharge.es\\\/index.php\\\/author\\\/admin\\\/\"}]}<\/script>\n<!-- \/ Yoast SEO plugin. -->","yoast_head_json":{"title":"M\u00e1s de la mitad de los espa\u00f1oles tendr\u00edan problemas para moverse en silla de ruedas dentro de su propia casa - Asociaci\u00f3n Espa\u00f1ola S\u00edndrome de Charge","robots":{"index":"index","follow":"follow","max-snippet":"max-snippet:-1","max-image-preview":"max-image-preview:large","max-video-preview":"max-video-preview:-1"},"canonical":"https:\/\/sindromecharge.es\/index.php\/2024\/10\/01\/mas-mitad-los-espanoles-tendrian-problemas-para-moverse-silla-ruedas-dentro-su-propia-casa\/","og_locale":"es_ES","og_type":"article","og_title":"M\u00e1s de la mitad de los espa\u00f1oles tendr\u00edan problemas para moverse en silla de ruedas dentro de su propia casa - Asociaci\u00f3n Espa\u00f1ola S\u00edndrome de Charge","og_description":"El 52% tendr\u00edan dificultades para moverse en silla de ruedas por la zonas comunes y un 55% para hacerlo dentro de su propio domicilio.","og_url":"https:\/\/sindromecharge.es\/index.php\/2024\/10\/01\/mas-mitad-los-espanoles-tendrian-problemas-para-moverse-silla-ruedas-dentro-su-propia-casa\/","og_site_name":"Asociaci\u00f3n Espa\u00f1ola S\u00edndrome de Charge","article_publisher":"https:\/\/www.facebook.com\/asociacionsindromecharge","article_published_time":"2024-10-01T04:30:00+00:00","og_image":[{"width":300,"height":98,"url":"https:\/\/sindromecharge.es\/wp-content\/uploads\/2013\/09\/logodecharge300x98.png","type":"image\/png"}],"author":"Charge","twitter_card":"summary_large_image","twitter_creator":"@sindromecharge","twitter_site":"@sindromecharge","twitter_misc":{"Escrito por":"Charge","Tiempo de lectura":"2 minutos"},"schema":{"@context":"https:\/\/schema.org","@graph":[{"@type":"Article","@id":"https:\/\/sindromecharge.es\/index.php\/2024\/10\/01\/mas-mitad-los-espanoles-tendrian-problemas-para-moverse-silla-ruedas-dentro-su-propia-casa\/#article","isPartOf":{"@id":"https:\/\/sindromecharge.es\/index.php\/2024\/10\/01\/mas-mitad-los-espanoles-tendrian-problemas-para-moverse-silla-ruedas-dentro-su-propia-casa\/"},"author":{"name":"Charge","@id":"https:\/\/sindromecharge.es\/#\/schema\/person\/39a60ebe0a2b4d5a11179701e336b039"},"headline":"M\u00e1s de la mitad de los espa\u00f1oles tendr\u00edan problemas para moverse en silla de ruedas dentro de su propia casa","datePublished":"2024-10-01T04:30:00+00:00","mainEntityOfPage":{"@id":"https:\/\/sindromecharge.es\/index.php\/2024\/10\/01\/mas-mitad-los-espanoles-tendrian-problemas-para-moverse-silla-ruedas-dentro-su-propia-casa\/"},"wordCount":350,"articleSection":["noticias"],"inLanguage":"es"},{"@type":"WebPage","@id":"https:\/\/sindromecharge.es\/index.php\/2024\/10\/01\/mas-mitad-los-espanoles-tendrian-problemas-para-moverse-silla-ruedas-dentro-su-propia-casa\/","url":"https:\/\/sindromecharge.es\/index.php\/2024\/10\/01\/mas-mitad-los-espanoles-tendrian-problemas-para-moverse-silla-ruedas-dentro-su-propia-casa\/","name":"M\u00e1s de la mitad de los espa\u00f1oles tendr\u00edan problemas para moverse en silla de ruedas dentro de su propia casa - Asociaci\u00f3n Espa\u00f1ola S\u00edndrome de Charge","isPartOf":{"@id":"https:\/\/sindromecharge.es\/#website"},"datePublished":"2024-10-01T04:30:00+00:00","author":{"@id":"https:\/\/sindromecharge.es\/#\/schema\/person\/39a60ebe0a2b4d5a11179701e336b039"},"breadcrumb":{"@id":"https:\/\/sindromecharge.es\/index.php\/2024\/10\/01\/mas-mitad-los-espanoles-tendrian-problemas-para-moverse-silla-ruedas-dentro-su-propia-casa\/#breadcrumb"},"inLanguage":"es","potentialAction":[{"@type":"ReadAction","target":["https:\/\/sindromecharge.es\/index.php\/2024\/10\/01\/mas-mitad-los-espanoles-tendrian-problemas-para-moverse-silla-ruedas-dentro-su-propia-casa\/"]}]},{"@type":"BreadcrumbList","@id":"https:\/\/sindromecharge.es\/index.php\/2024\/10\/01\/mas-mitad-los-espanoles-tendrian-problemas-para-moverse-silla-ruedas-dentro-su-propia-casa\/#breadcrumb","itemListElement":[{"@type":"ListItem","position":1,"name":"Portada","item":"https:\/\/sindromecharge.es\/"},{"@type":"ListItem","position":2,"name":"M\u00e1s de la mitad de los espa\u00f1oles tendr\u00edan problemas para moverse en silla de ruedas dentro de su propia casa"}]},{"@type":"WebSite","@id":"https:\/\/sindromecharge.es\/#website","url":"https:\/\/sindromecharge.es\/","name":"Asociaci\u00f3n Espa\u00f1ola S\u00edndrome de Charge","description":"","potentialAction":[{"@type":"SearchAction","target":{"@type":"EntryPoint","urlTemplate":"https:\/\/sindromecharge.es\/?s={search_term_string}"},"query-input":{"@type":"PropertyValueSpecification","valueRequired":true,"valueName":"search_term_string"}}],"inLanguage":"es"},{"@type":"Person","@id":"https:\/\/sindromecharge.es\/#\/schema\/person\/39a60ebe0a2b4d5a11179701e336b039","name":"Charge","image":{"@type":"ImageObject","inLanguage":"es","@id":"https:\/\/secure.gravatar.com\/avatar\/c3b46e32a0fc3b093a0873fb767bf3293de856293065e84ef06b7ec7a8acfb98?s=96&d=identicon&r=x","url":"https:\/\/secure.gravatar.com\/avatar\/c3b46e32a0fc3b093a0873fb767bf3293de856293065e84ef06b7ec7a8acfb98?s=96&d=identicon&r=x","contentUrl":"https:\/\/secure.gravatar.com\/avatar\/c3b46e32a0fc3b093a0873fb767bf3293de856293065e84ef06b7ec7a8acfb98?s=96&d=identicon&r=x","caption":"Charge"},"url":"https:\/\/sindromecharge.es\/index.php\/author\/admin\/"}]}},"_links":{"self":[{"href":"https:\/\/sindromecharge.es\/index.php\/wp-json\/wp\/v2\/posts\/10356","targetHints":{"allow":["GET"]}}],"collection":[{"href":"https:\/\/sindromecharge.es\/index.php\/wp-json\/wp\/v2\/posts"}],"about":[{"href":"https:\/\/sindromecharge.es\/index.php\/wp-json\/wp\/v2\/types\/post"}],"author":[{"embeddable":true,"href":"https:\/\/sindromecharge.es\/index.php\/wp-json\/wp\/v2\/users\/1"}],"replies":[{"embeddable":true,"href":"https:\/\/sindromecharge.es\/index.php\/wp-json\/wp\/v2\/comments?post=10356"}],"version-history":[{"count":0,"href":"https:\/\/sindromecharge.es\/index.php\/wp-json\/wp\/v2\/posts\/10356\/revisions"}],"wp:attachment":[{"href":"https:\/\/sindromecharge.es\/index.php\/wp-json\/wp\/v2\/media?parent=10356"}],"wp:term":[{"taxonomy":"category","embeddable":true,"href":"https:\/\/sindromecharge.es\/index.php\/wp-json\/wp\/v2\/categories?post=10356"},{"taxonomy":"post_tag","embeddable":true,"href":"https:\/\/sindromecharge.es\/index.php\/wp-json\/wp\/v2\/tags?post=10356"}],"curies":[{"name":"wp","href":"https:\/\/api.w.org\/{rel}","templated":true}]}}