{"id":10355,"date":"2024-10-01T03:19:45","date_gmt":"2024-10-01T03:19:45","guid":{"rendered":"https:\/\/sindromecharge.es\/index.php\/2024\/10\/01\/un-sistema-que-favorece-desigualdad-mar-ugarte\/"},"modified":"2024-10-01T03:19:45","modified_gmt":"2024-10-01T03:19:45","slug":"un-sistema-que-favorece-desigualdad-mar-ugarte","status":"publish","type":"post","link":"https:\/\/sindromecharge.es\/index.php\/2024\/10\/01\/un-sistema-que-favorece-desigualdad-mar-ugarte\/","title":{"rendered":"Un sistema que favorece la desigualdad"},"content":{"rendered":"<p>Leemos en Discapacidad la siguiente noticia que os reproducimos de forma \u00edntegra: <\/p>\n<div>\n<p>En Espa\u00f1a, los tr\u00e1mites de los grados de <a href=\"https:\/\/www.20minutos.es\/minuteca\/dependencia\/\" title=\"Dependencia\">dependencia<\/a> y de los certificados de <a href=\"https:\/\/www.20minutos.es\/minuteca\/discapacidad\/\" title=\"Discapacidad\">discapacidad <\/a>son un grave problema y una gran injusticia para las personas afectadas. Uno de los mayores desequilibrios radica en las diferencias territoriales: <b>la legislaci\u00f3n nacional se implementa de manera dispar en cada comunidad aut\u00f3noma,<\/b> creando desigualdades que dependen del lugar de residencia. En alguna comunidad los tr\u00e1mites son m\u00e1s \u00e1giles, mientras que en otras los retrasos pueden extenderse m\u00e1s de un a\u00f1o. Hay personas demandantes que fallecen esperando su prestaci\u00f3n.<\/p>\n<p><b>Adem\u00e1s, la falta de acceso a recursos asistenciales hace que muchas personas no puedan acceder a una vida independiente y aut\u00f3noma<\/b>, un derecho b\u00e1sico que deber\u00eda estar garantizado para todos.<\/p>\n<p>Se\u00f1alar\u00e9 que esta situaci\u00f3n no puede explicarse \u00fanicamente desde una perspectiva administrativa o de falta de recursos. <b>Existe una desconexi\u00f3n pol\u00edtica entre las distintas administraciones.<\/b> Algunas comunidades invierten m\u00e1s en atenci\u00f3n social y priorizan los recursos para las personas con discapacidad y dependencia, mientras que otras relegan estos temas a un segundo plano, priorizando otras \u00e1reas.<\/p>\n<p>La soluci\u00f3n no pasa solo por acortar los plazos, sino por garantizar una atenci\u00f3n equitativa y coordinada en todo el pa\u00eds.<b> Las personas dependientes y con discapacidad no deber\u00edan ser v\u00edctimas de un sistema que favorece el azar y perpet\u00faa la desigualdad.<\/b><\/p>\n<\/div>\n<p>Fuente: Discapacidad https:\/\/www.20minutos.es\/noticia\/5638918\/0\/un-sistema-que-favorece-desigualdad-mar-ugarte\/<\/p>\n","protected":false},"excerpt":{"rendered":"<p>En Espa\u00f1a, los tr\u00e1mites de los grados de dependencia y de los certificados de discapacidad son un grave problema y una gran injusticia para las personas afectadas&#8230;.<\/p>\n","protected":false},"author":1,"featured_media":0,"comment_status":"closed","ping_status":"closed","sticky":false,"template":"","format":"standard","meta":{"footnotes":""},"categories":[8],"tags":[],"class_list":["post-10355","post","type-post","status-publish","format-standard","hentry","category-noticias"],"yoast_head":"<!-- This site is optimized with the Yoast SEO plugin v27.5 - https:\/\/yoast.com\/product\/yoast-seo-wordpress\/ -->\n<title>Un sistema que favorece la desigualdad - Asociaci\u00f3n Espa\u00f1ola S\u00edndrome de Charge<\/title>\n<meta name=\"robots\" content=\"index, follow, max-snippet:-1, max-image-preview:large, max-video-preview:-1\" \/>\n<link rel=\"canonical\" href=\"https:\/\/sindromecharge.es\/index.php\/2024\/10\/01\/un-sistema-que-favorece-desigualdad-mar-ugarte\/\" \/>\n<meta property=\"og:locale\" content=\"es_ES\" \/>\n<meta property=\"og:type\" content=\"article\" \/>\n<meta property=\"og:title\" content=\"Un sistema que favorece la desigualdad - Asociaci\u00f3n Espa\u00f1ola S\u00edndrome de Charge\" \/>\n<meta property=\"og:description\" content=\"En Espa\u00f1a, los tr\u00e1mites de los grados de dependencia y de los certificados de discapacidad son un grave problema y una gran injusticia para las personas afectadas&#8230;.\" \/>\n<meta property=\"og:url\" content=\"https:\/\/sindromecharge.es\/index.php\/2024\/10\/01\/un-sistema-que-favorece-desigualdad-mar-ugarte\/\" \/>\n<meta property=\"og:site_name\" content=\"Asociaci\u00f3n Espa\u00f1ola S\u00edndrome de Charge\" \/>\n<meta property=\"article:publisher\" content=\"https:\/\/www.facebook.com\/asociacionsindromecharge\" \/>\n<meta property=\"article:published_time\" content=\"2024-10-01T03:19:45+00:00\" \/>\n<meta property=\"og:image\" content=\"https:\/\/sindromecharge.es\/wp-content\/uploads\/2013\/09\/logodecharge300x98.png\" \/>\n\t<meta property=\"og:image:width\" content=\"300\" \/>\n\t<meta property=\"og:image:height\" content=\"98\" \/>\n\t<meta property=\"og:image:type\" content=\"image\/png\" \/>\n<meta name=\"author\" content=\"Charge\" \/>\n<meta name=\"twitter:card\" content=\"summary_large_image\" \/>\n<meta name=\"twitter:creator\" content=\"@sindromecharge\" \/>\n<meta name=\"twitter:site\" content=\"@sindromecharge\" \/>\n<meta name=\"twitter:label1\" content=\"Escrito por\" \/>\n\t<meta name=\"twitter:data1\" content=\"Charge\" \/>\n\t<meta name=\"twitter:label2\" content=\"Tiempo de lectura\" \/>\n\t<meta name=\"twitter:data2\" content=\"1 minuto\" \/>\n<script type=\"application\/ld+json\" class=\"yoast-schema-graph\">{\"@context\":\"https:\\\/\\\/schema.org\",\"@graph\":[{\"@type\":\"Article\",\"@id\":\"https:\\\/\\\/sindromecharge.es\\\/index.php\\\/2024\\\/10\\\/01\\\/un-sistema-que-favorece-desigualdad-mar-ugarte\\\/#article\",\"isPartOf\":{\"@id\":\"https:\\\/\\\/sindromecharge.es\\\/index.php\\\/2024\\\/10\\\/01\\\/un-sistema-que-favorece-desigualdad-mar-ugarte\\\/\"},\"author\":{\"name\":\"Charge\",\"@id\":\"https:\\\/\\\/sindromecharge.es\\\/#\\\/schema\\\/person\\\/39a60ebe0a2b4d5a11179701e336b039\"},\"headline\":\"Un sistema que favorece la desigualdad\",\"datePublished\":\"2024-10-01T03:19:45+00:00\",\"mainEntityOfPage\":{\"@id\":\"https:\\\/\\\/sindromecharge.es\\\/index.php\\\/2024\\\/10\\\/01\\\/un-sistema-que-favorece-desigualdad-mar-ugarte\\\/\"},\"wordCount\":264,\"articleSection\":[\"noticias\"],\"inLanguage\":\"es\"},{\"@type\":\"WebPage\",\"@id\":\"https:\\\/\\\/sindromecharge.es\\\/index.php\\\/2024\\\/10\\\/01\\\/un-sistema-que-favorece-desigualdad-mar-ugarte\\\/\",\"url\":\"https:\\\/\\\/sindromecharge.es\\\/index.php\\\/2024\\\/10\\\/01\\\/un-sistema-que-favorece-desigualdad-mar-ugarte\\\/\",\"name\":\"Un sistema que favorece la desigualdad - Asociaci\u00f3n Espa\u00f1ola S\u00edndrome de Charge\",\"isPartOf\":{\"@id\":\"https:\\\/\\\/sindromecharge.es\\\/#website\"},\"datePublished\":\"2024-10-01T03:19:45+00:00\",\"author\":{\"@id\":\"https:\\\/\\\/sindromecharge.es\\\/#\\\/schema\\\/person\\\/39a60ebe0a2b4d5a11179701e336b039\"},\"breadcrumb\":{\"@id\":\"https:\\\/\\\/sindromecharge.es\\\/index.php\\\/2024\\\/10\\\/01\\\/un-sistema-que-favorece-desigualdad-mar-ugarte\\\/#breadcrumb\"},\"inLanguage\":\"es\",\"potentialAction\":[{\"@type\":\"ReadAction\",\"target\":[\"https:\\\/\\\/sindromecharge.es\\\/index.php\\\/2024\\\/10\\\/01\\\/un-sistema-que-favorece-desigualdad-mar-ugarte\\\/\"]}]},{\"@type\":\"BreadcrumbList\",\"@id\":\"https:\\\/\\\/sindromecharge.es\\\/index.php\\\/2024\\\/10\\\/01\\\/un-sistema-que-favorece-desigualdad-mar-ugarte\\\/#breadcrumb\",\"itemListElement\":[{\"@type\":\"ListItem\",\"position\":1,\"name\":\"Portada\",\"item\":\"https:\\\/\\\/sindromecharge.es\\\/\"},{\"@type\":\"ListItem\",\"position\":2,\"name\":\"Un sistema que favorece la desigualdad\"}]},{\"@type\":\"WebSite\",\"@id\":\"https:\\\/\\\/sindromecharge.es\\\/#website\",\"url\":\"https:\\\/\\\/sindromecharge.es\\\/\",\"name\":\"Asociaci\u00f3n Espa\u00f1ola S\u00edndrome de Charge\",\"description\":\"\",\"potentialAction\":[{\"@type\":\"SearchAction\",\"target\":{\"@type\":\"EntryPoint\",\"urlTemplate\":\"https:\\\/\\\/sindromecharge.es\\\/?s={search_term_string}\"},\"query-input\":{\"@type\":\"PropertyValueSpecification\",\"valueRequired\":true,\"valueName\":\"search_term_string\"}}],\"inLanguage\":\"es\"},{\"@type\":\"Person\",\"@id\":\"https:\\\/\\\/sindromecharge.es\\\/#\\\/schema\\\/person\\\/39a60ebe0a2b4d5a11179701e336b039\",\"name\":\"Charge\",\"image\":{\"@type\":\"ImageObject\",\"inLanguage\":\"es\",\"@id\":\"https:\\\/\\\/secure.gravatar.com\\\/avatar\\\/c3b46e32a0fc3b093a0873fb767bf3293de856293065e84ef06b7ec7a8acfb98?s=96&d=identicon&r=x\",\"url\":\"https:\\\/\\\/secure.gravatar.com\\\/avatar\\\/c3b46e32a0fc3b093a0873fb767bf3293de856293065e84ef06b7ec7a8acfb98?s=96&d=identicon&r=x\",\"contentUrl\":\"https:\\\/\\\/secure.gravatar.com\\\/avatar\\\/c3b46e32a0fc3b093a0873fb767bf3293de856293065e84ef06b7ec7a8acfb98?s=96&d=identicon&r=x\",\"caption\":\"Charge\"},\"url\":\"https:\\\/\\\/sindromecharge.es\\\/index.php\\\/author\\\/admin\\\/\"}]}<\/script>\n<!-- \/ Yoast SEO plugin. -->","yoast_head_json":{"title":"Un sistema que favorece la desigualdad - Asociaci\u00f3n Espa\u00f1ola S\u00edndrome de Charge","robots":{"index":"index","follow":"follow","max-snippet":"max-snippet:-1","max-image-preview":"max-image-preview:large","max-video-preview":"max-video-preview:-1"},"canonical":"https:\/\/sindromecharge.es\/index.php\/2024\/10\/01\/un-sistema-que-favorece-desigualdad-mar-ugarte\/","og_locale":"es_ES","og_type":"article","og_title":"Un sistema que favorece la desigualdad - Asociaci\u00f3n Espa\u00f1ola S\u00edndrome de Charge","og_description":"En Espa\u00f1a, los tr\u00e1mites de los grados de dependencia y de los certificados de discapacidad son un grave problema y una gran injusticia para las personas afectadas&#8230;.","og_url":"https:\/\/sindromecharge.es\/index.php\/2024\/10\/01\/un-sistema-que-favorece-desigualdad-mar-ugarte\/","og_site_name":"Asociaci\u00f3n Espa\u00f1ola S\u00edndrome de Charge","article_publisher":"https:\/\/www.facebook.com\/asociacionsindromecharge","article_published_time":"2024-10-01T03:19:45+00:00","og_image":[{"width":300,"height":98,"url":"https:\/\/sindromecharge.es\/wp-content\/uploads\/2013\/09\/logodecharge300x98.png","type":"image\/png"}],"author":"Charge","twitter_card":"summary_large_image","twitter_creator":"@sindromecharge","twitter_site":"@sindromecharge","twitter_misc":{"Escrito por":"Charge","Tiempo de lectura":"1 minuto"},"schema":{"@context":"https:\/\/schema.org","@graph":[{"@type":"Article","@id":"https:\/\/sindromecharge.es\/index.php\/2024\/10\/01\/un-sistema-que-favorece-desigualdad-mar-ugarte\/#article","isPartOf":{"@id":"https:\/\/sindromecharge.es\/index.php\/2024\/10\/01\/un-sistema-que-favorece-desigualdad-mar-ugarte\/"},"author":{"name":"Charge","@id":"https:\/\/sindromecharge.es\/#\/schema\/person\/39a60ebe0a2b4d5a11179701e336b039"},"headline":"Un sistema que favorece la desigualdad","datePublished":"2024-10-01T03:19:45+00:00","mainEntityOfPage":{"@id":"https:\/\/sindromecharge.es\/index.php\/2024\/10\/01\/un-sistema-que-favorece-desigualdad-mar-ugarte\/"},"wordCount":264,"articleSection":["noticias"],"inLanguage":"es"},{"@type":"WebPage","@id":"https:\/\/sindromecharge.es\/index.php\/2024\/10\/01\/un-sistema-que-favorece-desigualdad-mar-ugarte\/","url":"https:\/\/sindromecharge.es\/index.php\/2024\/10\/01\/un-sistema-que-favorece-desigualdad-mar-ugarte\/","name":"Un sistema que favorece la desigualdad - Asociaci\u00f3n Espa\u00f1ola S\u00edndrome de Charge","isPartOf":{"@id":"https:\/\/sindromecharge.es\/#website"},"datePublished":"2024-10-01T03:19:45+00:00","author":{"@id":"https:\/\/sindromecharge.es\/#\/schema\/person\/39a60ebe0a2b4d5a11179701e336b039"},"breadcrumb":{"@id":"https:\/\/sindromecharge.es\/index.php\/2024\/10\/01\/un-sistema-que-favorece-desigualdad-mar-ugarte\/#breadcrumb"},"inLanguage":"es","potentialAction":[{"@type":"ReadAction","target":["https:\/\/sindromecharge.es\/index.php\/2024\/10\/01\/un-sistema-que-favorece-desigualdad-mar-ugarte\/"]}]},{"@type":"BreadcrumbList","@id":"https:\/\/sindromecharge.es\/index.php\/2024\/10\/01\/un-sistema-que-favorece-desigualdad-mar-ugarte\/#breadcrumb","itemListElement":[{"@type":"ListItem","position":1,"name":"Portada","item":"https:\/\/sindromecharge.es\/"},{"@type":"ListItem","position":2,"name":"Un sistema que favorece la desigualdad"}]},{"@type":"WebSite","@id":"https:\/\/sindromecharge.es\/#website","url":"https:\/\/sindromecharge.es\/","name":"Asociaci\u00f3n Espa\u00f1ola S\u00edndrome de Charge","description":"","potentialAction":[{"@type":"SearchAction","target":{"@type":"EntryPoint","urlTemplate":"https:\/\/sindromecharge.es\/?s={search_term_string}"},"query-input":{"@type":"PropertyValueSpecification","valueRequired":true,"valueName":"search_term_string"}}],"inLanguage":"es"},{"@type":"Person","@id":"https:\/\/sindromecharge.es\/#\/schema\/person\/39a60ebe0a2b4d5a11179701e336b039","name":"Charge","image":{"@type":"ImageObject","inLanguage":"es","@id":"https:\/\/secure.gravatar.com\/avatar\/c3b46e32a0fc3b093a0873fb767bf3293de856293065e84ef06b7ec7a8acfb98?s=96&d=identicon&r=x","url":"https:\/\/secure.gravatar.com\/avatar\/c3b46e32a0fc3b093a0873fb767bf3293de856293065e84ef06b7ec7a8acfb98?s=96&d=identicon&r=x","contentUrl":"https:\/\/secure.gravatar.com\/avatar\/c3b46e32a0fc3b093a0873fb767bf3293de856293065e84ef06b7ec7a8acfb98?s=96&d=identicon&r=x","caption":"Charge"},"url":"https:\/\/sindromecharge.es\/index.php\/author\/admin\/"}]}},"_links":{"self":[{"href":"https:\/\/sindromecharge.es\/index.php\/wp-json\/wp\/v2\/posts\/10355","targetHints":{"allow":["GET"]}}],"collection":[{"href":"https:\/\/sindromecharge.es\/index.php\/wp-json\/wp\/v2\/posts"}],"about":[{"href":"https:\/\/sindromecharge.es\/index.php\/wp-json\/wp\/v2\/types\/post"}],"author":[{"embeddable":true,"href":"https:\/\/sindromecharge.es\/index.php\/wp-json\/wp\/v2\/users\/1"}],"replies":[{"embeddable":true,"href":"https:\/\/sindromecharge.es\/index.php\/wp-json\/wp\/v2\/comments?post=10355"}],"version-history":[{"count":0,"href":"https:\/\/sindromecharge.es\/index.php\/wp-json\/wp\/v2\/posts\/10355\/revisions"}],"wp:attachment":[{"href":"https:\/\/sindromecharge.es\/index.php\/wp-json\/wp\/v2\/media?parent=10355"}],"wp:term":[{"taxonomy":"category","embeddable":true,"href":"https:\/\/sindromecharge.es\/index.php\/wp-json\/wp\/v2\/categories?post=10355"},{"taxonomy":"post_tag","embeddable":true,"href":"https:\/\/sindromecharge.es\/index.php\/wp-json\/wp\/v2\/tags?post=10355"}],"curies":[{"name":"wp","href":"https:\/\/api.w.org\/{rel}","templated":true}]}}