{"id":10354,"date":"2024-09-30T15:03:39","date_gmt":"2024-09-30T15:03:39","guid":{"rendered":"https:\/\/sindromecharge.es\/index.php\/2024\/09\/30\/discapacidad-radio-reina-destaca-supresion-barreras-comunicacion-radio-accesible-sordos\/"},"modified":"2024-09-30T15:03:39","modified_gmt":"2024-09-30T15:03:39","slug":"discapacidad-radio-reina-destaca-supresion-barreras-comunicacion-radio-accesible-sordos","status":"publish","type":"post","link":"https:\/\/sindromecharge.es\/index.php\/2024\/09\/30\/discapacidad-radio-reina-destaca-supresion-barreras-comunicacion-radio-accesible-sordos\/","title":{"rendered":"&#8216;RNE para todos&#8217;, la iniciativa para hacer accesible la radio a las personas sordas: \u00abFinalizan cien a\u00f1os de exclusi\u00f3n\u00bb"},"content":{"rendered":"<p>Leemos en Discapacidad la siguiente noticia que os reproducimos de forma \u00edntegra: <\/p>\n<div>\n<p>La reina ha accionado este lunes en RNE el \u00abbot\u00f3n rojo\u00bb con el que ha dado comienzo un servicio pionero en la radio al hacerla<b> accesible para las personas sordas<\/b> mediante la incorporaci\u00f3n de subtitulaci\u00f3n, un proyecto con el que, ha destacado, se suprimen barreras de la comunicaci\u00f3n.<\/p>\n<p>RTVE ha iniciado as\u00ed su proyecto \u2018<b>RNE para todos<\/b>\u2019, la subtitulaci\u00f3n de sus emisiones acompa\u00f1ada de la imagen de estudio de Radio Nacional, un servicio que se prestar\u00e1 con una<b> cobertura inicial del 60 por ciento de la poblaci\u00f3n en TDT<\/b>, si bien aumentar\u00e1 la cobertura para llegar a m\u00e1s del 99 por ciento a medio plazo.<\/p>\n<p>Seg\u00fan datos del Instituto Nacional de Estad\u00edstica,<b> en Espa\u00f1a hay 1.230.000 personas con una discapacidad auditiva<\/b> de distinto tipo y grado.<\/p>\n<p><a href=\"https:\/\/www.20minutos.es\/minuteca\/letizia\/\" title=\"Letizia\">Do\u00f1a Letizia<\/a>, que ha participado en la Casa de la Radio de RNE en Prado del Rey, en Madrid, en el programa en directo en el que se ha puesto en marcha &#8216;RNE para todos&#8217;, ha considerado una \u00abmuy buena noticia\u00bb que la <b>radio p\u00fablica suprima as\u00ed barreras de la comunicaci\u00f3n<\/b>.<\/p>\n<p>El ministro de Derechos Sociales, Consumo y Agenda 2030,<a href=\"https:\/\/www.20minutos.es\/minuteca\/pablo-bustinduy\/\" title=\"Pablo Bustinduy\" target=\"_blank\" rel=\"noopener\"> Pablo Bustinduy<\/a>, ha resaltado por su parte la labor de lo p\u00fablico de \u00abaterrizar\u00bb en lo cotidiano para hacer posible la<a href=\"https:\/\/www.20minutos.es\/minuteca\/inclusion\/\" title=\"Inclusi\u00f3n\" target=\"_blank\" rel=\"noopener\"> inclusi\u00f3n<\/a>, y qu\u00e9 m\u00e1s cotidiano, ha dicho, que la radio tanto en su labor de informaci\u00f3n y comunicaci\u00f3n como en la de acompa\u00f1amiento.<\/p>\n<p>Por eso, ha recalcado el paso que supone que 1,2 millones de personas sordas puedan participar desde ahora en algo colectivo como es la radio y que se une a otras iniciativas como las llevadas a cabo en centros de salud, en el \u00e1mbito de la justicia, en el 112 o en la educaci\u00f3n, aunque tambi\u00e9n ha subrayado \u00ab<b>todo lo que falta por hacer<\/b>\u00ab.<\/p>\n<p>La <b>presidenta de la corporaci\u00f3n RTVE, Concepci\u00f3n Cascajosa<\/b>, ha explicado las fases de este proyecto, para la que RNE realiz\u00f3 la prueba piloto en febrero de 2023, con motivo del d\u00eda mundial de la radio, con la colaboraci\u00f3n del <b>Centro Espa\u00f1ol de Subtitulaci\u00f3n y Audiodescripci\u00f3n<\/b>.<\/p>\n<p>Cascajosa ha destacado c\u00f3mo, cuando la radio cumple un siglo, el servicio p\u00fablico <b>puede llegar \u00abpor fin\u00bb a las personas sordas<\/b> y se acaba con la \u00abinjusticia\u00bb de que se hayan visto privadas de ello.<\/p>\n<p>Porque aunque la Ley General de Comunicaci\u00f3n Audiovisual desde 2010 establece <b>obligaciones de<a href=\"https:\/\/www.20minutos.es\/minuteca\/accesibilidad\/\" title=\"Accesibilidad\" target=\"_blank\" rel=\"noopener\"> accesibilidad<\/a><\/b> para el servicio de televisi\u00f3n mediante <b>subtitulaci\u00f3n para personas sordas<\/b>, lengua de signos y <b>audiodescripci\u00f3n para personas ciegas<\/b>, no existe ninguna para el caso de la radio.<\/p>\n<p>Carmen Jaudenes, directora de la Confederaci\u00f3n Espa\u00f1ola de Familias de Personas Sordas, ha indicado que existen medios que pueden mejorar la calidad de vida de este colectivo para que se cumplan as\u00ed sus derechos y ha destacado lo importante que es la difusi\u00f3n para que se conozcan.<\/p>\n<p>Mar\u00eda Jes\u00fas Serna, consejera de la Confederaci\u00f3n Estatal de Personas Sordas, ha se\u00f1alado la importancia de este <b>nuevo servicio construido desde lo p\u00fablico<\/b> y con el que finalizan \u00abcien a\u00f1os de exclusi\u00f3n de las personas sordas de la radio\u00bb.<\/p>\n<p>Serna ha dicho que, no obstante, hay<b> mucho espacio de mejora en otros \u00e1mbitos <\/b>para garantizar la accesibilidad y el ejercicio de derechos en igualdad para las personas con<a href=\"https:\/\/www.20minutos.es\/minuteca\/discapacidad\/\" title=\"Discapacidad\" target=\"_blank\" rel=\"noopener\"> discapacidad<\/a> auditiva.<\/p>\n<\/div>\n<p>Fuente: Discapacidad https:\/\/www.20minutos.es\/noticia\/5638899\/0\/discapacidad-radio-reina-destaca-supresion-barreras-comunicacion-radio-accesible-sordos\/<\/p>\n","protected":false},"excerpt":{"rendered":"<p>RNE, ha presentado, junto a la reina Letizia, un servicio pionero que incorpora la subtitulaci\u00f3n en la radio.<\/p>\n","protected":false},"author":1,"featured_media":0,"comment_status":"closed","ping_status":"closed","sticky":false,"template":"","format":"standard","meta":{"footnotes":""},"categories":[8],"tags":[],"class_list":["post-10354","post","type-post","status-publish","format-standard","hentry","category-noticias"],"yoast_head":"<!-- This site is optimized with the Yoast SEO plugin v27.5 - https:\/\/yoast.com\/product\/yoast-seo-wordpress\/ -->\n<title>&#039;RNE para todos&#039;, la iniciativa para hacer accesible la radio a las personas sordas: &quot;Finalizan cien a\u00f1os de exclusi\u00f3n&quot; - Asociaci\u00f3n Espa\u00f1ola S\u00edndrome de Charge<\/title>\n<meta name=\"robots\" content=\"index, follow, max-snippet:-1, max-image-preview:large, max-video-preview:-1\" \/>\n<link rel=\"canonical\" href=\"https:\/\/sindromecharge.es\/index.php\/2024\/09\/30\/discapacidad-radio-reina-destaca-supresion-barreras-comunicacion-radio-accesible-sordos\/\" \/>\n<meta property=\"og:locale\" content=\"es_ES\" \/>\n<meta property=\"og:type\" content=\"article\" \/>\n<meta property=\"og:title\" content=\"&#039;RNE para todos&#039;, la iniciativa para hacer accesible la radio a las personas sordas: &quot;Finalizan cien a\u00f1os de exclusi\u00f3n&quot; - Asociaci\u00f3n Espa\u00f1ola S\u00edndrome de Charge\" \/>\n<meta property=\"og:description\" content=\"RNE, ha presentado, junto a la reina Letizia, un servicio pionero que incorpora la subtitulaci\u00f3n en la radio.\" \/>\n<meta property=\"og:url\" content=\"https:\/\/sindromecharge.es\/index.php\/2024\/09\/30\/discapacidad-radio-reina-destaca-supresion-barreras-comunicacion-radio-accesible-sordos\/\" \/>\n<meta property=\"og:site_name\" content=\"Asociaci\u00f3n Espa\u00f1ola S\u00edndrome de Charge\" \/>\n<meta property=\"article:publisher\" content=\"https:\/\/www.facebook.com\/asociacionsindromecharge\" \/>\n<meta property=\"article:published_time\" content=\"2024-09-30T15:03:39+00:00\" \/>\n<meta property=\"og:image\" content=\"https:\/\/sindromecharge.es\/wp-content\/uploads\/2013\/09\/logodecharge300x98.png\" \/>\n\t<meta property=\"og:image:width\" content=\"300\" \/>\n\t<meta property=\"og:image:height\" content=\"98\" \/>\n\t<meta property=\"og:image:type\" content=\"image\/png\" \/>\n<meta name=\"author\" content=\"Charge\" \/>\n<meta name=\"twitter:card\" content=\"summary_large_image\" \/>\n<meta name=\"twitter:creator\" content=\"@sindromecharge\" \/>\n<meta name=\"twitter:site\" content=\"@sindromecharge\" \/>\n<meta name=\"twitter:label1\" content=\"Escrito por\" \/>\n\t<meta name=\"twitter:data1\" content=\"Charge\" \/>\n\t<meta name=\"twitter:label2\" content=\"Tiempo de lectura\" \/>\n\t<meta name=\"twitter:data2\" content=\"3 minutos\" \/>\n<script type=\"application\/ld+json\" class=\"yoast-schema-graph\">{\"@context\":\"https:\\\/\\\/schema.org\",\"@graph\":[{\"@type\":\"Article\",\"@id\":\"https:\\\/\\\/sindromecharge.es\\\/index.php\\\/2024\\\/09\\\/30\\\/discapacidad-radio-reina-destaca-supresion-barreras-comunicacion-radio-accesible-sordos\\\/#article\",\"isPartOf\":{\"@id\":\"https:\\\/\\\/sindromecharge.es\\\/index.php\\\/2024\\\/09\\\/30\\\/discapacidad-radio-reina-destaca-supresion-barreras-comunicacion-radio-accesible-sordos\\\/\"},\"author\":{\"name\":\"Charge\",\"@id\":\"https:\\\/\\\/sindromecharge.es\\\/#\\\/schema\\\/person\\\/39a60ebe0a2b4d5a11179701e336b039\"},\"headline\":\"&#8216;RNE para todos&#8217;, la iniciativa para hacer accesible la radio a las personas sordas: \u00abFinalizan cien a\u00f1os de exclusi\u00f3n\u00bb\",\"datePublished\":\"2024-09-30T15:03:39+00:00\",\"mainEntityOfPage\":{\"@id\":\"https:\\\/\\\/sindromecharge.es\\\/index.php\\\/2024\\\/09\\\/30\\\/discapacidad-radio-reina-destaca-supresion-barreras-comunicacion-radio-accesible-sordos\\\/\"},\"wordCount\":610,\"articleSection\":[\"noticias\"],\"inLanguage\":\"es\"},{\"@type\":\"WebPage\",\"@id\":\"https:\\\/\\\/sindromecharge.es\\\/index.php\\\/2024\\\/09\\\/30\\\/discapacidad-radio-reina-destaca-supresion-barreras-comunicacion-radio-accesible-sordos\\\/\",\"url\":\"https:\\\/\\\/sindromecharge.es\\\/index.php\\\/2024\\\/09\\\/30\\\/discapacidad-radio-reina-destaca-supresion-barreras-comunicacion-radio-accesible-sordos\\\/\",\"name\":\"'RNE para todos', la iniciativa para hacer accesible la radio a las personas sordas: \\\"Finalizan cien a\u00f1os de exclusi\u00f3n\\\" - Asociaci\u00f3n Espa\u00f1ola S\u00edndrome de Charge\",\"isPartOf\":{\"@id\":\"https:\\\/\\\/sindromecharge.es\\\/#website\"},\"datePublished\":\"2024-09-30T15:03:39+00:00\",\"author\":{\"@id\":\"https:\\\/\\\/sindromecharge.es\\\/#\\\/schema\\\/person\\\/39a60ebe0a2b4d5a11179701e336b039\"},\"breadcrumb\":{\"@id\":\"https:\\\/\\\/sindromecharge.es\\\/index.php\\\/2024\\\/09\\\/30\\\/discapacidad-radio-reina-destaca-supresion-barreras-comunicacion-radio-accesible-sordos\\\/#breadcrumb\"},\"inLanguage\":\"es\",\"potentialAction\":[{\"@type\":\"ReadAction\",\"target\":[\"https:\\\/\\\/sindromecharge.es\\\/index.php\\\/2024\\\/09\\\/30\\\/discapacidad-radio-reina-destaca-supresion-barreras-comunicacion-radio-accesible-sordos\\\/\"]}]},{\"@type\":\"BreadcrumbList\",\"@id\":\"https:\\\/\\\/sindromecharge.es\\\/index.php\\\/2024\\\/09\\\/30\\\/discapacidad-radio-reina-destaca-supresion-barreras-comunicacion-radio-accesible-sordos\\\/#breadcrumb\",\"itemListElement\":[{\"@type\":\"ListItem\",\"position\":1,\"name\":\"Portada\",\"item\":\"https:\\\/\\\/sindromecharge.es\\\/\"},{\"@type\":\"ListItem\",\"position\":2,\"name\":\"&#8216;RNE para todos&#8217;, la iniciativa para hacer accesible la radio a las personas sordas: &#8220;Finalizan cien a\u00f1os de exclusi\u00f3n&#8221;\"}]},{\"@type\":\"WebSite\",\"@id\":\"https:\\\/\\\/sindromecharge.es\\\/#website\",\"url\":\"https:\\\/\\\/sindromecharge.es\\\/\",\"name\":\"Asociaci\u00f3n Espa\u00f1ola S\u00edndrome de Charge\",\"description\":\"\",\"potentialAction\":[{\"@type\":\"SearchAction\",\"target\":{\"@type\":\"EntryPoint\",\"urlTemplate\":\"https:\\\/\\\/sindromecharge.es\\\/?s={search_term_string}\"},\"query-input\":{\"@type\":\"PropertyValueSpecification\",\"valueRequired\":true,\"valueName\":\"search_term_string\"}}],\"inLanguage\":\"es\"},{\"@type\":\"Person\",\"@id\":\"https:\\\/\\\/sindromecharge.es\\\/#\\\/schema\\\/person\\\/39a60ebe0a2b4d5a11179701e336b039\",\"name\":\"Charge\",\"image\":{\"@type\":\"ImageObject\",\"inLanguage\":\"es\",\"@id\":\"https:\\\/\\\/secure.gravatar.com\\\/avatar\\\/c3b46e32a0fc3b093a0873fb767bf3293de856293065e84ef06b7ec7a8acfb98?s=96&d=identicon&r=x\",\"url\":\"https:\\\/\\\/secure.gravatar.com\\\/avatar\\\/c3b46e32a0fc3b093a0873fb767bf3293de856293065e84ef06b7ec7a8acfb98?s=96&d=identicon&r=x\",\"contentUrl\":\"https:\\\/\\\/secure.gravatar.com\\\/avatar\\\/c3b46e32a0fc3b093a0873fb767bf3293de856293065e84ef06b7ec7a8acfb98?s=96&d=identicon&r=x\",\"caption\":\"Charge\"},\"url\":\"https:\\\/\\\/sindromecharge.es\\\/index.php\\\/author\\\/admin\\\/\"}]}<\/script>\n<!-- \/ Yoast SEO plugin. -->","yoast_head_json":{"title":"'RNE para todos', la iniciativa para hacer accesible la radio a las personas sordas: \"Finalizan cien a\u00f1os de exclusi\u00f3n\" - Asociaci\u00f3n Espa\u00f1ola S\u00edndrome de Charge","robots":{"index":"index","follow":"follow","max-snippet":"max-snippet:-1","max-image-preview":"max-image-preview:large","max-video-preview":"max-video-preview:-1"},"canonical":"https:\/\/sindromecharge.es\/index.php\/2024\/09\/30\/discapacidad-radio-reina-destaca-supresion-barreras-comunicacion-radio-accesible-sordos\/","og_locale":"es_ES","og_type":"article","og_title":"'RNE para todos', la iniciativa para hacer accesible la radio a las personas sordas: \"Finalizan cien a\u00f1os de exclusi\u00f3n\" - Asociaci\u00f3n Espa\u00f1ola S\u00edndrome de Charge","og_description":"RNE, ha presentado, junto a la reina Letizia, un servicio pionero que incorpora la subtitulaci\u00f3n en la radio.","og_url":"https:\/\/sindromecharge.es\/index.php\/2024\/09\/30\/discapacidad-radio-reina-destaca-supresion-barreras-comunicacion-radio-accesible-sordos\/","og_site_name":"Asociaci\u00f3n Espa\u00f1ola S\u00edndrome de Charge","article_publisher":"https:\/\/www.facebook.com\/asociacionsindromecharge","article_published_time":"2024-09-30T15:03:39+00:00","og_image":[{"width":300,"height":98,"url":"https:\/\/sindromecharge.es\/wp-content\/uploads\/2013\/09\/logodecharge300x98.png","type":"image\/png"}],"author":"Charge","twitter_card":"summary_large_image","twitter_creator":"@sindromecharge","twitter_site":"@sindromecharge","twitter_misc":{"Escrito por":"Charge","Tiempo de lectura":"3 minutos"},"schema":{"@context":"https:\/\/schema.org","@graph":[{"@type":"Article","@id":"https:\/\/sindromecharge.es\/index.php\/2024\/09\/30\/discapacidad-radio-reina-destaca-supresion-barreras-comunicacion-radio-accesible-sordos\/#article","isPartOf":{"@id":"https:\/\/sindromecharge.es\/index.php\/2024\/09\/30\/discapacidad-radio-reina-destaca-supresion-barreras-comunicacion-radio-accesible-sordos\/"},"author":{"name":"Charge","@id":"https:\/\/sindromecharge.es\/#\/schema\/person\/39a60ebe0a2b4d5a11179701e336b039"},"headline":"&#8216;RNE para todos&#8217;, la iniciativa para hacer accesible la radio a las personas sordas: \u00abFinalizan cien a\u00f1os de exclusi\u00f3n\u00bb","datePublished":"2024-09-30T15:03:39+00:00","mainEntityOfPage":{"@id":"https:\/\/sindromecharge.es\/index.php\/2024\/09\/30\/discapacidad-radio-reina-destaca-supresion-barreras-comunicacion-radio-accesible-sordos\/"},"wordCount":610,"articleSection":["noticias"],"inLanguage":"es"},{"@type":"WebPage","@id":"https:\/\/sindromecharge.es\/index.php\/2024\/09\/30\/discapacidad-radio-reina-destaca-supresion-barreras-comunicacion-radio-accesible-sordos\/","url":"https:\/\/sindromecharge.es\/index.php\/2024\/09\/30\/discapacidad-radio-reina-destaca-supresion-barreras-comunicacion-radio-accesible-sordos\/","name":"'RNE para todos', la iniciativa para hacer accesible la radio a las personas sordas: \"Finalizan cien a\u00f1os de exclusi\u00f3n\" - Asociaci\u00f3n Espa\u00f1ola S\u00edndrome de Charge","isPartOf":{"@id":"https:\/\/sindromecharge.es\/#website"},"datePublished":"2024-09-30T15:03:39+00:00","author":{"@id":"https:\/\/sindromecharge.es\/#\/schema\/person\/39a60ebe0a2b4d5a11179701e336b039"},"breadcrumb":{"@id":"https:\/\/sindromecharge.es\/index.php\/2024\/09\/30\/discapacidad-radio-reina-destaca-supresion-barreras-comunicacion-radio-accesible-sordos\/#breadcrumb"},"inLanguage":"es","potentialAction":[{"@type":"ReadAction","target":["https:\/\/sindromecharge.es\/index.php\/2024\/09\/30\/discapacidad-radio-reina-destaca-supresion-barreras-comunicacion-radio-accesible-sordos\/"]}]},{"@type":"BreadcrumbList","@id":"https:\/\/sindromecharge.es\/index.php\/2024\/09\/30\/discapacidad-radio-reina-destaca-supresion-barreras-comunicacion-radio-accesible-sordos\/#breadcrumb","itemListElement":[{"@type":"ListItem","position":1,"name":"Portada","item":"https:\/\/sindromecharge.es\/"},{"@type":"ListItem","position":2,"name":"&#8216;RNE para todos&#8217;, la iniciativa para hacer accesible la radio a las personas sordas: &#8220;Finalizan cien a\u00f1os de exclusi\u00f3n&#8221;"}]},{"@type":"WebSite","@id":"https:\/\/sindromecharge.es\/#website","url":"https:\/\/sindromecharge.es\/","name":"Asociaci\u00f3n Espa\u00f1ola S\u00edndrome de Charge","description":"","potentialAction":[{"@type":"SearchAction","target":{"@type":"EntryPoint","urlTemplate":"https:\/\/sindromecharge.es\/?s={search_term_string}"},"query-input":{"@type":"PropertyValueSpecification","valueRequired":true,"valueName":"search_term_string"}}],"inLanguage":"es"},{"@type":"Person","@id":"https:\/\/sindromecharge.es\/#\/schema\/person\/39a60ebe0a2b4d5a11179701e336b039","name":"Charge","image":{"@type":"ImageObject","inLanguage":"es","@id":"https:\/\/secure.gravatar.com\/avatar\/c3b46e32a0fc3b093a0873fb767bf3293de856293065e84ef06b7ec7a8acfb98?s=96&d=identicon&r=x","url":"https:\/\/secure.gravatar.com\/avatar\/c3b46e32a0fc3b093a0873fb767bf3293de856293065e84ef06b7ec7a8acfb98?s=96&d=identicon&r=x","contentUrl":"https:\/\/secure.gravatar.com\/avatar\/c3b46e32a0fc3b093a0873fb767bf3293de856293065e84ef06b7ec7a8acfb98?s=96&d=identicon&r=x","caption":"Charge"},"url":"https:\/\/sindromecharge.es\/index.php\/author\/admin\/"}]}},"_links":{"self":[{"href":"https:\/\/sindromecharge.es\/index.php\/wp-json\/wp\/v2\/posts\/10354","targetHints":{"allow":["GET"]}}],"collection":[{"href":"https:\/\/sindromecharge.es\/index.php\/wp-json\/wp\/v2\/posts"}],"about":[{"href":"https:\/\/sindromecharge.es\/index.php\/wp-json\/wp\/v2\/types\/post"}],"author":[{"embeddable":true,"href":"https:\/\/sindromecharge.es\/index.php\/wp-json\/wp\/v2\/users\/1"}],"replies":[{"embeddable":true,"href":"https:\/\/sindromecharge.es\/index.php\/wp-json\/wp\/v2\/comments?post=10354"}],"version-history":[{"count":0,"href":"https:\/\/sindromecharge.es\/index.php\/wp-json\/wp\/v2\/posts\/10354\/revisions"}],"wp:attachment":[{"href":"https:\/\/sindromecharge.es\/index.php\/wp-json\/wp\/v2\/media?parent=10354"}],"wp:term":[{"taxonomy":"category","embeddable":true,"href":"https:\/\/sindromecharge.es\/index.php\/wp-json\/wp\/v2\/categories?post=10354"},{"taxonomy":"post_tag","embeddable":true,"href":"https:\/\/sindromecharge.es\/index.php\/wp-json\/wp\/v2\/tags?post=10354"}],"curies":[{"name":"wp","href":"https:\/\/api.w.org\/{rel}","templated":true}]}}