{"id":10353,"date":"2024-09-30T14:25:35","date_gmt":"2024-09-30T14:25:35","guid":{"rendered":"https:\/\/sindromecharge.es\/index.php\/2024\/09\/30\/desinformacion-libertad-expresion-discapacidad\/"},"modified":"2024-09-30T14:25:35","modified_gmt":"2024-09-30T14:25:35","slug":"desinformacion-libertad-expresion-discapacidad","status":"publish","type":"post","link":"https:\/\/sindromecharge.es\/index.php\/2024\/09\/30\/desinformacion-libertad-expresion-discapacidad\/","title":{"rendered":"Desinformaci\u00f3n, libertad de expresi\u00f3n y discapacidad"},"content":{"rendered":"<p>Leemos en Discapacidad la siguiente noticia que os reproducimos de forma \u00edntegra: <\/p>\n<div>\n<p>En estos tiempos de desinformaci\u00f3n y de <i><a href=\"https:\/\/www.20minutos.es\/minuteca\/fake-news\/\" title=\"Fake News\">fake news<\/a><\/i>, \u00bfqu\u00e9 lugar ocupamos las personas con <a href=\"https:\/\/www.20minutos.es\/minuteca\/discapacidad\/\" title=\"Discapacidad\">discapacidad<\/a> en todo este ruido informativo?<b> Somos m\u00e1s de cuatro millones de ciudadanos y ciudadanas con alguna discapacidad, m\u00e1s de diez si computamos a nuestras familias<\/b>; una masa poblacional significativa que los <a href=\"https:\/\/www.20minutos.es\/minuteca\/medios-de-comunicacion\/\" title=\"Medios de comunicaci\u00f3n\">medios de comunicaci\u00f3n<\/a> deber\u00edan considerar una audiencia leg\u00edtima.<\/p>\n<p>La prensa es un activo de las democracias avanzadas, un canal de informaci\u00f3n, de opini\u00f3n, de cr\u00edtica y tambi\u00e9n la base para garantizar la esencial libertad de expresi\u00f3n.  Pero \u00bfcu\u00e1les deben ser las premisas para el ejercicio pleno de este derecho tan invocado y al tiempo tan manoseado? Sin duda, ser libres de cualquier tipo de censura y<b> que toda la sociedad, sin excepciones, tenga la posibilidad de acceder y, por supuesto, divulgar ideas o informaciones.<\/b><\/p>\n<p>Es aqu\u00ed donde aparecen algunas disyuntivas como la conceptualizaci\u00f3n de la libertad cuando<b> el punto de partida no es en igualdad<\/b>. Tratar\u00e9 de explicar este planteamiento con algunas preguntas: \u00bfEs una persona con discapacidad libre si no parte de garant\u00edas de igualdad? Es decir, \u00bfes libre una persona sorda para elegir informarse en un canal p\u00fablico o privado si no aseguran la accesibilidad a la comunicaci\u00f3n? O acaso, \u00bfes libre una persona con <a href=\"https:\/\/www.20minutos.es\/minuteca\/discapacidad-intelectual\/\" title=\"Discapacidad intelectual\">discapacidad intelectual<\/a> cuando encuentra dificultades para encontrar informaci\u00f3n comprensible a su realidad sobre, por ejemplo, la masacre en <a href=\"https:\/\/www.20minutos.es\/minuteca\/gaza\/\" title=\"Gaza\">Gaza<\/a>?<\/p>\n<p>Las respuestas son obvias: <b>no somos libres porque solo desde la igualdad conseguimos todas las garant\u00edas<\/b>. Esa igualdad en el acceso a la informaci\u00f3n debe ser un patrimonio de la ciudadan\u00eda con discapacidad o de aquella atravesada por otra vulnerabilidad como la pobreza, el g\u00e9nero o la migraci\u00f3n.<\/p>\n<p>En esta ecuaci\u00f3n<b> debemos introducir tambi\u00e9n el par\u00e1metro de la accesibilidad universal<\/b>, que es un derecho palanca que iguala a las personas con discapacidad al permitirle seguir plenamente un informativo con subtitulado, con <a href=\"https:\/\/www.20minutos.es\/minuteca\/lengua-de-signos\/\" title=\"Lengua de signos\">lengua de signos<\/a> o una audiodescripci\u00f3n, o leer una noticia escrita en <a href=\"https:\/\/www.20minutos.es\/minuteca\/lectura-facil\/\" title=\"Lectura f\u00e1cil\">lectura f\u00e1cil<\/a>. Porque<b> estos recursos nos permiten comprender, conformar una opini\u00f3n y poder expresarla <\/b>sobre aspectos cruciales para nuestra sociedad que son complejos.<\/p>\n<p>Sin duda es una buena pr\u00e1ctica la iniciativa por el <a href=\"https:\/\/www.20minutos.es\/minuteca\/ministerio-de-derechos-sociales-y-agenda-2030\/\" title=\"Ministerio de Derechos Sociales y Agenda 2030\">Ministerio de Derechos Sociales<\/a> junto a Radio Nacional <b>para extender, a trav\u00e9s de la tecnolog\u00eda, la radio a las personas sordas <\/b>y rompemos la barrera cultural e informativa que dejaba fuera a las personas con discapacidad auditiva de un medio que ha acompa\u00f1ado a la humanidad durante un siglo.<\/p>\n<p>En esta relaci\u00f3n desigual de las personas con discapacidad con los medios, existe otra variable m\u00e1s a tener en cuenta: el tratamiento informativo que recibimos. <b>Nos siguen ubicando en el discurso de la superaci\u00f3n<\/b> cuando personas concretas, con nombre y apellidos, alcanzamos un objetivo<b> o nos convierten en h\u00e9roes noticiables<\/b> por haber sobrevivido a la injusticia social.<\/p>\n<p>Sin embargo,<b> lo ordinario deber\u00edan ser titulares que mostraran una cotidianeidad en la que las personas con discapacidad llen\u00e1semos las universidades, los cines, o dirigi\u00e9semos el pa\u00eds<\/b> siendo ministros o ministras.<\/p>\n<h1>Vivir en un estado de derecho implica tambi\u00e9n saber que existen ciertos l\u00edmites y que las libertades no son absolutas<\/h1>\n<p><b>Nos miran con las gafas de un buenismo<\/b> enquistado que convive tambi\u00e9n con bulos y en algunas ocasiones con odio, precisamente porque se le da p\u00e1bulo a<a href=\"https:\/\/www.20minutos.es\/noticia\/5536211\/0\/salut-presenta-una-querella-contra-josep-pamies-su-asociacion-por-promocion-un-medicamento-ilegal\/\" title='Salut presenta una querella contra Josep P\u00e0mies y su asociaci\u00f3n por \"promoci\u00f3n\" de un medicamento ilegal'> desalmados que dicen curar el autismo con un derivado de la lej\u00eda<\/a>. O se compra ese relato de que las personas con discapacidad estamos mejor en espacios segregados. O cuando se usa la discapacidad como insulto en programas. Por no hablar de los momentos en los que se ridiculiza nuestras vidas en horario de m\u00e1xima audiencia.<\/p>\n<p>Vivir en un estado de derecho implica tambi\u00e9n saber que existen ciertos l\u00edmites y que las libertades no son absolutas. Esto significa que<b> las leyes nos amparan para denunciar y buscar reparaci\u00f3n<\/b> en la justicia ante los muros que comprometen nuestro derecho a la informaci\u00f3n y la imagen social que nos desfigura y nos aparta de la esfera del respeto.<\/p>\n<p><b>Honestamente, me sonroja tener que recordar que somos personas<\/b>. Pero para aquellos a quienes les surjan dudas sobre nuestra condici\u00f3n humana, debo decirles que esto lo dice el renovado art\u00edculo 49 de la tan invocada <a href=\"https:\/\/www.20minutos.es\/minuteca\/constitucion\/\" title=\"Constituci\u00f3n\">Constituci\u00f3n Espa\u00f1ola<\/a>.<\/p>\n<p>Voy a quedarme con lo que deber\u00eda abrir cualquier informativo en medio de tanta bronca y de tanta polarizaci\u00f3n: <b>la discapacidad como espacio de encuentro y como ant\u00eddoto ante la crispaci\u00f3n<\/b>.<\/p>\n<p>Se trata de un valor social -\u00a1qui\u00e9n lo dir\u00eda!- que exige la responsabilidad y determinaci\u00f3n de los poderes p\u00fablicos para extender el derecho a la informaci\u00f3n y a libertad de expresi\u00f3n a toda las personas, exigiendo obligaciones en materia de accesibilidad. <b>No menos importante es obtener el compromiso y complicidad de los propios medios de comunicaci\u00f3n<\/b> para que las barreras que impiden informarnos no se conviertan en una aut\u00e9ntica censura.<\/p>\n<h1>Este es el verdadero reto de la prensa: erigirse en emisaria de la inclusi\u00f3n, borrando del imaginario colectivo adjetivos que no nos pertenecen<\/h1>\n<p>Para que nuestra realidad deje de distorsionarse generando debates est\u00e9riles y nocivos en la opini\u00f3n p\u00fablica sobre nuestros derechos, <b>el punto de vista informativo debe transcender al enfoque capacitista. <\/b>Esto permitir\u00e1, por ejemplo, que las personas con problemas de <a href=\"https:\/\/www.20minutos.es\/salud\/minuteca\/salud-mental\/\" title=\"Salud mental\">salud mental<\/a> dejen aparecer en la p\u00e1gina de sucesos o que no se publiquen reportajes que someten a la mofa p\u00fablica a personas con enanismo.<\/p>\n<p>Este es el verdadero reto de la prensa: erigirse en emisaria de la inclusi\u00f3n, borrando del imaginario colectivo adjetivos que no nos pertenecen. Como dec\u00eda Albert Camus, <b>nombrar las cosas mal es aumentar la desgracia en el mundo.<\/b><\/p>\n<p>Si exigimos la plena ciudan\u00eda, ejerz\u00e1mosla y, sobre todo,<b> no nos resignemos a discriminaciones que contravienen la ley<\/b>. Denunciemos aquello que nos aparta del derecho a informarnos y, por tanto, de la libertad para expresarnos. Reclamemos una imagen positiva que nos saque del ostracismo social. Solo de esta manera seremos una audiencia respetada y respetable.<\/p>\n<p>Y como hay que predicar con el ejemplo este articulo est\u00e1 disponible en formatos accesibles<a href=\"https:\/\/www.ceacog.es\/2024\/09\/30\/desinformacion-libertad-de-expresion-y-discapacidad\/\" target=\"_blank\" rel=\"nofollow noopener\"> en el siguiente enlace<\/a>.<\/p>\n<\/div>\n<p>Fuente: Discapacidad https:\/\/www.20minutos.es\/noticia\/5638754\/0\/desinformacion-libertad-expresion-discapacidad\/<\/p>\n","protected":false},"excerpt":{"rendered":"<p>\u00abNos siguen ubicando en el discurso de la superaci\u00f3n, cuando lo ordinario deber\u00edan ser titulares que mostraran una cotidianeidad en la que las personas con discapacidad llen\u00e1semos universidades, cines, o dirigi\u00e9semos el pa\u00eds\u00bb<\/p>\n","protected":false},"author":1,"featured_media":0,"comment_status":"closed","ping_status":"closed","sticky":false,"template":"","format":"standard","meta":{"footnotes":""},"categories":[8],"tags":[],"class_list":["post-10353","post","type-post","status-publish","format-standard","hentry","category-noticias"],"yoast_head":"<!-- This site is optimized with the Yoast SEO plugin v27.5 - https:\/\/yoast.com\/product\/yoast-seo-wordpress\/ -->\n<title>Desinformaci\u00f3n, libertad de expresi\u00f3n y discapacidad - Asociaci\u00f3n Espa\u00f1ola S\u00edndrome de Charge<\/title>\n<meta name=\"robots\" content=\"index, follow, max-snippet:-1, max-image-preview:large, max-video-preview:-1\" \/>\n<link rel=\"canonical\" href=\"https:\/\/sindromecharge.es\/index.php\/2024\/09\/30\/desinformacion-libertad-expresion-discapacidad\/\" \/>\n<meta property=\"og:locale\" content=\"es_ES\" \/>\n<meta property=\"og:type\" content=\"article\" \/>\n<meta property=\"og:title\" content=\"Desinformaci\u00f3n, libertad de expresi\u00f3n y discapacidad - Asociaci\u00f3n Espa\u00f1ola S\u00edndrome de Charge\" \/>\n<meta property=\"og:description\" content=\"\u00abNos siguen ubicando en el discurso de la superaci\u00f3n, cuando lo ordinario deber\u00edan ser titulares que mostraran una cotidianeidad en la que las personas con discapacidad llen\u00e1semos universidades, cines, o dirigi\u00e9semos el pa\u00eds\u00bb\" \/>\n<meta property=\"og:url\" content=\"https:\/\/sindromecharge.es\/index.php\/2024\/09\/30\/desinformacion-libertad-expresion-discapacidad\/\" \/>\n<meta property=\"og:site_name\" content=\"Asociaci\u00f3n Espa\u00f1ola S\u00edndrome de Charge\" \/>\n<meta property=\"article:publisher\" content=\"https:\/\/www.facebook.com\/asociacionsindromecharge\" \/>\n<meta property=\"article:published_time\" content=\"2024-09-30T14:25:35+00:00\" \/>\n<meta property=\"og:image\" content=\"https:\/\/sindromecharge.es\/wp-content\/uploads\/2013\/09\/logodecharge300x98.png\" \/>\n\t<meta property=\"og:image:width\" content=\"300\" \/>\n\t<meta property=\"og:image:height\" content=\"98\" \/>\n\t<meta property=\"og:image:type\" content=\"image\/png\" \/>\n<meta name=\"author\" content=\"Charge\" \/>\n<meta name=\"twitter:card\" content=\"summary_large_image\" \/>\n<meta name=\"twitter:creator\" content=\"@sindromecharge\" \/>\n<meta name=\"twitter:site\" content=\"@sindromecharge\" \/>\n<meta name=\"twitter:label1\" content=\"Escrito por\" \/>\n\t<meta name=\"twitter:data1\" content=\"Charge\" \/>\n\t<meta name=\"twitter:label2\" content=\"Tiempo de lectura\" \/>\n\t<meta name=\"twitter:data2\" content=\"5 minutos\" \/>\n<script type=\"application\/ld+json\" class=\"yoast-schema-graph\">{\"@context\":\"https:\\\/\\\/schema.org\",\"@graph\":[{\"@type\":\"Article\",\"@id\":\"https:\\\/\\\/sindromecharge.es\\\/index.php\\\/2024\\\/09\\\/30\\\/desinformacion-libertad-expresion-discapacidad\\\/#article\",\"isPartOf\":{\"@id\":\"https:\\\/\\\/sindromecharge.es\\\/index.php\\\/2024\\\/09\\\/30\\\/desinformacion-libertad-expresion-discapacidad\\\/\"},\"author\":{\"name\":\"Charge\",\"@id\":\"https:\\\/\\\/sindromecharge.es\\\/#\\\/schema\\\/person\\\/39a60ebe0a2b4d5a11179701e336b039\"},\"headline\":\"Desinformaci\u00f3n, libertad de expresi\u00f3n y discapacidad\",\"datePublished\":\"2024-09-30T14:25:35+00:00\",\"mainEntityOfPage\":{\"@id\":\"https:\\\/\\\/sindromecharge.es\\\/index.php\\\/2024\\\/09\\\/30\\\/desinformacion-libertad-expresion-discapacidad\\\/\"},\"wordCount\":1091,\"articleSection\":[\"noticias\"],\"inLanguage\":\"es\"},{\"@type\":\"WebPage\",\"@id\":\"https:\\\/\\\/sindromecharge.es\\\/index.php\\\/2024\\\/09\\\/30\\\/desinformacion-libertad-expresion-discapacidad\\\/\",\"url\":\"https:\\\/\\\/sindromecharge.es\\\/index.php\\\/2024\\\/09\\\/30\\\/desinformacion-libertad-expresion-discapacidad\\\/\",\"name\":\"Desinformaci\u00f3n, libertad de expresi\u00f3n y discapacidad - Asociaci\u00f3n Espa\u00f1ola S\u00edndrome de Charge\",\"isPartOf\":{\"@id\":\"https:\\\/\\\/sindromecharge.es\\\/#website\"},\"datePublished\":\"2024-09-30T14:25:35+00:00\",\"author\":{\"@id\":\"https:\\\/\\\/sindromecharge.es\\\/#\\\/schema\\\/person\\\/39a60ebe0a2b4d5a11179701e336b039\"},\"breadcrumb\":{\"@id\":\"https:\\\/\\\/sindromecharge.es\\\/index.php\\\/2024\\\/09\\\/30\\\/desinformacion-libertad-expresion-discapacidad\\\/#breadcrumb\"},\"inLanguage\":\"es\",\"potentialAction\":[{\"@type\":\"ReadAction\",\"target\":[\"https:\\\/\\\/sindromecharge.es\\\/index.php\\\/2024\\\/09\\\/30\\\/desinformacion-libertad-expresion-discapacidad\\\/\"]}]},{\"@type\":\"BreadcrumbList\",\"@id\":\"https:\\\/\\\/sindromecharge.es\\\/index.php\\\/2024\\\/09\\\/30\\\/desinformacion-libertad-expresion-discapacidad\\\/#breadcrumb\",\"itemListElement\":[{\"@type\":\"ListItem\",\"position\":1,\"name\":\"Portada\",\"item\":\"https:\\\/\\\/sindromecharge.es\\\/\"},{\"@type\":\"ListItem\",\"position\":2,\"name\":\"Desinformaci\u00f3n, libertad de expresi\u00f3n y discapacidad\"}]},{\"@type\":\"WebSite\",\"@id\":\"https:\\\/\\\/sindromecharge.es\\\/#website\",\"url\":\"https:\\\/\\\/sindromecharge.es\\\/\",\"name\":\"Asociaci\u00f3n Espa\u00f1ola S\u00edndrome de Charge\",\"description\":\"\",\"potentialAction\":[{\"@type\":\"SearchAction\",\"target\":{\"@type\":\"EntryPoint\",\"urlTemplate\":\"https:\\\/\\\/sindromecharge.es\\\/?s={search_term_string}\"},\"query-input\":{\"@type\":\"PropertyValueSpecification\",\"valueRequired\":true,\"valueName\":\"search_term_string\"}}],\"inLanguage\":\"es\"},{\"@type\":\"Person\",\"@id\":\"https:\\\/\\\/sindromecharge.es\\\/#\\\/schema\\\/person\\\/39a60ebe0a2b4d5a11179701e336b039\",\"name\":\"Charge\",\"image\":{\"@type\":\"ImageObject\",\"inLanguage\":\"es\",\"@id\":\"https:\\\/\\\/secure.gravatar.com\\\/avatar\\\/c3b46e32a0fc3b093a0873fb767bf3293de856293065e84ef06b7ec7a8acfb98?s=96&d=identicon&r=x\",\"url\":\"https:\\\/\\\/secure.gravatar.com\\\/avatar\\\/c3b46e32a0fc3b093a0873fb767bf3293de856293065e84ef06b7ec7a8acfb98?s=96&d=identicon&r=x\",\"contentUrl\":\"https:\\\/\\\/secure.gravatar.com\\\/avatar\\\/c3b46e32a0fc3b093a0873fb767bf3293de856293065e84ef06b7ec7a8acfb98?s=96&d=identicon&r=x\",\"caption\":\"Charge\"},\"url\":\"https:\\\/\\\/sindromecharge.es\\\/index.php\\\/author\\\/admin\\\/\"}]}<\/script>\n<!-- \/ Yoast SEO plugin. -->","yoast_head_json":{"title":"Desinformaci\u00f3n, libertad de expresi\u00f3n y discapacidad - Asociaci\u00f3n Espa\u00f1ola S\u00edndrome de Charge","robots":{"index":"index","follow":"follow","max-snippet":"max-snippet:-1","max-image-preview":"max-image-preview:large","max-video-preview":"max-video-preview:-1"},"canonical":"https:\/\/sindromecharge.es\/index.php\/2024\/09\/30\/desinformacion-libertad-expresion-discapacidad\/","og_locale":"es_ES","og_type":"article","og_title":"Desinformaci\u00f3n, libertad de expresi\u00f3n y discapacidad - Asociaci\u00f3n Espa\u00f1ola S\u00edndrome de Charge","og_description":"\u00abNos siguen ubicando en el discurso de la superaci\u00f3n, cuando lo ordinario deber\u00edan ser titulares que mostraran una cotidianeidad en la que las personas con discapacidad llen\u00e1semos universidades, cines, o dirigi\u00e9semos el pa\u00eds\u00bb","og_url":"https:\/\/sindromecharge.es\/index.php\/2024\/09\/30\/desinformacion-libertad-expresion-discapacidad\/","og_site_name":"Asociaci\u00f3n Espa\u00f1ola S\u00edndrome de Charge","article_publisher":"https:\/\/www.facebook.com\/asociacionsindromecharge","article_published_time":"2024-09-30T14:25:35+00:00","og_image":[{"width":300,"height":98,"url":"https:\/\/sindromecharge.es\/wp-content\/uploads\/2013\/09\/logodecharge300x98.png","type":"image\/png"}],"author":"Charge","twitter_card":"summary_large_image","twitter_creator":"@sindromecharge","twitter_site":"@sindromecharge","twitter_misc":{"Escrito por":"Charge","Tiempo de lectura":"5 minutos"},"schema":{"@context":"https:\/\/schema.org","@graph":[{"@type":"Article","@id":"https:\/\/sindromecharge.es\/index.php\/2024\/09\/30\/desinformacion-libertad-expresion-discapacidad\/#article","isPartOf":{"@id":"https:\/\/sindromecharge.es\/index.php\/2024\/09\/30\/desinformacion-libertad-expresion-discapacidad\/"},"author":{"name":"Charge","@id":"https:\/\/sindromecharge.es\/#\/schema\/person\/39a60ebe0a2b4d5a11179701e336b039"},"headline":"Desinformaci\u00f3n, libertad de expresi\u00f3n y discapacidad","datePublished":"2024-09-30T14:25:35+00:00","mainEntityOfPage":{"@id":"https:\/\/sindromecharge.es\/index.php\/2024\/09\/30\/desinformacion-libertad-expresion-discapacidad\/"},"wordCount":1091,"articleSection":["noticias"],"inLanguage":"es"},{"@type":"WebPage","@id":"https:\/\/sindromecharge.es\/index.php\/2024\/09\/30\/desinformacion-libertad-expresion-discapacidad\/","url":"https:\/\/sindromecharge.es\/index.php\/2024\/09\/30\/desinformacion-libertad-expresion-discapacidad\/","name":"Desinformaci\u00f3n, libertad de expresi\u00f3n y discapacidad - Asociaci\u00f3n Espa\u00f1ola S\u00edndrome de Charge","isPartOf":{"@id":"https:\/\/sindromecharge.es\/#website"},"datePublished":"2024-09-30T14:25:35+00:00","author":{"@id":"https:\/\/sindromecharge.es\/#\/schema\/person\/39a60ebe0a2b4d5a11179701e336b039"},"breadcrumb":{"@id":"https:\/\/sindromecharge.es\/index.php\/2024\/09\/30\/desinformacion-libertad-expresion-discapacidad\/#breadcrumb"},"inLanguage":"es","potentialAction":[{"@type":"ReadAction","target":["https:\/\/sindromecharge.es\/index.php\/2024\/09\/30\/desinformacion-libertad-expresion-discapacidad\/"]}]},{"@type":"BreadcrumbList","@id":"https:\/\/sindromecharge.es\/index.php\/2024\/09\/30\/desinformacion-libertad-expresion-discapacidad\/#breadcrumb","itemListElement":[{"@type":"ListItem","position":1,"name":"Portada","item":"https:\/\/sindromecharge.es\/"},{"@type":"ListItem","position":2,"name":"Desinformaci\u00f3n, libertad de expresi\u00f3n y discapacidad"}]},{"@type":"WebSite","@id":"https:\/\/sindromecharge.es\/#website","url":"https:\/\/sindromecharge.es\/","name":"Asociaci\u00f3n Espa\u00f1ola S\u00edndrome de Charge","description":"","potentialAction":[{"@type":"SearchAction","target":{"@type":"EntryPoint","urlTemplate":"https:\/\/sindromecharge.es\/?s={search_term_string}"},"query-input":{"@type":"PropertyValueSpecification","valueRequired":true,"valueName":"search_term_string"}}],"inLanguage":"es"},{"@type":"Person","@id":"https:\/\/sindromecharge.es\/#\/schema\/person\/39a60ebe0a2b4d5a11179701e336b039","name":"Charge","image":{"@type":"ImageObject","inLanguage":"es","@id":"https:\/\/secure.gravatar.com\/avatar\/c3b46e32a0fc3b093a0873fb767bf3293de856293065e84ef06b7ec7a8acfb98?s=96&d=identicon&r=x","url":"https:\/\/secure.gravatar.com\/avatar\/c3b46e32a0fc3b093a0873fb767bf3293de856293065e84ef06b7ec7a8acfb98?s=96&d=identicon&r=x","contentUrl":"https:\/\/secure.gravatar.com\/avatar\/c3b46e32a0fc3b093a0873fb767bf3293de856293065e84ef06b7ec7a8acfb98?s=96&d=identicon&r=x","caption":"Charge"},"url":"https:\/\/sindromecharge.es\/index.php\/author\/admin\/"}]}},"_links":{"self":[{"href":"https:\/\/sindromecharge.es\/index.php\/wp-json\/wp\/v2\/posts\/10353","targetHints":{"allow":["GET"]}}],"collection":[{"href":"https:\/\/sindromecharge.es\/index.php\/wp-json\/wp\/v2\/posts"}],"about":[{"href":"https:\/\/sindromecharge.es\/index.php\/wp-json\/wp\/v2\/types\/post"}],"author":[{"embeddable":true,"href":"https:\/\/sindromecharge.es\/index.php\/wp-json\/wp\/v2\/users\/1"}],"replies":[{"embeddable":true,"href":"https:\/\/sindromecharge.es\/index.php\/wp-json\/wp\/v2\/comments?post=10353"}],"version-history":[{"count":0,"href":"https:\/\/sindromecharge.es\/index.php\/wp-json\/wp\/v2\/posts\/10353\/revisions"}],"wp:attachment":[{"href":"https:\/\/sindromecharge.es\/index.php\/wp-json\/wp\/v2\/media?parent=10353"}],"wp:term":[{"taxonomy":"category","embeddable":true,"href":"https:\/\/sindromecharge.es\/index.php\/wp-json\/wp\/v2\/categories?post=10353"},{"taxonomy":"post_tag","embeddable":true,"href":"https:\/\/sindromecharge.es\/index.php\/wp-json\/wp\/v2\/tags?post=10353"}],"curies":[{"name":"wp","href":"https:\/\/api.w.org\/{rel}","templated":true}]}}