{"id":10352,"date":"2024-09-30T12:44:51","date_gmt":"2024-09-30T12:44:51","guid":{"rendered":"https:\/\/sindromecharge.es\/index.php\/2024\/09\/30\/detenido-martos-asaltar-persona-discapacidad\/"},"modified":"2024-09-30T12:44:51","modified_gmt":"2024-09-30T12:44:51","slug":"detenido-martos-asaltar-persona-discapacidad","status":"publish","type":"post","link":"https:\/\/sindromecharge.es\/index.php\/2024\/09\/30\/detenido-martos-asaltar-persona-discapacidad\/","title":{"rendered":"Detenido un joven en Martos acusado de asaltar a una persona con discapacidad visual para robarle"},"content":{"rendered":"<p>Leemos en Discapacidad la siguiente noticia que os reproducimos de forma \u00edntegra: <\/p>\n<div>\n<p>La Guardia Civil <b>ha detenido a un joven de 22 a\u00f1os<\/b> como presunto autor de un delito de <b>robo con violencia<\/b> en grado de tentativa despu\u00e9s de haber asaltado en Martos, <a href=\"https:\/\/www.20minutos.es\/minuteca\/jaen\/\" title=\"Ja\u00e9n\">Ja\u00e9n<\/a>, a una persona con <b>discapacidad visual<\/b> para robarle el bolso. Adem\u00e1s, se le imputan inicialmente otros dos delitos de robo con fuerza en interior de inmuebles.<\/p>\n<p>Los hechos ocurrieron el 13 de septiembre cuando el detenido supuestamente acech\u00f3 a un vecino de dicha la localidad <b>hasta la entrada de su vivienda<\/b>, con la intenci\u00f3n de robarle, aprovechando la discapacidad de la v\u00edctima.<\/p>\n<p>Una vez en el portal le peg\u00f3 <b>un fuerte tir\u00f3n<\/b> para arrebatarle el bolso que portaba, forcejeando y empuj\u00e1ndole, ocasionando <b>lesiones a la v\u00edctima<\/b>. Ante los gritos de auxilio, se aproximaron al lugar varias personas que hicieron huir al autor del lugar a la carrera, sin conseguir hacerse con el bolso.<\/p>\n<p>Guardia Civil y Polic\u00eda local iniciaron un dispositivo para la b\u00fasqueda y localizaci\u00f3n de este joven, identificado por los testigos. Se trata de un conocido vecino \u00ab<b>con numerosos antecedentes<\/b> por delitos contra el patrimonio\u00bb, seg\u00fan se ha informado desde el Instituto Armado. Horas m\u00e1s tarde, una patrulla de Guardia Civil lo localiz\u00f3 y lo detuvo cuando trataba de esconderse aprovechando la oscuridad de la noche.<\/p>\n<p>Tras esta detenci\u00f3n se ha podido constatar la presunta autor\u00eda, por parte detenido, de varios delitos de robo con fuerza. Uno tuvo lugar en el interior del dep\u00f3sito municipal de Martos, donde fueron sustra\u00eddos una <b>motocicleta y un patinete el\u00e9ctric<\/b>o, y otro en el interior de una cochera tambi\u00e9n en la misma localidad, donde sustrajeron varios aparatos electr\u00f3nicos.<\/p>\n<\/div>\n<p>Fuente: Discapacidad https:\/\/www.20minutos.es\/noticia\/5638852\/0\/detenido-martos-asaltar-persona-discapacidad\/<\/p>\n","protected":false},"excerpt":{"rendered":"<p>El arrestado sigui\u00f3 a la v\u00edctima hasta el portal y le dio un fuerte tir\u00f3n, aunque no consigui\u00f3 llevarse el bolso.<\/p>\n","protected":false},"author":1,"featured_media":0,"comment_status":"closed","ping_status":"closed","sticky":false,"template":"","format":"standard","meta":{"footnotes":""},"categories":[8],"tags":[],"class_list":["post-10352","post","type-post","status-publish","format-standard","hentry","category-noticias"],"yoast_head":"<!-- This site is optimized with the Yoast SEO plugin v27.5 - https:\/\/yoast.com\/product\/yoast-seo-wordpress\/ -->\n<title>Detenido un joven en Martos acusado de asaltar a una persona con discapacidad visual para robarle - Asociaci\u00f3n Espa\u00f1ola S\u00edndrome de Charge<\/title>\n<meta name=\"robots\" content=\"index, follow, max-snippet:-1, max-image-preview:large, max-video-preview:-1\" \/>\n<link rel=\"canonical\" href=\"https:\/\/sindromecharge.es\/index.php\/2024\/09\/30\/detenido-martos-asaltar-persona-discapacidad\/\" \/>\n<meta property=\"og:locale\" content=\"es_ES\" \/>\n<meta property=\"og:type\" content=\"article\" \/>\n<meta property=\"og:title\" content=\"Detenido un joven en Martos acusado de asaltar a una persona con discapacidad visual para robarle - Asociaci\u00f3n Espa\u00f1ola S\u00edndrome de Charge\" \/>\n<meta property=\"og:description\" content=\"El arrestado sigui\u00f3 a la v\u00edctima hasta el portal y le dio un fuerte tir\u00f3n, aunque no consigui\u00f3 llevarse el bolso.\" \/>\n<meta property=\"og:url\" content=\"https:\/\/sindromecharge.es\/index.php\/2024\/09\/30\/detenido-martos-asaltar-persona-discapacidad\/\" \/>\n<meta property=\"og:site_name\" content=\"Asociaci\u00f3n Espa\u00f1ola S\u00edndrome de Charge\" \/>\n<meta property=\"article:publisher\" content=\"https:\/\/www.facebook.com\/asociacionsindromecharge\" \/>\n<meta property=\"article:published_time\" content=\"2024-09-30T12:44:51+00:00\" \/>\n<meta property=\"og:image\" content=\"https:\/\/sindromecharge.es\/wp-content\/uploads\/2013\/09\/logodecharge300x98.png\" \/>\n\t<meta property=\"og:image:width\" content=\"300\" \/>\n\t<meta property=\"og:image:height\" content=\"98\" \/>\n\t<meta property=\"og:image:type\" content=\"image\/png\" \/>\n<meta name=\"author\" content=\"Charge\" \/>\n<meta name=\"twitter:card\" content=\"summary_large_image\" \/>\n<meta name=\"twitter:creator\" content=\"@sindromecharge\" \/>\n<meta name=\"twitter:site\" content=\"@sindromecharge\" \/>\n<meta name=\"twitter:label1\" content=\"Escrito por\" \/>\n\t<meta name=\"twitter:data1\" content=\"Charge\" \/>\n\t<meta name=\"twitter:label2\" content=\"Tiempo de lectura\" \/>\n\t<meta name=\"twitter:data2\" content=\"2 minutos\" \/>\n<script type=\"application\/ld+json\" class=\"yoast-schema-graph\">{\"@context\":\"https:\\\/\\\/schema.org\",\"@graph\":[{\"@type\":\"Article\",\"@id\":\"https:\\\/\\\/sindromecharge.es\\\/index.php\\\/2024\\\/09\\\/30\\\/detenido-martos-asaltar-persona-discapacidad\\\/#article\",\"isPartOf\":{\"@id\":\"https:\\\/\\\/sindromecharge.es\\\/index.php\\\/2024\\\/09\\\/30\\\/detenido-martos-asaltar-persona-discapacidad\\\/\"},\"author\":{\"name\":\"Charge\",\"@id\":\"https:\\\/\\\/sindromecharge.es\\\/#\\\/schema\\\/person\\\/39a60ebe0a2b4d5a11179701e336b039\"},\"headline\":\"Detenido un joven en Martos acusado de asaltar a una persona con discapacidad visual para robarle\",\"datePublished\":\"2024-09-30T12:44:51+00:00\",\"mainEntityOfPage\":{\"@id\":\"https:\\\/\\\/sindromecharge.es\\\/index.php\\\/2024\\\/09\\\/30\\\/detenido-martos-asaltar-persona-discapacidad\\\/\"},\"wordCount\":323,\"articleSection\":[\"noticias\"],\"inLanguage\":\"es\"},{\"@type\":\"WebPage\",\"@id\":\"https:\\\/\\\/sindromecharge.es\\\/index.php\\\/2024\\\/09\\\/30\\\/detenido-martos-asaltar-persona-discapacidad\\\/\",\"url\":\"https:\\\/\\\/sindromecharge.es\\\/index.php\\\/2024\\\/09\\\/30\\\/detenido-martos-asaltar-persona-discapacidad\\\/\",\"name\":\"Detenido un joven en Martos acusado de asaltar a una persona con discapacidad visual para robarle - Asociaci\u00f3n Espa\u00f1ola S\u00edndrome de Charge\",\"isPartOf\":{\"@id\":\"https:\\\/\\\/sindromecharge.es\\\/#website\"},\"datePublished\":\"2024-09-30T12:44:51+00:00\",\"author\":{\"@id\":\"https:\\\/\\\/sindromecharge.es\\\/#\\\/schema\\\/person\\\/39a60ebe0a2b4d5a11179701e336b039\"},\"breadcrumb\":{\"@id\":\"https:\\\/\\\/sindromecharge.es\\\/index.php\\\/2024\\\/09\\\/30\\\/detenido-martos-asaltar-persona-discapacidad\\\/#breadcrumb\"},\"inLanguage\":\"es\",\"potentialAction\":[{\"@type\":\"ReadAction\",\"target\":[\"https:\\\/\\\/sindromecharge.es\\\/index.php\\\/2024\\\/09\\\/30\\\/detenido-martos-asaltar-persona-discapacidad\\\/\"]}]},{\"@type\":\"BreadcrumbList\",\"@id\":\"https:\\\/\\\/sindromecharge.es\\\/index.php\\\/2024\\\/09\\\/30\\\/detenido-martos-asaltar-persona-discapacidad\\\/#breadcrumb\",\"itemListElement\":[{\"@type\":\"ListItem\",\"position\":1,\"name\":\"Portada\",\"item\":\"https:\\\/\\\/sindromecharge.es\\\/\"},{\"@type\":\"ListItem\",\"position\":2,\"name\":\"Detenido un joven en Martos acusado de asaltar a una persona con discapacidad visual para robarle\"}]},{\"@type\":\"WebSite\",\"@id\":\"https:\\\/\\\/sindromecharge.es\\\/#website\",\"url\":\"https:\\\/\\\/sindromecharge.es\\\/\",\"name\":\"Asociaci\u00f3n Espa\u00f1ola S\u00edndrome de Charge\",\"description\":\"\",\"potentialAction\":[{\"@type\":\"SearchAction\",\"target\":{\"@type\":\"EntryPoint\",\"urlTemplate\":\"https:\\\/\\\/sindromecharge.es\\\/?s={search_term_string}\"},\"query-input\":{\"@type\":\"PropertyValueSpecification\",\"valueRequired\":true,\"valueName\":\"search_term_string\"}}],\"inLanguage\":\"es\"},{\"@type\":\"Person\",\"@id\":\"https:\\\/\\\/sindromecharge.es\\\/#\\\/schema\\\/person\\\/39a60ebe0a2b4d5a11179701e336b039\",\"name\":\"Charge\",\"image\":{\"@type\":\"ImageObject\",\"inLanguage\":\"es\",\"@id\":\"https:\\\/\\\/secure.gravatar.com\\\/avatar\\\/c3b46e32a0fc3b093a0873fb767bf3293de856293065e84ef06b7ec7a8acfb98?s=96&d=identicon&r=x\",\"url\":\"https:\\\/\\\/secure.gravatar.com\\\/avatar\\\/c3b46e32a0fc3b093a0873fb767bf3293de856293065e84ef06b7ec7a8acfb98?s=96&d=identicon&r=x\",\"contentUrl\":\"https:\\\/\\\/secure.gravatar.com\\\/avatar\\\/c3b46e32a0fc3b093a0873fb767bf3293de856293065e84ef06b7ec7a8acfb98?s=96&d=identicon&r=x\",\"caption\":\"Charge\"},\"url\":\"https:\\\/\\\/sindromecharge.es\\\/index.php\\\/author\\\/admin\\\/\"}]}<\/script>\n<!-- \/ Yoast SEO plugin. -->","yoast_head_json":{"title":"Detenido un joven en Martos acusado de asaltar a una persona con discapacidad visual para robarle - Asociaci\u00f3n Espa\u00f1ola S\u00edndrome de Charge","robots":{"index":"index","follow":"follow","max-snippet":"max-snippet:-1","max-image-preview":"max-image-preview:large","max-video-preview":"max-video-preview:-1"},"canonical":"https:\/\/sindromecharge.es\/index.php\/2024\/09\/30\/detenido-martos-asaltar-persona-discapacidad\/","og_locale":"es_ES","og_type":"article","og_title":"Detenido un joven en Martos acusado de asaltar a una persona con discapacidad visual para robarle - Asociaci\u00f3n Espa\u00f1ola S\u00edndrome de Charge","og_description":"El arrestado sigui\u00f3 a la v\u00edctima hasta el portal y le dio un fuerte tir\u00f3n, aunque no consigui\u00f3 llevarse el bolso.","og_url":"https:\/\/sindromecharge.es\/index.php\/2024\/09\/30\/detenido-martos-asaltar-persona-discapacidad\/","og_site_name":"Asociaci\u00f3n Espa\u00f1ola S\u00edndrome de Charge","article_publisher":"https:\/\/www.facebook.com\/asociacionsindromecharge","article_published_time":"2024-09-30T12:44:51+00:00","og_image":[{"width":300,"height":98,"url":"https:\/\/sindromecharge.es\/wp-content\/uploads\/2013\/09\/logodecharge300x98.png","type":"image\/png"}],"author":"Charge","twitter_card":"summary_large_image","twitter_creator":"@sindromecharge","twitter_site":"@sindromecharge","twitter_misc":{"Escrito por":"Charge","Tiempo de lectura":"2 minutos"},"schema":{"@context":"https:\/\/schema.org","@graph":[{"@type":"Article","@id":"https:\/\/sindromecharge.es\/index.php\/2024\/09\/30\/detenido-martos-asaltar-persona-discapacidad\/#article","isPartOf":{"@id":"https:\/\/sindromecharge.es\/index.php\/2024\/09\/30\/detenido-martos-asaltar-persona-discapacidad\/"},"author":{"name":"Charge","@id":"https:\/\/sindromecharge.es\/#\/schema\/person\/39a60ebe0a2b4d5a11179701e336b039"},"headline":"Detenido un joven en Martos acusado de asaltar a una persona con discapacidad visual para robarle","datePublished":"2024-09-30T12:44:51+00:00","mainEntityOfPage":{"@id":"https:\/\/sindromecharge.es\/index.php\/2024\/09\/30\/detenido-martos-asaltar-persona-discapacidad\/"},"wordCount":323,"articleSection":["noticias"],"inLanguage":"es"},{"@type":"WebPage","@id":"https:\/\/sindromecharge.es\/index.php\/2024\/09\/30\/detenido-martos-asaltar-persona-discapacidad\/","url":"https:\/\/sindromecharge.es\/index.php\/2024\/09\/30\/detenido-martos-asaltar-persona-discapacidad\/","name":"Detenido un joven en Martos acusado de asaltar a una persona con discapacidad visual para robarle - Asociaci\u00f3n Espa\u00f1ola S\u00edndrome de Charge","isPartOf":{"@id":"https:\/\/sindromecharge.es\/#website"},"datePublished":"2024-09-30T12:44:51+00:00","author":{"@id":"https:\/\/sindromecharge.es\/#\/schema\/person\/39a60ebe0a2b4d5a11179701e336b039"},"breadcrumb":{"@id":"https:\/\/sindromecharge.es\/index.php\/2024\/09\/30\/detenido-martos-asaltar-persona-discapacidad\/#breadcrumb"},"inLanguage":"es","potentialAction":[{"@type":"ReadAction","target":["https:\/\/sindromecharge.es\/index.php\/2024\/09\/30\/detenido-martos-asaltar-persona-discapacidad\/"]}]},{"@type":"BreadcrumbList","@id":"https:\/\/sindromecharge.es\/index.php\/2024\/09\/30\/detenido-martos-asaltar-persona-discapacidad\/#breadcrumb","itemListElement":[{"@type":"ListItem","position":1,"name":"Portada","item":"https:\/\/sindromecharge.es\/"},{"@type":"ListItem","position":2,"name":"Detenido un joven en Martos acusado de asaltar a una persona con discapacidad visual para robarle"}]},{"@type":"WebSite","@id":"https:\/\/sindromecharge.es\/#website","url":"https:\/\/sindromecharge.es\/","name":"Asociaci\u00f3n Espa\u00f1ola S\u00edndrome de Charge","description":"","potentialAction":[{"@type":"SearchAction","target":{"@type":"EntryPoint","urlTemplate":"https:\/\/sindromecharge.es\/?s={search_term_string}"},"query-input":{"@type":"PropertyValueSpecification","valueRequired":true,"valueName":"search_term_string"}}],"inLanguage":"es"},{"@type":"Person","@id":"https:\/\/sindromecharge.es\/#\/schema\/person\/39a60ebe0a2b4d5a11179701e336b039","name":"Charge","image":{"@type":"ImageObject","inLanguage":"es","@id":"https:\/\/secure.gravatar.com\/avatar\/c3b46e32a0fc3b093a0873fb767bf3293de856293065e84ef06b7ec7a8acfb98?s=96&d=identicon&r=x","url":"https:\/\/secure.gravatar.com\/avatar\/c3b46e32a0fc3b093a0873fb767bf3293de856293065e84ef06b7ec7a8acfb98?s=96&d=identicon&r=x","contentUrl":"https:\/\/secure.gravatar.com\/avatar\/c3b46e32a0fc3b093a0873fb767bf3293de856293065e84ef06b7ec7a8acfb98?s=96&d=identicon&r=x","caption":"Charge"},"url":"https:\/\/sindromecharge.es\/index.php\/author\/admin\/"}]}},"_links":{"self":[{"href":"https:\/\/sindromecharge.es\/index.php\/wp-json\/wp\/v2\/posts\/10352","targetHints":{"allow":["GET"]}}],"collection":[{"href":"https:\/\/sindromecharge.es\/index.php\/wp-json\/wp\/v2\/posts"}],"about":[{"href":"https:\/\/sindromecharge.es\/index.php\/wp-json\/wp\/v2\/types\/post"}],"author":[{"embeddable":true,"href":"https:\/\/sindromecharge.es\/index.php\/wp-json\/wp\/v2\/users\/1"}],"replies":[{"embeddable":true,"href":"https:\/\/sindromecharge.es\/index.php\/wp-json\/wp\/v2\/comments?post=10352"}],"version-history":[{"count":0,"href":"https:\/\/sindromecharge.es\/index.php\/wp-json\/wp\/v2\/posts\/10352\/revisions"}],"wp:attachment":[{"href":"https:\/\/sindromecharge.es\/index.php\/wp-json\/wp\/v2\/media?parent=10352"}],"wp:term":[{"taxonomy":"category","embeddable":true,"href":"https:\/\/sindromecharge.es\/index.php\/wp-json\/wp\/v2\/categories?post=10352"},{"taxonomy":"post_tag","embeddable":true,"href":"https:\/\/sindromecharge.es\/index.php\/wp-json\/wp\/v2\/tags?post=10352"}],"curies":[{"name":"wp","href":"https:\/\/api.w.org\/{rel}","templated":true}]}}