{"id":10350,"date":"2024-09-29T06:44:32","date_gmt":"2024-09-29T06:44:32","guid":{"rendered":"https:\/\/sindromecharge.es\/index.php\/2024\/09\/29\/derechos-sociales-lanza-campana-mejorconsubtitulos-cada-pantalla-todo-lugar-por-dia-las-personas-sordas\/"},"modified":"2024-09-29T06:44:32","modified_gmt":"2024-09-29T06:44:32","slug":"derechos-sociales-lanza-campana-mejorconsubtitulos-cada-pantalla-todo-lugar-por-dia-las-personas-sordas","status":"publish","type":"post","link":"https:\/\/sindromecharge.es\/index.php\/2024\/09\/29\/derechos-sociales-lanza-campana-mejorconsubtitulos-cada-pantalla-todo-lugar-por-dia-las-personas-sordas\/","title":{"rendered":"Derechos Sociales lanza la campa\u00f1a &#8216;#MejorConSubt\u00edtulos&#8217;, por el D\u00eda de las Personas Sordas"},"content":{"rendered":"<p>Leemos en Discapacidad la siguiente noticia que os reproducimos de forma \u00edntegra: <\/p>\n<div>\n<p>El <a href=\"https:\/\/www.20minutos.es\/minuteca\/ministerio-de-derechos-sociales-y-agenda-2030\/\" title=\"Ministerio de Derechos Sociales y Agenda 2030\" target=\"_blank\" rel=\"noopener\">Ministerio de Derechos Sociales, Consumo y Agenda 2030 <\/a>lanz\u00f3 este jueves la campa\u00f1a<b> #MejorConSubt\u00edtulos\u2013En cada pantalla y en todo lugar<\/b>&#8216; con el objetivo de \u201cconcienciar, normalizar y visibilizar\u201d la presencia del subtitulado en los nuevos entornos digitales y audiovisuales para la accesibilidad de las personas sordas y de las personas con <b>discapacidad auditiva.<\/b><\/p>\n<p>As\u00ed lo anunci\u00f3 en un comunicado en el que precis\u00f3 que ha llevado a cabo esta campa\u00f1a junto con el <b>Real Patronato sobre Discapacidad<\/b> y su centro asesor, el Centro Espa\u00f1ol del Subtitulado y la Audiodescripci\u00f3n (CESyA), gestionado a su vez por la Universidad Carlos III de Madrid, para fomentar que los<b> contenidos audiovisuales en Internet dispongan de subt\u00edtulos<\/b> como medida para garantizar los derechos fundamentales de acceso a la informaci\u00f3n y la comunicaci\u00f3n por parte de la comunidad sorda.<\/p>\n<p>La campa\u00f1a \u2018#MejorConSubt\u00edtulos\u2019 est\u00e1 encabezada por un v\u00eddeo informativo, adem\u00e1s de incluir documentaci\u00f3n anexa, tanto textual como infogr\u00e1fica, que responde a varias cuestiones relacionadas con el subtitulado.<\/p>\n<p>En primer lugar, traslada el mensaje de que \u201c<b>hacer que los contenidos audiovisuales y digitales sean accesibles es trabajo de todos<\/b>\u201d y de que tanto usuarios individuales, como desarrolladores web, creadores profesionales de contenido, proveedores de plataformas o redes sociales, \u201cdeben tener presente\u201d, por un lado, la <b>necesidad de generar subt\u00edtulos<\/b> a la hora de publicar v\u00eddeos y por otro, la \u201crelevancia\u201d de incluir la opci\u00f3n \u2018<b>activar subt\u00edtulos<\/b>\u2019 como uno m\u00e1s de los \u00edtems de los reproductores de v\u00eddeo en plataformas, aplicaciones y webs.<\/p>\n<p>La campa\u00f1a tambi\u00e9n informa sobre el<b> \u201camplio abanico\u201d de personas que se benefician del subtitulado<\/b> y entre las cuales, adem\u00e1s de las personas <b>sordas o con discapacidad auditiva<\/b>, tambi\u00e9n se encuentran personas con<b> dificultades perceptivas o cognitivas, sordociegas<\/b> e incluso mayores, adultos y ni\u00f1os oyentes.<\/p>\n<h2>Diferentes beneficios<\/h2>\n<p>En este sentido, seg\u00fan indica el dosier de campa\u00f1a, \u201cdiversos\u201d estudios \u201cprueban que el visionado de contenidos audiovisuales con subt\u00edtulos aporta<b> diferentes beneficios<\/b>\u201d, como por ejemplo la <b>mejora de la comprensi\u00f3n lectora<\/b>, la ayuda al aprendizaje de idiomas, la mejora de la ortograf\u00eda, sintaxis y gram\u00e1tica e incluso la posibilidad de no molestar a otras personas al reproducir v\u00eddeos en espacios p\u00fablicos o medios de transporte.<\/p>\n<p>La campa\u00f1a recoge igualmente cu\u00e1l es la normativa y la regulaci\u00f3n internacional y nacional referente a los derechos de las personas con discapacidad, as\u00ed como los<b> requerimientos de servicios de<a href=\"https:\/\/www.20minutos.es\/minuteca\/accesibilidad\/\" title=\"Accesibilidad\" target=\"_blank\" rel=\"noopener\"> accesibilidad<\/a><\/b>, especialmente de subtitulado, en los distintos entornos audiovisuales y digitales.<\/p>\n<p>Asimismo, tambi\u00e9n recuerda que CESyA es el centro estatal t\u00e9cnico de referencia en materia de <b>accesibilidad audiovisual<\/b> y, por lo tanto, se trata de la entidad a la que dirigirse para obtener m\u00e1s informaci\u00f3n o plantear cualquier cuesti\u00f3n relativa al subtitulado y la accesibilidad audiovisual en general.<\/p>\n<p>Pese a que el subtitulado es popularmente conocido como medida de traducci\u00f3n, la campa\u00f1a \u2018#MejorConSubt\u00edtulos\u2019 indica que \u201cno lo es tanto como servicio de accesibilidad y que sus peculiaridades t\u00e9cnicas y normativas, acordadas junto con el cuerpo asociativo de la discapacidad y desarrolladas a partir de estudios acad\u00e9micos y cient\u00edficos a lo largo de los a\u00f1os, a\u00fan no es conocida por gran parte de la poblaci\u00f3n\u201d.<\/p>\n<h2>Servicio de accesibilidad audiovisual<\/h2>\n<p>En este punto, \u2018#MejorConSubt\u00edtulos\u2019 tambi\u00e9n quiere dar a conocer qu\u00e9 es el<b> subtitulado adaptado<\/b>, el cual define como un \u201cservicio de accesibilidad audiovisual que supone la transcripci\u00f3n sincronizada de di\u00e1logos, efectos sonoros o canciones de cualquier contenido audiovisual en l\u00edneas de subt\u00edtulo y que se basa en indicadores de calidad normativizados para favorecer la accesibilidad de las personas sordas o con discapacidad auditiva\u201d.<\/p>\n<p>Si bien el subtitulado tuvo sus inicios en el entorno audiovisual como el servicio \u201cm\u00e1s efectivo\u201d para la traducci\u00f3n de obras extranjeras en versi\u00f3n original con idiomas distintos a las lenguas espa\u00f1olas, se trata actualmente de \u00abuno de los principales<b> servicios empleados para favorecer la accesibilidad <\/b>de las personas sordas o con discapacidad auditiva a la televisi\u00f3n, al cine y a todo tipo de contenidos audiovisuales, as\u00ed como a diversos entornos de la sociedad donde, cada vez m\u00e1s, se utilizan contenidos en v\u00eddeo\u201d, sentenci\u00f3 Derechos Sociales.<\/p>\n<p>La campa\u00f1a hace hincapi\u00e9 en el <b>acceso a los contenidos digitales<\/b> de los medios de comunicaci\u00f3n como fuente de informaci\u00f3n en cuestiones tan relevantes como pol\u00edtica, emergencias, sanidad, empleo, educaci\u00f3n, derechos sociales, meteorolog\u00eda, deporte, ocio o cultura, pero tambi\u00e9n en otros muchos \u00e1mbitos de la sociedad.<\/p>\n<p>En el caso de la educaci\u00f3n, la proliferaci\u00f3n de materiales audiovisuales y la<b> inclusi\u00f3n<\/b> de las Tecnolog\u00edas de la Informaci\u00f3n y la Comunicaci\u00f3n (TIC) en el aula, ha llevado a que cada vez m\u00e1s se emplee el subtitulado como m\u00e9todo para favorecer la accesibilidad educativa y formativa.<\/p>\n<h2>Cultura<\/h2>\n<p>El Ministerio subray\u00f3 que, igualmente, este servicio se emplea en las artes esc\u00e9nicas como t\u00e9cnica para garantizar el acceso del p\u00fablico con discapacidad auditiva a obras de teatro, musicales, \u00f3pera, conciertos y todo tipo de representaciones en directo, adem\u00e1s de permitir el acceso a museos, salas de exposiciones, centros culturales y espacios del patrimonio hist\u00f3rico y monumental a trav\u00e9s de su incorporaci\u00f3n en pantallas de sala <b>y videogu\u00edas<\/b>.<\/p>\n<p>En cuanto al streaming, la proliferaci\u00f3n de plataformas de v\u00eddeo bajo demanda (SVOD) o televisi\u00f3n a la carta tambi\u00e9n ha comenzado a incorporar el<b> servicio de subtitulado intraling\u00fc\u00edstico<\/b> y subtitulado adaptado en algunas de las pel\u00edculas, series y documentales que incluye su oferta de contenidos.<\/p>\n<p>Por otro lado, el Ministerio advirti\u00f3 de que la elaboraci\u00f3n del servicio de subtitulado adaptado <b>requiere de un perfil \u201cespec\u00edfico\u201d de profesionales<\/b>, lo cual supone la \u201ccreaci\u00f3n\u201d de una profesi\u00f3n cada vez m\u00e1s demandada y, por lo tanto, un aumento de la oferta de empleo en el mercado laboral.<\/p>\n<p>\u201cSon muchas las personas que llevan a\u00f1os realizando este trabajo y obteniendo su formaci\u00f3n a partir de diversas entidades, sin embargo, actualmente el Ministerio de Educaci\u00f3n y Formaci\u00f3n Profesional, ha incorporado a su listado de <b>FP el Curso de Especializaci\u00f3n en Audiodescripci\u00f3n y Subtitulaci\u00f3n <\/b>como v\u00eda para asegurar que este sector laboral cuente con una formaci\u00f3n espec\u00edfica a trav\u00e9s de la educaci\u00f3n p\u00fablica\u201d, apostill\u00f3.<\/p>\n<p>Por todo ello, la campa\u00f1a hace hincapi\u00e9 en la importancia de que el subtitulado est\u00e9 presente \u201cen cada pantalla y en todo lugar\u201d y defiende el hecho de que \u00abservicios como el subtitulado adaptado permitan el acceso audiovisual de las personas sordas o discapacidad auditiva, hace que la sociedad en general se enriquezca a trav\u00e9s de la participaci\u00f3n com\u00fan y conjunta de todas las personas en la vida real y digital\u201d.<\/p>\n<p>En la actualidad, m\u00e1s de un<b> 1,2 millones de personas <\/b>en Espa\u00f1a tienen alg\u00fan tipo de <b>discapacidad relativa a la audici\u00f3n<\/b> \u2013m\u00e1s de 700.000 mujeres y m\u00e1s de 500.000 hombres\u2013, seg\u00fan los \u00faltimos datos del Informe Olivenza 2023 elaborado por el Observatorio Estatal de la Discapacidad.<\/p>\n<\/div>\n<p>Fuente: Discapacidad https:\/\/www.20minutos.es\/noticia\/5637962\/0\/derechos-sociales-lanza-campana-mejorconsubtitulos-cada-pantalla-todo-lugar-por-dia-las-personas-sordas\/<\/p>\n","protected":false},"excerpt":{"rendered":"<p>El mensaje de la campa\u00f1a es que \u201chacer los contenidos audiovisuales y digitales accesibles es trabajo de todos\u201d<\/p>\n","protected":false},"author":1,"featured_media":0,"comment_status":"closed","ping_status":"closed","sticky":false,"template":"","format":"standard","meta":{"footnotes":""},"categories":[8],"tags":[],"class_list":["post-10350","post","type-post","status-publish","format-standard","hentry","category-noticias"],"yoast_head":"<!-- This site is optimized with the Yoast SEO plugin v27.5 - https:\/\/yoast.com\/product\/yoast-seo-wordpress\/ -->\n<title>Derechos Sociales lanza la campa\u00f1a &#039;#MejorConSubt\u00edtulos&#039;, por el D\u00eda de las Personas Sordas - Asociaci\u00f3n Espa\u00f1ola S\u00edndrome de Charge<\/title>\n<meta name=\"robots\" content=\"index, follow, max-snippet:-1, max-image-preview:large, max-video-preview:-1\" \/>\n<link rel=\"canonical\" href=\"https:\/\/sindromecharge.es\/index.php\/2024\/09\/29\/derechos-sociales-lanza-campana-mejorconsubtitulos-cada-pantalla-todo-lugar-por-dia-las-personas-sordas\/\" \/>\n<meta property=\"og:locale\" content=\"es_ES\" \/>\n<meta property=\"og:type\" content=\"article\" \/>\n<meta property=\"og:title\" content=\"Derechos Sociales lanza la campa\u00f1a &#039;#MejorConSubt\u00edtulos&#039;, por el D\u00eda de las Personas Sordas - Asociaci\u00f3n Espa\u00f1ola S\u00edndrome de Charge\" \/>\n<meta property=\"og:description\" content=\"El mensaje de la campa\u00f1a es que \u201chacer los contenidos audiovisuales y digitales accesibles es trabajo de todos\u201d\" \/>\n<meta property=\"og:url\" content=\"https:\/\/sindromecharge.es\/index.php\/2024\/09\/29\/derechos-sociales-lanza-campana-mejorconsubtitulos-cada-pantalla-todo-lugar-por-dia-las-personas-sordas\/\" \/>\n<meta property=\"og:site_name\" content=\"Asociaci\u00f3n Espa\u00f1ola S\u00edndrome de Charge\" \/>\n<meta property=\"article:publisher\" content=\"https:\/\/www.facebook.com\/asociacionsindromecharge\" \/>\n<meta property=\"article:published_time\" content=\"2024-09-29T06:44:32+00:00\" \/>\n<meta property=\"og:image\" content=\"https:\/\/sindromecharge.es\/wp-content\/uploads\/2013\/09\/logodecharge300x98.png\" \/>\n\t<meta property=\"og:image:width\" content=\"300\" \/>\n\t<meta property=\"og:image:height\" content=\"98\" \/>\n\t<meta property=\"og:image:type\" content=\"image\/png\" \/>\n<meta name=\"author\" content=\"Charge\" \/>\n<meta name=\"twitter:card\" content=\"summary_large_image\" \/>\n<meta name=\"twitter:creator\" content=\"@sindromecharge\" \/>\n<meta name=\"twitter:site\" content=\"@sindromecharge\" \/>\n<meta name=\"twitter:label1\" content=\"Escrito por\" \/>\n\t<meta name=\"twitter:data1\" content=\"Charge\" \/>\n\t<meta name=\"twitter:label2\" content=\"Tiempo de lectura\" \/>\n\t<meta name=\"twitter:data2\" content=\"6 minutos\" \/>\n<script type=\"application\/ld+json\" class=\"yoast-schema-graph\">{\"@context\":\"https:\\\/\\\/schema.org\",\"@graph\":[{\"@type\":\"Article\",\"@id\":\"https:\\\/\\\/sindromecharge.es\\\/index.php\\\/2024\\\/09\\\/29\\\/derechos-sociales-lanza-campana-mejorconsubtitulos-cada-pantalla-todo-lugar-por-dia-las-personas-sordas\\\/#article\",\"isPartOf\":{\"@id\":\"https:\\\/\\\/sindromecharge.es\\\/index.php\\\/2024\\\/09\\\/29\\\/derechos-sociales-lanza-campana-mejorconsubtitulos-cada-pantalla-todo-lugar-por-dia-las-personas-sordas\\\/\"},\"author\":{\"name\":\"Charge\",\"@id\":\"https:\\\/\\\/sindromecharge.es\\\/#\\\/schema\\\/person\\\/39a60ebe0a2b4d5a11179701e336b039\"},\"headline\":\"Derechos Sociales lanza la campa\u00f1a &#8216;#MejorConSubt\u00edtulos&#8217;, por el D\u00eda de las Personas Sordas\",\"datePublished\":\"2024-09-29T06:44:32+00:00\",\"mainEntityOfPage\":{\"@id\":\"https:\\\/\\\/sindromecharge.es\\\/index.php\\\/2024\\\/09\\\/29\\\/derechos-sociales-lanza-campana-mejorconsubtitulos-cada-pantalla-todo-lugar-por-dia-las-personas-sordas\\\/\"},\"wordCount\":1256,\"articleSection\":[\"noticias\"],\"inLanguage\":\"es\"},{\"@type\":\"WebPage\",\"@id\":\"https:\\\/\\\/sindromecharge.es\\\/index.php\\\/2024\\\/09\\\/29\\\/derechos-sociales-lanza-campana-mejorconsubtitulos-cada-pantalla-todo-lugar-por-dia-las-personas-sordas\\\/\",\"url\":\"https:\\\/\\\/sindromecharge.es\\\/index.php\\\/2024\\\/09\\\/29\\\/derechos-sociales-lanza-campana-mejorconsubtitulos-cada-pantalla-todo-lugar-por-dia-las-personas-sordas\\\/\",\"name\":\"Derechos Sociales lanza la campa\u00f1a '#MejorConSubt\u00edtulos', por el D\u00eda de las Personas Sordas - Asociaci\u00f3n Espa\u00f1ola S\u00edndrome de Charge\",\"isPartOf\":{\"@id\":\"https:\\\/\\\/sindromecharge.es\\\/#website\"},\"datePublished\":\"2024-09-29T06:44:32+00:00\",\"author\":{\"@id\":\"https:\\\/\\\/sindromecharge.es\\\/#\\\/schema\\\/person\\\/39a60ebe0a2b4d5a11179701e336b039\"},\"breadcrumb\":{\"@id\":\"https:\\\/\\\/sindromecharge.es\\\/index.php\\\/2024\\\/09\\\/29\\\/derechos-sociales-lanza-campana-mejorconsubtitulos-cada-pantalla-todo-lugar-por-dia-las-personas-sordas\\\/#breadcrumb\"},\"inLanguage\":\"es\",\"potentialAction\":[{\"@type\":\"ReadAction\",\"target\":[\"https:\\\/\\\/sindromecharge.es\\\/index.php\\\/2024\\\/09\\\/29\\\/derechos-sociales-lanza-campana-mejorconsubtitulos-cada-pantalla-todo-lugar-por-dia-las-personas-sordas\\\/\"]}]},{\"@type\":\"BreadcrumbList\",\"@id\":\"https:\\\/\\\/sindromecharge.es\\\/index.php\\\/2024\\\/09\\\/29\\\/derechos-sociales-lanza-campana-mejorconsubtitulos-cada-pantalla-todo-lugar-por-dia-las-personas-sordas\\\/#breadcrumb\",\"itemListElement\":[{\"@type\":\"ListItem\",\"position\":1,\"name\":\"Portada\",\"item\":\"https:\\\/\\\/sindromecharge.es\\\/\"},{\"@type\":\"ListItem\",\"position\":2,\"name\":\"Derechos Sociales lanza la campa\u00f1a &#8216;#MejorConSubt\u00edtulos&#8217;, por el D\u00eda de las Personas Sordas\"}]},{\"@type\":\"WebSite\",\"@id\":\"https:\\\/\\\/sindromecharge.es\\\/#website\",\"url\":\"https:\\\/\\\/sindromecharge.es\\\/\",\"name\":\"Asociaci\u00f3n Espa\u00f1ola S\u00edndrome de Charge\",\"description\":\"\",\"potentialAction\":[{\"@type\":\"SearchAction\",\"target\":{\"@type\":\"EntryPoint\",\"urlTemplate\":\"https:\\\/\\\/sindromecharge.es\\\/?s={search_term_string}\"},\"query-input\":{\"@type\":\"PropertyValueSpecification\",\"valueRequired\":true,\"valueName\":\"search_term_string\"}}],\"inLanguage\":\"es\"},{\"@type\":\"Person\",\"@id\":\"https:\\\/\\\/sindromecharge.es\\\/#\\\/schema\\\/person\\\/39a60ebe0a2b4d5a11179701e336b039\",\"name\":\"Charge\",\"image\":{\"@type\":\"ImageObject\",\"inLanguage\":\"es\",\"@id\":\"https:\\\/\\\/secure.gravatar.com\\\/avatar\\\/c3b46e32a0fc3b093a0873fb767bf3293de856293065e84ef06b7ec7a8acfb98?s=96&d=identicon&r=x\",\"url\":\"https:\\\/\\\/secure.gravatar.com\\\/avatar\\\/c3b46e32a0fc3b093a0873fb767bf3293de856293065e84ef06b7ec7a8acfb98?s=96&d=identicon&r=x\",\"contentUrl\":\"https:\\\/\\\/secure.gravatar.com\\\/avatar\\\/c3b46e32a0fc3b093a0873fb767bf3293de856293065e84ef06b7ec7a8acfb98?s=96&d=identicon&r=x\",\"caption\":\"Charge\"},\"url\":\"https:\\\/\\\/sindromecharge.es\\\/index.php\\\/author\\\/admin\\\/\"}]}<\/script>\n<!-- \/ Yoast SEO plugin. -->","yoast_head_json":{"title":"Derechos Sociales lanza la campa\u00f1a '#MejorConSubt\u00edtulos', por el D\u00eda de las Personas Sordas - Asociaci\u00f3n Espa\u00f1ola S\u00edndrome de Charge","robots":{"index":"index","follow":"follow","max-snippet":"max-snippet:-1","max-image-preview":"max-image-preview:large","max-video-preview":"max-video-preview:-1"},"canonical":"https:\/\/sindromecharge.es\/index.php\/2024\/09\/29\/derechos-sociales-lanza-campana-mejorconsubtitulos-cada-pantalla-todo-lugar-por-dia-las-personas-sordas\/","og_locale":"es_ES","og_type":"article","og_title":"Derechos Sociales lanza la campa\u00f1a '#MejorConSubt\u00edtulos', por el D\u00eda de las Personas Sordas - Asociaci\u00f3n Espa\u00f1ola S\u00edndrome de Charge","og_description":"El mensaje de la campa\u00f1a es que \u201chacer los contenidos audiovisuales y digitales accesibles es trabajo de todos\u201d","og_url":"https:\/\/sindromecharge.es\/index.php\/2024\/09\/29\/derechos-sociales-lanza-campana-mejorconsubtitulos-cada-pantalla-todo-lugar-por-dia-las-personas-sordas\/","og_site_name":"Asociaci\u00f3n Espa\u00f1ola S\u00edndrome de Charge","article_publisher":"https:\/\/www.facebook.com\/asociacionsindromecharge","article_published_time":"2024-09-29T06:44:32+00:00","og_image":[{"width":300,"height":98,"url":"https:\/\/sindromecharge.es\/wp-content\/uploads\/2013\/09\/logodecharge300x98.png","type":"image\/png"}],"author":"Charge","twitter_card":"summary_large_image","twitter_creator":"@sindromecharge","twitter_site":"@sindromecharge","twitter_misc":{"Escrito por":"Charge","Tiempo de lectura":"6 minutos"},"schema":{"@context":"https:\/\/schema.org","@graph":[{"@type":"Article","@id":"https:\/\/sindromecharge.es\/index.php\/2024\/09\/29\/derechos-sociales-lanza-campana-mejorconsubtitulos-cada-pantalla-todo-lugar-por-dia-las-personas-sordas\/#article","isPartOf":{"@id":"https:\/\/sindromecharge.es\/index.php\/2024\/09\/29\/derechos-sociales-lanza-campana-mejorconsubtitulos-cada-pantalla-todo-lugar-por-dia-las-personas-sordas\/"},"author":{"name":"Charge","@id":"https:\/\/sindromecharge.es\/#\/schema\/person\/39a60ebe0a2b4d5a11179701e336b039"},"headline":"Derechos Sociales lanza la campa\u00f1a &#8216;#MejorConSubt\u00edtulos&#8217;, por el D\u00eda de las Personas Sordas","datePublished":"2024-09-29T06:44:32+00:00","mainEntityOfPage":{"@id":"https:\/\/sindromecharge.es\/index.php\/2024\/09\/29\/derechos-sociales-lanza-campana-mejorconsubtitulos-cada-pantalla-todo-lugar-por-dia-las-personas-sordas\/"},"wordCount":1256,"articleSection":["noticias"],"inLanguage":"es"},{"@type":"WebPage","@id":"https:\/\/sindromecharge.es\/index.php\/2024\/09\/29\/derechos-sociales-lanza-campana-mejorconsubtitulos-cada-pantalla-todo-lugar-por-dia-las-personas-sordas\/","url":"https:\/\/sindromecharge.es\/index.php\/2024\/09\/29\/derechos-sociales-lanza-campana-mejorconsubtitulos-cada-pantalla-todo-lugar-por-dia-las-personas-sordas\/","name":"Derechos Sociales lanza la campa\u00f1a '#MejorConSubt\u00edtulos', por el D\u00eda de las Personas Sordas - Asociaci\u00f3n Espa\u00f1ola S\u00edndrome de Charge","isPartOf":{"@id":"https:\/\/sindromecharge.es\/#website"},"datePublished":"2024-09-29T06:44:32+00:00","author":{"@id":"https:\/\/sindromecharge.es\/#\/schema\/person\/39a60ebe0a2b4d5a11179701e336b039"},"breadcrumb":{"@id":"https:\/\/sindromecharge.es\/index.php\/2024\/09\/29\/derechos-sociales-lanza-campana-mejorconsubtitulos-cada-pantalla-todo-lugar-por-dia-las-personas-sordas\/#breadcrumb"},"inLanguage":"es","potentialAction":[{"@type":"ReadAction","target":["https:\/\/sindromecharge.es\/index.php\/2024\/09\/29\/derechos-sociales-lanza-campana-mejorconsubtitulos-cada-pantalla-todo-lugar-por-dia-las-personas-sordas\/"]}]},{"@type":"BreadcrumbList","@id":"https:\/\/sindromecharge.es\/index.php\/2024\/09\/29\/derechos-sociales-lanza-campana-mejorconsubtitulos-cada-pantalla-todo-lugar-por-dia-las-personas-sordas\/#breadcrumb","itemListElement":[{"@type":"ListItem","position":1,"name":"Portada","item":"https:\/\/sindromecharge.es\/"},{"@type":"ListItem","position":2,"name":"Derechos Sociales lanza la campa\u00f1a &#8216;#MejorConSubt\u00edtulos&#8217;, por el D\u00eda de las Personas Sordas"}]},{"@type":"WebSite","@id":"https:\/\/sindromecharge.es\/#website","url":"https:\/\/sindromecharge.es\/","name":"Asociaci\u00f3n Espa\u00f1ola S\u00edndrome de Charge","description":"","potentialAction":[{"@type":"SearchAction","target":{"@type":"EntryPoint","urlTemplate":"https:\/\/sindromecharge.es\/?s={search_term_string}"},"query-input":{"@type":"PropertyValueSpecification","valueRequired":true,"valueName":"search_term_string"}}],"inLanguage":"es"},{"@type":"Person","@id":"https:\/\/sindromecharge.es\/#\/schema\/person\/39a60ebe0a2b4d5a11179701e336b039","name":"Charge","image":{"@type":"ImageObject","inLanguage":"es","@id":"https:\/\/secure.gravatar.com\/avatar\/c3b46e32a0fc3b093a0873fb767bf3293de856293065e84ef06b7ec7a8acfb98?s=96&d=identicon&r=x","url":"https:\/\/secure.gravatar.com\/avatar\/c3b46e32a0fc3b093a0873fb767bf3293de856293065e84ef06b7ec7a8acfb98?s=96&d=identicon&r=x","contentUrl":"https:\/\/secure.gravatar.com\/avatar\/c3b46e32a0fc3b093a0873fb767bf3293de856293065e84ef06b7ec7a8acfb98?s=96&d=identicon&r=x","caption":"Charge"},"url":"https:\/\/sindromecharge.es\/index.php\/author\/admin\/"}]}},"_links":{"self":[{"href":"https:\/\/sindromecharge.es\/index.php\/wp-json\/wp\/v2\/posts\/10350","targetHints":{"allow":["GET"]}}],"collection":[{"href":"https:\/\/sindromecharge.es\/index.php\/wp-json\/wp\/v2\/posts"}],"about":[{"href":"https:\/\/sindromecharge.es\/index.php\/wp-json\/wp\/v2\/types\/post"}],"author":[{"embeddable":true,"href":"https:\/\/sindromecharge.es\/index.php\/wp-json\/wp\/v2\/users\/1"}],"replies":[{"embeddable":true,"href":"https:\/\/sindromecharge.es\/index.php\/wp-json\/wp\/v2\/comments?post=10350"}],"version-history":[{"count":0,"href":"https:\/\/sindromecharge.es\/index.php\/wp-json\/wp\/v2\/posts\/10350\/revisions"}],"wp:attachment":[{"href":"https:\/\/sindromecharge.es\/index.php\/wp-json\/wp\/v2\/media?parent=10350"}],"wp:term":[{"taxonomy":"category","embeddable":true,"href":"https:\/\/sindromecharge.es\/index.php\/wp-json\/wp\/v2\/categories?post=10350"},{"taxonomy":"post_tag","embeddable":true,"href":"https:\/\/sindromecharge.es\/index.php\/wp-json\/wp\/v2\/tags?post=10350"}],"curies":[{"name":"wp","href":"https:\/\/api.w.org\/{rel}","templated":true}]}}