{"id":10349,"date":"2024-09-28T06:33:30","date_gmt":"2024-09-28T06:33:30","guid":{"rendered":"https:\/\/sindromecharge.es\/index.php\/2024\/09\/28\/jose-maria-martin-con-sindrome-arnold-chiari-voy-peor-pero-no-me-quieren-dar-incapacidad-ni-una-tarjeta-aparcamiento\/"},"modified":"2024-09-28T06:33:30","modified_gmt":"2024-09-28T06:33:30","slug":"jose-maria-martin-con-sindrome-arnold-chiari-voy-peor-pero-no-me-quieren-dar-incapacidad-ni-una-tarjeta-aparcamiento","status":"publish","type":"post","link":"https:\/\/sindromecharge.es\/index.php\/2024\/09\/28\/jose-maria-martin-con-sindrome-arnold-chiari-voy-peor-pero-no-me-quieren-dar-incapacidad-ni-una-tarjeta-aparcamiento\/","title":{"rendered":"Jose Mar\u00eda Mart\u00edn, con s\u00edndrome de Arnold-Chiari: \u00abHay que seguir luchando para que nos hagan caso e investiguen\u00bb"},"content":{"rendered":"<p>Leemos en Discapacidad la siguiente noticia que os reproducimos de forma \u00edntegra: <\/p>\n<div>\n<p>El <b>s\u00edndrome de Arnold-Chiari<\/b> est\u00e1 considerada una<a href=\"https:\/\/www.20minutos.es\/salud\/minuteca\/enfermedades-raras\/\" title=\"Enfermedades raras\" target=\"_blank\" rel=\"noopener\"> enfermedad poco frecuente<\/a> o rara. Sin embargo, en Espa\u00f1a se calcula que hay unas 6.000 personas con esta patolog\u00eda. Es decir, que <b>no es tan infrecuente como desconocida<\/b>. De hecho, una de las mayores quejas de los pacientes con Arnold-Chiari es el gran desconocimiento que existe de esta enfermedad, tanto en la sociedad, esperable en una enfermedad rara, como entre los mismos m\u00e9dicos.<\/p>\n<p>Esto hace que, en muchos casos,<b> los pacientes pasen a\u00f1os sin saber lo que tienen<\/b> e incluso que se les detecte por casualidad. Y es que esta <b>malformaci\u00f3n cong\u00e9nita del cerebro <\/b>y cerebelo causa una variedad de s\u00edntomas tan grande que a menudo pasa desapercibida para los m\u00e9dicos a no ser que hagan una resonancia o TAC de la zona.<\/p>\n<p>Este es el caso de<b> Jose Mar\u00eda Mart\u00edn<\/b> que, a pesar de tener<b> espina b\u00edfida<\/b>, una malformaci\u00f3n que a menudo va asociado al s\u00edndrome de <b>Arnold-Chiari tipo II <\/b>-el que \u00e9l tiene- y de haberse sometido a multitud de pruebas a lo largo de su vida, no se lo vieron hasta pasados los 40, \u00aben poco tiempo, <b>me dieron dos pericarditis<\/b>. La primera me tuvo ingresado 25 d\u00edas en 2019, y la segunda fue pocos meses despu\u00e9s. Ah\u00ed fue cuando me hicieron un TAC y vieron que tengo s\u00edndrome de Arnold Chiari con <b>siringomielia<\/b>\u00ab.<\/p>\n<p>La siringomielia es un s\u00edntoma frecuente entre los pacientes con Arnold Chiari y consiste en <b>un quiste en la m\u00e9dula espinal<\/b> que, con el paso del tiempo, se hace m\u00e1s grande y largo y <b>da\u00f1a parte de la m\u00e9dula espinal<\/b>. Jos\u00e9 Mar\u00eda lo tiene en las v\u00e9rtebras del cuello, \u00abdesde las v\u00e9rtebras C-1 hasta la T-1\u00bb, seg\u00fan cuenta.<\/p>\n<p>Adem\u00e1s del Arnold Chiari, le diagnosticaron <b>hidrocefalia y presi\u00f3n intracraneal<\/b>, por lo que lleva \u00abdos v\u00e1lvulas en la cabeza. Se supone que es todo consecuencia de la espina b\u00edfida, pero hasta entonces, no hab\u00edan visto nada\u00bb, recuerda.<\/p>\n<p>Cuando recibi\u00f3 el diagn\u00f3stico, \u00e9l reconoce que <b>conoc\u00eda la enfermedad porque una t\u00eda suya tambi\u00e9n la tiene<\/b>, por eso todav\u00eda le sorprendi\u00f3 m\u00e1s el <b>desconocimiento y la falta de comprensi\u00f3n<\/b> que asegura que se ha encontrado de parte de los m\u00e9dicos que, o bien no conoc\u00edan la enfermedad o no se compromet\u00edan ni le daban un pron\u00f3stico, \u00abal ser una enfermedad rara, la mayor\u00eda de los neurocirujanos<b> no saben c\u00f3mo abordarla<\/b>. Cuando me diagnosticaron, me tuve que ir a uno privado y gastarme 500 euros y un mont\u00f3n de pruebas porque ninguno de la sanidad p\u00fablica quer\u00eda verme. Hay mucho desconocimiento entre los m\u00e9dicos, al menos el conocimiento que deber\u00edan, por eso no se atreven a dar su opini\u00f3n, a operarte\u2026\u00bb. <\/p>\n<h1>Al ser una enfermedad rara, muchos neurocirujanos no saben c\u00f3mo abordarla<\/h1>\n<p>\u00c9l, como cuenta, solo encontr\u00f3 uno, y lo \u00fanico que le ofreci\u00f3 fue una operaci\u00f3n que<b> le costaba 50.000 euros <\/b>y no le garantizaba que se le fueran a ir los s\u00edntomas e incluso otro le dijo que, si se operaba, ten\u00eda un 90% de probabilidades de quedarse tetrapl\u00e9jico, \u00abnadie va a arriesgarse a algo as\u00ed\u00bb, dice resignado.<\/p>\n<p>Mientras tanto, sus s\u00edntomas contin\u00faan empeorando y a\u00fan no ha encontrado ning\u00fan tratamiento paliativo, \u00abyo a\u00fan tengo <b>suerte porque puedo caminar, no voy en <a href=\"https:\/\/www.20minutos.es\/minuteca\/silla-de-ruedas\/\" title=\"Silla de ruedas\" target=\"_blank\" rel=\"noopener\">silla de ruedas<\/a><\/b>, como conozco en otros casos, pero s\u00ed tengo much\u00edsimos dolores de cabeza, el pie dormido -menos desde que me pusieron las v\u00e1lvulas-,<b> se me duermen las manos, tengo fatiga, insomnio\u2026<\/b> y hay muchos m\u00e1s. Yo de momento no los tengo, pero hay gente que tiene v\u00f3mitos, v\u00e9rtigos, que va en silla de ruedas\u2026 Mi t\u00eda, sin ir m\u00e1s lejos, est\u00e1 mucho peor que yo. Y lo peor es que no me puedo tomar nada. Me mandaron medicamentos para los dolores, que me dejaban dormid\u00edsimo y me hac\u00edan engordar much\u00edsimo, y que encima no me hac\u00edan nada, as\u00ed que los dej\u00e9\u00bb.<\/p>\n<h2>Invisibilidad y resignaci\u00f3n<\/h2>\n<p>Todos estos s\u00edntomas<b> le provocan un 77% de <a href=\"https:\/\/www.20minutos.es\/minuteca\/discapacidad\/\" title=\"Discapacidad\" target=\"_blank\" rel=\"noopener\">discapacidad<\/a> <\/b>y le impiden hacer muchas cosas, en cambio<b>, tiene que seguir trabajando<\/b>. Primero estuvo en telefon\u00eda y desde hace poco m\u00e1s de un a\u00f1o, en la centralita de un ayuntamiento, \u00abvoy a peor, pero <b>no me quieren dar la incapacidad<\/b> ni una tarjeta de aparcamiento porque dicen que no tengo movilidad reducida. Y el neurocirujano casi ni me ve. Me mandaron una resonancia en junio para ver c\u00f3mo voy y a\u00fan sigo esperando\u00bb, se lamenta.<\/p>\n<p>A pesar de todos los s\u00edntomas que le provoca el s\u00edndrome de Arnold-Chiari, a Jos\u00e9 Mar\u00eda Mart\u00edn<b> lo que m\u00e1s le duele es la indiferencia<\/b> con la que se trata a veces a los pacientes y los invisibles que se sienten, \u00aba lo mejor es porque mi experiencia con los m\u00e9dicos no ha sido buena, pero creo que <b>falta mucha sensibilidad y visibilizar la enfermedad<\/b>. Muchos m\u00e9dicos te llegan a decir que el Chiari no da s\u00edntomas -que en algunos casos puede ser verdad- cuando en la mayor\u00eda de los casos s\u00ed dan, y muchos.<b> Hay localizados m\u00e1s de 100 s\u00edntomas diferentes<\/b>. Me gustar\u00eda que se le diera una mayor visibilidad a esta enfermedad, porque es rara, pero somos muchas personas afectadas. Ojal\u00e1 nos hicieran m\u00e1s caso\u00bb. <\/p>\n<h1>Tengo una amiga que se pas\u00f3 dos a\u00f1os en cama sin diagnosticar porque ning\u00fan m\u00e9dico en Chile la conoc\u00eda. Se tuvo que ir a Argentina<\/h1>\n<p>Y lo que es peor que <b>muchas de ellas est\u00e1n a\u00fan sin diagnosticar<\/b>, \u00abtengo una amiga que se pas\u00f3 dos a\u00f1os en cama sin diagnosticar porque ning\u00fan m\u00e9dico en Chile la conoc\u00eda. Se tuvo que ir a Argentina\u00bb, asegura.<\/p>\n<p>A pesar de todo, Jose Mar\u00eda quiere <b>acabar con un mensaje de esperanza<\/b> y animar a la gente a la que acaban de diagnosticar, \u00abmuchos se vienen abajo, piensan que su vida se acaba, que se van a morir\u2026 pero yo les digo que no, que de esto no se muere uno. Yo aqu\u00ed sigo, aunque es verdad que peleando con los s\u00edntomas, pero hay que seguir luchando para que nos hagan caso e investiguen\u00bb. <\/p>\n<\/div>\n<p>Fuente: Discapacidad https:\/\/www.20minutos.es\/noticia\/5635915\/0\/jose-maria-martin-con-sindrome-arnold-chiari-voy-peor-pero-no-me-quieren-dar-incapacidad-ni-una-tarjeta-aparcamiento\/<\/p>\n","protected":false},"excerpt":{"rendered":"<p>Jose Mar\u00eda tiene el s\u00edndrome de Arnold-Chiari, espina b\u00edfida y un 77% de discapacidad reconocida.<\/p>\n","protected":false},"author":1,"featured_media":0,"comment_status":"closed","ping_status":"closed","sticky":false,"template":"","format":"standard","meta":{"footnotes":""},"categories":[8],"tags":[],"class_list":["post-10349","post","type-post","status-publish","format-standard","hentry","category-noticias"],"yoast_head":"<!-- This site is optimized with the Yoast SEO plugin v27.5 - https:\/\/yoast.com\/product\/yoast-seo-wordpress\/ -->\n<title>Jose Mar\u00eda Mart\u00edn, con s\u00edndrome de Arnold-Chiari: &quot;Hay que seguir luchando para que nos hagan caso e investiguen&quot; - Asociaci\u00f3n Espa\u00f1ola S\u00edndrome de Charge<\/title>\n<meta name=\"robots\" content=\"index, follow, max-snippet:-1, max-image-preview:large, max-video-preview:-1\" \/>\n<link rel=\"canonical\" href=\"https:\/\/sindromecharge.es\/index.php\/2024\/09\/28\/jose-maria-martin-con-sindrome-arnold-chiari-voy-peor-pero-no-me-quieren-dar-incapacidad-ni-una-tarjeta-aparcamiento\/\" \/>\n<meta property=\"og:locale\" content=\"es_ES\" \/>\n<meta property=\"og:type\" content=\"article\" \/>\n<meta property=\"og:title\" content=\"Jose Mar\u00eda Mart\u00edn, con s\u00edndrome de Arnold-Chiari: &quot;Hay que seguir luchando para que nos hagan caso e investiguen&quot; - Asociaci\u00f3n Espa\u00f1ola S\u00edndrome de Charge\" \/>\n<meta property=\"og:description\" content=\"Jose Mar\u00eda tiene el s\u00edndrome de Arnold-Chiari, espina b\u00edfida y un 77% de discapacidad reconocida.\" \/>\n<meta property=\"og:url\" content=\"https:\/\/sindromecharge.es\/index.php\/2024\/09\/28\/jose-maria-martin-con-sindrome-arnold-chiari-voy-peor-pero-no-me-quieren-dar-incapacidad-ni-una-tarjeta-aparcamiento\/\" \/>\n<meta property=\"og:site_name\" content=\"Asociaci\u00f3n Espa\u00f1ola S\u00edndrome de Charge\" \/>\n<meta property=\"article:publisher\" content=\"https:\/\/www.facebook.com\/asociacionsindromecharge\" \/>\n<meta property=\"article:published_time\" content=\"2024-09-28T06:33:30+00:00\" \/>\n<meta property=\"og:image\" content=\"https:\/\/sindromecharge.es\/wp-content\/uploads\/2013\/09\/logodecharge300x98.png\" \/>\n\t<meta property=\"og:image:width\" content=\"300\" \/>\n\t<meta property=\"og:image:height\" content=\"98\" \/>\n\t<meta property=\"og:image:type\" content=\"image\/png\" \/>\n<meta name=\"author\" content=\"Charge\" \/>\n<meta name=\"twitter:card\" content=\"summary_large_image\" \/>\n<meta name=\"twitter:creator\" content=\"@sindromecharge\" \/>\n<meta name=\"twitter:site\" content=\"@sindromecharge\" \/>\n<meta name=\"twitter:label1\" content=\"Escrito por\" \/>\n\t<meta name=\"twitter:data1\" content=\"Charge\" \/>\n\t<meta name=\"twitter:label2\" content=\"Tiempo de lectura\" \/>\n\t<meta name=\"twitter:data2\" content=\"6 minutos\" \/>\n<script type=\"application\/ld+json\" class=\"yoast-schema-graph\">{\"@context\":\"https:\\\/\\\/schema.org\",\"@graph\":[{\"@type\":\"Article\",\"@id\":\"https:\\\/\\\/sindromecharge.es\\\/index.php\\\/2024\\\/09\\\/28\\\/jose-maria-martin-con-sindrome-arnold-chiari-voy-peor-pero-no-me-quieren-dar-incapacidad-ni-una-tarjeta-aparcamiento\\\/#article\",\"isPartOf\":{\"@id\":\"https:\\\/\\\/sindromecharge.es\\\/index.php\\\/2024\\\/09\\\/28\\\/jose-maria-martin-con-sindrome-arnold-chiari-voy-peor-pero-no-me-quieren-dar-incapacidad-ni-una-tarjeta-aparcamiento\\\/\"},\"author\":{\"name\":\"Charge\",\"@id\":\"https:\\\/\\\/sindromecharge.es\\\/#\\\/schema\\\/person\\\/39a60ebe0a2b4d5a11179701e336b039\"},\"headline\":\"Jose Mar\u00eda Mart\u00edn, con s\u00edndrome de Arnold-Chiari: \u00abHay que seguir luchando para que nos hagan caso e investiguen\u00bb\",\"datePublished\":\"2024-09-28T06:33:30+00:00\",\"mainEntityOfPage\":{\"@id\":\"https:\\\/\\\/sindromecharge.es\\\/index.php\\\/2024\\\/09\\\/28\\\/jose-maria-martin-con-sindrome-arnold-chiari-voy-peor-pero-no-me-quieren-dar-incapacidad-ni-una-tarjeta-aparcamiento\\\/\"},\"wordCount\":1124,\"articleSection\":[\"noticias\"],\"inLanguage\":\"es\"},{\"@type\":\"WebPage\",\"@id\":\"https:\\\/\\\/sindromecharge.es\\\/index.php\\\/2024\\\/09\\\/28\\\/jose-maria-martin-con-sindrome-arnold-chiari-voy-peor-pero-no-me-quieren-dar-incapacidad-ni-una-tarjeta-aparcamiento\\\/\",\"url\":\"https:\\\/\\\/sindromecharge.es\\\/index.php\\\/2024\\\/09\\\/28\\\/jose-maria-martin-con-sindrome-arnold-chiari-voy-peor-pero-no-me-quieren-dar-incapacidad-ni-una-tarjeta-aparcamiento\\\/\",\"name\":\"Jose Mar\u00eda Mart\u00edn, con s\u00edndrome de Arnold-Chiari: \\\"Hay que seguir luchando para que nos hagan caso e investiguen\\\" - Asociaci\u00f3n Espa\u00f1ola S\u00edndrome de Charge\",\"isPartOf\":{\"@id\":\"https:\\\/\\\/sindromecharge.es\\\/#website\"},\"datePublished\":\"2024-09-28T06:33:30+00:00\",\"author\":{\"@id\":\"https:\\\/\\\/sindromecharge.es\\\/#\\\/schema\\\/person\\\/39a60ebe0a2b4d5a11179701e336b039\"},\"breadcrumb\":{\"@id\":\"https:\\\/\\\/sindromecharge.es\\\/index.php\\\/2024\\\/09\\\/28\\\/jose-maria-martin-con-sindrome-arnold-chiari-voy-peor-pero-no-me-quieren-dar-incapacidad-ni-una-tarjeta-aparcamiento\\\/#breadcrumb\"},\"inLanguage\":\"es\",\"potentialAction\":[{\"@type\":\"ReadAction\",\"target\":[\"https:\\\/\\\/sindromecharge.es\\\/index.php\\\/2024\\\/09\\\/28\\\/jose-maria-martin-con-sindrome-arnold-chiari-voy-peor-pero-no-me-quieren-dar-incapacidad-ni-una-tarjeta-aparcamiento\\\/\"]}]},{\"@type\":\"BreadcrumbList\",\"@id\":\"https:\\\/\\\/sindromecharge.es\\\/index.php\\\/2024\\\/09\\\/28\\\/jose-maria-martin-con-sindrome-arnold-chiari-voy-peor-pero-no-me-quieren-dar-incapacidad-ni-una-tarjeta-aparcamiento\\\/#breadcrumb\",\"itemListElement\":[{\"@type\":\"ListItem\",\"position\":1,\"name\":\"Portada\",\"item\":\"https:\\\/\\\/sindromecharge.es\\\/\"},{\"@type\":\"ListItem\",\"position\":2,\"name\":\"Jose Mar\u00eda Mart\u00edn, con s\u00edndrome de Arnold-Chiari: &#8220;Hay que seguir luchando para que nos hagan caso e investiguen&#8221;\"}]},{\"@type\":\"WebSite\",\"@id\":\"https:\\\/\\\/sindromecharge.es\\\/#website\",\"url\":\"https:\\\/\\\/sindromecharge.es\\\/\",\"name\":\"Asociaci\u00f3n Espa\u00f1ola S\u00edndrome de Charge\",\"description\":\"\",\"potentialAction\":[{\"@type\":\"SearchAction\",\"target\":{\"@type\":\"EntryPoint\",\"urlTemplate\":\"https:\\\/\\\/sindromecharge.es\\\/?s={search_term_string}\"},\"query-input\":{\"@type\":\"PropertyValueSpecification\",\"valueRequired\":true,\"valueName\":\"search_term_string\"}}],\"inLanguage\":\"es\"},{\"@type\":\"Person\",\"@id\":\"https:\\\/\\\/sindromecharge.es\\\/#\\\/schema\\\/person\\\/39a60ebe0a2b4d5a11179701e336b039\",\"name\":\"Charge\",\"image\":{\"@type\":\"ImageObject\",\"inLanguage\":\"es\",\"@id\":\"https:\\\/\\\/secure.gravatar.com\\\/avatar\\\/c3b46e32a0fc3b093a0873fb767bf3293de856293065e84ef06b7ec7a8acfb98?s=96&d=identicon&r=x\",\"url\":\"https:\\\/\\\/secure.gravatar.com\\\/avatar\\\/c3b46e32a0fc3b093a0873fb767bf3293de856293065e84ef06b7ec7a8acfb98?s=96&d=identicon&r=x\",\"contentUrl\":\"https:\\\/\\\/secure.gravatar.com\\\/avatar\\\/c3b46e32a0fc3b093a0873fb767bf3293de856293065e84ef06b7ec7a8acfb98?s=96&d=identicon&r=x\",\"caption\":\"Charge\"},\"url\":\"https:\\\/\\\/sindromecharge.es\\\/index.php\\\/author\\\/admin\\\/\"}]}<\/script>\n<!-- \/ Yoast SEO plugin. -->","yoast_head_json":{"title":"Jose Mar\u00eda Mart\u00edn, con s\u00edndrome de Arnold-Chiari: \"Hay que seguir luchando para que nos hagan caso e investiguen\" - Asociaci\u00f3n Espa\u00f1ola S\u00edndrome de Charge","robots":{"index":"index","follow":"follow","max-snippet":"max-snippet:-1","max-image-preview":"max-image-preview:large","max-video-preview":"max-video-preview:-1"},"canonical":"https:\/\/sindromecharge.es\/index.php\/2024\/09\/28\/jose-maria-martin-con-sindrome-arnold-chiari-voy-peor-pero-no-me-quieren-dar-incapacidad-ni-una-tarjeta-aparcamiento\/","og_locale":"es_ES","og_type":"article","og_title":"Jose Mar\u00eda Mart\u00edn, con s\u00edndrome de Arnold-Chiari: \"Hay que seguir luchando para que nos hagan caso e investiguen\" - Asociaci\u00f3n Espa\u00f1ola S\u00edndrome de Charge","og_description":"Jose Mar\u00eda tiene el s\u00edndrome de Arnold-Chiari, espina b\u00edfida y un 77% de discapacidad reconocida.","og_url":"https:\/\/sindromecharge.es\/index.php\/2024\/09\/28\/jose-maria-martin-con-sindrome-arnold-chiari-voy-peor-pero-no-me-quieren-dar-incapacidad-ni-una-tarjeta-aparcamiento\/","og_site_name":"Asociaci\u00f3n Espa\u00f1ola S\u00edndrome de Charge","article_publisher":"https:\/\/www.facebook.com\/asociacionsindromecharge","article_published_time":"2024-09-28T06:33:30+00:00","og_image":[{"width":300,"height":98,"url":"https:\/\/sindromecharge.es\/wp-content\/uploads\/2013\/09\/logodecharge300x98.png","type":"image\/png"}],"author":"Charge","twitter_card":"summary_large_image","twitter_creator":"@sindromecharge","twitter_site":"@sindromecharge","twitter_misc":{"Escrito por":"Charge","Tiempo de lectura":"6 minutos"},"schema":{"@context":"https:\/\/schema.org","@graph":[{"@type":"Article","@id":"https:\/\/sindromecharge.es\/index.php\/2024\/09\/28\/jose-maria-martin-con-sindrome-arnold-chiari-voy-peor-pero-no-me-quieren-dar-incapacidad-ni-una-tarjeta-aparcamiento\/#article","isPartOf":{"@id":"https:\/\/sindromecharge.es\/index.php\/2024\/09\/28\/jose-maria-martin-con-sindrome-arnold-chiari-voy-peor-pero-no-me-quieren-dar-incapacidad-ni-una-tarjeta-aparcamiento\/"},"author":{"name":"Charge","@id":"https:\/\/sindromecharge.es\/#\/schema\/person\/39a60ebe0a2b4d5a11179701e336b039"},"headline":"Jose Mar\u00eda Mart\u00edn, con s\u00edndrome de Arnold-Chiari: \u00abHay que seguir luchando para que nos hagan caso e investiguen\u00bb","datePublished":"2024-09-28T06:33:30+00:00","mainEntityOfPage":{"@id":"https:\/\/sindromecharge.es\/index.php\/2024\/09\/28\/jose-maria-martin-con-sindrome-arnold-chiari-voy-peor-pero-no-me-quieren-dar-incapacidad-ni-una-tarjeta-aparcamiento\/"},"wordCount":1124,"articleSection":["noticias"],"inLanguage":"es"},{"@type":"WebPage","@id":"https:\/\/sindromecharge.es\/index.php\/2024\/09\/28\/jose-maria-martin-con-sindrome-arnold-chiari-voy-peor-pero-no-me-quieren-dar-incapacidad-ni-una-tarjeta-aparcamiento\/","url":"https:\/\/sindromecharge.es\/index.php\/2024\/09\/28\/jose-maria-martin-con-sindrome-arnold-chiari-voy-peor-pero-no-me-quieren-dar-incapacidad-ni-una-tarjeta-aparcamiento\/","name":"Jose Mar\u00eda Mart\u00edn, con s\u00edndrome de Arnold-Chiari: \"Hay que seguir luchando para que nos hagan caso e investiguen\" - Asociaci\u00f3n Espa\u00f1ola S\u00edndrome de Charge","isPartOf":{"@id":"https:\/\/sindromecharge.es\/#website"},"datePublished":"2024-09-28T06:33:30+00:00","author":{"@id":"https:\/\/sindromecharge.es\/#\/schema\/person\/39a60ebe0a2b4d5a11179701e336b039"},"breadcrumb":{"@id":"https:\/\/sindromecharge.es\/index.php\/2024\/09\/28\/jose-maria-martin-con-sindrome-arnold-chiari-voy-peor-pero-no-me-quieren-dar-incapacidad-ni-una-tarjeta-aparcamiento\/#breadcrumb"},"inLanguage":"es","potentialAction":[{"@type":"ReadAction","target":["https:\/\/sindromecharge.es\/index.php\/2024\/09\/28\/jose-maria-martin-con-sindrome-arnold-chiari-voy-peor-pero-no-me-quieren-dar-incapacidad-ni-una-tarjeta-aparcamiento\/"]}]},{"@type":"BreadcrumbList","@id":"https:\/\/sindromecharge.es\/index.php\/2024\/09\/28\/jose-maria-martin-con-sindrome-arnold-chiari-voy-peor-pero-no-me-quieren-dar-incapacidad-ni-una-tarjeta-aparcamiento\/#breadcrumb","itemListElement":[{"@type":"ListItem","position":1,"name":"Portada","item":"https:\/\/sindromecharge.es\/"},{"@type":"ListItem","position":2,"name":"Jose Mar\u00eda Mart\u00edn, con s\u00edndrome de Arnold-Chiari: &#8220;Hay que seguir luchando para que nos hagan caso e investiguen&#8221;"}]},{"@type":"WebSite","@id":"https:\/\/sindromecharge.es\/#website","url":"https:\/\/sindromecharge.es\/","name":"Asociaci\u00f3n Espa\u00f1ola S\u00edndrome de Charge","description":"","potentialAction":[{"@type":"SearchAction","target":{"@type":"EntryPoint","urlTemplate":"https:\/\/sindromecharge.es\/?s={search_term_string}"},"query-input":{"@type":"PropertyValueSpecification","valueRequired":true,"valueName":"search_term_string"}}],"inLanguage":"es"},{"@type":"Person","@id":"https:\/\/sindromecharge.es\/#\/schema\/person\/39a60ebe0a2b4d5a11179701e336b039","name":"Charge","image":{"@type":"ImageObject","inLanguage":"es","@id":"https:\/\/secure.gravatar.com\/avatar\/c3b46e32a0fc3b093a0873fb767bf3293de856293065e84ef06b7ec7a8acfb98?s=96&d=identicon&r=x","url":"https:\/\/secure.gravatar.com\/avatar\/c3b46e32a0fc3b093a0873fb767bf3293de856293065e84ef06b7ec7a8acfb98?s=96&d=identicon&r=x","contentUrl":"https:\/\/secure.gravatar.com\/avatar\/c3b46e32a0fc3b093a0873fb767bf3293de856293065e84ef06b7ec7a8acfb98?s=96&d=identicon&r=x","caption":"Charge"},"url":"https:\/\/sindromecharge.es\/index.php\/author\/admin\/"}]}},"_links":{"self":[{"href":"https:\/\/sindromecharge.es\/index.php\/wp-json\/wp\/v2\/posts\/10349","targetHints":{"allow":["GET"]}}],"collection":[{"href":"https:\/\/sindromecharge.es\/index.php\/wp-json\/wp\/v2\/posts"}],"about":[{"href":"https:\/\/sindromecharge.es\/index.php\/wp-json\/wp\/v2\/types\/post"}],"author":[{"embeddable":true,"href":"https:\/\/sindromecharge.es\/index.php\/wp-json\/wp\/v2\/users\/1"}],"replies":[{"embeddable":true,"href":"https:\/\/sindromecharge.es\/index.php\/wp-json\/wp\/v2\/comments?post=10349"}],"version-history":[{"count":0,"href":"https:\/\/sindromecharge.es\/index.php\/wp-json\/wp\/v2\/posts\/10349\/revisions"}],"wp:attachment":[{"href":"https:\/\/sindromecharge.es\/index.php\/wp-json\/wp\/v2\/media?parent=10349"}],"wp:term":[{"taxonomy":"category","embeddable":true,"href":"https:\/\/sindromecharge.es\/index.php\/wp-json\/wp\/v2\/categories?post=10349"},{"taxonomy":"post_tag","embeddable":true,"href":"https:\/\/sindromecharge.es\/index.php\/wp-json\/wp\/v2\/tags?post=10349"}],"curies":[{"name":"wp","href":"https:\/\/api.w.org\/{rel}","templated":true}]}}