{"id":10347,"date":"2024-09-27T13:02:15","date_gmt":"2024-09-27T13:02:15","guid":{"rendered":"https:\/\/sindromecharge.es\/index.php\/2024\/09\/27\/las-residencias-madrid-incorporan-patios-terapeuticos-comida-texturizada-tecnologia-para-las-personas-con-discapacidad\/"},"modified":"2024-09-27T13:02:15","modified_gmt":"2024-09-27T13:02:15","slug":"las-residencias-madrid-incorporan-patios-terapeuticos-comida-texturizada-tecnologia-para-las-personas-con-discapacidad","status":"publish","type":"post","link":"https:\/\/sindromecharge.es\/index.php\/2024\/09\/27\/las-residencias-madrid-incorporan-patios-terapeuticos-comida-texturizada-tecnologia-para-las-personas-con-discapacidad\/","title":{"rendered":"Las residencias de Madrid incorporan patios terap\u00e9uticos y comida texturizada para las personas con discapacidad"},"content":{"rendered":"<p>Leemos en Discapacidad la siguiente noticia que os reproducimos de forma \u00edntegra: <\/p>\n<div>\n<p>Jardines terap\u00e9uticos, salas sensoriales, protectores interactivos o comidas texturizadas son algunas de las <b>nuevas prestaciones que se han instalado en residencias y centros de d\u00eda <\/b>de la <a href=\"https:\/\/www.20minutos.es\/minuteca\/comunidad-de-madrid\/\" title=\"Comunidad de Madrid\">Comunidad de Madrid <\/a>para mejorar las percepciones sensoriales de las personas con discapacidad. Los nuevos equipos e instalaciones se han implementado en los complejos especializados de Coslada, Aranjuez y en el centro residencial para esclerosis m\u00faltiple Alicia Koplowitz (en el distrito de Vic\u00e1lvaro en la capital).<\/p>\n<p>\u00abEl compromiso que tenemos es mejorar en la innovaci\u00f3n tecnol\u00f3gica, en los apoyos t\u00e9cnicos que necesitan las personas con discapacidad\u00bb, ha maniatado la consejera de Familia, Juventud y Asuntos Sociales, Ana D\u00e1vila, este viernes durante una visita en la residencia y centro de d\u00eda de Coslada. En este centro, la terraza se ha reformado para crear un circuito interactivo con rapas, m\u00e1quinas articulares y columpios para los usuarios. Desde la Consejer\u00eda<b> extender\u00e1n estas mejoras hasta alcanzar los 18 centros en 2026, <\/b>con una inversi\u00f3n de 9 millones de euros. Adem\u00e1s de los centros donde se han instalado estos avances, la Comunidad de Madrid los extender\u00e1 a varios de la capital y en municipios como Fuenlabrada, Majadahonda o Villaconejos,<\/p>\n<p>\u00abMuchas actividades que <b>les ayudan en el desarrollo f\u00edsico que tanto necesitan y tambi\u00e9n en el cognitivo,<\/b> apoyado adem\u00e1s por excelentes profesionales\u00bb, ha indicado D\u00e1vila. En los patios se han dise\u00f1ado circuitos para la activaci\u00f3n f\u00edsica y para la estimulaci\u00f3n sensorial-olfativa y visual a trav\u00e9s de plantas arom\u00e1ticas y de colores.<\/p>\n<p>Adem\u00e1s de los espacios exteriores, las salas interiores se han dotado con pizarras digitales, proyectores interactivos o <b>las cuatro salas sensoriales que se incorporaran <\/b>para aquellas personas que tienen afectadas sus capacidades motoras o neurol\u00f3gicas. En su conjunto, estos elementos favorecen la estimulaci\u00f3n, relajaci\u00f3n y los juegos de psicomotricidad, con un impacto favorable en la calidad de vida de los residentes.<\/p>\n<p>Por otro lado, desde la Consejer\u00eda de Asuntos Sociales se han focalizado en el tema de la alimentaci\u00f3n para proporcionar a los usuarios con problemas de degluci\u00f3n o a la hora de ingerir comida, <b>men\u00fas m\u00e1s atractivos y beneficiosos para la salud, gracias a los texturizadores.<\/b> Tradicionalmente, a estas personas se les preparaba pur\u00e9s donde se inclu\u00edan todos los nutrientes. Ahora, gracias a la t\u00e9cnica de la texturizaci\u00f3n, pueden disfrutar de un plato de paella, pero en versi\u00f3n t\u00farmix, con una textura suave, al hacerse una pasta, conservando el sabor, los colores y sus nutrientes. <\/p>\n<\/div>\n<p>Fuente: Discapacidad https:\/\/www.20minutos.es\/noticia\/5638176\/0\/las-residencias-madrid-incorporan-patios-terapeuticos-comida-texturizada-tecnologia-para-las-personas-con-discapacidad\/<\/p>\n","protected":false},"excerpt":{"rendered":"<p>La Comunidad de Madrid extender\u00e1n estas mejoras hasta alcanzar los 18 centros en 2026.<\/p>\n","protected":false},"author":1,"featured_media":0,"comment_status":"closed","ping_status":"closed","sticky":false,"template":"","format":"standard","meta":{"footnotes":""},"categories":[8],"tags":[],"class_list":["post-10347","post","type-post","status-publish","format-standard","hentry","category-noticias"],"yoast_head":"<!-- This site is optimized with the Yoast SEO plugin v27.5 - https:\/\/yoast.com\/product\/yoast-seo-wordpress\/ -->\n<title>Las residencias de Madrid incorporan patios terap\u00e9uticos y comida texturizada para las personas con discapacidad - Asociaci\u00f3n Espa\u00f1ola S\u00edndrome de Charge<\/title>\n<meta name=\"robots\" content=\"index, follow, max-snippet:-1, max-image-preview:large, max-video-preview:-1\" \/>\n<link rel=\"canonical\" href=\"https:\/\/sindromecharge.es\/index.php\/2024\/09\/27\/las-residencias-madrid-incorporan-patios-terapeuticos-comida-texturizada-tecnologia-para-las-personas-con-discapacidad\/\" \/>\n<meta property=\"og:locale\" content=\"es_ES\" \/>\n<meta property=\"og:type\" content=\"article\" \/>\n<meta property=\"og:title\" content=\"Las residencias de Madrid incorporan patios terap\u00e9uticos y comida texturizada para las personas con discapacidad - Asociaci\u00f3n Espa\u00f1ola S\u00edndrome de Charge\" \/>\n<meta property=\"og:description\" content=\"La Comunidad de Madrid extender\u00e1n estas mejoras hasta alcanzar los 18 centros en 2026.\" \/>\n<meta property=\"og:url\" content=\"https:\/\/sindromecharge.es\/index.php\/2024\/09\/27\/las-residencias-madrid-incorporan-patios-terapeuticos-comida-texturizada-tecnologia-para-las-personas-con-discapacidad\/\" \/>\n<meta property=\"og:site_name\" content=\"Asociaci\u00f3n Espa\u00f1ola S\u00edndrome de Charge\" \/>\n<meta property=\"article:publisher\" content=\"https:\/\/www.facebook.com\/asociacionsindromecharge\" \/>\n<meta property=\"article:published_time\" content=\"2024-09-27T13:02:15+00:00\" \/>\n<meta property=\"og:image\" content=\"https:\/\/sindromecharge.es\/wp-content\/uploads\/2013\/09\/logodecharge300x98.png\" \/>\n\t<meta property=\"og:image:width\" content=\"300\" \/>\n\t<meta property=\"og:image:height\" content=\"98\" \/>\n\t<meta property=\"og:image:type\" content=\"image\/png\" \/>\n<meta name=\"author\" content=\"Charge\" \/>\n<meta name=\"twitter:card\" content=\"summary_large_image\" \/>\n<meta name=\"twitter:creator\" content=\"@sindromecharge\" \/>\n<meta name=\"twitter:site\" content=\"@sindromecharge\" \/>\n<meta name=\"twitter:label1\" content=\"Escrito por\" \/>\n\t<meta name=\"twitter:data1\" content=\"Charge\" \/>\n\t<meta name=\"twitter:label2\" content=\"Tiempo de lectura\" \/>\n\t<meta name=\"twitter:data2\" content=\"2 minutos\" \/>\n<script type=\"application\/ld+json\" class=\"yoast-schema-graph\">{\"@context\":\"https:\\\/\\\/schema.org\",\"@graph\":[{\"@type\":\"Article\",\"@id\":\"https:\\\/\\\/sindromecharge.es\\\/index.php\\\/2024\\\/09\\\/27\\\/las-residencias-madrid-incorporan-patios-terapeuticos-comida-texturizada-tecnologia-para-las-personas-con-discapacidad\\\/#article\",\"isPartOf\":{\"@id\":\"https:\\\/\\\/sindromecharge.es\\\/index.php\\\/2024\\\/09\\\/27\\\/las-residencias-madrid-incorporan-patios-terapeuticos-comida-texturizada-tecnologia-para-las-personas-con-discapacidad\\\/\"},\"author\":{\"name\":\"Charge\",\"@id\":\"https:\\\/\\\/sindromecharge.es\\\/#\\\/schema\\\/person\\\/39a60ebe0a2b4d5a11179701e336b039\"},\"headline\":\"Las residencias de Madrid incorporan patios terap\u00e9uticos y comida texturizada para las personas con discapacidad\",\"datePublished\":\"2024-09-27T13:02:15+00:00\",\"mainEntityOfPage\":{\"@id\":\"https:\\\/\\\/sindromecharge.es\\\/index.php\\\/2024\\\/09\\\/27\\\/las-residencias-madrid-incorporan-patios-terapeuticos-comida-texturizada-tecnologia-para-las-personas-con-discapacidad\\\/\"},\"wordCount\":470,\"articleSection\":[\"noticias\"],\"inLanguage\":\"es\"},{\"@type\":\"WebPage\",\"@id\":\"https:\\\/\\\/sindromecharge.es\\\/index.php\\\/2024\\\/09\\\/27\\\/las-residencias-madrid-incorporan-patios-terapeuticos-comida-texturizada-tecnologia-para-las-personas-con-discapacidad\\\/\",\"url\":\"https:\\\/\\\/sindromecharge.es\\\/index.php\\\/2024\\\/09\\\/27\\\/las-residencias-madrid-incorporan-patios-terapeuticos-comida-texturizada-tecnologia-para-las-personas-con-discapacidad\\\/\",\"name\":\"Las residencias de Madrid incorporan patios terap\u00e9uticos y comida texturizada para las personas con discapacidad - Asociaci\u00f3n Espa\u00f1ola S\u00edndrome de Charge\",\"isPartOf\":{\"@id\":\"https:\\\/\\\/sindromecharge.es\\\/#website\"},\"datePublished\":\"2024-09-27T13:02:15+00:00\",\"author\":{\"@id\":\"https:\\\/\\\/sindromecharge.es\\\/#\\\/schema\\\/person\\\/39a60ebe0a2b4d5a11179701e336b039\"},\"breadcrumb\":{\"@id\":\"https:\\\/\\\/sindromecharge.es\\\/index.php\\\/2024\\\/09\\\/27\\\/las-residencias-madrid-incorporan-patios-terapeuticos-comida-texturizada-tecnologia-para-las-personas-con-discapacidad\\\/#breadcrumb\"},\"inLanguage\":\"es\",\"potentialAction\":[{\"@type\":\"ReadAction\",\"target\":[\"https:\\\/\\\/sindromecharge.es\\\/index.php\\\/2024\\\/09\\\/27\\\/las-residencias-madrid-incorporan-patios-terapeuticos-comida-texturizada-tecnologia-para-las-personas-con-discapacidad\\\/\"]}]},{\"@type\":\"BreadcrumbList\",\"@id\":\"https:\\\/\\\/sindromecharge.es\\\/index.php\\\/2024\\\/09\\\/27\\\/las-residencias-madrid-incorporan-patios-terapeuticos-comida-texturizada-tecnologia-para-las-personas-con-discapacidad\\\/#breadcrumb\",\"itemListElement\":[{\"@type\":\"ListItem\",\"position\":1,\"name\":\"Portada\",\"item\":\"https:\\\/\\\/sindromecharge.es\\\/\"},{\"@type\":\"ListItem\",\"position\":2,\"name\":\"Las residencias de Madrid incorporan patios terap\u00e9uticos y comida texturizada para las personas con discapacidad\"}]},{\"@type\":\"WebSite\",\"@id\":\"https:\\\/\\\/sindromecharge.es\\\/#website\",\"url\":\"https:\\\/\\\/sindromecharge.es\\\/\",\"name\":\"Asociaci\u00f3n Espa\u00f1ola S\u00edndrome de Charge\",\"description\":\"\",\"potentialAction\":[{\"@type\":\"SearchAction\",\"target\":{\"@type\":\"EntryPoint\",\"urlTemplate\":\"https:\\\/\\\/sindromecharge.es\\\/?s={search_term_string}\"},\"query-input\":{\"@type\":\"PropertyValueSpecification\",\"valueRequired\":true,\"valueName\":\"search_term_string\"}}],\"inLanguage\":\"es\"},{\"@type\":\"Person\",\"@id\":\"https:\\\/\\\/sindromecharge.es\\\/#\\\/schema\\\/person\\\/39a60ebe0a2b4d5a11179701e336b039\",\"name\":\"Charge\",\"image\":{\"@type\":\"ImageObject\",\"inLanguage\":\"es\",\"@id\":\"https:\\\/\\\/secure.gravatar.com\\\/avatar\\\/c3b46e32a0fc3b093a0873fb767bf3293de856293065e84ef06b7ec7a8acfb98?s=96&d=identicon&r=x\",\"url\":\"https:\\\/\\\/secure.gravatar.com\\\/avatar\\\/c3b46e32a0fc3b093a0873fb767bf3293de856293065e84ef06b7ec7a8acfb98?s=96&d=identicon&r=x\",\"contentUrl\":\"https:\\\/\\\/secure.gravatar.com\\\/avatar\\\/c3b46e32a0fc3b093a0873fb767bf3293de856293065e84ef06b7ec7a8acfb98?s=96&d=identicon&r=x\",\"caption\":\"Charge\"},\"url\":\"https:\\\/\\\/sindromecharge.es\\\/index.php\\\/author\\\/admin\\\/\"}]}<\/script>\n<!-- \/ Yoast SEO plugin. -->","yoast_head_json":{"title":"Las residencias de Madrid incorporan patios terap\u00e9uticos y comida texturizada para las personas con discapacidad - Asociaci\u00f3n Espa\u00f1ola S\u00edndrome de Charge","robots":{"index":"index","follow":"follow","max-snippet":"max-snippet:-1","max-image-preview":"max-image-preview:large","max-video-preview":"max-video-preview:-1"},"canonical":"https:\/\/sindromecharge.es\/index.php\/2024\/09\/27\/las-residencias-madrid-incorporan-patios-terapeuticos-comida-texturizada-tecnologia-para-las-personas-con-discapacidad\/","og_locale":"es_ES","og_type":"article","og_title":"Las residencias de Madrid incorporan patios terap\u00e9uticos y comida texturizada para las personas con discapacidad - Asociaci\u00f3n Espa\u00f1ola S\u00edndrome de Charge","og_description":"La Comunidad de Madrid extender\u00e1n estas mejoras hasta alcanzar los 18 centros en 2026.","og_url":"https:\/\/sindromecharge.es\/index.php\/2024\/09\/27\/las-residencias-madrid-incorporan-patios-terapeuticos-comida-texturizada-tecnologia-para-las-personas-con-discapacidad\/","og_site_name":"Asociaci\u00f3n Espa\u00f1ola S\u00edndrome de Charge","article_publisher":"https:\/\/www.facebook.com\/asociacionsindromecharge","article_published_time":"2024-09-27T13:02:15+00:00","og_image":[{"width":300,"height":98,"url":"https:\/\/sindromecharge.es\/wp-content\/uploads\/2013\/09\/logodecharge300x98.png","type":"image\/png"}],"author":"Charge","twitter_card":"summary_large_image","twitter_creator":"@sindromecharge","twitter_site":"@sindromecharge","twitter_misc":{"Escrito por":"Charge","Tiempo de lectura":"2 minutos"},"schema":{"@context":"https:\/\/schema.org","@graph":[{"@type":"Article","@id":"https:\/\/sindromecharge.es\/index.php\/2024\/09\/27\/las-residencias-madrid-incorporan-patios-terapeuticos-comida-texturizada-tecnologia-para-las-personas-con-discapacidad\/#article","isPartOf":{"@id":"https:\/\/sindromecharge.es\/index.php\/2024\/09\/27\/las-residencias-madrid-incorporan-patios-terapeuticos-comida-texturizada-tecnologia-para-las-personas-con-discapacidad\/"},"author":{"name":"Charge","@id":"https:\/\/sindromecharge.es\/#\/schema\/person\/39a60ebe0a2b4d5a11179701e336b039"},"headline":"Las residencias de Madrid incorporan patios terap\u00e9uticos y comida texturizada para las personas con discapacidad","datePublished":"2024-09-27T13:02:15+00:00","mainEntityOfPage":{"@id":"https:\/\/sindromecharge.es\/index.php\/2024\/09\/27\/las-residencias-madrid-incorporan-patios-terapeuticos-comida-texturizada-tecnologia-para-las-personas-con-discapacidad\/"},"wordCount":470,"articleSection":["noticias"],"inLanguage":"es"},{"@type":"WebPage","@id":"https:\/\/sindromecharge.es\/index.php\/2024\/09\/27\/las-residencias-madrid-incorporan-patios-terapeuticos-comida-texturizada-tecnologia-para-las-personas-con-discapacidad\/","url":"https:\/\/sindromecharge.es\/index.php\/2024\/09\/27\/las-residencias-madrid-incorporan-patios-terapeuticos-comida-texturizada-tecnologia-para-las-personas-con-discapacidad\/","name":"Las residencias de Madrid incorporan patios terap\u00e9uticos y comida texturizada para las personas con discapacidad - Asociaci\u00f3n Espa\u00f1ola S\u00edndrome de Charge","isPartOf":{"@id":"https:\/\/sindromecharge.es\/#website"},"datePublished":"2024-09-27T13:02:15+00:00","author":{"@id":"https:\/\/sindromecharge.es\/#\/schema\/person\/39a60ebe0a2b4d5a11179701e336b039"},"breadcrumb":{"@id":"https:\/\/sindromecharge.es\/index.php\/2024\/09\/27\/las-residencias-madrid-incorporan-patios-terapeuticos-comida-texturizada-tecnologia-para-las-personas-con-discapacidad\/#breadcrumb"},"inLanguage":"es","potentialAction":[{"@type":"ReadAction","target":["https:\/\/sindromecharge.es\/index.php\/2024\/09\/27\/las-residencias-madrid-incorporan-patios-terapeuticos-comida-texturizada-tecnologia-para-las-personas-con-discapacidad\/"]}]},{"@type":"BreadcrumbList","@id":"https:\/\/sindromecharge.es\/index.php\/2024\/09\/27\/las-residencias-madrid-incorporan-patios-terapeuticos-comida-texturizada-tecnologia-para-las-personas-con-discapacidad\/#breadcrumb","itemListElement":[{"@type":"ListItem","position":1,"name":"Portada","item":"https:\/\/sindromecharge.es\/"},{"@type":"ListItem","position":2,"name":"Las residencias de Madrid incorporan patios terap\u00e9uticos y comida texturizada para las personas con discapacidad"}]},{"@type":"WebSite","@id":"https:\/\/sindromecharge.es\/#website","url":"https:\/\/sindromecharge.es\/","name":"Asociaci\u00f3n Espa\u00f1ola S\u00edndrome de Charge","description":"","potentialAction":[{"@type":"SearchAction","target":{"@type":"EntryPoint","urlTemplate":"https:\/\/sindromecharge.es\/?s={search_term_string}"},"query-input":{"@type":"PropertyValueSpecification","valueRequired":true,"valueName":"search_term_string"}}],"inLanguage":"es"},{"@type":"Person","@id":"https:\/\/sindromecharge.es\/#\/schema\/person\/39a60ebe0a2b4d5a11179701e336b039","name":"Charge","image":{"@type":"ImageObject","inLanguage":"es","@id":"https:\/\/secure.gravatar.com\/avatar\/c3b46e32a0fc3b093a0873fb767bf3293de856293065e84ef06b7ec7a8acfb98?s=96&d=identicon&r=x","url":"https:\/\/secure.gravatar.com\/avatar\/c3b46e32a0fc3b093a0873fb767bf3293de856293065e84ef06b7ec7a8acfb98?s=96&d=identicon&r=x","contentUrl":"https:\/\/secure.gravatar.com\/avatar\/c3b46e32a0fc3b093a0873fb767bf3293de856293065e84ef06b7ec7a8acfb98?s=96&d=identicon&r=x","caption":"Charge"},"url":"https:\/\/sindromecharge.es\/index.php\/author\/admin\/"}]}},"_links":{"self":[{"href":"https:\/\/sindromecharge.es\/index.php\/wp-json\/wp\/v2\/posts\/10347","targetHints":{"allow":["GET"]}}],"collection":[{"href":"https:\/\/sindromecharge.es\/index.php\/wp-json\/wp\/v2\/posts"}],"about":[{"href":"https:\/\/sindromecharge.es\/index.php\/wp-json\/wp\/v2\/types\/post"}],"author":[{"embeddable":true,"href":"https:\/\/sindromecharge.es\/index.php\/wp-json\/wp\/v2\/users\/1"}],"replies":[{"embeddable":true,"href":"https:\/\/sindromecharge.es\/index.php\/wp-json\/wp\/v2\/comments?post=10347"}],"version-history":[{"count":0,"href":"https:\/\/sindromecharge.es\/index.php\/wp-json\/wp\/v2\/posts\/10347\/revisions"}],"wp:attachment":[{"href":"https:\/\/sindromecharge.es\/index.php\/wp-json\/wp\/v2\/media?parent=10347"}],"wp:term":[{"taxonomy":"category","embeddable":true,"href":"https:\/\/sindromecharge.es\/index.php\/wp-json\/wp\/v2\/categories?post=10347"},{"taxonomy":"post_tag","embeddable":true,"href":"https:\/\/sindromecharge.es\/index.php\/wp-json\/wp\/v2\/tags?post=10347"}],"curies":[{"name":"wp","href":"https:\/\/api.w.org\/{rel}","templated":true}]}}