{"id":10346,"date":"2024-09-27T06:30:07","date_gmt":"2024-09-27T06:30:07","guid":{"rendered":"https:\/\/sindromecharge.es\/index.php\/2024\/09\/27\/autismo-espana-condena-agresion-sufrida-por-una-menor-con-autismo-algeciras\/"},"modified":"2024-09-27T06:30:07","modified_gmt":"2024-09-27T06:30:07","slug":"autismo-espana-condena-agresion-sufrida-por-una-menor-con-autismo-algeciras","status":"publish","type":"post","link":"https:\/\/sindromecharge.es\/index.php\/2024\/09\/27\/autismo-espana-condena-agresion-sufrida-por-una-menor-con-autismo-algeciras\/","title":{"rendered":"Autismo Espa\u00f1a condena la agresi\u00f3n sufrida por una menor con autismo: \u00abQue hechos tan lamentables no vuelvan a repetirse\u00bb"},"content":{"rendered":"<p>Leemos en Discapacidad la siguiente noticia que os reproducimos de forma \u00edntegra: <\/p>\n<div>\n<p><a href=\"https:\/\/www.20minutos.es\/minuteca\/autismo\/\" title=\"Autismo\" target=\"_blank\" rel=\"noopener\">Ante el conocimiento de la presunta<b> agresi\u00f3n sufrida por una menor con autismo<\/b><\/a> este verano en Algeciras (C\u00e1diz) a manos de otra menor, la <b>Confederaci\u00f3n Autismo Espa\u00f1a<\/b>, junto a la Federaci\u00f3n Autismo Andaluc\u00eda y a la Asociaci\u00f3n Autismo C\u00e1diz, han emitido un comunicado en el que expresan su \u00abprofundo rechazo y pesar\u00bb muestran su \u00abapoyo y solidaridad con la menor y su familia\u00bb. <\/p>\n<p>Las duras im\u00e1genes de la agresi\u00f3n, que se hicieron p\u00fablica ayer,  muestran c\u00f3mo <b>una menor propina patadas y pu\u00f1etazos a la joven autista<\/b> y la arrastra por el suelo mientras otra persona graba la brutal paliza, grabaci\u00f3n que se ha publicado en redes sociales con la autorizaci\u00f3n de los padres de la <b>menor con autismo<\/b>.<\/p>\n<p>Esto ha llevado al abogado de la familia a afirmar que, en la agresi\u00f3n, \u00abha habido otros intervinientes, no autores materiales, pero s\u00ed<b> colaboradores necesarios en delitos de odio <\/b>y en la grabaci\u00f3n y difusi\u00f3n del v\u00eddeo, lo que es un flagrante delito contra el honor de esta chica que, recordemos, es autista\u00bb.<\/p>\n<p>Aunque se acaba de hacer p\u00fablica, la agresi\u00f3n no es reciente, sino que tuvo lugar en agosto. La familia de la menor denunci\u00f3 la agresi\u00f3n y la Fiscal\u00eda abri\u00f3 diligencias contra la agresora, pero<b> fueron archivadas por ser menor de 14 a\u00f1os<\/b>. Siguen abiertas las diligencias contras las otras dos presuntas participantes en los hechos, que tendr\u00edan entre 14 y 18 a\u00f1os.<\/p>\n<p>Seg\u00fan denuncia Autismo Espa\u00f1a, \u00abestas terribles im\u00e1genes ponen una vez m\u00e1s de manifiesto que falta a\u00fan mucho camino por recorrer para que las personas con autismo gocen de una <b>digna calidad de vida<\/b>, participando con las mismas oportunidades y en igualdad de condiciones en la sociedad\u00bb.<\/p>\n<p>Por ello, desde Autismo Espa\u00f1a, la Federaci\u00f3n Autismo Andaluc\u00eda y la Asociaci\u00f3n Autismo C\u00e1diz apelan a la ciudadan\u00eda para que \u00abse acerque al autismo,<b> conozca mejor la condici\u00f3n<\/b> y la realidad y necesidades de las personas que la presentan. Solo desde el conocimiento de la singularidad y especificidad del autismo se podr\u00e1n comprender las necesidades de las personas que lo presentan y los apoyos que precisan para llevar una vida plena, dejar a un lado los prejuicios y construir entre todos una sociedad m\u00e1s justa, solidaria y respetuosa con la diversidad\u00bb, aseguran. <\/p>\n<p>Adem\u00e1s, informan de que continuar\u00e1n trabajando junto con la Fiscal\u00eda de Menores \u00abpara desarrollar medidas que<b> garanticen la protecci\u00f3n a la infancia y a la adolescencia <\/b>y que hechos tan lamentables como estos no vuelvan a repetirse\u00bb.<\/p>\n<\/div>\n<p>Fuente: Discapacidad https:\/\/www.20minutos.es\/noticia\/5637650\/0\/autismo-espana-condena-agresion-sufrida-por-una-menor-con-autismo-algeciras\/<\/p>\n","protected":false},"excerpt":{"rendered":"<p>La agresi\u00f3n tuvo lugar en agosto, pero la familia ha decidido hacer p\u00fablico el caso ahora difundiendo im\u00e1genes.<\/p>\n","protected":false},"author":1,"featured_media":0,"comment_status":"closed","ping_status":"closed","sticky":false,"template":"","format":"standard","meta":{"footnotes":""},"categories":[8],"tags":[],"class_list":["post-10346","post","type-post","status-publish","format-standard","hentry","category-noticias"],"yoast_head":"<!-- This site is optimized with the Yoast SEO plugin v27.5 - https:\/\/yoast.com\/product\/yoast-seo-wordpress\/ -->\n<title>Autismo Espa\u00f1a condena la agresi\u00f3n sufrida por una menor con autismo: &quot;Que hechos tan lamentables no vuelvan a repetirse&quot; - Asociaci\u00f3n Espa\u00f1ola S\u00edndrome de Charge<\/title>\n<meta name=\"robots\" content=\"index, follow, max-snippet:-1, max-image-preview:large, max-video-preview:-1\" \/>\n<link rel=\"canonical\" href=\"https:\/\/sindromecharge.es\/index.php\/2024\/09\/27\/autismo-espana-condena-agresion-sufrida-por-una-menor-con-autismo-algeciras\/\" \/>\n<meta property=\"og:locale\" content=\"es_ES\" \/>\n<meta property=\"og:type\" content=\"article\" \/>\n<meta property=\"og:title\" content=\"Autismo Espa\u00f1a condena la agresi\u00f3n sufrida por una menor con autismo: &quot;Que hechos tan lamentables no vuelvan a repetirse&quot; - Asociaci\u00f3n Espa\u00f1ola S\u00edndrome de Charge\" \/>\n<meta property=\"og:description\" content=\"La agresi\u00f3n tuvo lugar en agosto, pero la familia ha decidido hacer p\u00fablico el caso ahora difundiendo im\u00e1genes.\" \/>\n<meta property=\"og:url\" content=\"https:\/\/sindromecharge.es\/index.php\/2024\/09\/27\/autismo-espana-condena-agresion-sufrida-por-una-menor-con-autismo-algeciras\/\" \/>\n<meta property=\"og:site_name\" content=\"Asociaci\u00f3n Espa\u00f1ola S\u00edndrome de Charge\" \/>\n<meta property=\"article:publisher\" content=\"https:\/\/www.facebook.com\/asociacionsindromecharge\" \/>\n<meta property=\"article:published_time\" content=\"2024-09-27T06:30:07+00:00\" \/>\n<meta property=\"og:image\" content=\"https:\/\/sindromecharge.es\/wp-content\/uploads\/2013\/09\/logodecharge300x98.png\" \/>\n\t<meta property=\"og:image:width\" content=\"300\" \/>\n\t<meta property=\"og:image:height\" content=\"98\" \/>\n\t<meta property=\"og:image:type\" content=\"image\/png\" \/>\n<meta name=\"author\" content=\"Charge\" \/>\n<meta name=\"twitter:card\" content=\"summary_large_image\" \/>\n<meta name=\"twitter:creator\" content=\"@sindromecharge\" \/>\n<meta name=\"twitter:site\" content=\"@sindromecharge\" \/>\n<meta name=\"twitter:label1\" content=\"Escrito por\" \/>\n\t<meta name=\"twitter:data1\" content=\"Charge\" \/>\n\t<meta name=\"twitter:label2\" content=\"Tiempo de lectura\" \/>\n\t<meta name=\"twitter:data2\" content=\"2 minutos\" \/>\n<script type=\"application\/ld+json\" class=\"yoast-schema-graph\">{\"@context\":\"https:\\\/\\\/schema.org\",\"@graph\":[{\"@type\":\"Article\",\"@id\":\"https:\\\/\\\/sindromecharge.es\\\/index.php\\\/2024\\\/09\\\/27\\\/autismo-espana-condena-agresion-sufrida-por-una-menor-con-autismo-algeciras\\\/#article\",\"isPartOf\":{\"@id\":\"https:\\\/\\\/sindromecharge.es\\\/index.php\\\/2024\\\/09\\\/27\\\/autismo-espana-condena-agresion-sufrida-por-una-menor-con-autismo-algeciras\\\/\"},\"author\":{\"name\":\"Charge\",\"@id\":\"https:\\\/\\\/sindromecharge.es\\\/#\\\/schema\\\/person\\\/39a60ebe0a2b4d5a11179701e336b039\"},\"headline\":\"Autismo Espa\u00f1a condena la agresi\u00f3n sufrida por una menor con autismo: \u00abQue hechos tan lamentables no vuelvan a repetirse\u00bb\",\"datePublished\":\"2024-09-27T06:30:07+00:00\",\"mainEntityOfPage\":{\"@id\":\"https:\\\/\\\/sindromecharge.es\\\/index.php\\\/2024\\\/09\\\/27\\\/autismo-espana-condena-agresion-sufrida-por-una-menor-con-autismo-algeciras\\\/\"},\"wordCount\":490,\"articleSection\":[\"noticias\"],\"inLanguage\":\"es\"},{\"@type\":\"WebPage\",\"@id\":\"https:\\\/\\\/sindromecharge.es\\\/index.php\\\/2024\\\/09\\\/27\\\/autismo-espana-condena-agresion-sufrida-por-una-menor-con-autismo-algeciras\\\/\",\"url\":\"https:\\\/\\\/sindromecharge.es\\\/index.php\\\/2024\\\/09\\\/27\\\/autismo-espana-condena-agresion-sufrida-por-una-menor-con-autismo-algeciras\\\/\",\"name\":\"Autismo Espa\u00f1a condena la agresi\u00f3n sufrida por una menor con autismo: \\\"Que hechos tan lamentables no vuelvan a repetirse\\\" - Asociaci\u00f3n Espa\u00f1ola S\u00edndrome de Charge\",\"isPartOf\":{\"@id\":\"https:\\\/\\\/sindromecharge.es\\\/#website\"},\"datePublished\":\"2024-09-27T06:30:07+00:00\",\"author\":{\"@id\":\"https:\\\/\\\/sindromecharge.es\\\/#\\\/schema\\\/person\\\/39a60ebe0a2b4d5a11179701e336b039\"},\"breadcrumb\":{\"@id\":\"https:\\\/\\\/sindromecharge.es\\\/index.php\\\/2024\\\/09\\\/27\\\/autismo-espana-condena-agresion-sufrida-por-una-menor-con-autismo-algeciras\\\/#breadcrumb\"},\"inLanguage\":\"es\",\"potentialAction\":[{\"@type\":\"ReadAction\",\"target\":[\"https:\\\/\\\/sindromecharge.es\\\/index.php\\\/2024\\\/09\\\/27\\\/autismo-espana-condena-agresion-sufrida-por-una-menor-con-autismo-algeciras\\\/\"]}]},{\"@type\":\"BreadcrumbList\",\"@id\":\"https:\\\/\\\/sindromecharge.es\\\/index.php\\\/2024\\\/09\\\/27\\\/autismo-espana-condena-agresion-sufrida-por-una-menor-con-autismo-algeciras\\\/#breadcrumb\",\"itemListElement\":[{\"@type\":\"ListItem\",\"position\":1,\"name\":\"Portada\",\"item\":\"https:\\\/\\\/sindromecharge.es\\\/\"},{\"@type\":\"ListItem\",\"position\":2,\"name\":\"Autismo Espa\u00f1a condena la agresi\u00f3n sufrida por una menor con autismo: &#8220;Que hechos tan lamentables no vuelvan a repetirse&#8221;\"}]},{\"@type\":\"WebSite\",\"@id\":\"https:\\\/\\\/sindromecharge.es\\\/#website\",\"url\":\"https:\\\/\\\/sindromecharge.es\\\/\",\"name\":\"Asociaci\u00f3n Espa\u00f1ola S\u00edndrome de Charge\",\"description\":\"\",\"potentialAction\":[{\"@type\":\"SearchAction\",\"target\":{\"@type\":\"EntryPoint\",\"urlTemplate\":\"https:\\\/\\\/sindromecharge.es\\\/?s={search_term_string}\"},\"query-input\":{\"@type\":\"PropertyValueSpecification\",\"valueRequired\":true,\"valueName\":\"search_term_string\"}}],\"inLanguage\":\"es\"},{\"@type\":\"Person\",\"@id\":\"https:\\\/\\\/sindromecharge.es\\\/#\\\/schema\\\/person\\\/39a60ebe0a2b4d5a11179701e336b039\",\"name\":\"Charge\",\"image\":{\"@type\":\"ImageObject\",\"inLanguage\":\"es\",\"@id\":\"https:\\\/\\\/secure.gravatar.com\\\/avatar\\\/c3b46e32a0fc3b093a0873fb767bf3293de856293065e84ef06b7ec7a8acfb98?s=96&d=identicon&r=x\",\"url\":\"https:\\\/\\\/secure.gravatar.com\\\/avatar\\\/c3b46e32a0fc3b093a0873fb767bf3293de856293065e84ef06b7ec7a8acfb98?s=96&d=identicon&r=x\",\"contentUrl\":\"https:\\\/\\\/secure.gravatar.com\\\/avatar\\\/c3b46e32a0fc3b093a0873fb767bf3293de856293065e84ef06b7ec7a8acfb98?s=96&d=identicon&r=x\",\"caption\":\"Charge\"},\"url\":\"https:\\\/\\\/sindromecharge.es\\\/index.php\\\/author\\\/admin\\\/\"}]}<\/script>\n<!-- \/ Yoast SEO plugin. -->","yoast_head_json":{"title":"Autismo Espa\u00f1a condena la agresi\u00f3n sufrida por una menor con autismo: \"Que hechos tan lamentables no vuelvan a repetirse\" - Asociaci\u00f3n Espa\u00f1ola S\u00edndrome de Charge","robots":{"index":"index","follow":"follow","max-snippet":"max-snippet:-1","max-image-preview":"max-image-preview:large","max-video-preview":"max-video-preview:-1"},"canonical":"https:\/\/sindromecharge.es\/index.php\/2024\/09\/27\/autismo-espana-condena-agresion-sufrida-por-una-menor-con-autismo-algeciras\/","og_locale":"es_ES","og_type":"article","og_title":"Autismo Espa\u00f1a condena la agresi\u00f3n sufrida por una menor con autismo: \"Que hechos tan lamentables no vuelvan a repetirse\" - Asociaci\u00f3n Espa\u00f1ola S\u00edndrome de Charge","og_description":"La agresi\u00f3n tuvo lugar en agosto, pero la familia ha decidido hacer p\u00fablico el caso ahora difundiendo im\u00e1genes.","og_url":"https:\/\/sindromecharge.es\/index.php\/2024\/09\/27\/autismo-espana-condena-agresion-sufrida-por-una-menor-con-autismo-algeciras\/","og_site_name":"Asociaci\u00f3n Espa\u00f1ola S\u00edndrome de Charge","article_publisher":"https:\/\/www.facebook.com\/asociacionsindromecharge","article_published_time":"2024-09-27T06:30:07+00:00","og_image":[{"width":300,"height":98,"url":"https:\/\/sindromecharge.es\/wp-content\/uploads\/2013\/09\/logodecharge300x98.png","type":"image\/png"}],"author":"Charge","twitter_card":"summary_large_image","twitter_creator":"@sindromecharge","twitter_site":"@sindromecharge","twitter_misc":{"Escrito por":"Charge","Tiempo de lectura":"2 minutos"},"schema":{"@context":"https:\/\/schema.org","@graph":[{"@type":"Article","@id":"https:\/\/sindromecharge.es\/index.php\/2024\/09\/27\/autismo-espana-condena-agresion-sufrida-por-una-menor-con-autismo-algeciras\/#article","isPartOf":{"@id":"https:\/\/sindromecharge.es\/index.php\/2024\/09\/27\/autismo-espana-condena-agresion-sufrida-por-una-menor-con-autismo-algeciras\/"},"author":{"name":"Charge","@id":"https:\/\/sindromecharge.es\/#\/schema\/person\/39a60ebe0a2b4d5a11179701e336b039"},"headline":"Autismo Espa\u00f1a condena la agresi\u00f3n sufrida por una menor con autismo: \u00abQue hechos tan lamentables no vuelvan a repetirse\u00bb","datePublished":"2024-09-27T06:30:07+00:00","mainEntityOfPage":{"@id":"https:\/\/sindromecharge.es\/index.php\/2024\/09\/27\/autismo-espana-condena-agresion-sufrida-por-una-menor-con-autismo-algeciras\/"},"wordCount":490,"articleSection":["noticias"],"inLanguage":"es"},{"@type":"WebPage","@id":"https:\/\/sindromecharge.es\/index.php\/2024\/09\/27\/autismo-espana-condena-agresion-sufrida-por-una-menor-con-autismo-algeciras\/","url":"https:\/\/sindromecharge.es\/index.php\/2024\/09\/27\/autismo-espana-condena-agresion-sufrida-por-una-menor-con-autismo-algeciras\/","name":"Autismo Espa\u00f1a condena la agresi\u00f3n sufrida por una menor con autismo: \"Que hechos tan lamentables no vuelvan a repetirse\" - Asociaci\u00f3n Espa\u00f1ola S\u00edndrome de Charge","isPartOf":{"@id":"https:\/\/sindromecharge.es\/#website"},"datePublished":"2024-09-27T06:30:07+00:00","author":{"@id":"https:\/\/sindromecharge.es\/#\/schema\/person\/39a60ebe0a2b4d5a11179701e336b039"},"breadcrumb":{"@id":"https:\/\/sindromecharge.es\/index.php\/2024\/09\/27\/autismo-espana-condena-agresion-sufrida-por-una-menor-con-autismo-algeciras\/#breadcrumb"},"inLanguage":"es","potentialAction":[{"@type":"ReadAction","target":["https:\/\/sindromecharge.es\/index.php\/2024\/09\/27\/autismo-espana-condena-agresion-sufrida-por-una-menor-con-autismo-algeciras\/"]}]},{"@type":"BreadcrumbList","@id":"https:\/\/sindromecharge.es\/index.php\/2024\/09\/27\/autismo-espana-condena-agresion-sufrida-por-una-menor-con-autismo-algeciras\/#breadcrumb","itemListElement":[{"@type":"ListItem","position":1,"name":"Portada","item":"https:\/\/sindromecharge.es\/"},{"@type":"ListItem","position":2,"name":"Autismo Espa\u00f1a condena la agresi\u00f3n sufrida por una menor con autismo: &#8220;Que hechos tan lamentables no vuelvan a repetirse&#8221;"}]},{"@type":"WebSite","@id":"https:\/\/sindromecharge.es\/#website","url":"https:\/\/sindromecharge.es\/","name":"Asociaci\u00f3n Espa\u00f1ola S\u00edndrome de Charge","description":"","potentialAction":[{"@type":"SearchAction","target":{"@type":"EntryPoint","urlTemplate":"https:\/\/sindromecharge.es\/?s={search_term_string}"},"query-input":{"@type":"PropertyValueSpecification","valueRequired":true,"valueName":"search_term_string"}}],"inLanguage":"es"},{"@type":"Person","@id":"https:\/\/sindromecharge.es\/#\/schema\/person\/39a60ebe0a2b4d5a11179701e336b039","name":"Charge","image":{"@type":"ImageObject","inLanguage":"es","@id":"https:\/\/secure.gravatar.com\/avatar\/c3b46e32a0fc3b093a0873fb767bf3293de856293065e84ef06b7ec7a8acfb98?s=96&d=identicon&r=x","url":"https:\/\/secure.gravatar.com\/avatar\/c3b46e32a0fc3b093a0873fb767bf3293de856293065e84ef06b7ec7a8acfb98?s=96&d=identicon&r=x","contentUrl":"https:\/\/secure.gravatar.com\/avatar\/c3b46e32a0fc3b093a0873fb767bf3293de856293065e84ef06b7ec7a8acfb98?s=96&d=identicon&r=x","caption":"Charge"},"url":"https:\/\/sindromecharge.es\/index.php\/author\/admin\/"}]}},"_links":{"self":[{"href":"https:\/\/sindromecharge.es\/index.php\/wp-json\/wp\/v2\/posts\/10346","targetHints":{"allow":["GET"]}}],"collection":[{"href":"https:\/\/sindromecharge.es\/index.php\/wp-json\/wp\/v2\/posts"}],"about":[{"href":"https:\/\/sindromecharge.es\/index.php\/wp-json\/wp\/v2\/types\/post"}],"author":[{"embeddable":true,"href":"https:\/\/sindromecharge.es\/index.php\/wp-json\/wp\/v2\/users\/1"}],"replies":[{"embeddable":true,"href":"https:\/\/sindromecharge.es\/index.php\/wp-json\/wp\/v2\/comments?post=10346"}],"version-history":[{"count":0,"href":"https:\/\/sindromecharge.es\/index.php\/wp-json\/wp\/v2\/posts\/10346\/revisions"}],"wp:attachment":[{"href":"https:\/\/sindromecharge.es\/index.php\/wp-json\/wp\/v2\/media?parent=10346"}],"wp:term":[{"taxonomy":"category","embeddable":true,"href":"https:\/\/sindromecharge.es\/index.php\/wp-json\/wp\/v2\/categories?post=10346"},{"taxonomy":"post_tag","embeddable":true,"href":"https:\/\/sindromecharge.es\/index.php\/wp-json\/wp\/v2\/tags?post=10346"}],"curies":[{"name":"wp","href":"https:\/\/api.w.org\/{rel}","templated":true}]}}