{"id":10345,"date":"2024-09-27T06:28:38","date_gmt":"2024-09-27T06:28:38","guid":{"rendered":"https:\/\/sindromecharge.es\/index.php\/2024\/09\/27\/trafico-carne-trafico-acerca-examen-teorico-carne-personas-con-problemas-comprension-lectora\/"},"modified":"2024-09-27T06:28:38","modified_gmt":"2024-09-27T06:28:38","slug":"trafico-carne-trafico-acerca-examen-teorico-carne-personas-con-problemas-comprension-lectora","status":"publish","type":"post","link":"https:\/\/sindromecharge.es\/index.php\/2024\/09\/27\/trafico-carne-trafico-acerca-examen-teorico-carne-personas-con-problemas-comprension-lectora\/","title":{"rendered":"Tr\u00e1fico acerca el examen te\u00f3rico del carn\u00e9 de conducir a personas con problemas de comprensi\u00f3n"},"content":{"rendered":"<p>Leemos en Discapacidad la siguiente noticia que os reproducimos de forma \u00edntegra: <\/p>\n<div>\n<p>La <a href=\"https:\/\/www.20minutos.es\/minuteca\/li-dgt\/\" title=\"DGT\" target=\"_blank\" rel=\"noopener\">Direcci\u00f3n General de Tr\u00e1fico <\/a>(DGT) ha incorporado nuevas medidas para hacer m\u00e1s accesibles los ex\u00e1menes te\u00f3ricos del carn\u00e9 de conducir a las personas con<b> dificultades de comprensi\u00f3n lectora<\/b>, entre ellas la adaptaci\u00f3n de los textos e im\u00e1genes a <b>lenguaje sencillo<\/b>. Adem\u00e1s, estas personas podr\u00e1n solicitar la ayuda de audio cuando la prueba se lleve a cabo por ordenador.<\/p>\n<p>Ya en 2020 la DGT adapt\u00f3 una primera bater\u00eda de preguntas conforme a las pautas y recomendaciones contenidas en la norma UNE 153101 de <a href=\"https:\/\/www.20minutos.es\/minuteca\/lectura-facil\/\" title=\"Lectura f\u00e1cil\" target=\"_blank\" rel=\"noopener\">Lectura F\u00e1cil <\/a>con el objetivo de realizar <b>pruebas piloto con personas con <a href=\"https:\/\/www.20minutos.es\/minuteca\/discapacidad-intelectual\/\" title=\"Discapacidad intelectual\" target=\"_blank\" rel=\"noopener\">discapacidad intelectual<\/a><\/b> que estuviesen interesadas en obtener el permiso de conducci\u00f3n de la clase B.<\/p>\n<p>Actualmente ya hay un n\u00famero suficiente e importante de las preguntas utilizadas en esa<b> prueba adaptada<\/b>. Tambi\u00e9n las im\u00e1genes, que ser\u00e1n accesibles, adem\u00e1s, para personas con dificultad en la visi\u00f3n de los colores, como es el caso de los que tienen<b> daltonismo.<\/b><\/p>\n<p>La prueba te\u00f3rica en Lectura F\u00e1cil solo estar\u00e1 disponible en los <b>centros de examen informatizados<\/b>, tanto en los de la DGT como en los centros de examen desplazados de Calatayud (Zaragoza) y Tomelloso (Ciudad Real).<\/p>\n<p>Adem\u00e1s, los<b> colectivos con dificultades de comprensi\u00f3n lectora<\/b> pueden solicitar la ayuda de auriculares, con control de volumen incorporado, para escuchar las preguntas que componen el cuestionario de examen, tanto los enunciados como sus respuestas.<\/p>\n<p>En una primera fase, el <b>audio<\/b> solo estar\u00e1 disponible en las pruebas que se realicen en castellano, aunque se extender\u00e1 a todos los idiomas en un futuro pr\u00f3ximo.<\/p>\n<p>Los aspirantes pueden solicitar ambas <b>adaptaciones<\/b> por separado o de forma conjunta ya que son compatibles entre s\u00ed.<\/p>\n<p>Adem\u00e1s, la DGT ha incorporado en el m\u00f3dulo destinado a mostrar c\u00f3mo es un examen te\u00f3rico dentro de su p\u00e1gina web<b> tres modelos de cuestionarios<\/b> con las preguntas adaptadas a Lectura F\u00e1cil.<\/p>\n<p>El proyecto incluye tambi\u00e9n la edici\u00f3n de u<b>n diccionario ilustrado en Lectura F\u00e1cil <\/b>que recoger\u00e1 todos aquellos t\u00e9rminos que resulten de dif\u00edcil comprensi\u00f3n al ser t\u00e9cnicos o no tener ninguna acepci\u00f3n adecuada en un vocabulario m\u00e1s sencillo, que estar\u00e1 disponible antes de fin de a\u00f1o, sin coste alguno, en la web de Tr\u00e1fico.<\/p>\n<p>Por \u00faltimo, las personas con una <b>discapacidad no inhabilitante <\/b>para la obtenci\u00f3n de un permiso o licencia de conducci\u00f3n podr\u00e1n disponer de un tiempo adicional para realizar la prueba te\u00f3rica en casos debidamente justificados. <\/p>\n<\/div>\n<p>Fuente: Discapacidad https:\/\/www.20minutos.es\/noticia\/5637956\/0\/trafico-carne-trafico-acerca-examen-teorico-carne-personas-con-problemas-comprension-lectora\/<\/p>\n","protected":false},"excerpt":{"rendered":"<p>La DGT ha incorporado nuevas medidas, como la lectura f\u00e1cil para hacer m\u00e1s accesibles los ex\u00e1menes te\u00f3ricos.<\/p>\n","protected":false},"author":1,"featured_media":0,"comment_status":"closed","ping_status":"closed","sticky":false,"template":"","format":"standard","meta":{"footnotes":""},"categories":[8],"tags":[],"class_list":["post-10345","post","type-post","status-publish","format-standard","hentry","category-noticias"],"yoast_head":"<!-- This site is optimized with the Yoast SEO plugin v27.5 - https:\/\/yoast.com\/product\/yoast-seo-wordpress\/ -->\n<title>Tr\u00e1fico acerca el examen te\u00f3rico del carn\u00e9 de conducir a personas con problemas de comprensi\u00f3n - Asociaci\u00f3n Espa\u00f1ola S\u00edndrome de Charge<\/title>\n<meta name=\"robots\" content=\"index, follow, max-snippet:-1, max-image-preview:large, max-video-preview:-1\" \/>\n<link rel=\"canonical\" href=\"https:\/\/sindromecharge.es\/index.php\/2024\/09\/27\/trafico-carne-trafico-acerca-examen-teorico-carne-personas-con-problemas-comprension-lectora\/\" \/>\n<meta property=\"og:locale\" content=\"es_ES\" \/>\n<meta property=\"og:type\" content=\"article\" \/>\n<meta property=\"og:title\" content=\"Tr\u00e1fico acerca el examen te\u00f3rico del carn\u00e9 de conducir a personas con problemas de comprensi\u00f3n - Asociaci\u00f3n Espa\u00f1ola S\u00edndrome de Charge\" \/>\n<meta property=\"og:description\" content=\"La DGT ha incorporado nuevas medidas, como la lectura f\u00e1cil para hacer m\u00e1s accesibles los ex\u00e1menes te\u00f3ricos.\" \/>\n<meta property=\"og:url\" content=\"https:\/\/sindromecharge.es\/index.php\/2024\/09\/27\/trafico-carne-trafico-acerca-examen-teorico-carne-personas-con-problemas-comprension-lectora\/\" \/>\n<meta property=\"og:site_name\" content=\"Asociaci\u00f3n Espa\u00f1ola S\u00edndrome de Charge\" \/>\n<meta property=\"article:publisher\" content=\"https:\/\/www.facebook.com\/asociacionsindromecharge\" \/>\n<meta property=\"article:published_time\" content=\"2024-09-27T06:28:38+00:00\" \/>\n<meta property=\"og:image\" content=\"https:\/\/sindromecharge.es\/wp-content\/uploads\/2013\/09\/logodecharge300x98.png\" \/>\n\t<meta property=\"og:image:width\" content=\"300\" \/>\n\t<meta property=\"og:image:height\" content=\"98\" \/>\n\t<meta property=\"og:image:type\" content=\"image\/png\" \/>\n<meta name=\"author\" content=\"Charge\" \/>\n<meta name=\"twitter:card\" content=\"summary_large_image\" \/>\n<meta name=\"twitter:creator\" content=\"@sindromecharge\" \/>\n<meta name=\"twitter:site\" content=\"@sindromecharge\" \/>\n<meta name=\"twitter:label1\" content=\"Escrito por\" \/>\n\t<meta name=\"twitter:data1\" content=\"Charge\" \/>\n\t<meta name=\"twitter:label2\" content=\"Tiempo de lectura\" \/>\n\t<meta name=\"twitter:data2\" content=\"2 minutos\" \/>\n<script type=\"application\/ld+json\" class=\"yoast-schema-graph\">{\"@context\":\"https:\\\/\\\/schema.org\",\"@graph\":[{\"@type\":\"Article\",\"@id\":\"https:\\\/\\\/sindromecharge.es\\\/index.php\\\/2024\\\/09\\\/27\\\/trafico-carne-trafico-acerca-examen-teorico-carne-personas-con-problemas-comprension-lectora\\\/#article\",\"isPartOf\":{\"@id\":\"https:\\\/\\\/sindromecharge.es\\\/index.php\\\/2024\\\/09\\\/27\\\/trafico-carne-trafico-acerca-examen-teorico-carne-personas-con-problemas-comprension-lectora\\\/\"},\"author\":{\"name\":\"Charge\",\"@id\":\"https:\\\/\\\/sindromecharge.es\\\/#\\\/schema\\\/person\\\/39a60ebe0a2b4d5a11179701e336b039\"},\"headline\":\"Tr\u00e1fico acerca el examen te\u00f3rico del carn\u00e9 de conducir a personas con problemas de comprensi\u00f3n\",\"datePublished\":\"2024-09-27T06:28:38+00:00\",\"mainEntityOfPage\":{\"@id\":\"https:\\\/\\\/sindromecharge.es\\\/index.php\\\/2024\\\/09\\\/27\\\/trafico-carne-trafico-acerca-examen-teorico-carne-personas-con-problemas-comprension-lectora\\\/\"},\"wordCount\":468,\"articleSection\":[\"noticias\"],\"inLanguage\":\"es\"},{\"@type\":\"WebPage\",\"@id\":\"https:\\\/\\\/sindromecharge.es\\\/index.php\\\/2024\\\/09\\\/27\\\/trafico-carne-trafico-acerca-examen-teorico-carne-personas-con-problemas-comprension-lectora\\\/\",\"url\":\"https:\\\/\\\/sindromecharge.es\\\/index.php\\\/2024\\\/09\\\/27\\\/trafico-carne-trafico-acerca-examen-teorico-carne-personas-con-problemas-comprension-lectora\\\/\",\"name\":\"Tr\u00e1fico acerca el examen te\u00f3rico del carn\u00e9 de conducir a personas con problemas de comprensi\u00f3n - Asociaci\u00f3n Espa\u00f1ola S\u00edndrome de Charge\",\"isPartOf\":{\"@id\":\"https:\\\/\\\/sindromecharge.es\\\/#website\"},\"datePublished\":\"2024-09-27T06:28:38+00:00\",\"author\":{\"@id\":\"https:\\\/\\\/sindromecharge.es\\\/#\\\/schema\\\/person\\\/39a60ebe0a2b4d5a11179701e336b039\"},\"breadcrumb\":{\"@id\":\"https:\\\/\\\/sindromecharge.es\\\/index.php\\\/2024\\\/09\\\/27\\\/trafico-carne-trafico-acerca-examen-teorico-carne-personas-con-problemas-comprension-lectora\\\/#breadcrumb\"},\"inLanguage\":\"es\",\"potentialAction\":[{\"@type\":\"ReadAction\",\"target\":[\"https:\\\/\\\/sindromecharge.es\\\/index.php\\\/2024\\\/09\\\/27\\\/trafico-carne-trafico-acerca-examen-teorico-carne-personas-con-problemas-comprension-lectora\\\/\"]}]},{\"@type\":\"BreadcrumbList\",\"@id\":\"https:\\\/\\\/sindromecharge.es\\\/index.php\\\/2024\\\/09\\\/27\\\/trafico-carne-trafico-acerca-examen-teorico-carne-personas-con-problemas-comprension-lectora\\\/#breadcrumb\",\"itemListElement\":[{\"@type\":\"ListItem\",\"position\":1,\"name\":\"Portada\",\"item\":\"https:\\\/\\\/sindromecharge.es\\\/\"},{\"@type\":\"ListItem\",\"position\":2,\"name\":\"Tr\u00e1fico acerca el examen te\u00f3rico del carn\u00e9 de conducir a personas con problemas de comprensi\u00f3n\"}]},{\"@type\":\"WebSite\",\"@id\":\"https:\\\/\\\/sindromecharge.es\\\/#website\",\"url\":\"https:\\\/\\\/sindromecharge.es\\\/\",\"name\":\"Asociaci\u00f3n Espa\u00f1ola S\u00edndrome de Charge\",\"description\":\"\",\"potentialAction\":[{\"@type\":\"SearchAction\",\"target\":{\"@type\":\"EntryPoint\",\"urlTemplate\":\"https:\\\/\\\/sindromecharge.es\\\/?s={search_term_string}\"},\"query-input\":{\"@type\":\"PropertyValueSpecification\",\"valueRequired\":true,\"valueName\":\"search_term_string\"}}],\"inLanguage\":\"es\"},{\"@type\":\"Person\",\"@id\":\"https:\\\/\\\/sindromecharge.es\\\/#\\\/schema\\\/person\\\/39a60ebe0a2b4d5a11179701e336b039\",\"name\":\"Charge\",\"image\":{\"@type\":\"ImageObject\",\"inLanguage\":\"es\",\"@id\":\"https:\\\/\\\/secure.gravatar.com\\\/avatar\\\/c3b46e32a0fc3b093a0873fb767bf3293de856293065e84ef06b7ec7a8acfb98?s=96&d=identicon&r=x\",\"url\":\"https:\\\/\\\/secure.gravatar.com\\\/avatar\\\/c3b46e32a0fc3b093a0873fb767bf3293de856293065e84ef06b7ec7a8acfb98?s=96&d=identicon&r=x\",\"contentUrl\":\"https:\\\/\\\/secure.gravatar.com\\\/avatar\\\/c3b46e32a0fc3b093a0873fb767bf3293de856293065e84ef06b7ec7a8acfb98?s=96&d=identicon&r=x\",\"caption\":\"Charge\"},\"url\":\"https:\\\/\\\/sindromecharge.es\\\/index.php\\\/author\\\/admin\\\/\"}]}<\/script>\n<!-- \/ Yoast SEO plugin. -->","yoast_head_json":{"title":"Tr\u00e1fico acerca el examen te\u00f3rico del carn\u00e9 de conducir a personas con problemas de comprensi\u00f3n - Asociaci\u00f3n Espa\u00f1ola S\u00edndrome de Charge","robots":{"index":"index","follow":"follow","max-snippet":"max-snippet:-1","max-image-preview":"max-image-preview:large","max-video-preview":"max-video-preview:-1"},"canonical":"https:\/\/sindromecharge.es\/index.php\/2024\/09\/27\/trafico-carne-trafico-acerca-examen-teorico-carne-personas-con-problemas-comprension-lectora\/","og_locale":"es_ES","og_type":"article","og_title":"Tr\u00e1fico acerca el examen te\u00f3rico del carn\u00e9 de conducir a personas con problemas de comprensi\u00f3n - Asociaci\u00f3n Espa\u00f1ola S\u00edndrome de Charge","og_description":"La DGT ha incorporado nuevas medidas, como la lectura f\u00e1cil para hacer m\u00e1s accesibles los ex\u00e1menes te\u00f3ricos.","og_url":"https:\/\/sindromecharge.es\/index.php\/2024\/09\/27\/trafico-carne-trafico-acerca-examen-teorico-carne-personas-con-problemas-comprension-lectora\/","og_site_name":"Asociaci\u00f3n Espa\u00f1ola S\u00edndrome de Charge","article_publisher":"https:\/\/www.facebook.com\/asociacionsindromecharge","article_published_time":"2024-09-27T06:28:38+00:00","og_image":[{"width":300,"height":98,"url":"https:\/\/sindromecharge.es\/wp-content\/uploads\/2013\/09\/logodecharge300x98.png","type":"image\/png"}],"author":"Charge","twitter_card":"summary_large_image","twitter_creator":"@sindromecharge","twitter_site":"@sindromecharge","twitter_misc":{"Escrito por":"Charge","Tiempo de lectura":"2 minutos"},"schema":{"@context":"https:\/\/schema.org","@graph":[{"@type":"Article","@id":"https:\/\/sindromecharge.es\/index.php\/2024\/09\/27\/trafico-carne-trafico-acerca-examen-teorico-carne-personas-con-problemas-comprension-lectora\/#article","isPartOf":{"@id":"https:\/\/sindromecharge.es\/index.php\/2024\/09\/27\/trafico-carne-trafico-acerca-examen-teorico-carne-personas-con-problemas-comprension-lectora\/"},"author":{"name":"Charge","@id":"https:\/\/sindromecharge.es\/#\/schema\/person\/39a60ebe0a2b4d5a11179701e336b039"},"headline":"Tr\u00e1fico acerca el examen te\u00f3rico del carn\u00e9 de conducir a personas con problemas de comprensi\u00f3n","datePublished":"2024-09-27T06:28:38+00:00","mainEntityOfPage":{"@id":"https:\/\/sindromecharge.es\/index.php\/2024\/09\/27\/trafico-carne-trafico-acerca-examen-teorico-carne-personas-con-problemas-comprension-lectora\/"},"wordCount":468,"articleSection":["noticias"],"inLanguage":"es"},{"@type":"WebPage","@id":"https:\/\/sindromecharge.es\/index.php\/2024\/09\/27\/trafico-carne-trafico-acerca-examen-teorico-carne-personas-con-problemas-comprension-lectora\/","url":"https:\/\/sindromecharge.es\/index.php\/2024\/09\/27\/trafico-carne-trafico-acerca-examen-teorico-carne-personas-con-problemas-comprension-lectora\/","name":"Tr\u00e1fico acerca el examen te\u00f3rico del carn\u00e9 de conducir a personas con problemas de comprensi\u00f3n - Asociaci\u00f3n Espa\u00f1ola S\u00edndrome de Charge","isPartOf":{"@id":"https:\/\/sindromecharge.es\/#website"},"datePublished":"2024-09-27T06:28:38+00:00","author":{"@id":"https:\/\/sindromecharge.es\/#\/schema\/person\/39a60ebe0a2b4d5a11179701e336b039"},"breadcrumb":{"@id":"https:\/\/sindromecharge.es\/index.php\/2024\/09\/27\/trafico-carne-trafico-acerca-examen-teorico-carne-personas-con-problemas-comprension-lectora\/#breadcrumb"},"inLanguage":"es","potentialAction":[{"@type":"ReadAction","target":["https:\/\/sindromecharge.es\/index.php\/2024\/09\/27\/trafico-carne-trafico-acerca-examen-teorico-carne-personas-con-problemas-comprension-lectora\/"]}]},{"@type":"BreadcrumbList","@id":"https:\/\/sindromecharge.es\/index.php\/2024\/09\/27\/trafico-carne-trafico-acerca-examen-teorico-carne-personas-con-problemas-comprension-lectora\/#breadcrumb","itemListElement":[{"@type":"ListItem","position":1,"name":"Portada","item":"https:\/\/sindromecharge.es\/"},{"@type":"ListItem","position":2,"name":"Tr\u00e1fico acerca el examen te\u00f3rico del carn\u00e9 de conducir a personas con problemas de comprensi\u00f3n"}]},{"@type":"WebSite","@id":"https:\/\/sindromecharge.es\/#website","url":"https:\/\/sindromecharge.es\/","name":"Asociaci\u00f3n Espa\u00f1ola S\u00edndrome de Charge","description":"","potentialAction":[{"@type":"SearchAction","target":{"@type":"EntryPoint","urlTemplate":"https:\/\/sindromecharge.es\/?s={search_term_string}"},"query-input":{"@type":"PropertyValueSpecification","valueRequired":true,"valueName":"search_term_string"}}],"inLanguage":"es"},{"@type":"Person","@id":"https:\/\/sindromecharge.es\/#\/schema\/person\/39a60ebe0a2b4d5a11179701e336b039","name":"Charge","image":{"@type":"ImageObject","inLanguage":"es","@id":"https:\/\/secure.gravatar.com\/avatar\/c3b46e32a0fc3b093a0873fb767bf3293de856293065e84ef06b7ec7a8acfb98?s=96&d=identicon&r=x","url":"https:\/\/secure.gravatar.com\/avatar\/c3b46e32a0fc3b093a0873fb767bf3293de856293065e84ef06b7ec7a8acfb98?s=96&d=identicon&r=x","contentUrl":"https:\/\/secure.gravatar.com\/avatar\/c3b46e32a0fc3b093a0873fb767bf3293de856293065e84ef06b7ec7a8acfb98?s=96&d=identicon&r=x","caption":"Charge"},"url":"https:\/\/sindromecharge.es\/index.php\/author\/admin\/"}]}},"_links":{"self":[{"href":"https:\/\/sindromecharge.es\/index.php\/wp-json\/wp\/v2\/posts\/10345","targetHints":{"allow":["GET"]}}],"collection":[{"href":"https:\/\/sindromecharge.es\/index.php\/wp-json\/wp\/v2\/posts"}],"about":[{"href":"https:\/\/sindromecharge.es\/index.php\/wp-json\/wp\/v2\/types\/post"}],"author":[{"embeddable":true,"href":"https:\/\/sindromecharge.es\/index.php\/wp-json\/wp\/v2\/users\/1"}],"replies":[{"embeddable":true,"href":"https:\/\/sindromecharge.es\/index.php\/wp-json\/wp\/v2\/comments?post=10345"}],"version-history":[{"count":0,"href":"https:\/\/sindromecharge.es\/index.php\/wp-json\/wp\/v2\/posts\/10345\/revisions"}],"wp:attachment":[{"href":"https:\/\/sindromecharge.es\/index.php\/wp-json\/wp\/v2\/media?parent=10345"}],"wp:term":[{"taxonomy":"category","embeddable":true,"href":"https:\/\/sindromecharge.es\/index.php\/wp-json\/wp\/v2\/categories?post=10345"},{"taxonomy":"post_tag","embeddable":true,"href":"https:\/\/sindromecharge.es\/index.php\/wp-json\/wp\/v2\/tags?post=10345"}],"curies":[{"name":"wp","href":"https:\/\/api.w.org\/{rel}","templated":true}]}}