{"id":10344,"date":"2024-09-27T05:39:43","date_gmt":"2024-09-27T05:39:43","guid":{"rendered":"https:\/\/sindromecharge.es\/index.php\/2024\/09\/27\/cancion-miriam-fernandez-sobre-barreras-arquitectonicas-quiero-salir-no-puedo\/"},"modified":"2024-09-27T05:39:43","modified_gmt":"2024-09-27T05:39:43","slug":"cancion-miriam-fernandez-sobre-barreras-arquitectonicas-quiero-salir-no-puedo","status":"publish","type":"post","link":"https:\/\/sindromecharge.es\/index.php\/2024\/09\/27\/cancion-miriam-fernandez-sobre-barreras-arquitectonicas-quiero-salir-no-puedo\/","title":{"rendered":"La canci\u00f3n de Miriam Fern\u00e1ndez que clama contra las barreras arquitect\u00f3nicas: \u00abQue yo quiero salir y no puedo\u00bb"},"content":{"rendered":"<p>Leemos en Discapacidad la siguiente noticia que os reproducimos de forma \u00edntegra: <\/p>\n<div>\n<p>\u201cQue yo quiero<b> salir y no puedo<\/b>.\u201d<\/p>\n<p>\u201cQue yo quiero poder <b>crecer sin peros<\/b>\u201d.<\/p>\n<p>\u201c<b>No quedarme atr\u00e1s<\/b> nunca m\u00e1s\u201d.<\/p>\n<p>\u201cPorque soy mucho <b>m\u00e1s que mi movilidad<\/b>\u201d.<\/p>\n<p>\u201cPorque quiero pensar que llegue un grado de <b><a href=\"https:\/\/www.20minutos.es\/minuteca\/igualdad\/\" title=\"Igualdad\">igualdad<\/a> que no nos separe<\/b>\u201d.<\/p>\n<p>\u201cQue las escaleras no me <b>encierren en mi casa<\/b>\u201d.<\/p>\n<p>\u201cQue mi <b>silla o bast\u00f3n no me dejen en el sill\u00f3n<\/b>\u201d.<\/p>\n<p>Estas son algunas de las frases de <b>la canci\u00f3n <i>Ser tu voz<\/i><\/b> de la cantante, conferenciante y actriz Miriam Fern\u00e1ndez.<\/p>\n<p>Miriam tiene <a href=\"https:\/\/www.20minutos.es\/minuteca\/paralisis-cerebral\/\" title=\"Par\u00e1lisis cerebral\">par\u00e1lisis cerebral <\/a>y una <a href=\"https:\/\/www.20minutos.es\/minuteca\/discapacidad\/\" title=\"Discapacidad\">discapacidad<\/a> del 65%. Supone que la vieron ganar <i>T\u00fa s\u00ed que vales<\/i> o participar en <i>La voz<\/i>. El caso es que Fundaci\u00f3n Mutua de Propietarios la llam\u00f3 para que formara parte de su <b>campa\u00f1a La Voz De La Accesibilidad<\/b>. <\/p>\n<p>La Voz de la <a href=\"https:\/\/www.20minutos.es\/minuteca\/accesibilidad\/\" title=\"Accesibilidad\">Accesibilidad<\/a> incluye tambi\u00e9n un estudio que ha detectado que el 82% de las personas entrevistadas est\u00e1 de acuerdo en que habr\u00eda que sensibilizar m\u00e1s sobre las barreras que se encuentran las personas con discapacidad motora en su d\u00eda a d\u00eda. El estudio revela tambi\u00e9n que un 55% admite no estar concienciada sobre las dificultades que tienen las personas con dificultades de movimiento. Un 46% reconoce que ha observado situaciones de exclusi\u00f3n hacia las personas con movilidad reducida. <b>En Espa\u00f1a hay 2,4 millones de personas con problemas de movilidad.<\/b><\/p>\n<p>Miriam ha puesto letra y m\u00fasica con el deseo de que la canci\u00f3n <i>Ser tu voz<\/i> (disponible en plataformas como <a href=\"https:\/\/www.20minutos.es\/minuteca\/spotify\/\" title=\"Spotify\">Spotify<\/a> y YouTube) llegue a la mayor cantidad de gente posible. \u201c<b>Ojal\u00e1 sea la voz de quien lo necesite <\/b>y espero que guste. Es una m\u00fasica y letra pensadas para todo el mundo. Es una canci\u00f3n pop. No a todo el mundo le gusta el pop pero es un estilo f\u00e1cilmente digerible para llegar al mayor n\u00famero de personas. Es una canci\u00f3n tranquila: mi voz, la guitarra\u201d, explica Miriam.<\/p>\n<p><iframe loading=\"lazy\" width=\"560\" height=\"315\" src=\"https:\/\/www.youtube.com\/embed\/uvqNg15mOLM?si=n3xIkvMriR9HhSZ2\" title=\"YouTube video player\" frameborder=\"0\" allow=\"accelerometer; autoplay; clipboard-write; encrypted-media; gyroscope; picture-in-picture; web-share\" referrerpolicy=\"strict-origin-when-cross-origin\" allowfullscreen><\/iframe><\/p>\n<p>La intenci\u00f3n de la canci\u00f3n es visibilizar la realidad de personas como Miriam con una discapacidad motora. Ella se mueve con un andador, su descapotable, como lo llama. Ha partido de su experiencia para componer la canci\u00f3n. Tambi\u00e9n ha intentado ponerse en la piel de todas aquellas personas que tienen una movilidad m\u00e1s reducida que la suya. \u201cDe las personas que <b>no pueden hacer una vida normal, cotidiana, por problemas de accesibilidad<\/b>\u201d, explica.<\/p>\n<p>Escalones, pero tambi\u00e9n una simple grieta en la acera te puede hacer perder el equilibrio. Un \u00e1rbol en mitad de una acera estrecha o la distancia entre coches que no le permite pasar con su andador. Otra barrera est\u00e1 en los viajes a lugares donde la accesibilidad brilla por su ausencia. \u201cMe encantar\u00eda ir a Roma. Adem\u00e1s soy creyente y me gustar\u00eda ir al Vaticano, pero las calles est\u00e1n empedradas. Cada paso es un minuto de gimnasio\u201d, cuenta. <b>\u201cUna barrera es una manera de construir algo que dificulta el paso a todo el mundo\u201d<\/b>, explica.<\/p>\n<p>Los obst\u00e1culos son muchos y algunos tambi\u00e9n est\u00e1n dentro de las propias casas. Por eso la canci\u00f3n incluye estas l\u00edneas: <b>\u201cTener viviendas sin barreras\u201d<\/b>.<\/p>\n<p>Como compositora de la canci\u00f3n, para Miriam era clave que apareciera esta idea: <b>\u201cTodos lo vivir\u00e1n al llegar a la tercera edad\u201d<\/b>. Ella recuerda c\u00f3mo vio envejecer a su padre. Un hombre muy activo que acab\u00f3 sin poder salir de casa por las barreras arquitect\u00f3nicas. Algo que tambi\u00e9n le est\u00e1 sucediendo ahora a su madre, que tiene 84 a\u00f1os y apenas puede bajar un escal\u00f3n. Pero adem\u00e1s de ese todos llegaremos a tener movilidad reducida, hay algo m\u00e1s. Miriam tambi\u00e9n tiene presente a su hermana, que con poco m\u00e1s de 30 a\u00f1os tuvo un infarto cerebral que le dej\u00f3 medio cuerpo paralizado. Tambi\u00e9n se acuerda de quienes puntualmente tienen que llevar muletas por alguna lesi\u00f3n como un esguince. Cree que hasta que no llega un momento as\u00ed no somos realmente conscientes de las barreras que existen en la vida cotidiana de una persona con discapacidad motora. \u201cPara vosotros caminar es como respirar, lo hac\u00e9is sin pensar\u201d, cuenta.<\/p>\n<p>A Miriam los m\u00e9dicos<b> le dijeron que nunca podr\u00eda andar<\/b>. Tambi\u00e9n le dijeron que no hablar\u00eda. <b>\u201cY f\u00edjate que no me callo\u201d,<\/b> dice ri\u00e9ndose. Se hinch\u00f3 de rehabilitaci\u00f3n y de hacer deporte. Le puso muchas ganas. Y consigui\u00f3 andar. Hasta hoy. \u201cVivo con mi descapotable, soy aut\u00f3noma, estoy casada, tengo mi coche, tengo una vida normal\u201d, cuenta.<\/p>\n<p>Tanto deporte hizo que acab\u00f3 en nataci\u00f3n adaptada, donde lleg\u00f3 a ser campeona de Espa\u00f1a. Todo le iba bien en el mundo deportivo pero su sue\u00f1o desde ni\u00f1a fue cantar, as\u00ed que para sorpresa de su entorno cambi\u00f3 el deporte por los escenarios. Reconoce que el camino no ha sido f\u00e1cil, pero en d\u00edas como hoy se siente especialmente orgullosa de haber tomado esa decisi\u00f3n. Llamadas como la que recibi\u00f3 de Fundaci\u00f3n Mutua de Propietarios con esta propuesta dan sentido al cambio que hizo de la piscina por la m\u00fasica. \u201cMe tomo muy en serio cada vez que subo a un escenario. <b>Cada escenario es una zona peque\u00f1ita para contribuir a cambiar el mundo. <\/b>Hacer desde el escenario cosas por los dem\u00e1s para cambiar corazones y conciencias\u201d, concluye Miriam. <\/p>\n<\/div>\n<p>Fuente: Discapacidad https:\/\/www.20minutos.es\/noticia\/5636827\/0\/cancion-miriam-fernandez-sobre-barreras-arquitectonicas-quiero-salir-no-puedo\/<\/p>\n","protected":false},"excerpt":{"rendered":"<p>\u201cQue yo quiero salir y no puedo.\u201d<\/p>\n","protected":false},"author":1,"featured_media":0,"comment_status":"closed","ping_status":"closed","sticky":false,"template":"","format":"standard","meta":{"footnotes":""},"categories":[8],"tags":[],"class_list":["post-10344","post","type-post","status-publish","format-standard","hentry","category-noticias"],"yoast_head":"<!-- This site is optimized with the Yoast SEO plugin v27.5 - https:\/\/yoast.com\/product\/yoast-seo-wordpress\/ -->\n<title>La canci\u00f3n de Miriam Fern\u00e1ndez que clama contra las barreras arquitect\u00f3nicas: &quot;Que yo quiero salir y no puedo&quot; - Asociaci\u00f3n Espa\u00f1ola S\u00edndrome de Charge<\/title>\n<meta name=\"robots\" content=\"index, follow, max-snippet:-1, max-image-preview:large, max-video-preview:-1\" \/>\n<link rel=\"canonical\" href=\"https:\/\/sindromecharge.es\/index.php\/2024\/09\/27\/cancion-miriam-fernandez-sobre-barreras-arquitectonicas-quiero-salir-no-puedo\/\" \/>\n<meta property=\"og:locale\" content=\"es_ES\" \/>\n<meta property=\"og:type\" content=\"article\" \/>\n<meta property=\"og:title\" content=\"La canci\u00f3n de Miriam Fern\u00e1ndez que clama contra las barreras arquitect\u00f3nicas: &quot;Que yo quiero salir y no puedo&quot; - Asociaci\u00f3n Espa\u00f1ola S\u00edndrome de Charge\" \/>\n<meta property=\"og:description\" content=\"\u201cQue yo quiero salir y no puedo.\u201d\" \/>\n<meta property=\"og:url\" content=\"https:\/\/sindromecharge.es\/index.php\/2024\/09\/27\/cancion-miriam-fernandez-sobre-barreras-arquitectonicas-quiero-salir-no-puedo\/\" \/>\n<meta property=\"og:site_name\" content=\"Asociaci\u00f3n Espa\u00f1ola S\u00edndrome de Charge\" \/>\n<meta property=\"article:publisher\" content=\"https:\/\/www.facebook.com\/asociacionsindromecharge\" \/>\n<meta property=\"article:published_time\" content=\"2024-09-27T05:39:43+00:00\" \/>\n<meta property=\"og:image\" content=\"https:\/\/sindromecharge.es\/wp-content\/uploads\/2013\/09\/logodecharge300x98.png\" \/>\n\t<meta property=\"og:image:width\" content=\"300\" \/>\n\t<meta property=\"og:image:height\" content=\"98\" \/>\n\t<meta property=\"og:image:type\" content=\"image\/png\" \/>\n<meta name=\"author\" content=\"Charge\" \/>\n<meta name=\"twitter:card\" content=\"summary_large_image\" \/>\n<meta name=\"twitter:creator\" content=\"@sindromecharge\" \/>\n<meta name=\"twitter:site\" content=\"@sindromecharge\" \/>\n<meta name=\"twitter:label1\" content=\"Escrito por\" \/>\n\t<meta name=\"twitter:data1\" content=\"Charge\" \/>\n\t<meta name=\"twitter:label2\" content=\"Tiempo de lectura\" \/>\n\t<meta name=\"twitter:data2\" content=\"5 minutos\" \/>\n<script type=\"application\/ld+json\" class=\"yoast-schema-graph\">{\"@context\":\"https:\\\/\\\/schema.org\",\"@graph\":[{\"@type\":\"Article\",\"@id\":\"https:\\\/\\\/sindromecharge.es\\\/index.php\\\/2024\\\/09\\\/27\\\/cancion-miriam-fernandez-sobre-barreras-arquitectonicas-quiero-salir-no-puedo\\\/#article\",\"isPartOf\":{\"@id\":\"https:\\\/\\\/sindromecharge.es\\\/index.php\\\/2024\\\/09\\\/27\\\/cancion-miriam-fernandez-sobre-barreras-arquitectonicas-quiero-salir-no-puedo\\\/\"},\"author\":{\"name\":\"Charge\",\"@id\":\"https:\\\/\\\/sindromecharge.es\\\/#\\\/schema\\\/person\\\/39a60ebe0a2b4d5a11179701e336b039\"},\"headline\":\"La canci\u00f3n de Miriam Fern\u00e1ndez que clama contra las barreras arquitect\u00f3nicas: \u00abQue yo quiero salir y no puedo\u00bb\",\"datePublished\":\"2024-09-27T05:39:43+00:00\",\"mainEntityOfPage\":{\"@id\":\"https:\\\/\\\/sindromecharge.es\\\/index.php\\\/2024\\\/09\\\/27\\\/cancion-miriam-fernandez-sobre-barreras-arquitectonicas-quiero-salir-no-puedo\\\/\"},\"wordCount\":948,\"articleSection\":[\"noticias\"],\"inLanguage\":\"es\"},{\"@type\":\"WebPage\",\"@id\":\"https:\\\/\\\/sindromecharge.es\\\/index.php\\\/2024\\\/09\\\/27\\\/cancion-miriam-fernandez-sobre-barreras-arquitectonicas-quiero-salir-no-puedo\\\/\",\"url\":\"https:\\\/\\\/sindromecharge.es\\\/index.php\\\/2024\\\/09\\\/27\\\/cancion-miriam-fernandez-sobre-barreras-arquitectonicas-quiero-salir-no-puedo\\\/\",\"name\":\"La canci\u00f3n de Miriam Fern\u00e1ndez que clama contra las barreras arquitect\u00f3nicas: \\\"Que yo quiero salir y no puedo\\\" - Asociaci\u00f3n Espa\u00f1ola S\u00edndrome de Charge\",\"isPartOf\":{\"@id\":\"https:\\\/\\\/sindromecharge.es\\\/#website\"},\"datePublished\":\"2024-09-27T05:39:43+00:00\",\"author\":{\"@id\":\"https:\\\/\\\/sindromecharge.es\\\/#\\\/schema\\\/person\\\/39a60ebe0a2b4d5a11179701e336b039\"},\"breadcrumb\":{\"@id\":\"https:\\\/\\\/sindromecharge.es\\\/index.php\\\/2024\\\/09\\\/27\\\/cancion-miriam-fernandez-sobre-barreras-arquitectonicas-quiero-salir-no-puedo\\\/#breadcrumb\"},\"inLanguage\":\"es\",\"potentialAction\":[{\"@type\":\"ReadAction\",\"target\":[\"https:\\\/\\\/sindromecharge.es\\\/index.php\\\/2024\\\/09\\\/27\\\/cancion-miriam-fernandez-sobre-barreras-arquitectonicas-quiero-salir-no-puedo\\\/\"]}]},{\"@type\":\"BreadcrumbList\",\"@id\":\"https:\\\/\\\/sindromecharge.es\\\/index.php\\\/2024\\\/09\\\/27\\\/cancion-miriam-fernandez-sobre-barreras-arquitectonicas-quiero-salir-no-puedo\\\/#breadcrumb\",\"itemListElement\":[{\"@type\":\"ListItem\",\"position\":1,\"name\":\"Portada\",\"item\":\"https:\\\/\\\/sindromecharge.es\\\/\"},{\"@type\":\"ListItem\",\"position\":2,\"name\":\"La canci\u00f3n de Miriam Fern\u00e1ndez que clama contra las barreras arquitect\u00f3nicas: &#8220;Que yo quiero salir y no puedo&#8221;\"}]},{\"@type\":\"WebSite\",\"@id\":\"https:\\\/\\\/sindromecharge.es\\\/#website\",\"url\":\"https:\\\/\\\/sindromecharge.es\\\/\",\"name\":\"Asociaci\u00f3n Espa\u00f1ola S\u00edndrome de Charge\",\"description\":\"\",\"potentialAction\":[{\"@type\":\"SearchAction\",\"target\":{\"@type\":\"EntryPoint\",\"urlTemplate\":\"https:\\\/\\\/sindromecharge.es\\\/?s={search_term_string}\"},\"query-input\":{\"@type\":\"PropertyValueSpecification\",\"valueRequired\":true,\"valueName\":\"search_term_string\"}}],\"inLanguage\":\"es\"},{\"@type\":\"Person\",\"@id\":\"https:\\\/\\\/sindromecharge.es\\\/#\\\/schema\\\/person\\\/39a60ebe0a2b4d5a11179701e336b039\",\"name\":\"Charge\",\"image\":{\"@type\":\"ImageObject\",\"inLanguage\":\"es\",\"@id\":\"https:\\\/\\\/secure.gravatar.com\\\/avatar\\\/c3b46e32a0fc3b093a0873fb767bf3293de856293065e84ef06b7ec7a8acfb98?s=96&d=identicon&r=x\",\"url\":\"https:\\\/\\\/secure.gravatar.com\\\/avatar\\\/c3b46e32a0fc3b093a0873fb767bf3293de856293065e84ef06b7ec7a8acfb98?s=96&d=identicon&r=x\",\"contentUrl\":\"https:\\\/\\\/secure.gravatar.com\\\/avatar\\\/c3b46e32a0fc3b093a0873fb767bf3293de856293065e84ef06b7ec7a8acfb98?s=96&d=identicon&r=x\",\"caption\":\"Charge\"},\"url\":\"https:\\\/\\\/sindromecharge.es\\\/index.php\\\/author\\\/admin\\\/\"}]}<\/script>\n<!-- \/ Yoast SEO plugin. -->","yoast_head_json":{"title":"La canci\u00f3n de Miriam Fern\u00e1ndez que clama contra las barreras arquitect\u00f3nicas: \"Que yo quiero salir y no puedo\" - Asociaci\u00f3n Espa\u00f1ola S\u00edndrome de Charge","robots":{"index":"index","follow":"follow","max-snippet":"max-snippet:-1","max-image-preview":"max-image-preview:large","max-video-preview":"max-video-preview:-1"},"canonical":"https:\/\/sindromecharge.es\/index.php\/2024\/09\/27\/cancion-miriam-fernandez-sobre-barreras-arquitectonicas-quiero-salir-no-puedo\/","og_locale":"es_ES","og_type":"article","og_title":"La canci\u00f3n de Miriam Fern\u00e1ndez que clama contra las barreras arquitect\u00f3nicas: \"Que yo quiero salir y no puedo\" - Asociaci\u00f3n Espa\u00f1ola S\u00edndrome de Charge","og_description":"\u201cQue yo quiero salir y no puedo.\u201d","og_url":"https:\/\/sindromecharge.es\/index.php\/2024\/09\/27\/cancion-miriam-fernandez-sobre-barreras-arquitectonicas-quiero-salir-no-puedo\/","og_site_name":"Asociaci\u00f3n Espa\u00f1ola S\u00edndrome de Charge","article_publisher":"https:\/\/www.facebook.com\/asociacionsindromecharge","article_published_time":"2024-09-27T05:39:43+00:00","og_image":[{"width":300,"height":98,"url":"https:\/\/sindromecharge.es\/wp-content\/uploads\/2013\/09\/logodecharge300x98.png","type":"image\/png"}],"author":"Charge","twitter_card":"summary_large_image","twitter_creator":"@sindromecharge","twitter_site":"@sindromecharge","twitter_misc":{"Escrito por":"Charge","Tiempo de lectura":"5 minutos"},"schema":{"@context":"https:\/\/schema.org","@graph":[{"@type":"Article","@id":"https:\/\/sindromecharge.es\/index.php\/2024\/09\/27\/cancion-miriam-fernandez-sobre-barreras-arquitectonicas-quiero-salir-no-puedo\/#article","isPartOf":{"@id":"https:\/\/sindromecharge.es\/index.php\/2024\/09\/27\/cancion-miriam-fernandez-sobre-barreras-arquitectonicas-quiero-salir-no-puedo\/"},"author":{"name":"Charge","@id":"https:\/\/sindromecharge.es\/#\/schema\/person\/39a60ebe0a2b4d5a11179701e336b039"},"headline":"La canci\u00f3n de Miriam Fern\u00e1ndez que clama contra las barreras arquitect\u00f3nicas: \u00abQue yo quiero salir y no puedo\u00bb","datePublished":"2024-09-27T05:39:43+00:00","mainEntityOfPage":{"@id":"https:\/\/sindromecharge.es\/index.php\/2024\/09\/27\/cancion-miriam-fernandez-sobre-barreras-arquitectonicas-quiero-salir-no-puedo\/"},"wordCount":948,"articleSection":["noticias"],"inLanguage":"es"},{"@type":"WebPage","@id":"https:\/\/sindromecharge.es\/index.php\/2024\/09\/27\/cancion-miriam-fernandez-sobre-barreras-arquitectonicas-quiero-salir-no-puedo\/","url":"https:\/\/sindromecharge.es\/index.php\/2024\/09\/27\/cancion-miriam-fernandez-sobre-barreras-arquitectonicas-quiero-salir-no-puedo\/","name":"La canci\u00f3n de Miriam Fern\u00e1ndez que clama contra las barreras arquitect\u00f3nicas: \"Que yo quiero salir y no puedo\" - Asociaci\u00f3n Espa\u00f1ola S\u00edndrome de Charge","isPartOf":{"@id":"https:\/\/sindromecharge.es\/#website"},"datePublished":"2024-09-27T05:39:43+00:00","author":{"@id":"https:\/\/sindromecharge.es\/#\/schema\/person\/39a60ebe0a2b4d5a11179701e336b039"},"breadcrumb":{"@id":"https:\/\/sindromecharge.es\/index.php\/2024\/09\/27\/cancion-miriam-fernandez-sobre-barreras-arquitectonicas-quiero-salir-no-puedo\/#breadcrumb"},"inLanguage":"es","potentialAction":[{"@type":"ReadAction","target":["https:\/\/sindromecharge.es\/index.php\/2024\/09\/27\/cancion-miriam-fernandez-sobre-barreras-arquitectonicas-quiero-salir-no-puedo\/"]}]},{"@type":"BreadcrumbList","@id":"https:\/\/sindromecharge.es\/index.php\/2024\/09\/27\/cancion-miriam-fernandez-sobre-barreras-arquitectonicas-quiero-salir-no-puedo\/#breadcrumb","itemListElement":[{"@type":"ListItem","position":1,"name":"Portada","item":"https:\/\/sindromecharge.es\/"},{"@type":"ListItem","position":2,"name":"La canci\u00f3n de Miriam Fern\u00e1ndez que clama contra las barreras arquitect\u00f3nicas: &#8220;Que yo quiero salir y no puedo&#8221;"}]},{"@type":"WebSite","@id":"https:\/\/sindromecharge.es\/#website","url":"https:\/\/sindromecharge.es\/","name":"Asociaci\u00f3n Espa\u00f1ola S\u00edndrome de Charge","description":"","potentialAction":[{"@type":"SearchAction","target":{"@type":"EntryPoint","urlTemplate":"https:\/\/sindromecharge.es\/?s={search_term_string}"},"query-input":{"@type":"PropertyValueSpecification","valueRequired":true,"valueName":"search_term_string"}}],"inLanguage":"es"},{"@type":"Person","@id":"https:\/\/sindromecharge.es\/#\/schema\/person\/39a60ebe0a2b4d5a11179701e336b039","name":"Charge","image":{"@type":"ImageObject","inLanguage":"es","@id":"https:\/\/secure.gravatar.com\/avatar\/c3b46e32a0fc3b093a0873fb767bf3293de856293065e84ef06b7ec7a8acfb98?s=96&d=identicon&r=x","url":"https:\/\/secure.gravatar.com\/avatar\/c3b46e32a0fc3b093a0873fb767bf3293de856293065e84ef06b7ec7a8acfb98?s=96&d=identicon&r=x","contentUrl":"https:\/\/secure.gravatar.com\/avatar\/c3b46e32a0fc3b093a0873fb767bf3293de856293065e84ef06b7ec7a8acfb98?s=96&d=identicon&r=x","caption":"Charge"},"url":"https:\/\/sindromecharge.es\/index.php\/author\/admin\/"}]}},"_links":{"self":[{"href":"https:\/\/sindromecharge.es\/index.php\/wp-json\/wp\/v2\/posts\/10344","targetHints":{"allow":["GET"]}}],"collection":[{"href":"https:\/\/sindromecharge.es\/index.php\/wp-json\/wp\/v2\/posts"}],"about":[{"href":"https:\/\/sindromecharge.es\/index.php\/wp-json\/wp\/v2\/types\/post"}],"author":[{"embeddable":true,"href":"https:\/\/sindromecharge.es\/index.php\/wp-json\/wp\/v2\/users\/1"}],"replies":[{"embeddable":true,"href":"https:\/\/sindromecharge.es\/index.php\/wp-json\/wp\/v2\/comments?post=10344"}],"version-history":[{"count":0,"href":"https:\/\/sindromecharge.es\/index.php\/wp-json\/wp\/v2\/posts\/10344\/revisions"}],"wp:attachment":[{"href":"https:\/\/sindromecharge.es\/index.php\/wp-json\/wp\/v2\/media?parent=10344"}],"wp:term":[{"taxonomy":"category","embeddable":true,"href":"https:\/\/sindromecharge.es\/index.php\/wp-json\/wp\/v2\/categories?post=10344"},{"taxonomy":"post_tag","embeddable":true,"href":"https:\/\/sindromecharge.es\/index.php\/wp-json\/wp\/v2\/tags?post=10344"}],"curies":[{"name":"wp","href":"https:\/\/api.w.org\/{rel}","templated":true}]}}