{"id":10342,"date":"2024-09-26T05:36:41","date_gmt":"2024-09-26T05:36:41","guid":{"rendered":"https:\/\/sindromecharge.es\/index.php\/2024\/09\/26\/sara-martinez-usuaria-metrociego-equivale-los-carteles-que-teneis-las-personas-que-veis\/"},"modified":"2024-09-26T05:36:41","modified_gmt":"2024-09-26T05:36:41","slug":"sara-martinez-usuaria-metrociego-equivale-los-carteles-que-teneis-las-personas-que-veis","status":"publish","type":"post","link":"https:\/\/sindromecharge.es\/index.php\/2024\/09\/26\/sara-martinez-usuaria-metrociego-equivale-los-carteles-que-teneis-las-personas-que-veis\/","title":{"rendered":"Sara Mart\u00ednez, usuaria de Metrociego: \u00abEquivale a los carteles que ten\u00e9is las personas que veis\u00bb"},"content":{"rendered":"<p>Leemos en Discapacidad la siguiente noticia que os reproducimos de forma \u00edntegra: <\/p>\n<div>\n<p>\u201cLos <a href=\"https:\/\/www.20minutos.es\/minuteca\/ciegos\/\" title=\"Ciegos\">ciegos<\/a> tenemos grupos para todo porque hacemos las cosas de manera diferente. Que si grupos para c\u00f3mo cocinar o grupos sobre tecnolog\u00eda. Precisamente en el de tecnolog\u00eda compartieron hace a\u00f1os, cuando sali\u00f3, la app <b>Metrociego Madrid<\/b>, y yo la uso desde entonces. Creo que fue el proyecto de unos estudiantes universitarios que quisieron hacer el <a href=\"https:\/\/www.20minutos.es\/minuteca\/metro-de-madrid\/\" title=\"Metro de Madrid\">metro de Madrid <\/a>accesible para todos nosotros\u201d, recuerda Sara Mart\u00ednez.<\/p>\n<p>Sara tiene 41 a\u00f1os, es ciega y es de Madrid. Recientemente ha desarrollado tambi\u00e9n una peque\u00f1a <a href=\"https:\/\/www.20minutos.es\/minuteca\/discapacidad\/\" title=\"Discapacidad\">discapacidad<\/a> auditiva. Esta nueva discapacidad influye a la hora de desplazarse por la ciudad, metro incluido. <b>\u201cNo escucho cosas que los dem\u00e1s ciegos s\u00ed escuchan\u201d<\/b>, cuenta.<\/p>\n<p>Ahora Sara no puede o\u00edr el espacio como s\u00ed hac\u00eda en el pasado. \u201cEl o\u00eddo no funciona como antes y lo noto en la orientaci\u00f3n. Ahora no puedo escuchar el sonido espacial para saber lo que tienes a derecha e izquierda. Esa informaci\u00f3n la he perdido y ahora no la s\u00e9. Escucho en mono. \u00bfSabes cuando se escucha por el altavoz derecho una bater\u00eda y por el izquierdo un saxo, por ejemplo? Pues yo no, yo lo escucho todo por el mismo sitio, por lo que al escuchar el metro no s\u00e9 por d\u00f3nde viene. Ahora en una puerta de un ascensor me puedo pensar que estoy en el giro del and\u00e9n. <b>Antes con el o\u00eddo percib\u00eda que hab\u00eda un hueco. <\/b>As\u00ed que Metrociego me orienta\u201d.<\/p>\n<p>Metrociego tiene un grand\u00edsimo defecto: <b>no incluye toda la red de metro de Madrid<\/b>. Sara est\u00e1 a la espera de que le adjudiquen un nuevo perro gu\u00eda (el tiempo para tener uno nuevo es cada vez mayor), as\u00ed que ahora se desplaza con bast\u00f3n. \u201cTengo que ir toc\u00e1ndolo todo y pregunt\u00e1ndole a le gente, no me queda otra. Puedo ir sola, no me voy a quedar en mi casa, pero voy al toque, como aquel que dice\u201d, explica. Esta es la \u00fanica opci\u00f3n cuando est\u00e1 en alguna estaci\u00f3n de metro de las que no reconoce Metrociego.<\/p>\n<p>\u201cSoy usuaria de la aplicaci\u00f3n desde que sali\u00f3 y es de gran ayuda. Te orienta por las estaciones, te describe c\u00f3mo llegar y <b>nos asegura una gran autonom\u00eda<\/b>. Yo la tengo en braille y voy leyendo. Puedo ir sola y es mucho m\u00e1s f\u00e1cil. Equivale a los carteles que ten\u00e9is las personas que veis\u201d.<\/p>\n<p>Metrociego permite seleccionar la estaci\u00f3n por la que se quiere entrar, salir, hacer transbordo. La propia explicaci\u00f3n de la app afirma \u201c<b>sabe d\u00f3nde est\u00e1s y a d\u00f3nde quieres ir<\/b>. Muestra un texto conciso y detallado (sistema de voz y braille) que explica todo lo que tendr\u00e1s que tener en cuenta para llegar a tu destino lo m\u00e1s r\u00e1pido posible\u201d.<\/p>\n<p>La app le da diferentes informaciones del tipo la salida est\u00e1 a la izquierda de la cabeza del and\u00e9n o sigue el pasillo y a la derecha encontrar\u00e1s escaleras. \u201cPuedes ir<b> leyendo o escuchando y es superc\u00f3modo<\/b>\u201d, dice Sara.<\/p>\n<p>Tambi\u00e9n lo utiliza como mapa para saber cu\u00e1ntas paradas tiene hasta su destino. Cuando la megafon\u00eda en los vagones de metro brilla por su ausencia, se elimina la herramienta de orientaci\u00f3n de una persona ciega. Sara dice que ella es dispersa y que cuando se monta en el vag\u00f3n deja volar su mente. Pensar en sus cosas implica perderse. Para cuando se da cuenta, ha dejado de atender y contar paradas.<b> Sin la megafon\u00eda no sabe d\u00f3nde est\u00e1. <\/b>\u201c\u00a1Oooooh, y cu\u00e1ntas paradas llevo! Dentro del tren no tengo informaci\u00f3n sin la megafon\u00eda, as\u00ed que si no est\u00e1 encendida, est\u00e1s perdida. Hay veces que sientes que est\u00e1s llegando a la parada x porque acabas de hacer una curva cerrada a la derecha, como la que tiene esa parada, pero no lo sabes. As\u00ed que si no tienes la app tienes que preguntar. Lo bueno de Metrociego es que te dice en todo momento d\u00f3nde est\u00e1s\u201d.<\/p>\n<p>\u201cLas estaciones m\u00e1s complicadas por los transbordos y pasillos est\u00e1n en la aplicaci\u00f3n\u201d, cuenta Sara. Entiende que al ser el proyecto de unos j\u00f3venes con pocos recursos, demasiado hicieron. Por eso reivindica que las instituciones se hagan cargo y desarrollen una aplicaci\u00f3n que incluya toda la red de metro de Madrid, as\u00ed como que todas las ciudades tengan una para su sistema de <a href=\"https:\/\/www.20minutos.es\/minuteca\/transporte\/\" title=\"Transporte\">transporte<\/a>. <b>\u201cHay que destinar fondos a esto\u201d,<\/b> pide.<\/p>\n<p>Sara es m\u00fasico, toca el saxof\u00f3n. Sigue form\u00e1ndose y acude con cierta regularidad a clase. Ese es uno de sus caminos habituales, por tanto conoce la l\u00ednea de metro y las estaciones que la llevan hasta all\u00ed. Pero, precisamente, por ser m\u00fasico, su trabajo implica dar conciertos all\u00ed donde la contratan. Es en esos desplazamientos que no son habituales donde se ve obligada a viajar al toque y preguntando si se encuentra en <b>paradas que no est\u00e1n recogidas en Metrociego<\/b>. <\/p>\n<\/div>\n<p>Fuente: Discapacidad https:\/\/www.20minutos.es\/noticia\/5634647\/0\/sara-martinez-usuaria-metrociego-equivale-los-carteles-que-teneis-las-personas-que-veis\/<\/p>\n","protected":false},"excerpt":{"rendered":"<p>\u201cLos ciegos tenemos grupos para todo porque hacemos las cosas de manera diferente. Que si grupos para c\u00f3mo cocinar o grupos sobre tecnolog\u00eda. Precisamente&#8230;<\/p>\n","protected":false},"author":1,"featured_media":0,"comment_status":"closed","ping_status":"closed","sticky":false,"template":"","format":"standard","meta":{"footnotes":""},"categories":[8],"tags":[],"class_list":["post-10342","post","type-post","status-publish","format-standard","hentry","category-noticias"],"yoast_head":"<!-- This site is optimized with the Yoast SEO plugin v27.5 - https:\/\/yoast.com\/product\/yoast-seo-wordpress\/ -->\n<title>Sara Mart\u00ednez, usuaria de Metrociego: &quot;Equivale a los carteles que ten\u00e9is las personas que veis&quot; - Asociaci\u00f3n Espa\u00f1ola S\u00edndrome de Charge<\/title>\n<meta name=\"robots\" content=\"index, follow, max-snippet:-1, max-image-preview:large, max-video-preview:-1\" \/>\n<link rel=\"canonical\" href=\"https:\/\/sindromecharge.es\/index.php\/2024\/09\/26\/sara-martinez-usuaria-metrociego-equivale-los-carteles-que-teneis-las-personas-que-veis\/\" \/>\n<meta property=\"og:locale\" content=\"es_ES\" \/>\n<meta property=\"og:type\" content=\"article\" \/>\n<meta property=\"og:title\" content=\"Sara Mart\u00ednez, usuaria de Metrociego: &quot;Equivale a los carteles que ten\u00e9is las personas que veis&quot; - Asociaci\u00f3n Espa\u00f1ola S\u00edndrome de Charge\" \/>\n<meta property=\"og:description\" content=\"\u201cLos ciegos tenemos grupos para todo porque hacemos las cosas de manera diferente. Que si grupos para c\u00f3mo cocinar o grupos sobre tecnolog\u00eda. Precisamente&#8230;\" \/>\n<meta property=\"og:url\" content=\"https:\/\/sindromecharge.es\/index.php\/2024\/09\/26\/sara-martinez-usuaria-metrociego-equivale-los-carteles-que-teneis-las-personas-que-veis\/\" \/>\n<meta property=\"og:site_name\" content=\"Asociaci\u00f3n Espa\u00f1ola S\u00edndrome de Charge\" \/>\n<meta property=\"article:publisher\" content=\"https:\/\/www.facebook.com\/asociacionsindromecharge\" \/>\n<meta property=\"article:published_time\" content=\"2024-09-26T05:36:41+00:00\" \/>\n<meta property=\"og:image\" content=\"https:\/\/sindromecharge.es\/wp-content\/uploads\/2013\/09\/logodecharge300x98.png\" \/>\n\t<meta property=\"og:image:width\" content=\"300\" \/>\n\t<meta property=\"og:image:height\" content=\"98\" \/>\n\t<meta property=\"og:image:type\" content=\"image\/png\" \/>\n<meta name=\"author\" content=\"Charge\" \/>\n<meta name=\"twitter:card\" content=\"summary_large_image\" \/>\n<meta name=\"twitter:creator\" content=\"@sindromecharge\" \/>\n<meta name=\"twitter:site\" content=\"@sindromecharge\" \/>\n<meta name=\"twitter:label1\" content=\"Escrito por\" \/>\n\t<meta name=\"twitter:data1\" content=\"Charge\" \/>\n\t<meta name=\"twitter:label2\" content=\"Tiempo de lectura\" \/>\n\t<meta name=\"twitter:data2\" content=\"4 minutos\" \/>\n<script type=\"application\/ld+json\" class=\"yoast-schema-graph\">{\"@context\":\"https:\\\/\\\/schema.org\",\"@graph\":[{\"@type\":\"Article\",\"@id\":\"https:\\\/\\\/sindromecharge.es\\\/index.php\\\/2024\\\/09\\\/26\\\/sara-martinez-usuaria-metrociego-equivale-los-carteles-que-teneis-las-personas-que-veis\\\/#article\",\"isPartOf\":{\"@id\":\"https:\\\/\\\/sindromecharge.es\\\/index.php\\\/2024\\\/09\\\/26\\\/sara-martinez-usuaria-metrociego-equivale-los-carteles-que-teneis-las-personas-que-veis\\\/\"},\"author\":{\"name\":\"Charge\",\"@id\":\"https:\\\/\\\/sindromecharge.es\\\/#\\\/schema\\\/person\\\/39a60ebe0a2b4d5a11179701e336b039\"},\"headline\":\"Sara Mart\u00ednez, usuaria de Metrociego: \u00abEquivale a los carteles que ten\u00e9is las personas que veis\u00bb\",\"datePublished\":\"2024-09-26T05:36:41+00:00\",\"mainEntityOfPage\":{\"@id\":\"https:\\\/\\\/sindromecharge.es\\\/index.php\\\/2024\\\/09\\\/26\\\/sara-martinez-usuaria-metrociego-equivale-los-carteles-que-teneis-las-personas-que-veis\\\/\"},\"wordCount\":892,\"articleSection\":[\"noticias\"],\"inLanguage\":\"es\"},{\"@type\":\"WebPage\",\"@id\":\"https:\\\/\\\/sindromecharge.es\\\/index.php\\\/2024\\\/09\\\/26\\\/sara-martinez-usuaria-metrociego-equivale-los-carteles-que-teneis-las-personas-que-veis\\\/\",\"url\":\"https:\\\/\\\/sindromecharge.es\\\/index.php\\\/2024\\\/09\\\/26\\\/sara-martinez-usuaria-metrociego-equivale-los-carteles-que-teneis-las-personas-que-veis\\\/\",\"name\":\"Sara Mart\u00ednez, usuaria de Metrociego: \\\"Equivale a los carteles que ten\u00e9is las personas que veis\\\" - Asociaci\u00f3n Espa\u00f1ola S\u00edndrome de Charge\",\"isPartOf\":{\"@id\":\"https:\\\/\\\/sindromecharge.es\\\/#website\"},\"datePublished\":\"2024-09-26T05:36:41+00:00\",\"author\":{\"@id\":\"https:\\\/\\\/sindromecharge.es\\\/#\\\/schema\\\/person\\\/39a60ebe0a2b4d5a11179701e336b039\"},\"breadcrumb\":{\"@id\":\"https:\\\/\\\/sindromecharge.es\\\/index.php\\\/2024\\\/09\\\/26\\\/sara-martinez-usuaria-metrociego-equivale-los-carteles-que-teneis-las-personas-que-veis\\\/#breadcrumb\"},\"inLanguage\":\"es\",\"potentialAction\":[{\"@type\":\"ReadAction\",\"target\":[\"https:\\\/\\\/sindromecharge.es\\\/index.php\\\/2024\\\/09\\\/26\\\/sara-martinez-usuaria-metrociego-equivale-los-carteles-que-teneis-las-personas-que-veis\\\/\"]}]},{\"@type\":\"BreadcrumbList\",\"@id\":\"https:\\\/\\\/sindromecharge.es\\\/index.php\\\/2024\\\/09\\\/26\\\/sara-martinez-usuaria-metrociego-equivale-los-carteles-que-teneis-las-personas-que-veis\\\/#breadcrumb\",\"itemListElement\":[{\"@type\":\"ListItem\",\"position\":1,\"name\":\"Portada\",\"item\":\"https:\\\/\\\/sindromecharge.es\\\/\"},{\"@type\":\"ListItem\",\"position\":2,\"name\":\"Sara Mart\u00ednez, usuaria de Metrociego: &#8220;Equivale a los carteles que ten\u00e9is las personas que veis&#8221;\"}]},{\"@type\":\"WebSite\",\"@id\":\"https:\\\/\\\/sindromecharge.es\\\/#website\",\"url\":\"https:\\\/\\\/sindromecharge.es\\\/\",\"name\":\"Asociaci\u00f3n Espa\u00f1ola S\u00edndrome de Charge\",\"description\":\"\",\"potentialAction\":[{\"@type\":\"SearchAction\",\"target\":{\"@type\":\"EntryPoint\",\"urlTemplate\":\"https:\\\/\\\/sindromecharge.es\\\/?s={search_term_string}\"},\"query-input\":{\"@type\":\"PropertyValueSpecification\",\"valueRequired\":true,\"valueName\":\"search_term_string\"}}],\"inLanguage\":\"es\"},{\"@type\":\"Person\",\"@id\":\"https:\\\/\\\/sindromecharge.es\\\/#\\\/schema\\\/person\\\/39a60ebe0a2b4d5a11179701e336b039\",\"name\":\"Charge\",\"image\":{\"@type\":\"ImageObject\",\"inLanguage\":\"es\",\"@id\":\"https:\\\/\\\/secure.gravatar.com\\\/avatar\\\/c3b46e32a0fc3b093a0873fb767bf3293de856293065e84ef06b7ec7a8acfb98?s=96&d=identicon&r=x\",\"url\":\"https:\\\/\\\/secure.gravatar.com\\\/avatar\\\/c3b46e32a0fc3b093a0873fb767bf3293de856293065e84ef06b7ec7a8acfb98?s=96&d=identicon&r=x\",\"contentUrl\":\"https:\\\/\\\/secure.gravatar.com\\\/avatar\\\/c3b46e32a0fc3b093a0873fb767bf3293de856293065e84ef06b7ec7a8acfb98?s=96&d=identicon&r=x\",\"caption\":\"Charge\"},\"url\":\"https:\\\/\\\/sindromecharge.es\\\/index.php\\\/author\\\/admin\\\/\"}]}<\/script>\n<!-- \/ Yoast SEO plugin. -->","yoast_head_json":{"title":"Sara Mart\u00ednez, usuaria de Metrociego: \"Equivale a los carteles que ten\u00e9is las personas que veis\" - Asociaci\u00f3n Espa\u00f1ola S\u00edndrome de Charge","robots":{"index":"index","follow":"follow","max-snippet":"max-snippet:-1","max-image-preview":"max-image-preview:large","max-video-preview":"max-video-preview:-1"},"canonical":"https:\/\/sindromecharge.es\/index.php\/2024\/09\/26\/sara-martinez-usuaria-metrociego-equivale-los-carteles-que-teneis-las-personas-que-veis\/","og_locale":"es_ES","og_type":"article","og_title":"Sara Mart\u00ednez, usuaria de Metrociego: \"Equivale a los carteles que ten\u00e9is las personas que veis\" - Asociaci\u00f3n Espa\u00f1ola S\u00edndrome de Charge","og_description":"\u201cLos ciegos tenemos grupos para todo porque hacemos las cosas de manera diferente. Que si grupos para c\u00f3mo cocinar o grupos sobre tecnolog\u00eda. Precisamente&#8230;","og_url":"https:\/\/sindromecharge.es\/index.php\/2024\/09\/26\/sara-martinez-usuaria-metrociego-equivale-los-carteles-que-teneis-las-personas-que-veis\/","og_site_name":"Asociaci\u00f3n Espa\u00f1ola S\u00edndrome de Charge","article_publisher":"https:\/\/www.facebook.com\/asociacionsindromecharge","article_published_time":"2024-09-26T05:36:41+00:00","og_image":[{"width":300,"height":98,"url":"https:\/\/sindromecharge.es\/wp-content\/uploads\/2013\/09\/logodecharge300x98.png","type":"image\/png"}],"author":"Charge","twitter_card":"summary_large_image","twitter_creator":"@sindromecharge","twitter_site":"@sindromecharge","twitter_misc":{"Escrito por":"Charge","Tiempo de lectura":"4 minutos"},"schema":{"@context":"https:\/\/schema.org","@graph":[{"@type":"Article","@id":"https:\/\/sindromecharge.es\/index.php\/2024\/09\/26\/sara-martinez-usuaria-metrociego-equivale-los-carteles-que-teneis-las-personas-que-veis\/#article","isPartOf":{"@id":"https:\/\/sindromecharge.es\/index.php\/2024\/09\/26\/sara-martinez-usuaria-metrociego-equivale-los-carteles-que-teneis-las-personas-que-veis\/"},"author":{"name":"Charge","@id":"https:\/\/sindromecharge.es\/#\/schema\/person\/39a60ebe0a2b4d5a11179701e336b039"},"headline":"Sara Mart\u00ednez, usuaria de Metrociego: \u00abEquivale a los carteles que ten\u00e9is las personas que veis\u00bb","datePublished":"2024-09-26T05:36:41+00:00","mainEntityOfPage":{"@id":"https:\/\/sindromecharge.es\/index.php\/2024\/09\/26\/sara-martinez-usuaria-metrociego-equivale-los-carteles-que-teneis-las-personas-que-veis\/"},"wordCount":892,"articleSection":["noticias"],"inLanguage":"es"},{"@type":"WebPage","@id":"https:\/\/sindromecharge.es\/index.php\/2024\/09\/26\/sara-martinez-usuaria-metrociego-equivale-los-carteles-que-teneis-las-personas-que-veis\/","url":"https:\/\/sindromecharge.es\/index.php\/2024\/09\/26\/sara-martinez-usuaria-metrociego-equivale-los-carteles-que-teneis-las-personas-que-veis\/","name":"Sara Mart\u00ednez, usuaria de Metrociego: \"Equivale a los carteles que ten\u00e9is las personas que veis\" - Asociaci\u00f3n Espa\u00f1ola S\u00edndrome de Charge","isPartOf":{"@id":"https:\/\/sindromecharge.es\/#website"},"datePublished":"2024-09-26T05:36:41+00:00","author":{"@id":"https:\/\/sindromecharge.es\/#\/schema\/person\/39a60ebe0a2b4d5a11179701e336b039"},"breadcrumb":{"@id":"https:\/\/sindromecharge.es\/index.php\/2024\/09\/26\/sara-martinez-usuaria-metrociego-equivale-los-carteles-que-teneis-las-personas-que-veis\/#breadcrumb"},"inLanguage":"es","potentialAction":[{"@type":"ReadAction","target":["https:\/\/sindromecharge.es\/index.php\/2024\/09\/26\/sara-martinez-usuaria-metrociego-equivale-los-carteles-que-teneis-las-personas-que-veis\/"]}]},{"@type":"BreadcrumbList","@id":"https:\/\/sindromecharge.es\/index.php\/2024\/09\/26\/sara-martinez-usuaria-metrociego-equivale-los-carteles-que-teneis-las-personas-que-veis\/#breadcrumb","itemListElement":[{"@type":"ListItem","position":1,"name":"Portada","item":"https:\/\/sindromecharge.es\/"},{"@type":"ListItem","position":2,"name":"Sara Mart\u00ednez, usuaria de Metrociego: &#8220;Equivale a los carteles que ten\u00e9is las personas que veis&#8221;"}]},{"@type":"WebSite","@id":"https:\/\/sindromecharge.es\/#website","url":"https:\/\/sindromecharge.es\/","name":"Asociaci\u00f3n Espa\u00f1ola S\u00edndrome de Charge","description":"","potentialAction":[{"@type":"SearchAction","target":{"@type":"EntryPoint","urlTemplate":"https:\/\/sindromecharge.es\/?s={search_term_string}"},"query-input":{"@type":"PropertyValueSpecification","valueRequired":true,"valueName":"search_term_string"}}],"inLanguage":"es"},{"@type":"Person","@id":"https:\/\/sindromecharge.es\/#\/schema\/person\/39a60ebe0a2b4d5a11179701e336b039","name":"Charge","image":{"@type":"ImageObject","inLanguage":"es","@id":"https:\/\/secure.gravatar.com\/avatar\/c3b46e32a0fc3b093a0873fb767bf3293de856293065e84ef06b7ec7a8acfb98?s=96&d=identicon&r=x","url":"https:\/\/secure.gravatar.com\/avatar\/c3b46e32a0fc3b093a0873fb767bf3293de856293065e84ef06b7ec7a8acfb98?s=96&d=identicon&r=x","contentUrl":"https:\/\/secure.gravatar.com\/avatar\/c3b46e32a0fc3b093a0873fb767bf3293de856293065e84ef06b7ec7a8acfb98?s=96&d=identicon&r=x","caption":"Charge"},"url":"https:\/\/sindromecharge.es\/index.php\/author\/admin\/"}]}},"_links":{"self":[{"href":"https:\/\/sindromecharge.es\/index.php\/wp-json\/wp\/v2\/posts\/10342","targetHints":{"allow":["GET"]}}],"collection":[{"href":"https:\/\/sindromecharge.es\/index.php\/wp-json\/wp\/v2\/posts"}],"about":[{"href":"https:\/\/sindromecharge.es\/index.php\/wp-json\/wp\/v2\/types\/post"}],"author":[{"embeddable":true,"href":"https:\/\/sindromecharge.es\/index.php\/wp-json\/wp\/v2\/users\/1"}],"replies":[{"embeddable":true,"href":"https:\/\/sindromecharge.es\/index.php\/wp-json\/wp\/v2\/comments?post=10342"}],"version-history":[{"count":0,"href":"https:\/\/sindromecharge.es\/index.php\/wp-json\/wp\/v2\/posts\/10342\/revisions"}],"wp:attachment":[{"href":"https:\/\/sindromecharge.es\/index.php\/wp-json\/wp\/v2\/media?parent=10342"}],"wp:term":[{"taxonomy":"category","embeddable":true,"href":"https:\/\/sindromecharge.es\/index.php\/wp-json\/wp\/v2\/categories?post=10342"},{"taxonomy":"post_tag","embeddable":true,"href":"https:\/\/sindromecharge.es\/index.php\/wp-json\/wp\/v2\/tags?post=10342"}],"curies":[{"name":"wp","href":"https:\/\/api.w.org\/{rel}","templated":true}]}}