{"id":10341,"date":"2024-09-26T05:00:00","date_gmt":"2024-09-26T05:00:00","guid":{"rendered":"https:\/\/sindromecharge.es\/index.php\/2024\/09\/26\/depresion-ninos-adolescentes-falta-interoperabilidad\/"},"modified":"2024-09-26T05:00:00","modified_gmt":"2024-09-26T05:00:00","slug":"depresion-ninos-adolescentes-falta-interoperabilidad","status":"publish","type":"post","link":"https:\/\/sindromecharge.es\/index.php\/2024\/09\/26\/depresion-ninos-adolescentes-falta-interoperabilidad\/","title":{"rendered":"La depresi\u00f3n en ni\u00f1os y adolescentes: \u00abFalta interoperabilidad entre los profesionales de la salud y de la Educaci\u00f3n\u00bb"},"content":{"rendered":"<p>Leemos en Discapacidad la siguiente noticia que os reproducimos de forma \u00edntegra: <\/p>\n<div>\n<p>Hasta hace relativamente poco, la infancia se consideraba un periodo libre de <a href=\"https:\/\/www.20minutos.es\/salud\/minuteca\/enfermedades-mentales\/\" title=\"Enfermedades mentales\">enfermedades mentale<\/a>s, pero esta percepci\u00f3n ha cambiado dr\u00e1sticamente. Seg\u00fan la psiquiatra<b> Iria Rodr\u00edguez<\/b>, licenciada en Medicina y especialista en Psiquiatr\u00eda en el Hospital Universitario de Guadalajara, la <a href=\"https:\/\/www.20minutos.es\/minuteca\/depresion\/\" title=\"Depresi\u00f3n\">depresi\u00f3n <\/a>tambi\u00e9n <b>afecta a los m\u00e1s peque\u00f1os<\/b>. Este estado emocional, que se manifiesta como una profunda tristeza y p\u00e9rdida de inter\u00e9s,<b> altera la capacidad del ni\u00f1o<\/b> para realizar actividades cotidianas y puede acarrear un gran sufrimiento tanto para el menor como para su entorno.<\/p>\n<p>Rodr\u00edguez, psiquiatra de la <a href=\"https:\/\/www.20minutos.es\/minuteca\/fundacion-querer\/\" title=\"Fundaci\u00f3n Querer\">Fundaci\u00f3n Querer<\/a>, se\u00f1ala que la predisposici\u00f3n gen\u00e9tica a padecer <a href=\"https:\/\/www.20minutos.es\/minuteca\/depresion\/\" title=\"Depresi\u00f3n\">depresi\u00f3n <\/a>existe, aunque no siempre se manifiesta. \u201cPara que <b>un paciente con antecedentes familiares termine padeciendo depresi\u00f3n<\/b>, deben coincidir factores estresantes vitales, como la p\u00e9rdida de seres queridos o cambios laborales\u201d, explica. Adem\u00e1s, muchos pacientes no presentan antecedentes familiares ni gen\u00e9ticos, lo que subraya la naturaleza multifactorial de la <a href=\"https:\/\/www.20minutos.es\/salud\/minuteca\/salud-mental\/\" title=\"Salud mental\">salud mental<\/a>.<\/p>\n<p>La <b>psiquiatra <\/b>tambi\u00e9n aclara que la depresi\u00f3n en ni\u00f1os y adolescentes no siempre se presenta como tristeza. \u201cEn muchos casos, los pacientes muestran irritabilidad, tendencia al conflicto y <b>cambios de personalidad<\/b>, lo que puede llevar a un infradiagn\u00f3stico\u201d, advierte. El abordaje de esta patolog\u00eda debe ser diferente al de los adultos, tanto en el uso de medicaci\u00f3n como en la psicoterapia, que debe incluir al entorno familiar.<\/p>\n<p>Entre las causas m\u00e1s comunes de depresi\u00f3n en ni\u00f1os y adolescentes, Rodr\u00edguez menciona problemas con iguales, <a href=\"https:\/\/www.20minutos.es\/minuteca\/bullying\/\" title=\"Bullying\"><i>bullying<\/i><\/a>, dificultades familiares y cambios en el entorno. \u201cLa discapacidad aumenta el riesgo de <a href=\"https:\/\/www.20minutos.es\/minuteca\/enfermedad-mental\/\" title=\"Enfermedad mental\">enfermedad mental<\/a>\u201d, agrega, destacando que los ni\u00f1os con discapacidades son m\u00e1s propensos a experimentar <b>estr\u00e9s <\/b>y sufrimiento al hacerse conscientes de sus limitaciones.<\/p>\n<p>Los <b>padres <\/b>desempe\u00f1an un papel crucial en el apoyo a sus hijos, siendo a menudo la voz de los pacientes que no pueden expresar su dolor. \u201cSu <b>capacidad de sost\u00e9n<\/b> y comprensi\u00f3n son fundamentales para el proceso de tratamiento y recuperaci\u00f3n\u201d, enfatiza.<\/p>\n<p><b>Abordar la <a href=\"https:\/\/www.20minutos.es\/minuteca\/depresion\/\" title=\"Depresi\u00f3n\">depresi\u00f3n <\/a>en un ni\u00f1o con discapacidad<\/b> plantea desaf\u00edos significativos. Rodr\u00edguez subraya la importancia de mantener al menor integrado en su rutina acad\u00e9mica, evitando el aislamiento. \u201cCuando un paciente <b>no puede mantener su actividad diaria<\/b>, el tratamiento puede resultar ineficaz, y en ese caso, podr\u00eda ser necesario un ingreso en un medio de tratamiento intensivo\u201d, explica.<\/p>\n<p>Los hospitales de d\u00eda ofrecen un tratamiento psicoterap\u00e9utico valioso, aunque el uso de f\u00e1rmacos en menores es limitado y debe regirse por criterios de seguridad. \u201cLa<b> idea es estabilizar al paciente<\/b> con la menor dosis posible\u201d, indica.<\/p>\n<p>La psiquiatra tambi\u00e9n se\u00f1ala que la psicoterapia debe ser la primera opci\u00f3n terap\u00e9utica,<b> integrando a la familia y al entorno escolar <\/b>en el tratamiento. \u201cFalta interoperabilidad entre los profesionales de la salud y los centros escolares, donde a menudo se presentan los primeros s\u00edntomas de alarma\u201d, menciona.<\/p>\n<p>Finalmente, Rodr\u00edguez enfatiza que no existen f\u00f3rmulas m\u00e1gicas para evitar la <a href=\"https:\/\/www.20minutos.es\/minuteca\/depresion\/\" title=\"Depresi\u00f3n\">depresi\u00f3n<\/a>, pero mantenerse f\u00edsicamente activo y contar con un entorno social amplio puede <b>actuar como factores protectores<\/b>. \u201cEs importante <b>diferenciar entre una tristeza normal y una depresi\u00f3n<\/b>, ya que en momentos de crisis, la tristeza es una emoci\u00f3n esperable\u201d, concluye, reconociendo que la concienciaci\u00f3n sobre salud mental es crucial, aunque las expresiones cotidianas pueden trivializar la enfermedad.<\/p>\n<\/div>\n<p>Fuente: Discapacidad https:\/\/www.20minutos.es\/noticia\/5637228\/0\/depresion-ninos-adolescentes-falta-interoperabilidad\/<\/p>\n","protected":false},"excerpt":{"rendered":"<p>Hasta hace poco, la infancia se consideraba un periodo libre de enfermedades mentales, pero esta percepci\u00f3n ha cambiado dr\u00e1sticamente. Seg\u00fan la psiquiatra&#8230;<\/p>\n","protected":false},"author":1,"featured_media":0,"comment_status":"closed","ping_status":"closed","sticky":false,"template":"","format":"standard","meta":{"footnotes":""},"categories":[8],"tags":[],"class_list":["post-10341","post","type-post","status-publish","format-standard","hentry","category-noticias"],"yoast_head":"<!-- This site is optimized with the Yoast SEO plugin v27.5 - https:\/\/yoast.com\/product\/yoast-seo-wordpress\/ -->\n<title>La depresi\u00f3n en ni\u00f1os y adolescentes: &quot;Falta interoperabilidad entre los profesionales de la salud y de la Educaci\u00f3n&quot; - Asociaci\u00f3n Espa\u00f1ola S\u00edndrome de Charge<\/title>\n<meta name=\"robots\" content=\"index, follow, max-snippet:-1, max-image-preview:large, max-video-preview:-1\" \/>\n<link rel=\"canonical\" href=\"https:\/\/sindromecharge.es\/index.php\/2024\/09\/26\/depresion-ninos-adolescentes-falta-interoperabilidad\/\" \/>\n<meta property=\"og:locale\" content=\"es_ES\" \/>\n<meta property=\"og:type\" content=\"article\" \/>\n<meta property=\"og:title\" content=\"La depresi\u00f3n en ni\u00f1os y adolescentes: &quot;Falta interoperabilidad entre los profesionales de la salud y de la Educaci\u00f3n&quot; - Asociaci\u00f3n Espa\u00f1ola S\u00edndrome de Charge\" \/>\n<meta property=\"og:description\" content=\"Hasta hace poco, la infancia se consideraba un periodo libre de enfermedades mentales, pero esta percepci\u00f3n ha cambiado dr\u00e1sticamente. Seg\u00fan la psiquiatra&#8230;\" \/>\n<meta property=\"og:url\" content=\"https:\/\/sindromecharge.es\/index.php\/2024\/09\/26\/depresion-ninos-adolescentes-falta-interoperabilidad\/\" \/>\n<meta property=\"og:site_name\" content=\"Asociaci\u00f3n Espa\u00f1ola S\u00edndrome de Charge\" \/>\n<meta property=\"article:publisher\" content=\"https:\/\/www.facebook.com\/asociacionsindromecharge\" \/>\n<meta property=\"article:published_time\" content=\"2024-09-26T05:00:00+00:00\" \/>\n<meta property=\"og:image\" content=\"https:\/\/sindromecharge.es\/wp-content\/uploads\/2013\/09\/logodecharge300x98.png\" \/>\n\t<meta property=\"og:image:width\" content=\"300\" \/>\n\t<meta property=\"og:image:height\" content=\"98\" \/>\n\t<meta property=\"og:image:type\" content=\"image\/png\" \/>\n<meta name=\"author\" content=\"Charge\" \/>\n<meta name=\"twitter:card\" content=\"summary_large_image\" \/>\n<meta name=\"twitter:creator\" content=\"@sindromecharge\" \/>\n<meta name=\"twitter:site\" content=\"@sindromecharge\" \/>\n<meta name=\"twitter:label1\" content=\"Escrito por\" \/>\n\t<meta name=\"twitter:data1\" content=\"Charge\" \/>\n\t<meta name=\"twitter:label2\" content=\"Tiempo de lectura\" \/>\n\t<meta name=\"twitter:data2\" content=\"3 minutos\" \/>\n<script type=\"application\/ld+json\" class=\"yoast-schema-graph\">{\"@context\":\"https:\\\/\\\/schema.org\",\"@graph\":[{\"@type\":\"Article\",\"@id\":\"https:\\\/\\\/sindromecharge.es\\\/index.php\\\/2024\\\/09\\\/26\\\/depresion-ninos-adolescentes-falta-interoperabilidad\\\/#article\",\"isPartOf\":{\"@id\":\"https:\\\/\\\/sindromecharge.es\\\/index.php\\\/2024\\\/09\\\/26\\\/depresion-ninos-adolescentes-falta-interoperabilidad\\\/\"},\"author\":{\"name\":\"Charge\",\"@id\":\"https:\\\/\\\/sindromecharge.es\\\/#\\\/schema\\\/person\\\/39a60ebe0a2b4d5a11179701e336b039\"},\"headline\":\"La depresi\u00f3n en ni\u00f1os y adolescentes: \u00abFalta interoperabilidad entre los profesionales de la salud y de la Educaci\u00f3n\u00bb\",\"datePublished\":\"2024-09-26T05:00:00+00:00\",\"mainEntityOfPage\":{\"@id\":\"https:\\\/\\\/sindromecharge.es\\\/index.php\\\/2024\\\/09\\\/26\\\/depresion-ninos-adolescentes-falta-interoperabilidad\\\/\"},\"wordCount\":620,\"articleSection\":[\"noticias\"],\"inLanguage\":\"es\"},{\"@type\":\"WebPage\",\"@id\":\"https:\\\/\\\/sindromecharge.es\\\/index.php\\\/2024\\\/09\\\/26\\\/depresion-ninos-adolescentes-falta-interoperabilidad\\\/\",\"url\":\"https:\\\/\\\/sindromecharge.es\\\/index.php\\\/2024\\\/09\\\/26\\\/depresion-ninos-adolescentes-falta-interoperabilidad\\\/\",\"name\":\"La depresi\u00f3n en ni\u00f1os y adolescentes: \\\"Falta interoperabilidad entre los profesionales de la salud y de la Educaci\u00f3n\\\" - Asociaci\u00f3n Espa\u00f1ola S\u00edndrome de Charge\",\"isPartOf\":{\"@id\":\"https:\\\/\\\/sindromecharge.es\\\/#website\"},\"datePublished\":\"2024-09-26T05:00:00+00:00\",\"author\":{\"@id\":\"https:\\\/\\\/sindromecharge.es\\\/#\\\/schema\\\/person\\\/39a60ebe0a2b4d5a11179701e336b039\"},\"breadcrumb\":{\"@id\":\"https:\\\/\\\/sindromecharge.es\\\/index.php\\\/2024\\\/09\\\/26\\\/depresion-ninos-adolescentes-falta-interoperabilidad\\\/#breadcrumb\"},\"inLanguage\":\"es\",\"potentialAction\":[{\"@type\":\"ReadAction\",\"target\":[\"https:\\\/\\\/sindromecharge.es\\\/index.php\\\/2024\\\/09\\\/26\\\/depresion-ninos-adolescentes-falta-interoperabilidad\\\/\"]}]},{\"@type\":\"BreadcrumbList\",\"@id\":\"https:\\\/\\\/sindromecharge.es\\\/index.php\\\/2024\\\/09\\\/26\\\/depresion-ninos-adolescentes-falta-interoperabilidad\\\/#breadcrumb\",\"itemListElement\":[{\"@type\":\"ListItem\",\"position\":1,\"name\":\"Portada\",\"item\":\"https:\\\/\\\/sindromecharge.es\\\/\"},{\"@type\":\"ListItem\",\"position\":2,\"name\":\"La depresi\u00f3n en ni\u00f1os y adolescentes: &#8220;Falta interoperabilidad entre los profesionales de la salud y de la Educaci\u00f3n&#8221;\"}]},{\"@type\":\"WebSite\",\"@id\":\"https:\\\/\\\/sindromecharge.es\\\/#website\",\"url\":\"https:\\\/\\\/sindromecharge.es\\\/\",\"name\":\"Asociaci\u00f3n Espa\u00f1ola S\u00edndrome de Charge\",\"description\":\"\",\"potentialAction\":[{\"@type\":\"SearchAction\",\"target\":{\"@type\":\"EntryPoint\",\"urlTemplate\":\"https:\\\/\\\/sindromecharge.es\\\/?s={search_term_string}\"},\"query-input\":{\"@type\":\"PropertyValueSpecification\",\"valueRequired\":true,\"valueName\":\"search_term_string\"}}],\"inLanguage\":\"es\"},{\"@type\":\"Person\",\"@id\":\"https:\\\/\\\/sindromecharge.es\\\/#\\\/schema\\\/person\\\/39a60ebe0a2b4d5a11179701e336b039\",\"name\":\"Charge\",\"image\":{\"@type\":\"ImageObject\",\"inLanguage\":\"es\",\"@id\":\"https:\\\/\\\/secure.gravatar.com\\\/avatar\\\/c3b46e32a0fc3b093a0873fb767bf3293de856293065e84ef06b7ec7a8acfb98?s=96&d=identicon&r=x\",\"url\":\"https:\\\/\\\/secure.gravatar.com\\\/avatar\\\/c3b46e32a0fc3b093a0873fb767bf3293de856293065e84ef06b7ec7a8acfb98?s=96&d=identicon&r=x\",\"contentUrl\":\"https:\\\/\\\/secure.gravatar.com\\\/avatar\\\/c3b46e32a0fc3b093a0873fb767bf3293de856293065e84ef06b7ec7a8acfb98?s=96&d=identicon&r=x\",\"caption\":\"Charge\"},\"url\":\"https:\\\/\\\/sindromecharge.es\\\/index.php\\\/author\\\/admin\\\/\"}]}<\/script>\n<!-- \/ Yoast SEO plugin. -->","yoast_head_json":{"title":"La depresi\u00f3n en ni\u00f1os y adolescentes: \"Falta interoperabilidad entre los profesionales de la salud y de la Educaci\u00f3n\" - Asociaci\u00f3n Espa\u00f1ola S\u00edndrome de Charge","robots":{"index":"index","follow":"follow","max-snippet":"max-snippet:-1","max-image-preview":"max-image-preview:large","max-video-preview":"max-video-preview:-1"},"canonical":"https:\/\/sindromecharge.es\/index.php\/2024\/09\/26\/depresion-ninos-adolescentes-falta-interoperabilidad\/","og_locale":"es_ES","og_type":"article","og_title":"La depresi\u00f3n en ni\u00f1os y adolescentes: \"Falta interoperabilidad entre los profesionales de la salud y de la Educaci\u00f3n\" - Asociaci\u00f3n Espa\u00f1ola S\u00edndrome de Charge","og_description":"Hasta hace poco, la infancia se consideraba un periodo libre de enfermedades mentales, pero esta percepci\u00f3n ha cambiado dr\u00e1sticamente. Seg\u00fan la psiquiatra&#8230;","og_url":"https:\/\/sindromecharge.es\/index.php\/2024\/09\/26\/depresion-ninos-adolescentes-falta-interoperabilidad\/","og_site_name":"Asociaci\u00f3n Espa\u00f1ola S\u00edndrome de Charge","article_publisher":"https:\/\/www.facebook.com\/asociacionsindromecharge","article_published_time":"2024-09-26T05:00:00+00:00","og_image":[{"width":300,"height":98,"url":"https:\/\/sindromecharge.es\/wp-content\/uploads\/2013\/09\/logodecharge300x98.png","type":"image\/png"}],"author":"Charge","twitter_card":"summary_large_image","twitter_creator":"@sindromecharge","twitter_site":"@sindromecharge","twitter_misc":{"Escrito por":"Charge","Tiempo de lectura":"3 minutos"},"schema":{"@context":"https:\/\/schema.org","@graph":[{"@type":"Article","@id":"https:\/\/sindromecharge.es\/index.php\/2024\/09\/26\/depresion-ninos-adolescentes-falta-interoperabilidad\/#article","isPartOf":{"@id":"https:\/\/sindromecharge.es\/index.php\/2024\/09\/26\/depresion-ninos-adolescentes-falta-interoperabilidad\/"},"author":{"name":"Charge","@id":"https:\/\/sindromecharge.es\/#\/schema\/person\/39a60ebe0a2b4d5a11179701e336b039"},"headline":"La depresi\u00f3n en ni\u00f1os y adolescentes: \u00abFalta interoperabilidad entre los profesionales de la salud y de la Educaci\u00f3n\u00bb","datePublished":"2024-09-26T05:00:00+00:00","mainEntityOfPage":{"@id":"https:\/\/sindromecharge.es\/index.php\/2024\/09\/26\/depresion-ninos-adolescentes-falta-interoperabilidad\/"},"wordCount":620,"articleSection":["noticias"],"inLanguage":"es"},{"@type":"WebPage","@id":"https:\/\/sindromecharge.es\/index.php\/2024\/09\/26\/depresion-ninos-adolescentes-falta-interoperabilidad\/","url":"https:\/\/sindromecharge.es\/index.php\/2024\/09\/26\/depresion-ninos-adolescentes-falta-interoperabilidad\/","name":"La depresi\u00f3n en ni\u00f1os y adolescentes: \"Falta interoperabilidad entre los profesionales de la salud y de la Educaci\u00f3n\" - Asociaci\u00f3n Espa\u00f1ola S\u00edndrome de Charge","isPartOf":{"@id":"https:\/\/sindromecharge.es\/#website"},"datePublished":"2024-09-26T05:00:00+00:00","author":{"@id":"https:\/\/sindromecharge.es\/#\/schema\/person\/39a60ebe0a2b4d5a11179701e336b039"},"breadcrumb":{"@id":"https:\/\/sindromecharge.es\/index.php\/2024\/09\/26\/depresion-ninos-adolescentes-falta-interoperabilidad\/#breadcrumb"},"inLanguage":"es","potentialAction":[{"@type":"ReadAction","target":["https:\/\/sindromecharge.es\/index.php\/2024\/09\/26\/depresion-ninos-adolescentes-falta-interoperabilidad\/"]}]},{"@type":"BreadcrumbList","@id":"https:\/\/sindromecharge.es\/index.php\/2024\/09\/26\/depresion-ninos-adolescentes-falta-interoperabilidad\/#breadcrumb","itemListElement":[{"@type":"ListItem","position":1,"name":"Portada","item":"https:\/\/sindromecharge.es\/"},{"@type":"ListItem","position":2,"name":"La depresi\u00f3n en ni\u00f1os y adolescentes: &#8220;Falta interoperabilidad entre los profesionales de la salud y de la Educaci\u00f3n&#8221;"}]},{"@type":"WebSite","@id":"https:\/\/sindromecharge.es\/#website","url":"https:\/\/sindromecharge.es\/","name":"Asociaci\u00f3n Espa\u00f1ola S\u00edndrome de Charge","description":"","potentialAction":[{"@type":"SearchAction","target":{"@type":"EntryPoint","urlTemplate":"https:\/\/sindromecharge.es\/?s={search_term_string}"},"query-input":{"@type":"PropertyValueSpecification","valueRequired":true,"valueName":"search_term_string"}}],"inLanguage":"es"},{"@type":"Person","@id":"https:\/\/sindromecharge.es\/#\/schema\/person\/39a60ebe0a2b4d5a11179701e336b039","name":"Charge","image":{"@type":"ImageObject","inLanguage":"es","@id":"https:\/\/secure.gravatar.com\/avatar\/c3b46e32a0fc3b093a0873fb767bf3293de856293065e84ef06b7ec7a8acfb98?s=96&d=identicon&r=x","url":"https:\/\/secure.gravatar.com\/avatar\/c3b46e32a0fc3b093a0873fb767bf3293de856293065e84ef06b7ec7a8acfb98?s=96&d=identicon&r=x","contentUrl":"https:\/\/secure.gravatar.com\/avatar\/c3b46e32a0fc3b093a0873fb767bf3293de856293065e84ef06b7ec7a8acfb98?s=96&d=identicon&r=x","caption":"Charge"},"url":"https:\/\/sindromecharge.es\/index.php\/author\/admin\/"}]}},"_links":{"self":[{"href":"https:\/\/sindromecharge.es\/index.php\/wp-json\/wp\/v2\/posts\/10341","targetHints":{"allow":["GET"]}}],"collection":[{"href":"https:\/\/sindromecharge.es\/index.php\/wp-json\/wp\/v2\/posts"}],"about":[{"href":"https:\/\/sindromecharge.es\/index.php\/wp-json\/wp\/v2\/types\/post"}],"author":[{"embeddable":true,"href":"https:\/\/sindromecharge.es\/index.php\/wp-json\/wp\/v2\/users\/1"}],"replies":[{"embeddable":true,"href":"https:\/\/sindromecharge.es\/index.php\/wp-json\/wp\/v2\/comments?post=10341"}],"version-history":[{"count":0,"href":"https:\/\/sindromecharge.es\/index.php\/wp-json\/wp\/v2\/posts\/10341\/revisions"}],"wp:attachment":[{"href":"https:\/\/sindromecharge.es\/index.php\/wp-json\/wp\/v2\/media?parent=10341"}],"wp:term":[{"taxonomy":"category","embeddable":true,"href":"https:\/\/sindromecharge.es\/index.php\/wp-json\/wp\/v2\/categories?post=10341"},{"taxonomy":"post_tag","embeddable":true,"href":"https:\/\/sindromecharge.es\/index.php\/wp-json\/wp\/v2\/tags?post=10341"}],"curies":[{"name":"wp","href":"https:\/\/api.w.org\/{rel}","templated":true}]}}